{"id":10252,"date":"2023-04-03T16:27:40","date_gmt":"2023-04-03T20:27:40","guid":{"rendered":"https:\/\/conectamutual.cl\/bienestar\/?p=10252"},"modified":"2024-04-13T15:40:25","modified_gmt":"2024-04-13T19:40:25","slug":"tendencias-en-retail-2023-como-crecer-en-un-contexto-inflacionario-con-menos-personal-y-consumidores-mas-exigentes","status":"publish","type":"post","link":"https:\/\/conectamutual.cl\/bienestar\/nuevas-miradas\/tendencias-en-retail-2023-como-crecer-en-un-contexto-inflacionario-con-menos-personal-y-consumidores-mas-exigentes\/","title":{"rendered":"Tendencias en retail 2023: c\u00f3mo crecer en un contexto inflacionario, con menos personal y consumidores m\u00e1s exigentes"},"content":{"rendered":"<p>[et_pb_section fb_built=\u00bb1&#8243; _builder_version=\u00bb4.16&#8243; custom_margin=\u00bb||-50px||false|false\u00bb custom_margin_tablet=\u00bb\u00bb custom_margin_phone=\u00bb||0px||false|false\u00bb custom_margin_last_edited=\u00bbon|phone\u00bb custom_padding=\u00bb11px||0px||false|false\u00bb global_colors_info=\u00bb{}\u00bb][et_pb_row column_structure=\u00bb1_3,1_3,1_3&#8243; disabled_on=\u00bbon|on|off\u00bb _builder_version=\u00bb4.16&#8243; min_height=\u00bb269px\u00bb custom_margin=\u00bb-15px|auto|-190px|auto|false|false\u00bb custom_margin_tablet=\u00bb\u00bb custom_margin_phone=\u00bb\u00bb custom_margin_last_edited=\u00bbon|phone\u00bb custom_padding=\u00bb||0px||false|false\u00bb global_colors_info=\u00bb{}\u00bb][et_pb_column type=\u00bb1_3&#8243; _builder_version=\u00bb4.16&#8243; global_colors_info=\u00bb{}\u00bb][\/et_pb_column][et_pb_column type=\u00bb1_3&#8243; _builder_version=\u00bb4.16&#8243; global_colors_info=\u00bb{}\u00bb][et_pb_image src=\u00bbhttps:\/\/conectamutual.cl\/bienestar\/wp-content\/uploads\/2019\/10\/Logo-Espacio-Mutuo-02.png\u00bb align=\u00bbcenter\u00bb _builder_version=\u00bb4.16&#8243; width=\u00bb83%\u00bb width_tablet=\u00bb\u00bb width_phone=\u00bb22%\u00bb width_last_edited=\u00bbon|phone\u00bb custom_margin=\u00bb15px||||false|false\u00bb global_colors_info=\u00bb{}\u00bb][\/et_pb_image][\/et_pb_column][et_pb_column type=\u00bb1_3&#8243; _builder_version=\u00bb4.16&#8243; global_colors_info=\u00bb{}\u00bb][et_pb_image src=\u00bbhttps:\/\/conectamutual.cl\/bienestar\/wp-content\/uploads\/2021\/01\/Captura-de-Pantalla-2021-01-16-a-las-10.07.37.png\u00bb align=\u00bbright\u00bb _builder_version=\u00bb4.16&#8243; width=\u00bb72%\u00bb width_tablet=\u00bb\u00bb width_phone=\u00bb41%\u00bb width_last_edited=\u00bbon|phone\u00bb custom_margin=\u00bb45px||45px||true|false\u00bb custom_margin_tablet=\u00bb\u00bb custom_margin_phone=\u00bb10px||60px||false|false\u00bb custom_margin_last_edited=\u00bbon|phone\u00bb global_colors_info=\u00bb{}\u00bb][\/et_pb_image][\/et_pb_column][\/et_pb_row][et_pb_row column_structure=\u00bb1_3,1_3,1_3&#8243; disabled_on=\u00bboff|off|on\u00bb _builder_version=\u00bb4.16&#8243; min_height=\u00bb269px\u00bb custom_margin=\u00bb-15px|auto|-20px|auto|false|false\u00bb custom_margin_tablet=\u00bb\u00bb custom_margin_phone=\u00bb\u00bb custom_margin_last_edited=\u00bbon|phone\u00bb custom_padding=\u00bb||||false|false\u00bb global_colors_info=\u00bb{}\u00bb][et_pb_column type=\u00bb1_3&#8243; _builder_version=\u00bb4.16&#8243; global_colors_info=\u00bb{}\u00bb][\/et_pb_column][et_pb_column type=\u00bb1_3&#8243; _builder_version=\u00bb4.16&#8243; global_colors_info=\u00bb{}\u00bb][et_pb_image src=\u00bbhttps:\/\/conectamutual.cl\/bienestar\/wp-content\/uploads\/2019\/10\/Logo-Espacio-Mutuo-01.png\u00bb align=\u00bbcenter\u00bb force_fullwidth=\u00bbon\u00bb _builder_version=\u00bb4.16&#8243; min_height=\u00bb170px\u00bb min_height_tablet=\u00bb\u00bb min_height_phone=\u00bb187px\u00bb min_height_last_edited=\u00bbon|phone\u00bb height=\u00bb100px\u00bb max_height=\u00bb1000px\u00bb custom_margin=\u00bb-14px||8px|||\u00bb global_colors_info=\u00bb{}\u00bb][\/et_pb_image][\/et_pb_column][et_pb_column type=\u00bb1_3&#8243; _builder_version=\u00bb4.16&#8243; global_colors_info=\u00bb{}\u00bb][et_pb_image src=\u00bbhttps:\/\/conectamutual.cl\/bienestar\/wp-content\/uploads\/2021\/01\/Captura-de-Pantalla-2021-01-16-a-las-10.07.37.png\u00bb align=\u00bbcenter\u00bb _builder_version=\u00bb4.16&#8243; width=\u00bb94%\u00bb width_tablet=\u00bb\u00bb width_phone=\u00bb65%\u00bb width_last_edited=\u00bbon|phone\u00bb module_alignment=\u00bbcenter\u00bb custom_margin=\u00bb45px||45px||true|false\u00bb custom_margin_tablet=\u00bb\u00bb custom_margin_phone=\u00bb10px||60px||false|false\u00bb custom_margin_last_edited=\u00bbon|phone\u00bb global_colors_info=\u00bb{}\u00bb][\/et_pb_image][\/et_pb_column][\/et_pb_row][\/et_pb_section][et_pb_section fb_built=\u00bb1&#8243; _builder_version=\u00bb4.16&#8243; custom_padding=\u00bb4px||0px|||\u00bb global_colors_info=\u00bb{}\u00bb][et_pb_row _builder_version=\u00bb4.16&#8243; min_height=\u00bb102px\u00bb custom_margin_tablet=\u00bb\u00bb custom_margin_phone=\u00bb20px||||false|false\u00bb custom_margin_last_edited=\u00bbon|phone\u00bb custom_padding=\u00bb34px||10px|||\u00bb global_colors_info=\u00bb{}\u00bb][et_pb_column type=\u00bb4_4&#8243; _builder_version=\u00bb4.16&#8243; global_colors_info=\u00bb{}\u00bb][et_pb_image src=\u00bbhttps:\/\/conectamutual.cl\/bienestar\/wp-content\/uploads\/2019\/12\/LOGOS-CATEGORIAS-03.png\u00bb align=\u00bbcenter\u00bb disabled_on=\u00bboff|off|off\u00bb _builder_version=\u00bb4.16&#8243; width=\u00bb48%\u00bb width_tablet=\u00bb\u00bb width_phone=\u00bb95%\u00bb width_last_edited=\u00bbon|phone\u00bb global_colors_info=\u00bb{}\u00bb][\/et_pb_image][\/et_pb_column][\/et_pb_row][\/et_pb_section][et_pb_section fb_built=\u00bb1&#8243; _builder_version=\u00bb4.16&#8243; custom_padding=\u00bb27px||1px|||\u00bb global_colors_info=\u00bb{}\u00bb][et_pb_row _builder_version=\u00bb4.16&#8243; custom_padding=\u00bb3px||36px|||\u00bb global_colors_info=\u00bb{}\u00bb][et_pb_column type=\u00bb4_4&#8243; _builder_version=\u00bb4.16&#8243; global_colors_info=\u00bb{}\u00bb][et_pb_post_title comments=\u00bboff\u00bb featured_image=\u00bboff\u00bb _builder_version=\u00bb4.16&#8243; title_font=\u00bbMontserrat|700|||||||\u00bb title_text_align=\u00bbcenter\u00bb title_text_color=\u00bb#c4d600&#8243; title_font_size=\u00bb54px\u00bb title_line_height=\u00bb1.1em\u00bb meta_font=\u00bbMontserrat||||||||\u00bb meta_text_align=\u00bbcenter\u00bb meta_font_size=\u00bb12px\u00bb title_font_size_tablet=\u00bb\u00bb title_font_size_phone=\u00bb30px\u00bb title_font_size_last_edited=\u00bbon|phone\u00bb meta_font_size_tablet=\u00bb\u00bb meta_font_size_phone=\u00bb10px\u00bb meta_font_size_last_edited=\u00bbon|phone\u00bb global_colors_info=\u00bb{}\u00bb][\/et_pb_post_title][\/et_pb_column][\/et_pb_row][\/et_pb_section][et_pb_section fb_built=\u00bb1&#8243; theme_builder_area=\u00bbpost_content\u00bb _builder_version=\u00bb4.20.2&#8243; _module_preset=\u00bbdefault\u00bb background_color=\u00bb#f4f4f4&#8243; hover_enabled=\u00bb0&#8243; sticky_enabled=\u00bb0&#8243; custom_padding=\u00bb19px||5px|||\u00bb][et_pb_row _builder_version=\u00bb4.20.2&#8243; _module_preset=\u00bbdefault\u00bb column_structure=\u00bb1_2,1_2&#8243; theme_builder_area=\u00bbpost_content\u00bb][et_pb_column _builder_version=\u00bb4.20.2&#8243; _module_preset=\u00bbdefault\u00bb type=\u00bb1_2&#8243; theme_builder_area=\u00bbpost_content\u00bb][et_pb_text _builder_version=\u00bb4.20.2&#8243; _module_preset=\u00bbdefault\u00bb theme_builder_area=\u00bbpost_content\u00bb header_2_text_color=\u00bb#707070&#8243; header_2_font=\u00bb|700|||||||\u00bb header_2_font_size=\u00bb23px\u00bb custom_margin=\u00bb|||30px|false|false\u00bb hover_enabled=\u00bb0&#8243; sticky_enabled=\u00bb0&#8243;]<\/p>\n<h2 style=\"text-align: right;\"><span>Transformando el mundo para empoderar a las personas<\/span><\/h2>\n<p>[\/et_pb_text][et_pb_text _builder_version=\u00bb4.20.2&#8243; _module_preset=\u00bbdefault\u00bb theme_builder_area=\u00bbpost_content\u00bb header_2_text_color=\u00bb#707070&#8243; header_2_font=\u00bb|700|||||||\u00bb header_2_font_size=\u00bb23px\u00bb custom_margin=\u00bb-25px|||30px|false|false\u00bb hover_enabled=\u00bb0&#8243; sticky_enabled=\u00bb0&#8243; header_3_text_color=\u00bb#666666&#8243; header_3_font_size=\u00bb17px\u00bb custom_padding=\u00bb|||120px|false|false\u00bb custom_padding_last_edited=\u00bbon|phone\u00bb custom_padding_phone=\u00bb|||30px|false|false\u00bb custom_padding_tablet=\u00bb|||120px|false|false\u00bb]<\/p>\n<h3 style=\"text-align: right;\">Contenido de expertos en colaboraci\u00f3n con Espacio Mutuo<\/h3>\n<p>[\/et_pb_text][\/et_pb_column][et_pb_column _builder_version=\u00bb4.20.2&#8243; _module_preset=\u00bbdefault\u00bb type=\u00bb1_2&#8243; theme_builder_area=\u00bbpost_content\u00bb][et_pb_image src=\u00bbhttps:\/\/conectamutual.cl\/bienestar\/wp-content\/uploads\/2021\/09\/Oracle_logo.svg_.png\u00bb _builder_version=\u00bb4.20.2&#8243; _module_preset=\u00bbdefault\u00bb theme_builder_area=\u00bbpost_content\u00bb title_text=\u00bbOracle_logo.svg\u00bb width=\u00bb61%\u00bb width_last_edited=\u00bbon|phone\u00bb hover_enabled=\u00bb0&#8243; sticky_enabled=\u00bb0&#8243; width_phone=\u00bb71%\u00bb custom_padding=\u00bb26px|||||\u00bb width_tablet=\u00bb61%\u00bb][\/et_pb_image][\/et_pb_column][\/et_pb_row][\/et_pb_section][et_pb_section fb_built=\u00bb1&#8243; fullwidth=\u00bbon\u00bb _builder_version=\u00bb4.16&#8243; global_colors_info=\u00bb{}\u00bb][et_pb_fullwidth_image src=\u00bbhttps:\/\/conectamutual.cl\/bienestar\/wp-content\/uploads\/2023\/04\/pexels-andrea-piacquadio-3769747.jpg\u00bb title_text=\u00bbpexels-andrea-piacquadio-3769747&#8243; _builder_version=\u00bb4.20.2&#8243; custom_padding=\u00bb0px||0px|||\u00bb hover_enabled=\u00bb0&#8243; global_colors_info=\u00bb{}\u00bb sticky_enabled=\u00bb0&#8243;][\/et_pb_fullwidth_image][\/et_pb_section][et_pb_section fb_built=\u00bb1&#8243; _builder_version=\u00bb4.16&#8243; custom_padding=\u00bb||8px|||\u00bb global_colors_info=\u00bb{}\u00bb][et_pb_row _builder_version=\u00bb4.16&#8243; custom_padding=\u00bb9px|||||\u00bb global_colors_info=\u00bb{}\u00bb][et_pb_column type=\u00bb4_4&#8243; _builder_version=\u00bb4.16&#8243; custom_padding=\u00bb|110px||110px|false|false\u00bb custom_padding_tablet=\u00bb\u00bb custom_padding_phone=\u00bb|10px||10px|false|false\u00bb custom_padding_last_edited=\u00bbon|phone\u00bb global_colors_info=\u00bb{}\u00bb][et_pb_text _builder_version=\u00bb4.20.2&#8243; text_font_size=\u00bb17px\u00bb text_line_height=\u00bb2.1em\u00bb ul_line_height=\u00bb2.1em\u00bb ol_line_height=\u00bb1.9em\u00bb header_2_text_color=\u00bb#c4d600&#8243; custom_margin_tablet=\u00bb\u00bb custom_margin_phone=\u00bb\u00bb custom_margin_last_edited=\u00bbon|phone\u00bb custom_padding=\u00bb|0px||0px|false|false\u00bb hover_enabled=\u00bb0&#8243; text_font_size_tablet=\u00bb\u00bb text_font_size_phone=\u00bb16px\u00bb text_font_size_last_edited=\u00bbon|phone\u00bb text_line_height_tablet=\u00bb\u00bb text_line_height_phone=\u00bb1.9em\u00bb text_line_height_last_edited=\u00bbon|phone\u00bb header_2_font_size_tablet=\u00bb\u00bb header_2_font_size_phone=\u00bb23px\u00bb header_2_font_size_last_edited=\u00bbon|phone\u00bb global_colors_info=\u00bb{}\u00bb sticky_enabled=\u00bb0&#8243;]<\/p>\n<blockquote>\n<p><span style=\"font-weight: 400;\">La transformaci\u00f3n del retail est\u00e1 en marcha, yendo de un modelo enfocado a los productos a otro en las personas, sus intereses y valores. Sin embargo, este a\u00f1o, la industria deber\u00e1 lidiar con otros t\u00f3picos como la inflaci\u00f3n, las restricciones presupuestarias, los cambios y exigencias de los consumidores y la falta de recursos humanos en el sector.\u00a0<\/span><\/p>\n<\/blockquote>\n<p><span style=\"font-weight: 400;\">Todos estos cambios y desaf\u00edos que el sector enfrentar\u00e1 pueden parecer dif\u00edciles, pero el vicepresidente de Ventas Oracle Retail Am\u00e9rica Latina, Pablo Verrastro, afirma que \u201ca trav\u00e9s de estos desaf\u00edos, los retailers podr\u00e1n encontrar grandes oportunidades para aumentar las ventas y lograr la lealtad de los compradores. Para ello, deben ser estrat\u00e9gicos y adaptables, utilizando a su favor la tecnolog\u00eda y los datos para comprender y responder mejor a las presiones y necesidades de los consumidores en todo momento\u201d.\u00a0<\/span><\/p>\n<p><span style=\"font-weight: 400;\">Las tendencias y puntos claves bajo el microscopio este a\u00f1o, seg\u00fan vicepresidente de Ventas de Oracle Retail, son en primer lugar <\/span><b>los factores econ\u00f3micos y las variaciones en el gasto de los consumidores<\/b><span style=\"font-weight: 400;\">, ya que de esta forma \u201clos retailers podr\u00e1n reconsiderar el inventario, la eficiencia y su oferta, porque la inflaci\u00f3n, las restricciones presupuestarias, por ejemplo, est\u00e1n influyendo en las decisiones de compra de los consumidores y reduciendo los m\u00e1rgenes de beneficio de los retailers\u201d.<\/span><\/p>\n<p><span style=\"font-weight: 400;\"><img loading=\"lazy\" decoding=\"async\" src=\"https:\/\/conectamutual.cl\/bienestar\/wp-content\/uploads\/2023\/04\/Pablo-Verrastro-1-NOTA-ORACLE-300x138.jpeg\" width=\"320\" height=\"151\" alt=\"\" class=\"wp-image-10256 alignnone size-medium\" \/><\/span><\/p>\n<p><em><strong>Pablo Verrastro | <span style=\"font-weight: 400;\">Vicepresidente de Ventas Oracle Retail Am\u00e9rica Latina<\/span><\/strong><\/em><\/p>\n<p><a href=\"https:\/\/www.oracle.com\/a\/ocom\/docs\/industries\/retail\/retail-consumer-research-2022.pdf\"><span style=\"font-weight: 400;\">Investigaciones recientes<\/span><\/a><span style=\"font-weight: 400;\"> demuestran lo mencionado por Verrastro, ya que el 71% de los compradores est\u00e1 considerando planes financieros cuando compran, y un 30% es atra\u00eddo por las promociones al momento de probar una nueva marca.\u00a0<\/span><\/p>\n<p><span style=\"font-weight: 400;\">La clave para esta tendencia, de acuerdo a Verrastro, es \u201cbrindar y ofrecer productos adecuados en el momento adecuado con promociones dirigidas e inteligentes, y aqu\u00ed la tecnolog\u00eda es clave, ya que brinda una respuesta con datos, pron\u00f3sticos precisos logrados con machine learning e inteligencia artificial y soluciones para planificar en forma cuidadosa los inventarios\u201d.\u00a0<\/span><\/p>\n<p><span style=\"font-weight: 400;\">Una segunda tendencia en retail para este a\u00f1o es la <\/span><b>cadena de suministro variable<\/b><span style=\"font-weight: 400;\">, ya que requerir\u00e1 conocimientos adicionales y acciones adaptables para mejorar la experiencia del cliente y minimizar la p\u00e9rdida, seg\u00fan el experto.\u00a0<\/span><\/p>\n<p><span style=\"font-weight: 400;\">\u201cLas limitaciones de la cadena de suministro son otro desaf\u00edo importante cuando el 29% de los consumidores reconoce que recurrir\u00eda a otra marca si su favorita no est\u00e1 disponible. Los retailers deben revisar sus necesidades de inventario, red de proveedores y estrategia de distribuci\u00f3n desde un \u00e1ngulo diferente, para minimizar el impacto financiero y preservar la lealtad del cliente\u201d, afirma Verrasco.\u00a0<\/span><\/p>\n<p><span style=\"font-weight: 400;\">Pero no hay que asustarse, seg\u00fan el vicepresidente, ya que \u201cel uso de datos y an\u00e1lisis para optimizar la cadena de suministro puede reducir de manera efectiva la necesidad de intervenci\u00f3n manual. Este enfoque proactivo puede minimizar la transferencia de tienda a tienda y ayudar a garantizar que el inventario est\u00e9 en la ubicaci\u00f3n correcta\u201d.<\/span><\/p>\n<p><b>Los nuevos h\u00e1bitos de compra y enfoques, junto con las nuevas prioridades,<\/b><span style=\"font-weight: 400;\"> son la tercera tendencia de esta industria para este a\u00f1o. \u201cLa mayor\u00eda de los consumidores est\u00e1 revalorizando las experiencias y los recuerdos por encima de las posesiones. A estos h\u00e1bitos, se suman las realidades econ\u00f3micas complejas. Es as\u00ed que los clientes realizan cada vez m\u00e1s comparaciones de precios y esperan que el precio baje durante las rebajas u ocasiones festivas\u201d.\u00a0<\/span><\/p>\n<p><span style=\"font-weight: 400;\">Para ganar con estos cambios, el vicepresidente de Ventas de Oracle Retail aconsej\u00f3 que los retailers se apoyen en el deseo de personalizaci\u00f3n de los consumidores y encontrarse con ellos donde lo deseen con las promociones y planes de financiamiento que prefieran. \u201cSabemos que el 68% prefiere hoy ir a la tienda, pero las nuevas generaciones se nutren primero del mundo digital\u201d, asegura.<\/span><\/p>\n<p><span style=\"font-weight: 400;\">La cuarta y \u00faltima tendencia <\/span><b>es la falta de talento,<\/b><span style=\"font-weight: 400;\"> ya que impulsar\u00e1 cada vez m\u00e1s el avance tecnol\u00f3gico y el trabajo flexible.<\/span><\/p>\n<p><span style=\"font-weight: 400;\">\u201cEncontrar y conservar el talento adecuado sigue siendo un reto para los retailers, el mercado laboral se ha mantenido competitivo en los \u00faltimos a\u00f1os y las personas buscan cada vez m\u00e1s opciones de trabajo flexibles. Las empresas de la industria pueden aprovechar la automatizaci\u00f3n y las mejores pr\u00e1cticas integradas para completar tareas menores, liberando a los colaboradores para que asuman un trabajo m\u00e1s estrat\u00e9gico y significativo\u201d, afirma Verrastro.<\/span><\/p>\n<p>[\/et_pb_text][\/et_pb_column][\/et_pb_row][et_pb_row _builder_version=\u00bb4.16&#8243; background_color=\u00bbrgba(0,0,0,0)\u00bb global_colors_info=\u00bb{}\u00bb][et_pb_column type=\u00bb4_4&#8243; _builder_version=\u00bb4.16&#8243; transform_scale_linked=\u00bboff\u00bb transform_translate=\u00bb-4px|10px\u00bb transform_translate_linked=\u00bboff\u00bb custom_padding=\u00bb5px|0px|5px|0px|false|true\u00bb animation_style=\u00bbzoom\u00bb animation_duration=\u00bb500ms\u00bb border_radii=\u00bboff||||\u00bb border_color_all=\u00bb#cde002&#8243; border_width_top=\u00bb1px\u00bb border_color_top=\u00bb#e09900&#8243; border_style_top=\u00bbdotted\u00bb border_width_bottom=\u00bb1px\u00bb border_color_bottom=\u00bb#e09900&#8243; border_style_bottom=\u00bbdotted\u00bb global_colors_info=\u00bb{}\u00bb][et_pb_code admin_label=\u00bbRating Art\u00edculo\u00bb _builder_version=\u00bb4.20.2&#8243; transform_scale=\u00bb110%|110%\u00bb transform_translate=\u00bb424px|5px\u00bb transform_translate_linked=\u00bboff\u00bb hover_enabled=\u00bb0&#8243; global_colors_info=\u00bb{}\u00bb sticky_enabled=\u00bb0&#8243;]<a class=\"typeform-share button\" href=\"https:\/\/singularmktg.typeform.com\/to\/COMq1XCs#art=851\" data-mode=\"drawer_right\" style=\"display:inline-block;text-decoration:none;background-color:#CDE002;color:white;cursor:pointer;font-family:Helvetica,Arial,sans-serif;font-size:20px;line-height:50px;text-align:center;margin:0;height:50px;padding:0px 33px;border-radius:12px;max-width:100%;white-space:nowrap;overflow:hidden;text-overflow:ellipsis;font-weight:bold;-webkit-font-smoothing:antialiased;-moz-osx-font-smoothing:grayscale;\" data-hide-headers=\"true\" data-hide-footer=\"true\" data-submit-close-delay=\"2\" target=\"_blank\" rel=\"noopener noreferrer\">Eval\u00faa este art\u00edculo <\/a> <script> (function() { var qs,js,q,s,d=document, gi=d.getElementById, ce=d.createElement, gt=d.getElementsByTagName, id=\"typef_orm_share\", b=\"https:\/\/embed.typeform.com\/\"; if(!gi.call(d,id)){ js=ce.call(d,\"script\"); js.id=id; js.src=b+\"embed.js\"; q=gt.call(d,\"script\")[0]; q.parentNode.insertBefore(js,q) } })() <\/script>[\/et_pb_code][\/et_pb_column][\/et_pb_row][et_pb_row _builder_version=\u00bb4.16&#8243; global_colors_info=\u00bb{}\u00bb][et_pb_column type=\u00bb4_4&#8243; _builder_version=\u00bb4.16&#8243; custom_padding_tablet=\u00bb\u00bb custom_padding_phone=\u00bb40px||||false|false\u00bb custom_padding_last_edited=\u00bbon|phone\u00bb global_colors_info=\u00bb{}\u00bb][et_pb_posts_carousel_agsdcm category_id=\u00bb37&#8243; max_title_characters=\u00bb150&#8243; heading_style=\u00bbcustom\u00bb heading_primary=\u00bb\u00daltimos Art\u00edculos\u00bb heading_sub=\u00bbNuevas Miradas\u00bb posts_filter_any=\u00bbon\u00bb _builder_version=\u00bb4.16&#8243; header_font=\u00bbMontserrat||||||||\u00bb header_text_color=\u00bb#757575&#8243; header_font_size=\u00bb19px\u00bb subheader_text_color=\u00bb#828282&#8243; title_font=\u00bbMontserrat|700|||||||\u00bb title_text_color=\u00bb#acc601&#8243; border_color_all=\u00bb#cde002&#8243; global_colors_info=\u00bb{}\u00bb][\/et_pb_posts_carousel_agsdcm][\/et_pb_column][\/et_pb_row][\/et_pb_section]<\/p>\n","protected":false},"excerpt":{"rendered":"<p>Transformando el mundo para empoderar a las personasContenido de expertos en colaboraci\u00f3n con Espacio Mutuo La transformaci\u00f3n del retail est\u00e1 en marcha, yendo de un modelo enfocado a los productos a otro en las personas, sus intereses y valores. Sin embargo, este a\u00f1o, la industria deber\u00e1 lidiar con otros t\u00f3picos como la inflaci\u00f3n, las restricciones [&hellip;]<\/p>\n","protected":false},"author":2,"featured_media":10255,"comment_status":"closed","ping_status":"closed","sticky":false,"template":"","format":"standard","meta":{"_et_pb_use_builder":"on","_et_pb_old_content":"","_et_gb_content_width":"","footnotes":""},"categories":[37,699],"tags":[],"class_list":["post-10252","post","type-post","status-publish","format-standard","has-post-thumbnail","hentry","category-nuevas-miradas","category-opinion-experta","et-has-post-format-content","et_post_format-et-post-format-standard"],"_links":{"self":[{"href":"https:\/\/conectamutual.cl\/bienestar\/wp-json\/wp\/v2\/posts\/10252","targetHints":{"allow":["GET"]}}],"collection":[{"href":"https:\/\/conectamutual.cl\/bienestar\/wp-json\/wp\/v2\/posts"}],"about":[{"href":"https:\/\/conectamutual.cl\/bienestar\/wp-json\/wp\/v2\/types\/post"}],"author":[{"embeddable":true,"href":"https:\/\/conectamutual.cl\/bienestar\/wp-json\/wp\/v2\/users\/2"}],"replies":[{"embeddable":true,"href":"https:\/\/conectamutual.cl\/bienestar\/wp-json\/wp\/v2\/comments?post=10252"}],"version-history":[{"count":4,"href":"https:\/\/conectamutual.cl\/bienestar\/wp-json\/wp\/v2\/posts\/10252\/revisions"}],"predecessor-version":[{"id":10263,"href":"https:\/\/conectamutual.cl\/bienestar\/wp-json\/wp\/v2\/posts\/10252\/revisions\/10263"}],"wp:featuredmedia":[{"embeddable":true,"href":"https:\/\/conectamutual.cl\/bienestar\/wp-json\/wp\/v2\/media\/10255"}],"wp:attachment":[{"href":"https:\/\/conectamutual.cl\/bienestar\/wp-json\/wp\/v2\/media?parent=10252"}],"wp:term":[{"taxonomy":"category","embeddable":true,"href":"https:\/\/conectamutual.cl\/bienestar\/wp-json\/wp\/v2\/categories?post=10252"},{"taxonomy":"post_tag","embeddable":true,"href":"https:\/\/conectamutual.cl\/bienestar\/wp-json\/wp\/v2\/tags?post=10252"}],"curies":[{"name":"wp","href":"https:\/\/api.w.org\/{rel}","templated":true}]}}