{"id":10552,"date":"2023-05-29T10:47:42","date_gmt":"2023-05-29T14:47:42","guid":{"rendered":"https:\/\/conectamutual.cl\/bienestar\/?p=10552"},"modified":"2024-04-13T15:39:32","modified_gmt":"2024-04-13T19:39:32","slug":"se-te-olvida-donde-dejaste-las-cosas-quizas-no-es-tu-memoria-sino-tu-atencion","status":"publish","type":"post","link":"https:\/\/conectamutual.cl\/bienestar\/nuevas-miradas\/se-te-olvida-donde-dejaste-las-cosas-quizas-no-es-tu-memoria-sino-tu-atencion\/","title":{"rendered":"\u00bfSe te olvida d\u00f3nde dejaste las cosas? Quiz\u00e1s no es tu memoria, sino tu atenci\u00f3n"},"content":{"rendered":"<p>[et_pb_section fb_built=\u00bb1&#8243; _builder_version=\u00bb4.16&#8243; custom_margin=\u00bb||-50px||false|false\u00bb custom_margin_tablet=\u00bb\u00bb custom_margin_phone=\u00bb||0px||false|false\u00bb custom_margin_last_edited=\u00bbon|phone\u00bb custom_padding=\u00bb11px||0px||false|false\u00bb global_colors_info=\u00bb{}\u00bb][et_pb_row column_structure=\u00bb1_3,1_3,1_3&#8243; disabled_on=\u00bbon|on|off\u00bb _builder_version=\u00bb4.16&#8243; min_height=\u00bb269px\u00bb custom_margin=\u00bb-15px|auto|-190px|auto|false|false\u00bb custom_margin_tablet=\u00bb\u00bb custom_margin_phone=\u00bb\u00bb custom_margin_last_edited=\u00bbon|phone\u00bb custom_padding=\u00bb||0px||false|false\u00bb global_colors_info=\u00bb{}\u00bb][et_pb_column type=\u00bb1_3&#8243; _builder_version=\u00bb4.16&#8243; global_colors_info=\u00bb{}\u00bb][\/et_pb_column][et_pb_column type=\u00bb1_3&#8243; _builder_version=\u00bb4.16&#8243; global_colors_info=\u00bb{}\u00bb][et_pb_image src=\u00bbhttps:\/\/conectamutual.cl\/bienestar\/wp-content\/uploads\/2019\/10\/Logo-Espacio-Mutuo-02.png\u00bb align=\u00bbcenter\u00bb _builder_version=\u00bb4.16&#8243; width=\u00bb83%\u00bb width_tablet=\u00bb\u00bb width_phone=\u00bb22%\u00bb width_last_edited=\u00bbon|phone\u00bb custom_margin=\u00bb15px||||false|false\u00bb global_colors_info=\u00bb{}\u00bb][\/et_pb_image][\/et_pb_column][et_pb_column type=\u00bb1_3&#8243; _builder_version=\u00bb4.16&#8243; global_colors_info=\u00bb{}\u00bb][et_pb_image src=\u00bbhttps:\/\/conectamutual.cl\/bienestar\/wp-content\/uploads\/2021\/01\/Captura-de-Pantalla-2021-01-16-a-las-10.07.37.png\u00bb align=\u00bbright\u00bb _builder_version=\u00bb4.16&#8243; width=\u00bb72%\u00bb width_tablet=\u00bb\u00bb width_phone=\u00bb41%\u00bb width_last_edited=\u00bbon|phone\u00bb custom_margin=\u00bb45px||45px||true|false\u00bb custom_margin_tablet=\u00bb\u00bb custom_margin_phone=\u00bb10px||60px||false|false\u00bb custom_margin_last_edited=\u00bbon|phone\u00bb global_colors_info=\u00bb{}\u00bb][\/et_pb_image][\/et_pb_column][\/et_pb_row][et_pb_row column_structure=\u00bb1_3,1_3,1_3&#8243; disabled_on=\u00bboff|off|on\u00bb _builder_version=\u00bb4.16&#8243; min_height=\u00bb269px\u00bb custom_margin=\u00bb-15px|auto|-20px|auto|false|false\u00bb custom_margin_tablet=\u00bb\u00bb custom_margin_phone=\u00bb\u00bb custom_margin_last_edited=\u00bbon|phone\u00bb custom_padding=\u00bb||||false|false\u00bb global_colors_info=\u00bb{}\u00bb][et_pb_column type=\u00bb1_3&#8243; _builder_version=\u00bb4.16&#8243; global_colors_info=\u00bb{}\u00bb][\/et_pb_column][et_pb_column type=\u00bb1_3&#8243; _builder_version=\u00bb4.16&#8243; global_colors_info=\u00bb{}\u00bb][et_pb_image src=\u00bbhttps:\/\/conectamutual.cl\/bienestar\/wp-content\/uploads\/2019\/10\/Logo-Espacio-Mutuo-01.png\u00bb align=\u00bbcenter\u00bb force_fullwidth=\u00bbon\u00bb _builder_version=\u00bb4.16&#8243; min_height=\u00bb170px\u00bb min_height_tablet=\u00bb\u00bb min_height_phone=\u00bb187px\u00bb min_height_last_edited=\u00bbon|phone\u00bb height=\u00bb100px\u00bb max_height=\u00bb1000px\u00bb custom_margin=\u00bb-14px||8px|||\u00bb global_colors_info=\u00bb{}\u00bb][\/et_pb_image][\/et_pb_column][et_pb_column type=\u00bb1_3&#8243; _builder_version=\u00bb4.16&#8243; global_colors_info=\u00bb{}\u00bb][et_pb_image src=\u00bbhttps:\/\/conectamutual.cl\/bienestar\/wp-content\/uploads\/2021\/01\/Captura-de-Pantalla-2021-01-16-a-las-10.07.37.png\u00bb align=\u00bbcenter\u00bb _builder_version=\u00bb4.16&#8243; width=\u00bb94%\u00bb width_tablet=\u00bb\u00bb width_phone=\u00bb65%\u00bb width_last_edited=\u00bbon|phone\u00bb module_alignment=\u00bbcenter\u00bb custom_margin=\u00bb45px||45px||true|false\u00bb custom_margin_tablet=\u00bb\u00bb custom_margin_phone=\u00bb10px||60px||false|false\u00bb custom_margin_last_edited=\u00bbon|phone\u00bb global_colors_info=\u00bb{}\u00bb][\/et_pb_image][\/et_pb_column][\/et_pb_row][\/et_pb_section][et_pb_section fb_built=\u00bb1&#8243; _builder_version=\u00bb4.16&#8243; custom_padding=\u00bb4px||0px|||\u00bb global_colors_info=\u00bb{}\u00bb][et_pb_row _builder_version=\u00bb4.16&#8243; min_height=\u00bb102px\u00bb custom_margin_tablet=\u00bb\u00bb custom_margin_phone=\u00bb20px||||false|false\u00bb custom_margin_last_edited=\u00bbon|phone\u00bb custom_padding=\u00bb34px||10px|||\u00bb global_colors_info=\u00bb{}\u00bb][et_pb_column type=\u00bb4_4&#8243; _builder_version=\u00bb4.16&#8243; global_colors_info=\u00bb{}\u00bb][et_pb_image src=\u00bbhttps:\/\/conectamutual.cl\/bienestar\/wp-content\/uploads\/2019\/12\/LOGOS-CATEGORIAS-03.png\u00bb align=\u00bbcenter\u00bb disabled_on=\u00bboff|off|off\u00bb _builder_version=\u00bb4.16&#8243; width=\u00bb48%\u00bb width_tablet=\u00bb\u00bb width_phone=\u00bb95%\u00bb width_last_edited=\u00bbon|phone\u00bb global_colors_info=\u00bb{}\u00bb][\/et_pb_image][\/et_pb_column][\/et_pb_row][\/et_pb_section][et_pb_section fb_built=\u00bb1&#8243; _builder_version=\u00bb4.16&#8243; custom_padding=\u00bb27px||1px|||\u00bb global_colors_info=\u00bb{}\u00bb][et_pb_row _builder_version=\u00bb4.16&#8243; custom_padding=\u00bb3px||36px|||\u00bb global_colors_info=\u00bb{}\u00bb][et_pb_column type=\u00bb4_4&#8243; _builder_version=\u00bb4.16&#8243; global_colors_info=\u00bb{}\u00bb][et_pb_post_title comments=\u00bboff\u00bb featured_image=\u00bboff\u00bb _builder_version=\u00bb4.16&#8243; title_font=\u00bbMontserrat|700|||||||\u00bb title_text_align=\u00bbcenter\u00bb title_text_color=\u00bb#c4d600&#8243; title_font_size=\u00bb54px\u00bb title_line_height=\u00bb1.1em\u00bb meta_font=\u00bbMontserrat||||||||\u00bb meta_text_align=\u00bbcenter\u00bb meta_font_size=\u00bb12px\u00bb title_font_size_tablet=\u00bb\u00bb title_font_size_phone=\u00bb30px\u00bb title_font_size_last_edited=\u00bbon|phone\u00bb meta_font_size_tablet=\u00bb\u00bb meta_font_size_phone=\u00bb10px\u00bb meta_font_size_last_edited=\u00bbon|phone\u00bb global_colors_info=\u00bb{}\u00bb][\/et_pb_post_title][\/et_pb_column][\/et_pb_row][\/et_pb_section][et_pb_section fb_built=\u00bb1&#8243; fullwidth=\u00bbon\u00bb _builder_version=\u00bb4.16&#8243; global_colors_info=\u00bb{}\u00bb][et_pb_fullwidth_image src=\u00bbhttps:\/\/conectamutual.cl\/bienestar\/wp-content\/uploads\/2023\/05\/olvido.jpg\u00bb title_text=\u00bbolvido\u00bb _builder_version=\u00bb4.20.2&#8243; custom_padding=\u00bb0px||0px|||\u00bb global_colors_info=\u00bb{}\u00bb][\/et_pb_fullwidth_image][\/et_pb_section][et_pb_section fb_built=\u00bb1&#8243; _builder_version=\u00bb4.16&#8243; custom_padding=\u00bb||8px|||\u00bb global_colors_info=\u00bb{}\u00bb][et_pb_row _builder_version=\u00bb4.16&#8243; custom_padding=\u00bb9px|||||\u00bb global_colors_info=\u00bb{}\u00bb][et_pb_column type=\u00bb4_4&#8243; _builder_version=\u00bb4.16&#8243; custom_padding=\u00bb|110px||110px|false|false\u00bb custom_padding_tablet=\u00bb\u00bb custom_padding_phone=\u00bb|10px||10px|false|false\u00bb custom_padding_last_edited=\u00bbon|phone\u00bb global_colors_info=\u00bb{}\u00bb][et_pb_text _builder_version=\u00bb4.20.2&#8243; text_font_size=\u00bb17px\u00bb text_line_height=\u00bb2.1em\u00bb ul_line_height=\u00bb2.1em\u00bb ol_line_height=\u00bb1.9em\u00bb header_2_text_color=\u00bb#c4d600&#8243; custom_margin_tablet=\u00bb\u00bb custom_margin_phone=\u00bb\u00bb custom_margin_last_edited=\u00bbon|phone\u00bb custom_padding=\u00bb|0px||0px|false|false\u00bb text_font_size_tablet=\u00bb\u00bb text_font_size_phone=\u00bb16px\u00bb text_font_size_last_edited=\u00bbon|phone\u00bb text_line_height_tablet=\u00bb\u00bb text_line_height_phone=\u00bb1.9em\u00bb text_line_height_last_edited=\u00bbon|phone\u00bb header_2_font_size_tablet=\u00bb\u00bb header_2_font_size_phone=\u00bb23px\u00bb header_2_font_size_last_edited=\u00bbon|phone\u00bb global_colors_info=\u00bb{}\u00bb]<\/p>\n<blockquote>\n<p><span style=\"font-weight: 400;\">Si no eres capaz de recordar d\u00f3nde estacionaste el auto, no es que tengas una memoria horrible, amnesia, demencia o Alzheimer. Probablemente no recuerdas d\u00f3nde estacionaste el auto porque &#8211; en primer lugar &#8211; nunca prestaste atenci\u00f3n a d\u00f3nde lo estacionaste.\u00a0<\/span><\/p>\n<\/blockquote>\n<p><span style=\"font-weight: 400;\">Si queremos recordar algo, por encima de todo <\/span><b>necesitamos <\/b><b><i>darnos cuenta<\/i><\/b><span style=\"font-weight: 400;\">. Y darse cuenta requiere dos cosas: percepci\u00f3n (ver, o\u00edr, oler, sentir) y atenci\u00f3n.<\/span><\/p>\n<p><span style=\"font-weight: 400;\">Tu memoria no es una c\u00e1mara de video que graba un flujo constante de cada imagen y sonido a los que est\u00e1s expuesto:<\/span><b> s\u00f3lo puede capturar y retener aquello a lo que le prestas atenci\u00f3n.<\/b><span style=\"font-weight: 400;\"> Y como no puedes prestar atenci\u00f3n a todo, <\/span><a href=\"https:\/\/ideas.ted.com\/struggling-to-recall-something-you-may-not-have-a-memory-problem-just-an-attention-problem\/\"><span style=\"font-weight: 400;\">podr\u00e1s recordar algunos aspectos de lo que est\u00e1 pasando delante de ti\u2026 pero no otros.<\/span><\/a><\/p>\n<h2><b>PRESTA ATENCI\u00d3N (PERO EN SERIO)<\/b><\/h2>\n<p><span style=\"font-weight: 400;\">Piensa en la gran cantidad de informaci\u00f3n a la que est\u00e1n expuestos tus sentidos en un d\u00eda determinado. <\/span><b>Si est\u00e1s despierto durante 16 horas, tus sentidos estar\u00e1n trabajando durante 57.600 segundos, recopilando informaci\u00f3n sobre las formas, colores, luces, olores y sonidos que percibes a cada momento.<\/b><span style=\"font-weight: 400;\"> \u00a1Esos son muchos datos! Simplemente no puedes -y, de hecho, no podr\u00e1s- recordar la mayor parte de la informaci\u00f3n que estaba disponible hoy para tus ojos, o\u00eddos, nariz y cerebro.<\/span><\/p>\n<p><span style=\"font-weight: 400;\">La raz\u00f3n n\u00famero uno para olvidar lo que acabas de escuchar <\/span><i><span style=\"font-weight: 400;\">-el nombre de una persona, d\u00f3nde pusiste tu tel\u00e9fono o si cerraste la puerta de tu casa o no- <\/span><\/i><span style=\"font-weight: 400;\">es la falta de atenci\u00f3n.<\/span><b> M\u00e1s tarde no podr\u00e1s recordar lo que est\u00e1 justo frente a ti si no le prestas atenci\u00f3n.\u00a0<\/b><\/p>\n<p><b>Entonces, si queremos recordar algo, solo tenemos que prestarle atenci\u00f3n.<\/b><\/p>\n<p><span style=\"font-weight: 400;\">Desafortunadamente, esto no es tan simple. Incluso si no vivi\u00e9ramos en un momento tan distra\u00eddo, prestar atenci\u00f3n no es f\u00e1cil para nuestros cerebros.<\/span><b> Tendemos a prestar atenci\u00f3n -y, por lo tanto, a recordar- lo que encontramos interesante, nuevo, sorprendente, significativo, emocional y consecuente<\/b><span style=\"font-weight: 400;\">. Nuestros cerebros capturan esos detalles\u2026 e ignoramos y olvidamos el resto.<\/span><\/p>\n<h2><b>HACER EL ESFUERZO<\/b><\/h2>\n<p><span style=\"font-weight: 400;\">Prestar atenci\u00f3n requiere un esfuerzo consciente. Tu actividad cerebral predeterminada no es atenta. <\/span><b>Tu cerebro desatento est\u00e1 distra\u00eddo, so\u00f1ando despierto, en piloto autom\u00e1tico y lleno de pensamientos constantes y repetitivos. <\/b><span style=\"font-weight: 400;\">No puede crear una nueva memoria en este estado. Si quieres recordar algo, tienes que encender tu cerebro, despertar, volverte consciente y prestar atenci\u00f3n.\u00a0<\/span><\/p>\n<p><span style=\"font-weight: 400;\">Debido a que recordamos a lo que prestamos atenci\u00f3n, es posible que deseemos ser conscientes de en qu\u00e9 nos enfocamos. <\/span><b>Los optimistas prestan atenci\u00f3n a las experiencias positivas, por lo que estos eventos se consolidan en sus recuerdos. <\/b><span style=\"font-weight: 400;\">Si buscas magia todos los d\u00edas, <\/span><a href=\"https:\/\/conectamutual.cl\/vivir-mejor\/como-hacerte-el-tiempo-para-lo-que-realmente-importa\/\"><span style=\"font-weight: 400;\">si prestas atenci\u00f3n a los momentos de alegr\u00eda y asombro, puedes capturar estos momentos y consolidarlos en la memoria<\/span><\/a><span style=\"font-weight: 400;\">. <\/span><b>Con el tiempo, la narrativa de tu vida se poblar\u00e1 de recuerdos que te har\u00e1n sonre\u00edr.<\/b><\/p>\n<p><span style=\"font-weight: 400;\">Si deseas <\/span><a href=\"https:\/\/conectamutual.cl\/vivir-mejor\/abdominales-para-tu-cerebro-tu-puedes-ejercitar-tu-funcion-cognitiva\/\"><span style=\"font-weight: 400;\">mejorar tu memoria,<\/span><\/a><span style=\"font-weight: 400;\"> intenta minimizar o eliminar las cosas que te distraen.<\/span> <a href=\"https:\/\/conectamutual.cl\/ex-ante\/sabes-como-descansar-adecuadamente\/\"><b>Dormir lo suficiente,<\/b><\/a><b> meditar y un poco de cafe\u00edna <\/b><span style=\"font-weight: 400;\">(no demasiada y nada horas antes de acostarse) son otros poderosos luchadores contra las distracciones y pueden mejorar tu capacidad para prestar atenci\u00f3n y establecer recuerdos a largo plazo.<\/span><\/p>\n<p><span style=\"font-weight: 400;\">La Generaci\u00f3n X se jacta regularmente del <\/span><i><span style=\"font-weight: 400;\">multitasking <\/span><\/i><span style=\"font-weight: 400;\">como si fuera un superpoder. Mientras tanto, los Millennials no ven ning\u00fan problema en ver Netflix mientras usan Snapchat y a la vez hablan contigo. <\/span><b>Pero ambos enfoques tienen un problema, si lo que quieres es m\u00e1s tarde poder recordar algo de lo que est\u00e1s haciendo y experimentando.<\/b><\/p>\n<p><span style=\"font-weight: 400;\">Entonces, la pr\u00f3xima vez que no puedas encontrar tu auto, haz una pausa. Y antes de acusar a tu memoria de fallar, antes de que entres en p\u00e1nico, piensa: <\/span><i><span style=\"font-weight: 400;\">\u00bfPrest\u00e9 atenci\u00f3n a d\u00f3nde estacion\u00e9 mi auto?<\/span><\/i><\/p>\n<p>[\/et_pb_text][et_pb_text _builder_version=\u00bb4.16&#8243; text_font_size=\u00bb13px\u00bb text_line_height=\u00bb0.6em\u00bb custom_margin=\u00bb-15px||||false|false\u00bb custom_padding=\u00bb34px|||||\u00bb text_font_size_tablet=\u00bb\u00bb text_font_size_phone=\u00bb11px\u00bb text_font_size_last_edited=\u00bbon|phone\u00bb global_colors_info=\u00bb{}\u00bb]<\/p>\n<p style=\"text-align: center;\"><img loading=\"lazy\" decoding=\"async\" class=\"wp-image-608 alignnone size-full\" src=\"https:\/\/conectamutual.cl\/bienestar\/wp-content\/uploads\/2019\/10\/Imagen-equipo.png\" alt=\"\" width=\"91\" height=\"88\" \/><\/p>\n<p style=\"text-align: center;\"><strong>Por Equipo Espacio Mutuo<\/strong><\/p>\n<p style=\"text-align: center;\"><em>Mutual de Seguridad<\/em><\/p>\n<p>[\/et_pb_text][\/et_pb_column][\/et_pb_row][et_pb_row _builder_version=\u00bb4.16&#8243; background_color=\u00bbrgba(0,0,0,0)\u00bb global_colors_info=\u00bb{}\u00bb][et_pb_column type=\u00bb4_4&#8243; _builder_version=\u00bb4.16&#8243; transform_scale_linked=\u00bboff\u00bb transform_translate=\u00bb-4px|10px\u00bb transform_translate_linked=\u00bboff\u00bb custom_padding=\u00bb5px|0px|5px|0px|false|true\u00bb animation_style=\u00bbzoom\u00bb animation_duration=\u00bb500ms\u00bb border_radii=\u00bboff||||\u00bb border_color_all=\u00bb#cde002&#8243; border_width_top=\u00bb1px\u00bb border_color_top=\u00bb#e09900&#8243; border_style_top=\u00bbdotted\u00bb border_width_bottom=\u00bb1px\u00bb border_color_bottom=\u00bb#e09900&#8243; border_style_bottom=\u00bbdotted\u00bb global_colors_info=\u00bb{}\u00bb][et_pb_code admin_label=\u00bbRating Art\u00edculo\u00bb _builder_version=\u00bb4.20.2&#8243; transform_scale=\u00bb110%|110%\u00bb transform_translate=\u00bb424px|5px\u00bb transform_translate_linked=\u00bboff\u00bb global_colors_info=\u00bb{}\u00bb]<a class=\"typeform-share button\" href=\"https:\/\/singularmktg.typeform.com\/to\/COMq1XCs#art=887\" data-mode=\"drawer_right\" style=\"display:inline-block;text-decoration:none;background-color:#CDE002;color:white;cursor:pointer;font-family:Helvetica,Arial,sans-serif;font-size:20px;line-height:50px;text-align:center;margin:0;height:50px;padding:0px 33px;border-radius:12px;max-width:100%;white-space:nowrap;overflow:hidden;text-overflow:ellipsis;font-weight:bold;-webkit-font-smoothing:antialiased;-moz-osx-font-smoothing:grayscale;\" data-hide-headers=\"true\" data-hide-footer=\"true\" data-submit-close-delay=\"2\" target=\"_blank\" rel=\"noopener noreferrer\">Eval\u00faa este art\u00edculo <\/a> <script> (function() { var qs,js,q,s,d=document, gi=d.getElementById, ce=d.createElement, gt=d.getElementsByTagName, id=\"typef_orm_share\", b=\"https:\/\/embed.typeform.com\/\"; if(!gi.call(d,id)){ js=ce.call(d,\"script\"); js.id=id; js.src=b+\"embed.js\"; q=gt.call(d,\"script\")[0]; q.parentNode.insertBefore(js,q) } })() <\/script>[\/et_pb_code][\/et_pb_column][\/et_pb_row][et_pb_row _builder_version=\u00bb4.16&#8243; global_colors_info=\u00bb{}\u00bb][et_pb_column type=\u00bb4_4&#8243; _builder_version=\u00bb4.16&#8243; custom_padding_tablet=\u00bb\u00bb custom_padding_phone=\u00bb40px||||false|false\u00bb custom_padding_last_edited=\u00bbon|phone\u00bb global_colors_info=\u00bb{}\u00bb][et_pb_posts_carousel_agsdcm category_id=\u00bb37&#8243; max_title_characters=\u00bb150&#8243; heading_style=\u00bbcustom\u00bb heading_primary=\u00bb\u00daltimos Art\u00edculos\u00bb heading_sub=\u00bbNuevas Miradas\u00bb posts_filter_any=\u00bbon\u00bb _builder_version=\u00bb4.16&#8243; header_font=\u00bbMontserrat||||||||\u00bb header_text_color=\u00bb#757575&#8243; header_font_size=\u00bb19px\u00bb subheader_text_color=\u00bb#828282&#8243; title_font=\u00bbMontserrat|700|||||||\u00bb title_text_color=\u00bb#acc601&#8243; border_color_all=\u00bb#cde002&#8243; global_colors_info=\u00bb{}\u00bb][\/et_pb_posts_carousel_agsdcm][\/et_pb_column][\/et_pb_row][\/et_pb_section]<\/p>\n","protected":false},"excerpt":{"rendered":"<p>Si no eres capaz de recordar d\u00f3nde estacionaste el auto, no es que tengas una memoria horrible, amnesia, demencia o Alzheimer. Probablemente no recuerdas d\u00f3nde estacionaste el auto porque &#8211; en primer lugar &#8211; nunca prestaste atenci\u00f3n a d\u00f3nde lo estacionaste.\u00a0 Si queremos recordar algo, por encima de todo necesitamos darnos cuenta. Y darse cuenta [&hellip;]<\/p>\n","protected":false},"author":2,"featured_media":10558,"comment_status":"closed","ping_status":"closed","sticky":false,"template":"","format":"standard","meta":{"_et_pb_use_builder":"on","_et_pb_old_content":"","_et_gb_content_width":"","footnotes":""},"categories":[695,37],"tags":[558,42,452,472,384,473,559],"class_list":["post-10552","post","type-post","status-publish","format-standard","has-post-thumbnail","hentry","category-actualidad","category-nuevas-miradas","tag-atencion","tag-bienestar","tag-meditacion","tag-memoria","tag-mindfulness","tag-recuerdos","tag-salud-cognitiva","et-has-post-format-content","et_post_format-et-post-format-standard"],"_links":{"self":[{"href":"https:\/\/conectamutual.cl\/bienestar\/wp-json\/wp\/v2\/posts\/10552","targetHints":{"allow":["GET"]}}],"collection":[{"href":"https:\/\/conectamutual.cl\/bienestar\/wp-json\/wp\/v2\/posts"}],"about":[{"href":"https:\/\/conectamutual.cl\/bienestar\/wp-json\/wp\/v2\/types\/post"}],"author":[{"embeddable":true,"href":"https:\/\/conectamutual.cl\/bienestar\/wp-json\/wp\/v2\/users\/2"}],"replies":[{"embeddable":true,"href":"https:\/\/conectamutual.cl\/bienestar\/wp-json\/wp\/v2\/comments?post=10552"}],"version-history":[{"count":5,"href":"https:\/\/conectamutual.cl\/bienestar\/wp-json\/wp\/v2\/posts\/10552\/revisions"}],"predecessor-version":[{"id":10560,"href":"https:\/\/conectamutual.cl\/bienestar\/wp-json\/wp\/v2\/posts\/10552\/revisions\/10560"}],"wp:featuredmedia":[{"embeddable":true,"href":"https:\/\/conectamutual.cl\/bienestar\/wp-json\/wp\/v2\/media\/10558"}],"wp:attachment":[{"href":"https:\/\/conectamutual.cl\/bienestar\/wp-json\/wp\/v2\/media?parent=10552"}],"wp:term":[{"taxonomy":"category","embeddable":true,"href":"https:\/\/conectamutual.cl\/bienestar\/wp-json\/wp\/v2\/categories?post=10552"},{"taxonomy":"post_tag","embeddable":true,"href":"https:\/\/conectamutual.cl\/bienestar\/wp-json\/wp\/v2\/tags?post=10552"}],"curies":[{"name":"wp","href":"https:\/\/api.w.org\/{rel}","templated":true}]}}