{"id":10811,"date":"2023-07-10T11:17:13","date_gmt":"2023-07-10T15:17:13","guid":{"rendered":"https:\/\/conectamutual.cl\/bienestar\/?p=10811"},"modified":"2023-07-10T11:21:19","modified_gmt":"2023-07-10T15:21:19","slug":"mente-sana-en-cuerpo-sano-el-ejercicio-de-verdad-beneficia-tu-salud-mental","status":"publish","type":"post","link":"https:\/\/conectamutual.cl\/bienestar\/vivir-mejor\/mente-sana-en-cuerpo-sano-el-ejercicio-de-verdad-beneficia-tu-salud-mental\/","title":{"rendered":"Mente sana en cuerpo sano\u2026 el ejercicio de verdad beneficia tu salud mental"},"content":{"rendered":"<p>[et_pb_section fb_built=\u00bb1&#8243; _builder_version=\u00bb4.16&#8243; custom_padding=\u00bb4px||0px|||\u00bb global_colors_info=\u00bb{}\u00bb][et_pb_row _builder_version=\u00bb4.16&#8243; min_height=\u00bb102px\u00bb custom_margin_tablet=\u00bb\u00bb custom_margin_phone=\u00bb20px||||false|false\u00bb custom_margin_last_edited=\u00bbon|phone\u00bb custom_padding=\u00bb34px||10px|||\u00bb global_colors_info=\u00bb{}\u00bb][et_pb_column type=\u00bb4_4&#8243; _builder_version=\u00bb4.16&#8243; global_colors_info=\u00bb{}\u00bb][et_pb_image src=\u00bbhttps:\/\/conectamutual.cl\/bienestar\/wp-content\/uploads\/2019\/12\/LOGOS-CATEGORIAS-05.png\u00bb align=\u00bbcenter\u00bb disabled_on=\u00bboff|off|off\u00bb _builder_version=\u00bb4.16&#8243; width=\u00bb41%\u00bb width_tablet=\u00bb\u00bb width_phone=\u00bb95%\u00bb width_last_edited=\u00bbon|phone\u00bb global_colors_info=\u00bb{}\u00bb][\/et_pb_image][\/et_pb_column][\/et_pb_row][\/et_pb_section][et_pb_section fb_built=\u00bb1&#8243; _builder_version=\u00bb4.16&#8243; custom_padding=\u00bb1px||0px|||\u00bb global_colors_info=\u00bb{}\u00bb][et_pb_row _builder_version=\u00bb4.16&#8243; custom_padding=\u00bb0px||5px|||\u00bb global_colors_info=\u00bb{}\u00bb][et_pb_column type=\u00bb4_4&#8243; _builder_version=\u00bb4.16&#8243; global_colors_info=\u00bb{}\u00bb][et_pb_image src=\u00bbhttps:\/\/conectamutual.cl\/bienestar\/wp-content\/uploads\/2019\/10\/Logo-Espacio-Mutuo-02.png\u00bb align=\u00bbcenter\u00bb _builder_version=\u00bb4.16&#8243; width=\u00bb13%\u00bb width_tablet=\u00bb\u00bb width_phone=\u00bb22%\u00bb width_last_edited=\u00bbon|phone\u00bb custom_margin=\u00bb0px||||false|false\u00bb global_colors_info=\u00bb{}\u00bb][\/et_pb_image][\/et_pb_column][\/et_pb_row][\/et_pb_section][et_pb_section fb_built=\u00bb1&#8243; _builder_version=\u00bb4.16&#8243; custom_padding=\u00bb15px||1px|||\u00bb global_colors_info=\u00bb{}\u00bb][et_pb_row _builder_version=\u00bb4.16&#8243; custom_padding=\u00bb3px||36px|||\u00bb global_colors_info=\u00bb{}\u00bb][et_pb_column type=\u00bb4_4&#8243; _builder_version=\u00bb4.16&#8243; global_colors_info=\u00bb{}\u00bb][et_pb_post_title comments=\u00bboff\u00bb featured_image=\u00bboff\u00bb _builder_version=\u00bb4.16&#8243; title_font=\u00bbMontserrat|700|||||||\u00bb title_text_align=\u00bbcenter\u00bb title_text_color=\u00bb#c4d600&#8243; title_font_size=\u00bb54px\u00bb title_line_height=\u00bb1.1em\u00bb meta_font=\u00bbMontserrat||||||||\u00bb meta_text_align=\u00bbcenter\u00bb meta_font_size=\u00bb12px\u00bb title_font_size_tablet=\u00bb\u00bb title_font_size_phone=\u00bb30px\u00bb title_font_size_last_edited=\u00bbon|phone\u00bb meta_font_size_tablet=\u00bb\u00bb meta_font_size_phone=\u00bb10px\u00bb meta_font_size_last_edited=\u00bbon|phone\u00bb global_colors_info=\u00bb{}\u00bb][\/et_pb_post_title][\/et_pb_column][\/et_pb_row][\/et_pb_section][et_pb_section fb_built=\u00bb1&#8243; fullwidth=\u00bbon\u00bb _builder_version=\u00bb4.16&#8243; global_colors_info=\u00bb{}\u00bb][et_pb_fullwidth_image src=\u00bbhttps:\/\/conectamutual.cl\/bienestar\/wp-content\/uploads\/2023\/07\/pexels-karolina-grabowska-4498294.jpg\u00bb title_text=\u00bbpexels-karolina-grabowska-4498294&#8243; _builder_version=\u00bb4.20.2&#8243; custom_padding=\u00bb0px|||||\u00bb hover_enabled=\u00bb0&#8243; global_colors_info=\u00bb{}\u00bb sticky_enabled=\u00bb0&#8243;][\/et_pb_fullwidth_image][\/et_pb_section][et_pb_section fb_built=\u00bb1&#8243; _builder_version=\u00bb4.16&#8243; custom_padding=\u00bb||8px|||\u00bb global_colors_info=\u00bb{}\u00bb][et_pb_row _builder_version=\u00bb4.16&#8243; custom_padding=\u00bb9px|||||\u00bb global_colors_info=\u00bb{}\u00bb][et_pb_column type=\u00bb4_4&#8243; _builder_version=\u00bb4.16&#8243; custom_padding=\u00bb|110px||110px|false|false\u00bb custom_padding_tablet=\u00bb\u00bb custom_padding_phone=\u00bb|10px||10px|false|false\u00bb custom_padding_last_edited=\u00bbon|phone\u00bb global_colors_info=\u00bb{}\u00bb][et_pb_text _builder_version=\u00bb4.20.2&#8243; text_font_size=\u00bb17px\u00bb text_line_height=\u00bb2.1em\u00bb ul_line_height=\u00bb2.2em\u00bb header_2_text_color=\u00bb#c4d600&#8243; custom_margin_tablet=\u00bb\u00bb custom_margin_phone=\u00bb\u00bb custom_margin_last_edited=\u00bbon|phone\u00bb custom_padding=\u00bb|0px||0px|false|false\u00bb hover_enabled=\u00bb0&#8243; text_font_size_tablet=\u00bb\u00bb text_font_size_phone=\u00bb16px\u00bb text_font_size_last_edited=\u00bbon|phone\u00bb text_line_height_tablet=\u00bb\u00bb text_line_height_phone=\u00bb1.9em\u00bb text_line_height_last_edited=\u00bbon|phone\u00bb header_2_font_size_tablet=\u00bb\u00bb header_2_font_size_phone=\u00bb23px\u00bb header_2_font_size_last_edited=\u00bbon|phone\u00bb global_colors_info=\u00bb{}\u00bb ol_line_height=\u00bb2.1em\u00bb ol_font=\u00bb|700|||||||\u00bb sticky_enabled=\u00bb0&#8243;]<\/p>\n<blockquote>\n<p><span style=\"font-weight: 400;\">Cuando vas a tu clase semanal de yoga o levantas pesas en el gimnasio, est\u00e1s haciendo algo bueno para tu salud f\u00edsica: ponerte m\u00e1s en forma hoy y, por lo tanto, proteger tu cuerpo en el futuro.<\/span><\/p>\n<\/blockquote>\n<p><span style=\"font-weight: 400;\">Lo que es posible que no tengas considerado es que <\/span><b>tambi\u00e9n te est\u00e1s protegiendo de la ansiedad y la depresi\u00f3n<\/b><span style=\"font-weight: 400;\">, tanto como ocurrir\u00eda si fueras a terapia o tomaras medicamentos. Al menos esa es la conclusi\u00f3n de un <\/span><a href=\"https:\/\/bjsm.bmj.com\/content\/early\/2023\/03\/02\/bjsports-2022-106195\"><span style=\"font-weight: 400;\">nuevo estudio muy grande que sintetiza d\u00e9cadas de investigaci\u00f3n <\/span><\/a><span style=\"font-weight: 400;\">sobre el ejercicio y la salud mental.\u00a0<\/span><\/p>\n<h2><b>CUERPO Y MENTE<\/b><\/h2>\n<p><span style=\"font-weight: 400;\">El estudio no solo proporciona esta informaci\u00f3n clave; de \u200b\u200bhecho, los investigadores tambi\u00e9n pudieron identificar qu\u00e9 tipo de ejercicio y cu\u00e1nto es mejor para la salud mental.<\/span><\/p>\n<p><span style=\"font-weight: 400;\">Los investigadores analizaron los resultados de m\u00e1s de 1.000 ensayos controlados aleatorios &#8211; uno de los tipos de estudios m\u00e1s s\u00f3lidos. Estos experimentos, con m\u00e1s de 128.000 participantes, consistieron en realizar una variedad de actividades f\u00edsicas, desde yoga y tai chi hasta ejercicios aer\u00f3bicos, danza y entrenamiento de fuerza. <\/span><b>Algunas personas ten\u00edan diversas condiciones de salud, mientras que otras sufr\u00edan depresi\u00f3n, ansiedad o trastorno de estr\u00e9s postraum\u00e1tico.<\/b><span style=\"font-weight: 400;\"> En los estudios originales, ellos o sus m\u00e9dicos calificaron sus s\u00edntomas de <\/span><b>depresi\u00f3n, ansiedad y angustia<\/b><span style=\"font-weight: 400;\"> antes y despu\u00e9s del programa o tratamiento de ejercicios.<\/span><\/p>\n<p><span style=\"font-weight: 400;\">Los resultados sugirieron que <\/span><b>el ejercicio ayud\u00f3 a las personas a reducir su depresi\u00f3n, ansiedad y angustia, <\/b><span style=\"font-weight: 400;\">incluso m\u00e1s que los tratamientos habituales. <\/span><a href=\"https:\/\/greatergood.berkeley.edu\/article\/item\/what_type_of_exercise_is_best_for_mental_health\"><span style=\"font-weight: 400;\">\u201cLa actividad f\u00edsica puede ser un tratamiento eficaz para los problemas de salud mental\u201d,<\/span><\/a><span style=\"font-weight: 400;\"> dice Ben Singh, autor principal e investigador de la Universidad de Australia. \u00c9l piensa que funciona de varias maneras: <\/span><b>liberando endorfinas y mejorando nuestro estado de \u00e1nimo, mejorando el sue\u00f1o, reduciendo el estr\u00e9s, apoyando la autoestima y la confianza, y haci\u00e9ndonos sentir realizados y decididos.<\/b><\/p>\n<p><span style=\"font-weight: 400;\">Si bien el tipo de ejercicio no importaba, las personas obtuvieron m\u00e1s beneficios para la salud mental con el ejercicio de mayor intensidad. <\/span><b>Si est\u00e1s haciendo algo que te hace respirar con dificultad, en otras palabras, es una buena se\u00f1al.<\/b><\/p>\n<p><span style=\"font-weight: 400;\">Y parece que no tienes que hacer ejercicio obsesivamente para ver los beneficios; <\/span><b>menos de 2,5 horas a la semana es incluso mejor que m\u00e1s tiempo.<\/b><span style=\"font-weight: 400;\"> El punto \u00f3ptimo fue de 4 a 5 sesiones por semana &#8211; no todos los d\u00edas, pero la mayor\u00eda de los d\u00edas. Los entrenamientos no tienen que ser largos: <\/span><b>no hubo diferencia entre los entrenamientos de 30 minutos y los de una hora. <\/b><span style=\"font-weight: 400;\">Los investigadores sugieren que esta cantidad moderada de ejercicio puede sentirse m\u00e1s manejable, por lo que no se convierte en una carga en la vida de las personas.<\/span><\/p>\n<h2><b>EJERCICIO POR ORDEN M\u00c9DICA<\/b><\/h2>\n<p><span style=\"font-weight: 400;\">Dependiendo de lo que est\u00e9s enfrentando en tu vida, puedes ser un mejor candidato para beneficiarte del ejercicio. En este estudio, <\/span><b>los grupos que vieron las mayores reducciones en la depresi\u00f3n fueron personas sanas, as\u00ed como tambi\u00e9n aquellas con diagn\u00f3sticos de depresi\u00f3n, enfermedad renal, VIH o enfermedades pulmonares cr\u00f3nicas. <\/b><span style=\"font-weight: 400;\">Los grupos que vieron las mayores reducciones en la ansiedad fueron aquellos con trastornos de ansiedad o c\u00e1ncer.\u00a0<\/span><\/p>\n<p><span style=\"font-weight: 400;\">Si el ejercicio es tan \u00fatil para los sentimientos de depresi\u00f3n y ansiedad, <\/span><b>\u00bfpor qu\u00e9 los m\u00e9dicos no lo prescriben m\u00e1s?<\/b><span style=\"font-weight: 400;\"> En los Estados Unidos, explican los investigadores, <\/span><b>el ejercicio, el sue\u00f1o y los cambios en la dieta se consideran \u00abtratamientos alternativos complementarios\u00bb si la terapia y los medicamentos no funcionan. <\/b><span style=\"font-weight: 400;\">Pero en otros pa\u00edses, como Australia, estos factores de estilo de vida se abordan antes.<\/span><\/p>\n<p><span style=\"font-weight: 400;\">\u201cLa actividad f\u00edsica es una forma segura y eficaz de mejorar la salud mental, y es un tratamiento que debe considerarse junto con otros tratamientos, como la terapia y la medicaci\u00f3n\u201d, dice Singh.<\/span><\/p>\n<p><span style=\"font-weight: 400;\">Una de las razones por las que no se puede considerar es la dificultad de monitorear el ejercicio y hacer que las personas sigan las recomendaciones. La depresi\u00f3n, en particular, puede reducir nuestra motivaci\u00f3n y energ\u00eda. Si ese es el caso, Singh sugiere algunas <\/span><b>formas de motivarse para hacer ejercicio:<\/b><\/p>\n<ol>\n<li style=\"font-weight: 400;\" aria-level=\"1\"><b>Empieza con dosis peque\u00f1as.<\/b><span style=\"font-weight: 400;\"> Si no est\u00e1s acostumbrado a hacer ejercicio, comienza con objetivos peque\u00f1os, como caminar durante 10 minutos al d\u00eda o hacer estiramientos ligeros. A medida que te sientas m\u00e1s c\u00f3modo con el ejercicio, puedes aumentar gradualmente la intensidad o la duraci\u00f3n de tus entrenamientos.<\/span><\/li>\n<li style=\"font-weight: 400;\" aria-level=\"1\"><b>Encuentra una actividad que disfrutes.<\/b><span style=\"font-weight: 400;\"> Si no disfrutas el tipo de ejercicio que est\u00e1s haciendo, es menos probable que lo sigas. Prueba diferentes actividades hasta que encuentres una que realmente disfrutes. Tambi\u00e9n es posible que desees probar clases de ejercicios en grupo o hacer ejercicio con un amigo(a).<\/span><\/li>\n<li style=\"font-weight: 400;\" aria-level=\"1\"><b>Haz del ejercicio un h\u00e1bito.<\/b><span style=\"font-weight: 400;\"> Cuanto m\u00e1s ejercicio haces, m\u00e1s f\u00e1cil se vuelve. Trata de hacer que el ejercicio sea una parte regular de tu rutina, como salir a caminar despu\u00e9s del trabajo o hacer ejercicio a primera hora de la ma\u00f1ana.<\/span><\/li>\n<li style=\"font-weight: 400;\" aria-level=\"1\"><b>Establecer metas realistas.<\/b><span style=\"font-weight: 400;\"> No intentes hacer demasiado, demasiado pronto. Comienza con objetivos peque\u00f1os y aumenta gradualmente la intensidad o la duraci\u00f3n de tus entrenamientos a medida que est\u00e9s en forma.<\/span><\/li>\n<li style=\"font-weight: 400;\" aria-level=\"1\"><b>Recomp\u00e9nsate<\/b><span style=\"font-weight: 400;\">. Cuando alcances una meta, recomp\u00e9nsate con algo que disfrutes. Esto te ayudar\u00e1 a mantenerte motivado y encaminado.<\/span><\/li>\n<li style=\"font-weight: 400;\" aria-level=\"1\"><b>\u00a1No te rindas!<\/b><span style=\"font-weight: 400;\"> Habr\u00e1 d\u00edas en los que no tendr\u00e1s ganas de hacer ejercicio. Pero es importante superar estos d\u00edas y seguir haci\u00e9ndolo. Cuanto m\u00e1s ejercicio hagas, mejor te sentir\u00e1s.<\/span><\/li>\n<\/ol>\n<p><span style=\"font-weight: 400;\">Para las personas que lidian con la depresi\u00f3n, en particular, Singh sugiere ser amable consigo mismo y obtener ayuda cuando sea necesario: la responsabilidad de un compa\u00f1ero de ejercicio o el consejo de m\u00e9dicos o terapeutas para ayudarte a cumplir el plan. \u201cEl ejercicio puede ser una parte \u00fatil del tratamiento, pero no es una cura\u201d, dice. \u201cNo es un reemplazo de los tratamientos actuales, como medicamentos y terapia\u201d.<\/span><\/p>\n<p>&nbsp;<\/p>\n<p>[\/et_pb_text][et_pb_text _builder_version=\u00bb4.16&#8243; text_font_size=\u00bb13px\u00bb text_line_height=\u00bb0.6em\u00bb custom_margin=\u00bb-15px||||false|false\u00bb custom_padding=\u00bb34px|||||\u00bb text_font_size_tablet=\u00bb\u00bb text_font_size_phone=\u00bb11px\u00bb text_font_size_last_edited=\u00bbon|phone\u00bb global_colors_info=\u00bb{}\u00bb]<\/p>\n<p style=\"text-align: center;\"><img loading=\"lazy\" decoding=\"async\" class=\"wp-image-608 alignnone size-full\" src=\"https:\/\/conectamutual.cl\/bienestar\/wp-content\/uploads\/2019\/10\/Imagen-equipo.png\" alt=\"\" width=\"91\" height=\"88\" \/><\/p>\n<p style=\"text-align: center;\"><strong>Por Equipo Espacio Mutuo<\/strong><\/p>\n<p style=\"text-align: center;\"><em>Mutual de Seguridad<\/em><\/p>\n<p>[\/et_pb_text][\/et_pb_column][\/et_pb_row][et_pb_row _builder_version=\u00bb4.16&#8243; background_color=\u00bbrgba(0,0,0,0)\u00bb global_colors_info=\u00bb{}\u00bb][et_pb_column type=\u00bb4_4&#8243; _builder_version=\u00bb4.16&#8243; transform_scale_linked=\u00bboff\u00bb transform_translate=\u00bb-4px|10px\u00bb transform_translate_linked=\u00bboff\u00bb custom_padding=\u00bb5px|0px|5px|0px|false|true\u00bb animation_style=\u00bbzoom\u00bb animation_duration=\u00bb500ms\u00bb border_radii=\u00bboff||||\u00bb border_color_all=\u00bb#cde002&#8243; border_width_top=\u00bb1px\u00bb border_color_top=\u00bb#e09900&#8243; border_style_top=\u00bbdotted\u00bb border_width_bottom=\u00bb1px\u00bb border_color_bottom=\u00bb#e09900&#8243; border_style_bottom=\u00bbdotted\u00bb global_colors_info=\u00bb{}\u00bb][et_pb_code admin_label=\u00bbRating Art\u00edculo\u00bb _builder_version=\u00bb4.20.2&#8243; transform_scale=\u00bb110%|110%\u00bb transform_translate=\u00bb424px|5px\u00bb transform_translate_linked=\u00bboff\u00bb hover_enabled=\u00bb0&#8243; global_colors_info=\u00bb{}\u00bb sticky_enabled=\u00bb0&#8243;]<a class=\"typeform-share button\" href=\"https:\/\/singularmktg.typeform.com\/to\/COMq1XCs#art=917\" data-mode=\"drawer_right\" style=\"display:inline-block;text-decoration:none;background-color:#CDE002;color:white;cursor:pointer;font-family:Helvetica,Arial,sans-serif;font-size:20px;line-height:50px;text-align:center;margin:0;height:50px;padding:0px 33px;border-radius:12px;max-width:100%;white-space:nowrap;overflow:hidden;text-overflow:ellipsis;font-weight:bold;-webkit-font-smoothing:antialiased;-moz-osx-font-smoothing:grayscale;\" data-hide-headers=\"true\" data-hide-footer=\"true\" data-submit-close-delay=\"2\" target=\"_blank\" rel=\"noopener noreferrer\">Eval\u00faa este art\u00edculo <\/a> <script> (function() { var qs,js,q,s,d=document, gi=d.getElementById, ce=d.createElement, gt=d.getElementsByTagName, id=\"typef_orm_share\", b=\"https:\/\/embed.typeform.com\/\"; if(!gi.call(d,id)){ js=ce.call(d,\"script\"); js.id=id; js.src=b+\"embed.js\"; q=gt.call(d,\"script\")[0]; q.parentNode.insertBefore(js,q) } })() <\/script>[\/et_pb_code][\/et_pb_column][\/et_pb_row][et_pb_row _builder_version=\u00bb4.16&#8243; global_colors_info=\u00bb{}\u00bb][et_pb_column type=\u00bb4_4&#8243; _builder_version=\u00bb4.16&#8243; custom_padding_tablet=\u00bb\u00bb custom_padding_phone=\u00bb40px||||false|false\u00bb custom_padding_last_edited=\u00bbon|phone\u00bb global_colors_info=\u00bb{}\u00bb][et_pb_posts_carousel_agsdcm category_id=\u00bb34&#8243; max_title_characters=\u00bb150&#8243; heading_style=\u00bbcustom\u00bb heading_primary=\u00bb\u00daltimos Art\u00edculos\u00bb heading_sub=\u00bbVivir Mejor\u00bb posts_filter_any=\u00bbon\u00bb _builder_version=\u00bb4.16&#8243; header_font=\u00bbMontserrat||||||||\u00bb header_text_color=\u00bb#757575&#8243; header_font_size=\u00bb19px\u00bb subheader_text_color=\u00bb#828282&#8243; title_font=\u00bbMontserrat|700|||||||\u00bb title_text_color=\u00bb#acc601&#8243; border_color_all=\u00bb#cde002&#8243; global_colors_info=\u00bb{}\u00bb][\/et_pb_posts_carousel_agsdcm][\/et_pb_column][\/et_pb_row][\/et_pb_section]<\/p>\n","protected":false},"excerpt":{"rendered":"<p>Cuando vas a tu clase semanal de yoga o levantas pesas en el gimnasio, est\u00e1s haciendo algo bueno para tu salud f\u00edsica: ponerte m\u00e1s en forma hoy y, por lo tanto, proteger tu cuerpo en el futuro. Lo que es posible que no tengas considerado es que tambi\u00e9n te est\u00e1s protegiendo de la ansiedad y [&hellip;]<\/p>\n","protected":false},"author":2,"featured_media":10814,"comment_status":"closed","ping_status":"closed","sticky":false,"template":"","format":"standard","meta":{"_et_pb_use_builder":"on","_et_pb_old_content":"","_et_gb_content_width":"","footnotes":""},"categories":[34],"tags":[585,73,189,39,236,344,67,426,43],"class_list":["post-10811","post","type-post","status-publish","format-standard","has-post-thumbnail","hentry","category-vivir-mejor","tag-actividad","tag-ansiedad","tag-deporte","tag-depresion","tag-ejercicio","tag-movimiento","tag-salud","tag-salud-fisica","tag-salud-mental","et-has-post-format-content","et_post_format-et-post-format-standard"],"_links":{"self":[{"href":"https:\/\/conectamutual.cl\/bienestar\/wp-json\/wp\/v2\/posts\/10811","targetHints":{"allow":["GET"]}}],"collection":[{"href":"https:\/\/conectamutual.cl\/bienestar\/wp-json\/wp\/v2\/posts"}],"about":[{"href":"https:\/\/conectamutual.cl\/bienestar\/wp-json\/wp\/v2\/types\/post"}],"author":[{"embeddable":true,"href":"https:\/\/conectamutual.cl\/bienestar\/wp-json\/wp\/v2\/users\/2"}],"replies":[{"embeddable":true,"href":"https:\/\/conectamutual.cl\/bienestar\/wp-json\/wp\/v2\/comments?post=10811"}],"version-history":[{"count":3,"href":"https:\/\/conectamutual.cl\/bienestar\/wp-json\/wp\/v2\/posts\/10811\/revisions"}],"predecessor-version":[{"id":10816,"href":"https:\/\/conectamutual.cl\/bienestar\/wp-json\/wp\/v2\/posts\/10811\/revisions\/10816"}],"wp:featuredmedia":[{"embeddable":true,"href":"https:\/\/conectamutual.cl\/bienestar\/wp-json\/wp\/v2\/media\/10814"}],"wp:attachment":[{"href":"https:\/\/conectamutual.cl\/bienestar\/wp-json\/wp\/v2\/media?parent=10811"}],"wp:term":[{"taxonomy":"category","embeddable":true,"href":"https:\/\/conectamutual.cl\/bienestar\/wp-json\/wp\/v2\/categories?post=10811"},{"taxonomy":"post_tag","embeddable":true,"href":"https:\/\/conectamutual.cl\/bienestar\/wp-json\/wp\/v2\/tags?post=10811"}],"curies":[{"name":"wp","href":"https:\/\/api.w.org\/{rel}","templated":true}]}}