{"id":11370,"date":"2023-10-06T16:56:31","date_gmt":"2023-10-06T19:56:31","guid":{"rendered":"https:\/\/conectamutual.cl\/bienestar\/?p=11370"},"modified":"2023-10-06T17:03:35","modified_gmt":"2023-10-06T20:03:35","slug":"profesionales-del-hospital-regional-de-concepcion-realizan-pasantia-en-uci-gran-quemado-y-rehabilitacion-del-hospital-clinico-de-mutual-de-seguridad","status":"publish","type":"post","link":"https:\/\/conectamutual.cl\/bienestar\/ex-ante\/profesionales-del-hospital-regional-de-concepcion-realizan-pasantia-en-uci-gran-quemado-y-rehabilitacion-del-hospital-clinico-de-mutual-de-seguridad\/","title":{"rendered":"Profesionales del Hospital Regional de Concepci\u00f3n realizan pasant\u00eda en UCI Gran Quemado y Rehabilitaci\u00f3n del Hospital Cl\u00ednico de Mutual de Seguridad"},"content":{"rendered":"<p>[et_pb_section fb_built=\u00bb1&#8243; _builder_version=\u00bb4.16&#8243; custom_margin=\u00bb||-50px||false|false\u00bb custom_margin_tablet=\u00bb\u00bb custom_margin_phone=\u00bb||0px||false|false\u00bb custom_margin_last_edited=\u00bbon|phone\u00bb custom_padding=\u00bb11px||0px||false|false\u00bb global_colors_info=\u00bb{}\u00bb][et_pb_row disabled_on=\u00bboff|off|off\u00bb _builder_version=\u00bb4.16&#8243; min_height=\u00bb269px\u00bb custom_margin=\u00bb-15px|auto|-190px|auto|false|false\u00bb custom_margin_tablet=\u00bb\u00bb custom_margin_phone=\u00bb\u00bb custom_margin_last_edited=\u00bbon|phone\u00bb custom_padding=\u00bb||0px||false|false\u00bb global_colors_info=\u00bb{}\u00bb][et_pb_column type=\u00bb4_4&#8243; _builder_version=\u00bb4.16&#8243; global_colors_info=\u00bb{}\u00bb][et_pb_image src=\u00bbhttps:\/\/conectamutual.cl\/bienestar\/wp-content\/uploads\/2019\/10\/Logo-Espacio-Mutuo-02.png\u00bb align=\u00bbcenter\u00bb disabled_on=\u00bbon|on|on\u00bb _builder_version=\u00bb4.16&#8243; width=\u00bb83%\u00bb width_tablet=\u00bb\u00bb width_phone=\u00bb22%\u00bb width_last_edited=\u00bbon|phone\u00bb custom_margin=\u00bb15px||-21px||false|false\u00bb disabled=\u00bbon\u00bb global_colors_info=\u00bb{}\u00bb][\/et_pb_image][et_pb_image src=\u00bbhttps:\/\/conectamutual.cl\/bienestar\/wp-content\/uploads\/2019\/10\/Logo-Oficial-Mutual-01.png\u00bb align=\u00bbcenter\u00bb _builder_version=\u00bb4.16&#8243; width=\u00bb100%\u00bb width_tablet=\u00bb\u00bb width_phone=\u00bb80%\u00bb width_last_edited=\u00bbon|phone\u00bb custom_margin=\u00bb10px||10px||true|false\u00bb custom_margin_tablet=\u00bb\u00bb custom_margin_phone=\u00bb10px||13px||false|false\u00bb custom_margin_last_edited=\u00bbon|phone\u00bb custom_padding=\u00bb27px|||||\u00bb global_colors_info=\u00bb{}\u00bb][\/et_pb_image][\/et_pb_column][\/et_pb_row][\/et_pb_section][et_pb_section fb_built=\u00bb1&#8243; _builder_version=\u00bb4.20.2&#8243; _module_preset=\u00bbdefault\u00bb custom_padding=\u00bb||0px|||\u00bb global_colors_info=\u00bb{}\u00bb][et_pb_row _builder_version=\u00bb4.20.2&#8243; _module_preset=\u00bbdefault\u00bb global_colors_info=\u00bb{}\u00bb][et_pb_column type=\u00bb4_4&#8243; _builder_version=\u00bb4.20.2&#8243; _module_preset=\u00bbdefault\u00bb global_colors_info=\u00bb{}\u00bb][et_pb_text _builder_version=\u00bb4.20.2&#8243; _module_preset=\u00bbdefault\u00bb text_font_size=\u00bb26px\u00bb custom_padding=\u00bb50px|||||\u00bb global_colors_info=\u00bb{}\u00bb]<\/p>\n<p style=\"text-align: center;\"><strong>Seguridad y salud en el trabajo: <\/strong><\/p>\n<p>[\/et_pb_text][\/et_pb_column][\/et_pb_row][\/et_pb_section][et_pb_section fb_built=\u00bb1&#8243; _builder_version=\u00bb4.16&#8243; custom_padding=\u00bb0px||1px|||\u00bb global_colors_info=\u00bb{}\u00bb][et_pb_row _builder_version=\u00bb4.16&#8243; custom_padding=\u00bb3px||36px|||\u00bb global_colors_info=\u00bb{}\u00bb][et_pb_column type=\u00bb4_4&#8243; _builder_version=\u00bb4.16&#8243; global_colors_info=\u00bb{}\u00bb][et_pb_post_title comments=\u00bboff\u00bb featured_image=\u00bboff\u00bb _builder_version=\u00bb4.20.2&#8243; title_font=\u00bbMontserrat|700|||||||\u00bb title_text_align=\u00bbcenter\u00bb title_text_color=\u00bb#c4d600&#8243; title_font_size=\u00bb54px\u00bb title_line_height=\u00bb1.1em\u00bb meta_font=\u00bbMontserrat||||||||\u00bb meta_text_align=\u00bbcenter\u00bb meta_font_size=\u00bb12px\u00bb custom_margin=\u00bb0px||||false|false\u00bb title_font_size_tablet=\u00bb\u00bb title_font_size_phone=\u00bb30px\u00bb title_font_size_last_edited=\u00bbon|phone\u00bb meta_font_size_tablet=\u00bb\u00bb meta_font_size_phone=\u00bb10px\u00bb meta_font_size_last_edited=\u00bbon|phone\u00bb global_colors_info=\u00bb{}\u00bb][\/et_pb_post_title][\/et_pb_column][\/et_pb_row][\/et_pb_section][et_pb_section fb_built=\u00bb1&#8243; fullwidth=\u00bbon\u00bb _builder_version=\u00bb4.20.2&#8243; global_colors_info=\u00bb{}\u00bb][et_pb_fullwidth_image src=\u00bbhttps:\/\/conectamutual.cl\/bienestar\/wp-content\/uploads\/2023\/10\/Nota-52-Ex-Ante-Banner-Pasantia-Minsal.jpg\u00bb title_text=\u00bbNota 52 &#8211; Ex Ante &#8211; Banner &#8211; Pasanti\u0301a Minsal\u00bb _builder_version=\u00bb4.20.2&#8243; width=\u00bb100%\u00bb module_alignment=\u00bbcenter\u00bb custom_margin=\u00bb|||-143px||\u00bb global_colors_info=\u00bb{}\u00bb][\/et_pb_fullwidth_image][\/et_pb_section][et_pb_section fb_built=\u00bb1&#8243; _builder_version=\u00bb4.16&#8243; custom_padding=\u00bb11px||8px|||\u00bb global_colors_info=\u00bb{}\u00bb][et_pb_row _builder_version=\u00bb4.16&#8243; custom_padding=\u00bb9px||39px|||\u00bb global_colors_info=\u00bb{}\u00bb][et_pb_column type=\u00bb4_4&#8243; _builder_version=\u00bb4.16&#8243; custom_padding=\u00bb|110px||110px|false|false\u00bb custom_padding_tablet=\u00bb\u00bb custom_padding_phone=\u00bb|10px||10px|false|false\u00bb custom_padding_last_edited=\u00bbon|phone\u00bb global_colors_info=\u00bb{}\u00bb][et_pb_text _builder_version=\u00bb4.20.2&#8243; text_font_size=\u00bb17px\u00bb text_line_height=\u00bb2.1em\u00bb ul_line_height=\u00bb2.2em\u00bb ol_line_height=\u00bb2.2em\u00bb header_2_text_color=\u00bb#c4d600&#8243; header_3_line_height=\u00bb1.6em\u00bb custom_margin_tablet=\u00bb\u00bb custom_margin_phone=\u00bb\u00bb custom_margin_last_edited=\u00bbon|phone\u00bb custom_padding=\u00bb36px|0px||0px|false|false\u00bb text_font_size_tablet=\u00bb\u00bb text_font_size_phone=\u00bb16px\u00bb text_font_size_last_edited=\u00bbon|phone\u00bb text_line_height_tablet=\u00bb\u00bb text_line_height_phone=\u00bb1.9em\u00bb text_line_height_last_edited=\u00bbon|phone\u00bb header_2_font_size_tablet=\u00bb\u00bb header_2_font_size_phone=\u00bb23px\u00bb header_2_font_size_last_edited=\u00bbon|phone\u00bb global_colors_info=\u00bb{}\u00bb]<\/p>\n<blockquote>\n<p><span style=\"font-weight: 400;\"><strong>La capacitaci\u00f3n se enmarca dentro de la colaboraci\u00f3n p\u00fablico-privada que realiza Mutual y la Subsecretar\u00eda de Redes Asistenciales del Ministerio de Salud, enmarcada en la estrategia de fortalecimiento de la red p\u00fablica de atenci\u00f3n, como consecuencia de los incendios forestales ocurridos en febrero de 2023.<\/strong>\u00a0<\/span><\/p>\n<\/blockquote>\n<p>Un grupo multidisciplinario de siete profesionales del Hospital Guillermo Grant Benavente de Concepci\u00f3n realiz\u00f3 una pasant\u00eda en el Hospital Cl\u00ednico de Mutual de Seguridad, iniciativa mediante la cual se retoman este tipo de pr\u00e1cticas suspendidas durante la pandemia. El principal prop\u00f3sito de este trabajo conjunto es fortalecer y hacer m\u00e1s resiliente la red p\u00fablica de atenci\u00f3n del paciente gran quemado en todo su proceso de cuidado m\u00e9dico, previendo un posible escenario de incendios forestales durante el periodo estival.<\/p>\n<p>Esta iniciativa es parte del aporte social de Mutual de Seguridad con la salud p\u00fablica del pa\u00eds que, dado nuestro rol de administrador del seguro social contra riesgos de accidentes del trabajo y enfermedades profesionales, nos permite transferir conocimientos te\u00f3ricos y pr\u00e1cticos a profesionales del sector p\u00fablico y que estos a su vez los repliquen y difundan con sus respectivos equipos de trabajo.<\/p>\n<p>El programa busca mejorar las competencias de los grandes hospitales regionales en el manejo de los pacientes en la UCI Gran Quemado enfocada en la rehabilitaci\u00f3n de estos. \u201cPara nosotros la solicitud del Minsal es muy importante, ya que significa un reconocimiento de nuestra capacidad t\u00e9cnica como referentes nacionales en el manejo de pacientes quemados\u201d, se\u00f1al\u00f3 Rafael Borgo\u00f1o director M\u00e9dico del Hospital Cl\u00ednico Mutual de Seguridad.<\/p>\n<h2><strong>El aspecto diferenciador<\/strong><\/h2>\n<p>El modelo de manejo agudo de pacientes quemados de Mutual de Seguridad, implementado desde 1997, es una innovaci\u00f3n en esta materia que ha mostrado positivos resultados cambiando el paradigma de atenci\u00f3n de este tipo de pacientes a nivel nacional. La Unidad de Cuidados Intensivos de Gran Quemado de Mutual tiene una tasa de sobrevivencia de 92%, una de las m\u00e1s altas del pa\u00eds. Adem\u00e1s, cuenta con instalaciones dise\u00f1adas especialmente para el tratamiento de estos enfermos, en cada una de las salas de Cuidados Intensivos, coexisten una sala UCI avanzada y una instalaci\u00f3n donde se realiza el cuidado y manejo intensivo de las superficies da\u00f1adas.<\/p>\n<p>\u201cUna vez que podemos soportar bien al paciente en su etapa cr\u00edtica, pasamos a la siguiente que es el trasplante de piel, cirug\u00eda que hemos especializado de manera tal de hacer una gran operaci\u00f3n, y as\u00ed no tener que intervenir a los pacientes en m\u00faltiples ocasiones obteniendo mejores resultados en su recuperaci\u00f3n\u201d, sostiene Alberto Mu\u00f1oz, m\u00e9dico jefe de la Unidad de Cuidados Intensivos del Hospital Cl\u00ednico Mutual de Seguridad.<\/p>\n<p>Otro elemento distintivo del trabajo m\u00e9dico que se realiza en el Hospital es la mirada integral del proceso desde la etapa aguda o cr\u00edtica hasta la rehabilitaci\u00f3n de los pacientes, trabajo del que se derivan necesidades y coordinaciones especiales. El Hospital Cl\u00ednico de Mutual de Seguridad trabaja con equipos de alta complejidad destinados al paciente con patolog\u00edas que los requieren. \u201cSon equipos multidisciplinarios y altamente especializados, caracter\u00edsticas que probablemente no est\u00e1n tan desarrolladas en otros lugares del pa\u00eds. Adem\u00e1s, un factor muy importante que nos hace ser referente en este \u00e1mbito es que integramos en el proceso a profesionales del \u00e1rea psicosocial quienes entregan apoyo en la rehabilitaci\u00f3n y reinserci\u00f3n de las personas\u201d, agrega Fernando Cubillos, m\u00e9dico jefe del Instituto de Rehabilitaci\u00f3n del Hospital Cl\u00ednico de Mutual de Seguridad.<\/p>\n<p>Cubillos tambi\u00e9n destaca la relevancia de esta pasant\u00eda para que estos profesionales sean l\u00edderes en sus lugares de trabajo en regiones, haciendo hincapi\u00e9 en que, si bien esta capacitaci\u00f3n permite reforzar conocimientos, lo m\u00e1s relevante es el aprendizaje y mejora del trabajo colaborativo, experiencia que permite articular redes con otros servicios de salud de la zona y posibilita la rehabilitaci\u00f3n de m\u00e1s pacientes.<\/p>\n<p>En esta misma l\u00ednea, Eduardo de la Guarda, m\u00e9dico fisiatra del Hospital Guillermo Grant Benavente de Concepci\u00f3n que realiz\u00f3 esta pasant\u00eda acot\u00f3 \u201cse van generando redes de apoyo entre los mismos equipos, lazos que son valiosos para articular el manejo de la red a nivel regional y nacional\u201d.<\/p>\n<p>El compromiso de Mutual es continuar entregando apoyo al sector p\u00fablico para reforzar la capacitaci\u00f3n y perfeccionamiento de profesionales del \u00e1rea de la salud, y as\u00ed, a trav\u00e9s del conocimiento de nuestros colaboradores y poniendo a disposici\u00f3n nuestras instalaciones, generar valor para los usuarios y la comunidad.<\/p>\n<p>[\/et_pb_text][\/et_pb_column][\/et_pb_row][et_pb_row _builder_version=\u00bb4.16&#8243; custom_padding=\u00bb27px|||||\u00bb global_colors_info=\u00bb{}\u00bb][et_pb_column type=\u00bb4_4&#8243; _builder_version=\u00bb4.16&#8243; global_colors_info=\u00bb{}\u00bb][et_pb_text _builder_version=\u00bb4.16&#8243; text_font=\u00bb|700|||||||\u00bb text_text_color=\u00bb#606060&#8243; text_font_size=\u00bb17px\u00bb text_letter_spacing=\u00bb2px\u00bb custom_margin=\u00bb||15px|||\u00bb global_colors_info=\u00bb{}\u00bb]<\/p>\n<p style=\"text-align: center;\">\u00bfQUIERES ACCEDER A M\u00c1S ART\u00cdCULOS COMO \u00c9STE?<\/p>\n<p>[\/et_pb_text][et_pb_button button_url=\u00bbhttps:\/\/conectamutual.cl\/bienestar\/ex-ante\/\u00bb button_text=\u00bbSUSCR\u00cdBETE AQU\u00cd\u00bb button_alignment=\u00bbcenter\u00bb _builder_version=\u00bb4.16&#8243; custom_button=\u00bbon\u00bb button_text_size=\u00bb20px\u00bb button_text_color=\u00bb#ffffff\u00bb button_bg_color=\u00bb#c4d600&#8243; button_border_width=\u00bb8px\u00bb button_border_color=\u00bb#c4d600&#8243; button_border_radius=\u00bb0px\u00bb button_letter_spacing=\u00bb2px\u00bb button_font=\u00bbMontserrat|600||on|||||\u00bb button_icon=\u00bb&#x24;||divi||400&#8243; custom_margin=\u00bb10px|||\u00bb animation_style=\u00bbfade\u00bb global_colors_info=\u00bb{}\u00bb button_text_size__hover_enabled=\u00bboff\u00bb button_one_text_size__hover_enabled=\u00bboff\u00bb button_two_text_size__hover_enabled=\u00bboff\u00bb button_text_color__hover_enabled=\u00bboff\u00bb button_one_text_color__hover_enabled=\u00bboff\u00bb button_two_text_color__hover_enabled=\u00bboff\u00bb button_border_width__hover_enabled=\u00bboff\u00bb button_one_border_width__hover_enabled=\u00bboff\u00bb button_two_border_width__hover_enabled=\u00bboff\u00bb button_border_color__hover_enabled=\u00bboff\u00bb button_one_border_color__hover_enabled=\u00bboff\u00bb button_two_border_color__hover_enabled=\u00bboff\u00bb button_border_radius__hover_enabled=\u00bboff\u00bb button_one_border_radius__hover_enabled=\u00bboff\u00bb button_two_border_radius__hover_enabled=\u00bboff\u00bb button_letter_spacing__hover_enabled=\u00bboff\u00bb button_one_letter_spacing__hover_enabled=\u00bboff\u00bb button_two_letter_spacing__hover_enabled=\u00bboff\u00bb button_bg_color__hover_enabled=\u00bboff\u00bb button_one_bg_color__hover_enabled=\u00bboff\u00bb button_two_bg_color__hover_enabled=\u00bboff\u00bb][\/et_pb_button][\/et_pb_column][\/et_pb_row][et_pb_row disabled_on=\u00bbon|on|on\u00bb _builder_version=\u00bb4.16&#8243; custom_padding=\u00bb50px|||||\u00bb disabled=\u00bbon\u00bb global_colors_info=\u00bb{}\u00bb][et_pb_column type=\u00bb4_4&#8243; _builder_version=\u00bb4.16&#8243; custom_padding_tablet=\u00bb\u00bb custom_padding_phone=\u00bb40px||||false|false\u00bb custom_padding_last_edited=\u00bbon|phone\u00bb global_colors_info=\u00bb{}\u00bb][et_pb_posts_carousel_agsdcm category_id=\u00bb419&#8243; max_title_characters=\u00bb150&#8243; heading_style=\u00bbcustom\u00bb heading_primary=\u00bb\u00daltimos Art\u00edculos\u00bb heading_sub=\u00bb EX-ANTE\u00bb posts_filter_any=\u00bbon\u00bb _builder_version=\u00bb4.16&#8243; header_font=\u00bbMontserrat||||||||\u00bb header_text_color=\u00bb#757575&#8243; header_font_size=\u00bb19px\u00bb subheader_text_color=\u00bb#828282&#8243; title_font=\u00bbMontserrat|700|||||||\u00bb title_text_color=\u00bb#acc601&#8243; border_color_all=\u00bb#cde002&#8243; global_colors_info=\u00bb{}\u00bb][\/et_pb_posts_carousel_agsdcm][\/et_pb_column][\/et_pb_row][\/et_pb_section]<\/p>\n","protected":false},"excerpt":{"rendered":"<p>Seguridad y salud en el trabajo: La capacitaci\u00f3n se enmarca dentro de la colaboraci\u00f3n p\u00fablico-privada que realiza Mutual y la Subsecretar\u00eda de Redes Asistenciales del Ministerio de Salud, enmarcada en la estrategia de fortalecimiento de la red p\u00fablica de atenci\u00f3n, como consecuencia de los incendios forestales ocurridos en febrero de 2023.\u00a0 Un grupo multidisciplinario de [&hellip;]<\/p>\n","protected":false},"author":2,"featured_media":11373,"comment_status":"closed","ping_status":"closed","sticky":false,"template":"","format":"standard","meta":{"_et_pb_use_builder":"on","_et_pb_old_content":"","_et_gb_content_width":"","footnotes":""},"categories":[419],"tags":[],"class_list":["post-11370","post","type-post","status-publish","format-standard","has-post-thumbnail","hentry","category-ex-ante","et-has-post-format-content","et_post_format-et-post-format-standard"],"_links":{"self":[{"href":"https:\/\/conectamutual.cl\/bienestar\/wp-json\/wp\/v2\/posts\/11370","targetHints":{"allow":["GET"]}}],"collection":[{"href":"https:\/\/conectamutual.cl\/bienestar\/wp-json\/wp\/v2\/posts"}],"about":[{"href":"https:\/\/conectamutual.cl\/bienestar\/wp-json\/wp\/v2\/types\/post"}],"author":[{"embeddable":true,"href":"https:\/\/conectamutual.cl\/bienestar\/wp-json\/wp\/v2\/users\/2"}],"replies":[{"embeddable":true,"href":"https:\/\/conectamutual.cl\/bienestar\/wp-json\/wp\/v2\/comments?post=11370"}],"version-history":[{"count":8,"href":"https:\/\/conectamutual.cl\/bienestar\/wp-json\/wp\/v2\/posts\/11370\/revisions"}],"predecessor-version":[{"id":11384,"href":"https:\/\/conectamutual.cl\/bienestar\/wp-json\/wp\/v2\/posts\/11370\/revisions\/11384"}],"wp:featuredmedia":[{"embeddable":true,"href":"https:\/\/conectamutual.cl\/bienestar\/wp-json\/wp\/v2\/media\/11373"}],"wp:attachment":[{"href":"https:\/\/conectamutual.cl\/bienestar\/wp-json\/wp\/v2\/media?parent=11370"}],"wp:term":[{"taxonomy":"category","embeddable":true,"href":"https:\/\/conectamutual.cl\/bienestar\/wp-json\/wp\/v2\/categories?post=11370"},{"taxonomy":"post_tag","embeddable":true,"href":"https:\/\/conectamutual.cl\/bienestar\/wp-json\/wp\/v2\/tags?post=11370"}],"curies":[{"name":"wp","href":"https:\/\/api.w.org\/{rel}","templated":true}]}}