{"id":11528,"date":"2023-10-23T17:01:20","date_gmt":"2023-10-23T20:01:20","guid":{"rendered":"https:\/\/conectamutual.cl\/bienestar\/?p=11528"},"modified":"2023-10-23T17:25:45","modified_gmt":"2023-10-23T20:25:45","slug":"apoyar-la-inclusion-social-y-laboral-de-los-trabajadores-con-discapacidad-es-una-tarea-mutua","status":"publish","type":"post","link":"https:\/\/conectamutual.cl\/bienestar\/sin-categoria\/apoyar-la-inclusion-social-y-laboral-de-los-trabajadores-con-discapacidad-es-una-tarea-mutua\/","title":{"rendered":"Apoyar la inclusi\u00f3n social y laboral de los trabajadores con discapacidad es una tarea mutua"},"content":{"rendered":"<p>[et_pb_section fb_built=\u00bb1&#8243; _builder_version=\u00bb4.16&#8243; custom_margin=\u00bb||-50px||false|false\u00bb custom_margin_tablet=\u00bb\u00bb custom_margin_phone=\u00bb||0px||false|false\u00bb custom_margin_last_edited=\u00bbon|phone\u00bb custom_padding=\u00bb11px||0px||false|false\u00bb global_colors_info=\u00bb{}\u00bb][et_pb_row disabled_on=\u00bboff|off|off\u00bb _builder_version=\u00bb4.16&#8243; min_height=\u00bb269px\u00bb custom_margin=\u00bb-15px|auto|-190px|auto|false|false\u00bb custom_margin_tablet=\u00bb\u00bb custom_margin_phone=\u00bb\u00bb custom_margin_last_edited=\u00bbon|phone\u00bb custom_padding=\u00bb||0px||false|false\u00bb global_colors_info=\u00bb{}\u00bb][et_pb_column type=\u00bb4_4&#8243; _builder_version=\u00bb4.16&#8243; global_colors_info=\u00bb{}\u00bb][et_pb_image src=\u00bbhttps:\/\/conectamutual.cl\/bienestar\/wp-content\/uploads\/2019\/10\/Logo-Espacio-Mutuo-02.png\u00bb align=\u00bbcenter\u00bb disabled_on=\u00bbon|on|on\u00bb _builder_version=\u00bb4.16&#8243; width=\u00bb83%\u00bb width_tablet=\u00bb\u00bb width_phone=\u00bb22%\u00bb width_last_edited=\u00bbon|phone\u00bb custom_margin=\u00bb15px||-21px||false|false\u00bb disabled=\u00bbon\u00bb global_colors_info=\u00bb{}\u00bb][\/et_pb_image][et_pb_image src=\u00bbhttps:\/\/conectamutual.cl\/bienestar\/wp-content\/uploads\/2019\/10\/Logo-Oficial-Mutual-01.png\u00bb align=\u00bbcenter\u00bb _builder_version=\u00bb4.16&#8243; width=\u00bb100%\u00bb width_tablet=\u00bb\u00bb width_phone=\u00bb80%\u00bb width_last_edited=\u00bbon|phone\u00bb custom_margin=\u00bb10px||10px||true|false\u00bb custom_margin_tablet=\u00bb\u00bb custom_margin_phone=\u00bb10px||13px||false|false\u00bb custom_margin_last_edited=\u00bbon|phone\u00bb custom_padding=\u00bb27px|||||\u00bb global_colors_info=\u00bb{}\u00bb][\/et_pb_image][\/et_pb_column][\/et_pb_row][\/et_pb_section][et_pb_section fb_built=\u00bb1&#8243; _builder_version=\u00bb4.20.2&#8243; _module_preset=\u00bbdefault\u00bb custom_padding=\u00bb||0px|||\u00bb global_colors_info=\u00bb{}\u00bb][et_pb_row _builder_version=\u00bb4.20.2&#8243; _module_preset=\u00bbdefault\u00bb global_colors_info=\u00bb{}\u00bb][et_pb_column type=\u00bb4_4&#8243; _builder_version=\u00bb4.20.2&#8243; _module_preset=\u00bbdefault\u00bb global_colors_info=\u00bb{}\u00bb][\/et_pb_column][\/et_pb_row][\/et_pb_section][et_pb_section fb_built=\u00bb1&#8243; _builder_version=\u00bb4.16&#8243; custom_padding=\u00bb0px||1px|||\u00bb global_colors_info=\u00bb{}\u00bb][et_pb_row _builder_version=\u00bb4.16&#8243; custom_padding=\u00bb3px||36px|||\u00bb global_colors_info=\u00bb{}\u00bb][et_pb_column type=\u00bb4_4&#8243; _builder_version=\u00bb4.16&#8243; global_colors_info=\u00bb{}\u00bb][et_pb_post_title comments=\u00bboff\u00bb featured_image=\u00bboff\u00bb _builder_version=\u00bb4.20.2&#8243; title_font=\u00bbMontserrat|700|||||||\u00bb title_text_align=\u00bbcenter\u00bb title_text_color=\u00bb#c4d600&#8243; title_font_size=\u00bb54px\u00bb title_line_height=\u00bb1.1em\u00bb meta_font=\u00bbMontserrat||||||||\u00bb meta_text_align=\u00bbcenter\u00bb meta_font_size=\u00bb12px\u00bb custom_margin=\u00bb0px||||false|false\u00bb title_font_size_tablet=\u00bb\u00bb title_font_size_phone=\u00bb30px\u00bb title_font_size_last_edited=\u00bbon|phone\u00bb meta_font_size_tablet=\u00bb\u00bb meta_font_size_phone=\u00bb10px\u00bb meta_font_size_last_edited=\u00bbon|phone\u00bb global_colors_info=\u00bb{}\u00bb][\/et_pb_post_title][\/et_pb_column][\/et_pb_row][\/et_pb_section][et_pb_section fb_built=\u00bb1&#8243; fullwidth=\u00bbon\u00bb _builder_version=\u00bb4.20.2&#8243; global_colors_info=\u00bb{}\u00bb][et_pb_fullwidth_image src=\u00bbhttps:\/\/conectamutual.cl\/bienestar\/wp-content\/uploads\/2023\/10\/Nota-58-Ex-Ante-Banner-Apoyar-la-inclusion-social-y-laboral.jpg\u00bb title_text=\u00bbNota 58 &#8211; Ex Ante &#8211; Banner &#8211; Apoyar la inclusio\u0301n social y laboral\u00bb _builder_version=\u00bb4.20.2&#8243; width=\u00bb100%\u00bb module_alignment=\u00bbcenter\u00bb custom_margin=\u00bb|||-143px||\u00bb hover_enabled=\u00bb0&#8243; global_colors_info=\u00bb{}\u00bb sticky_enabled=\u00bb0&#8243;][\/et_pb_fullwidth_image][\/et_pb_section][et_pb_section fb_built=\u00bb1&#8243; _builder_version=\u00bb4.16&#8243; custom_padding=\u00bb11px||8px|||\u00bb global_colors_info=\u00bb{}\u00bb][et_pb_row _builder_version=\u00bb4.16&#8243; custom_padding=\u00bb9px||39px|||\u00bb global_colors_info=\u00bb{}\u00bb][et_pb_column type=\u00bb4_4&#8243; _builder_version=\u00bb4.16&#8243; custom_padding=\u00bb|110px||110px|false|false\u00bb custom_padding_tablet=\u00bb\u00bb custom_padding_phone=\u00bb|10px||10px|false|false\u00bb custom_padding_last_edited=\u00bbon|phone\u00bb global_colors_info=\u00bb{}\u00bb][et_pb_text _builder_version=\u00bb4.20.2&#8243; text_font_size=\u00bb17px\u00bb text_line_height=\u00bb2.1em\u00bb ul_line_height=\u00bb2.2em\u00bb ol_line_height=\u00bb2.2em\u00bb header_2_text_color=\u00bb#c4d600&#8243; header_3_line_height=\u00bb1.6em\u00bb custom_margin_tablet=\u00bb\u00bb custom_margin_phone=\u00bb\u00bb custom_margin_last_edited=\u00bbon|phone\u00bb custom_padding=\u00bb36px|0px||0px|false|false\u00bb hover_enabled=\u00bb0&#8243; text_font_size_tablet=\u00bb\u00bb text_font_size_phone=\u00bb16px\u00bb text_font_size_last_edited=\u00bbon|phone\u00bb text_line_height_tablet=\u00bb\u00bb text_line_height_phone=\u00bb1.9em\u00bb text_line_height_last_edited=\u00bbon|phone\u00bb header_2_font_size_tablet=\u00bb\u00bb header_2_font_size_phone=\u00bb23px\u00bb header_2_font_size_last_edited=\u00bbon|phone\u00bb global_colors_info=\u00bb{}\u00bb sticky_enabled=\u00bb0&#8243;]<\/p>\n<blockquote>\n<p><strong>Mutual de Seguridad desarrolla e implementa diferentes iniciativas que se constituyen en una valorada estrategia de inclusi\u00f3n en el desafiante camino de mejorar la calidad de vida de los trabajadores que producto de un accidente laboral quedan con alg\u00fan tipo de discapacidad.\u00a0<\/strong><\/p>\n<\/blockquote>\n<p><span style=\"font-weight: 400;\">Los pr\u00f3ximos Juegos Parapanamericanos se convertir\u00e1n en una gran oportunidad para visibilizar la inclusi\u00f3n de las personas con discapacidad en Chile, una de las pocas oportunidades que la sociedad tiene para conocer sus historias de vida y c\u00f3mo enfrentan su discapacidad. En ese contexto, Mutual de Seguridad, desde hace m\u00e1s de una d\u00e9cada est\u00e1 comprometida con la promoci\u00f3n de la inclusi\u00f3n social y laboral de estas personas. Dicho compromiso queda plasmado en la implementaci\u00f3n de programas que posibilitan la inclusi\u00f3n sociolaboral de los trabajadores y trabajadoras que adquirieron una discapacidad producto de un accidente.<\/span><\/p>\n<p><span style=\"font-weight: 400;\">Lamentablemente, y a pesar del importante trabajo que realiza Mutual de Seguridad en materia de prevenci\u00f3n de accidentes y enfermedades profesionales, el impacto de esta realidad trasciende con creces a la persona afectada. Seg\u00fan la Encuesta de Discapacidad y Dependencia 2022, en la actualidad en Chile el 17,6% de los adultos presenta alg\u00fan grado de discapacidad, lo que equivale a m\u00e1s de 2.700.000 de personas.<\/span><\/p>\n<p><span style=\"font-weight: 400;\">Movidos por el rol como administradores del seguro social de accidentes laborales y enfermedades profesionales, el foco de Mutual de Seguridad es la prevenci\u00f3n de estos, pero si ocurren y la persona adquiere una discapacidad producto de aquello, cuentan con todo el soporte necesario para brindarle atenci\u00f3n m\u00e9dica, prestaciones econ\u00f3micas e intervenciones psicosociales que se convierten en un real acompa\u00f1amiento durante su proceso de recuperaci\u00f3n. Para lograrlo, han dise\u00f1ado robustos programas orientados a aumentar la participaci\u00f3n social de estos trabajadores.\u00a0<\/span><\/p>\n<p><span style=\"font-weight: 400;\">En ese contexto, tambi\u00e9n existen otras instancias de valor que permiten materializar ese trabajo en encuentros con sentido, como la \u201cExpo Incluye\u201d, iniciativa que se realiza todos los a\u00f1os con el objetivo de generar espacios de relacionamiento que faciliten la reinserci\u00f3n laboral, y participaci\u00f3n activa de los trabajadores con discapacidad. Esta instancia incentiva el esp\u00edritu emprendedor de los participantes y releva el positivo impacto que genera esta forma de inclusi\u00f3n, tanto para ellos, como para sus familias, las empresas y toda la comunidad.<\/span><\/p>\n<p><span style=\"font-weight: 400;\">Este a\u00f1o se desarroll\u00f3 la d\u00e9cima versi\u00f3n junto al Servicio Nacional de Discapacidad, y sobre su misi\u00f3n, Mar\u00eda Luisa Ibor, subgerente Atenci\u00f3n Integral al Paciente en el Hospital Cl\u00ednico de Mutual de Seguridad, comenta \u201cnosotros contamos con un modelo integral de salud que brinda apoyo social, emocional y psicol\u00f3gico, porque lo que nos importa es dar acompa\u00f1amiento, no s\u00f3lo desde el punto de vista m\u00e9dico, sino tambi\u00e9n psicosocial\u201d.\u00a0<\/span><\/p>\n<p><span style=\"font-weight: 400;\">\u201cEn este camino hemos cosechado algunas distinciones como en el a\u00f1o 2017 cuando fuimos premiados por fundaci\u00f3n Zero Project por nuestro modelo de atenci\u00f3n integral en salud. De igual forma, este a\u00f1o fuimos reconocidos por la Asociaci\u00f3n Internacional de Seguridad Social (AISS), por nuestro proceso de apoyo de retorno al trabajo\u201d, agreg\u00f3 Mar\u00eda Luisa Ibor, quien adem\u00e1s forma parte del directorio de la Red de Empresas Inclusivas (ReIN).<\/span><\/p>\n<h2><b>El deporte como herramienta de inclusi\u00f3n\u00a0<\/b><\/h2>\n<p><span style=\"font-weight: 400;\">Es sabido que la actividad f\u00edsica logra mejoras en las funciones mentales, la autonom\u00eda, la autoestima y la sensaci\u00f3n subjetiva de bienestar y felicidad. Numerosos beneficios psicol\u00f3gicos que hacen que cada vez m\u00e1s tratamientos la incluyan como algo indispensable para la mejor\u00eda y la prevenci\u00f3n de reca\u00eddas. Justamente es lo que busca el Club Deportivo de Mutual de Seguridad para apoyar la inclusi\u00f3n sociolaboral de las personas con discapacidad. Esta iniciativa naci\u00f3 en el a\u00f1o 2017, cuando los pensionados de Mutual de Seguridad (trabajadores y trabajadoras que a causa de un accidente de origen laboral quedaron con secuelas) buscaban, a trav\u00e9s del deporte adaptado, contar con un espacio de asociatividad y encuentro.\u00a0<\/span><\/p>\n<p><span style=\"font-weight: 400;\">Actualmente, mantiene activa dos ramas deportivas: tenis de mesa y bochas. En esta \u00faltima, existen tres seleccionados nacionales: Felipe Fuenzalida, Jean Garrido y Paulina Concha, quienes est\u00e1n dentro del ranking internacional, compitiendo en una serie de eventos importantes. El tenis de mesa, en tanto, tambi\u00e9n ha presentado logros relevantes. Sus deportistas han participado en campeonatos nacionales paral\u00edmpicos organizados por la Federaci\u00f3n Chilena de Tenis de Mesa y el Comit\u00e9 Paral\u00edmpico de Chile. Entre los deportistas se destacan Carlos Soazo y Miguel Maldonado, quien se encuentra en proceso de certificaci\u00f3n para ser entrenador de Tenis de Mesa.<\/span><\/p>\n<p><span style=\"font-weight: 400;\">\u201cEl deporte les permite hacer el proceso de reinserci\u00f3n de forma m\u00e1s l\u00fadica, no tener que prepararse para manejar una m\u00e1quina o hacer un trabajo espec\u00edfico, sino que desde que el jugar voy viendo cu\u00e1les son mis capacidades residuales y esas capacidades las empiezo a potenciar. Cuando vemos a los pacientes que se movilizan en silla de ruedas, que no tienen movilidad completa, y para venir al club se mueven por la ciudad de forma aut\u00f3noma, eso ya es una se\u00f1al absoluta de \u00e9xito. Si t\u00fa no tienes que depender de nadie, eres libre, con todas las restricciones que tu cuerpo pueda tener, pero eres libre\u201d, comenta Gustavo Burgos, director M\u00e9dico Nacional de Mutual de Seguridad, respecto del aporte que significa esta iniciativa.<\/span><\/p>\n<p><span style=\"font-weight: 400;\">Uno de los pr\u00f3ximos desaf\u00edos del Club Deportivo es sumar nuevos integrantes y consolidar, entre los pacientes y pensionados de Mutual, el deporte como una herramienta de rehabilitaci\u00f3n e inclusi\u00f3n integral que presenta beneficios tanto psicol\u00f3gicos como f\u00edsicos, siendo un aporte a su calidad de vida, tanto personal como la de sus familias.\u00a0<\/span><\/p>\n<p><b>Te invitamos revisar el trabajo del\u00a0<\/b><b>Club Deportivo Mutual de Seguridad en el siguiente video<\/b><\/p>\n<p><a href=\"https:\/\/youtu.be\/PaoRJha2JSs\"><span style=\"font-weight: 400;\">https:\/\/youtu.be\/PaoRJha2JSs<\/span><\/a><\/p>\n<p>[\/et_pb_text][\/et_pb_column][\/et_pb_row][et_pb_row _builder_version=\u00bb4.16&#8243; custom_padding=\u00bb27px|||||\u00bb global_colors_info=\u00bb{}\u00bb][et_pb_column type=\u00bb4_4&#8243; _builder_version=\u00bb4.16&#8243; global_colors_info=\u00bb{}\u00bb][et_pb_text _builder_version=\u00bb4.16&#8243; text_font=\u00bb|700|||||||\u00bb text_text_color=\u00bb#606060&#8243; text_font_size=\u00bb17px\u00bb text_letter_spacing=\u00bb2px\u00bb custom_margin=\u00bb||15px|||\u00bb global_colors_info=\u00bb{}\u00bb]<\/p>\n<p style=\"text-align: center;\">\u00bfQUIERES ACCEDER A M\u00c1S ART\u00cdCULOS COMO \u00c9STE?<\/p>\n<p>[\/et_pb_text][et_pb_button button_url=\u00bbhttps:\/\/conectamutual.cl\/bienestar\/ex-ante\/\u00bb button_text=\u00bbSUSCR\u00cdBETE AQU\u00cd\u00bb button_alignment=\u00bbcenter\u00bb _builder_version=\u00bb4.16&#8243; custom_button=\u00bbon\u00bb button_text_size=\u00bb20px\u00bb button_text_color=\u00bb#ffffff\u00bb button_bg_color=\u00bb#c4d600&#8243; button_border_width=\u00bb8px\u00bb button_border_color=\u00bb#c4d600&#8243; button_border_radius=\u00bb0px\u00bb button_letter_spacing=\u00bb2px\u00bb button_font=\u00bbMontserrat|600||on|||||\u00bb button_icon=\u00bb&#x24;||divi||400&#8243; custom_margin=\u00bb10px|||\u00bb animation_style=\u00bbfade\u00bb global_colors_info=\u00bb{}\u00bb button_text_size__hover_enabled=\u00bboff\u00bb button_one_text_size__hover_enabled=\u00bboff\u00bb button_two_text_size__hover_enabled=\u00bboff\u00bb button_text_color__hover_enabled=\u00bboff\u00bb button_one_text_color__hover_enabled=\u00bboff\u00bb button_two_text_color__hover_enabled=\u00bboff\u00bb button_border_width__hover_enabled=\u00bboff\u00bb button_one_border_width__hover_enabled=\u00bboff\u00bb button_two_border_width__hover_enabled=\u00bboff\u00bb button_border_color__hover_enabled=\u00bboff\u00bb button_one_border_color__hover_enabled=\u00bboff\u00bb button_two_border_color__hover_enabled=\u00bboff\u00bb button_border_radius__hover_enabled=\u00bboff\u00bb button_one_border_radius__hover_enabled=\u00bboff\u00bb button_two_border_radius__hover_enabled=\u00bboff\u00bb button_letter_spacing__hover_enabled=\u00bboff\u00bb button_one_letter_spacing__hover_enabled=\u00bboff\u00bb button_two_letter_spacing__hover_enabled=\u00bboff\u00bb button_bg_color__hover_enabled=\u00bboff\u00bb button_one_bg_color__hover_enabled=\u00bboff\u00bb button_two_bg_color__hover_enabled=\u00bboff\u00bb][\/et_pb_button][\/et_pb_column][\/et_pb_row][et_pb_row disabled_on=\u00bbon|on|on\u00bb _builder_version=\u00bb4.16&#8243; custom_padding=\u00bb50px|||||\u00bb disabled=\u00bbon\u00bb global_colors_info=\u00bb{}\u00bb][et_pb_column type=\u00bb4_4&#8243; _builder_version=\u00bb4.16&#8243; custom_padding_tablet=\u00bb\u00bb custom_padding_phone=\u00bb40px||||false|false\u00bb custom_padding_last_edited=\u00bbon|phone\u00bb global_colors_info=\u00bb{}\u00bb][et_pb_posts_carousel_agsdcm category_id=\u00bb419&#8243; max_title_characters=\u00bb150&#8243; heading_style=\u00bbcustom\u00bb heading_primary=\u00bb\u00daltimos Art\u00edculos\u00bb heading_sub=\u00bb EX-ANTE\u00bb posts_filter_any=\u00bbon\u00bb _builder_version=\u00bb4.16&#8243; header_font=\u00bbMontserrat||||||||\u00bb header_text_color=\u00bb#757575&#8243; header_font_size=\u00bb19px\u00bb subheader_text_color=\u00bb#828282&#8243; title_font=\u00bbMontserrat|700|||||||\u00bb title_text_color=\u00bb#acc601&#8243; border_color_all=\u00bb#cde002&#8243; global_colors_info=\u00bb{}\u00bb][\/et_pb_posts_carousel_agsdcm][\/et_pb_column][\/et_pb_row][\/et_pb_section]<\/p>\n","protected":false},"excerpt":{"rendered":"<p>Mutual de Seguridad desarrolla e implementa diferentes iniciativas que se constituyen en una valorada estrategia de inclusi\u00f3n en el desafiante camino de mejorar la calidad de vida de los trabajadores que producto de un accidente laboral quedan con alg\u00fan tipo de discapacidad.\u00a0 Los pr\u00f3ximos Juegos Parapanamericanos se convertir\u00e1n en una gran oportunidad para visibilizar la [&hellip;]<\/p>\n","protected":false},"author":2,"featured_media":11531,"comment_status":"closed","ping_status":"closed","sticky":false,"template":"","format":"standard","meta":{"_et_pb_use_builder":"on","_et_pb_old_content":"","_et_gb_content_width":"","footnotes":""},"categories":[419,1],"tags":[],"class_list":["post-11528","post","type-post","status-publish","format-standard","has-post-thumbnail","hentry","category-ex-ante","category-sin-categoria","et-has-post-format-content","et_post_format-et-post-format-standard"],"_links":{"self":[{"href":"https:\/\/conectamutual.cl\/bienestar\/wp-json\/wp\/v2\/posts\/11528","targetHints":{"allow":["GET"]}}],"collection":[{"href":"https:\/\/conectamutual.cl\/bienestar\/wp-json\/wp\/v2\/posts"}],"about":[{"href":"https:\/\/conectamutual.cl\/bienestar\/wp-json\/wp\/v2\/types\/post"}],"author":[{"embeddable":true,"href":"https:\/\/conectamutual.cl\/bienestar\/wp-json\/wp\/v2\/users\/2"}],"replies":[{"embeddable":true,"href":"https:\/\/conectamutual.cl\/bienestar\/wp-json\/wp\/v2\/comments?post=11528"}],"version-history":[{"count":4,"href":"https:\/\/conectamutual.cl\/bienestar\/wp-json\/wp\/v2\/posts\/11528\/revisions"}],"predecessor-version":[{"id":11534,"href":"https:\/\/conectamutual.cl\/bienestar\/wp-json\/wp\/v2\/posts\/11528\/revisions\/11534"}],"wp:featuredmedia":[{"embeddable":true,"href":"https:\/\/conectamutual.cl\/bienestar\/wp-json\/wp\/v2\/media\/11531"}],"wp:attachment":[{"href":"https:\/\/conectamutual.cl\/bienestar\/wp-json\/wp\/v2\/media?parent=11528"}],"wp:term":[{"taxonomy":"category","embeddable":true,"href":"https:\/\/conectamutual.cl\/bienestar\/wp-json\/wp\/v2\/categories?post=11528"},{"taxonomy":"post_tag","embeddable":true,"href":"https:\/\/conectamutual.cl\/bienestar\/wp-json\/wp\/v2\/tags?post=11528"}],"curies":[{"name":"wp","href":"https:\/\/api.w.org\/{rel}","templated":true}]}}