{"id":11663,"date":"2023-11-20T09:35:24","date_gmt":"2023-11-20T12:35:24","guid":{"rendered":"https:\/\/conectamutual.cl\/bienestar\/?p=11663"},"modified":"2024-04-13T15:36:27","modified_gmt":"2024-04-13T19:36:27","slug":"un-pequeno-paseo-al-dia-puede-despertar-tu-creatividad","status":"publish","type":"post","link":"https:\/\/conectamutual.cl\/bienestar\/nuevas-miradas\/un-pequeno-paseo-al-dia-puede-despertar-tu-creatividad\/","title":{"rendered":"Un peque\u00f1o paseo al d\u00eda puede despertar tu creatividad"},"content":{"rendered":"<p>[et_pb_section fb_built=\u00bb1&#8243; _builder_version=\u00bb4.16&#8243; custom_margin=\u00bb||-50px||false|false\u00bb custom_margin_tablet=\u00bb\u00bb custom_margin_phone=\u00bb||0px||false|false\u00bb custom_margin_last_edited=\u00bbon|phone\u00bb custom_padding=\u00bb11px||0px||false|false\u00bb global_colors_info=\u00bb{}\u00bb][et_pb_row column_structure=\u00bb1_3,1_3,1_3&#8243; disabled_on=\u00bbon|on|off\u00bb _builder_version=\u00bb4.16&#8243; min_height=\u00bb269px\u00bb custom_margin=\u00bb-15px|auto|-190px|auto|false|false\u00bb custom_margin_tablet=\u00bb\u00bb custom_margin_phone=\u00bb\u00bb custom_margin_last_edited=\u00bbon|phone\u00bb custom_padding=\u00bb||0px||false|false\u00bb global_colors_info=\u00bb{}\u00bb][et_pb_column type=\u00bb1_3&#8243; _builder_version=\u00bb4.16&#8243; global_colors_info=\u00bb{}\u00bb][\/et_pb_column][et_pb_column type=\u00bb1_3&#8243; _builder_version=\u00bb4.16&#8243; global_colors_info=\u00bb{}\u00bb][et_pb_image src=\u00bbhttps:\/\/conectamutual.cl\/bienestar\/wp-content\/uploads\/2019\/10\/Logo-Espacio-Mutuo-02.png\u00bb align=\u00bbcenter\u00bb _builder_version=\u00bb4.16&#8243; width=\u00bb83%\u00bb width_tablet=\u00bb\u00bb width_phone=\u00bb22%\u00bb width_last_edited=\u00bbon|phone\u00bb custom_margin=\u00bb15px||||false|false\u00bb global_colors_info=\u00bb{}\u00bb][\/et_pb_image][\/et_pb_column][et_pb_column type=\u00bb1_3&#8243; _builder_version=\u00bb4.16&#8243; global_colors_info=\u00bb{}\u00bb][et_pb_image src=\u00bbhttps:\/\/conectamutual.cl\/bienestar\/wp-content\/uploads\/2021\/01\/Captura-de-Pantalla-2021-01-16-a-las-10.07.37.png\u00bb align=\u00bbright\u00bb _builder_version=\u00bb4.16&#8243; width=\u00bb72%\u00bb width_tablet=\u00bb\u00bb width_phone=\u00bb41%\u00bb width_last_edited=\u00bbon|phone\u00bb custom_margin=\u00bb45px||45px||true|false\u00bb custom_margin_tablet=\u00bb\u00bb custom_margin_phone=\u00bb10px||60px||false|false\u00bb custom_margin_last_edited=\u00bbon|phone\u00bb global_colors_info=\u00bb{}\u00bb][\/et_pb_image][\/et_pb_column][\/et_pb_row][et_pb_row column_structure=\u00bb1_3,1_3,1_3&#8243; disabled_on=\u00bboff|off|on\u00bb _builder_version=\u00bb4.16&#8243; min_height=\u00bb269px\u00bb custom_margin=\u00bb-15px|auto|-20px|auto|false|false\u00bb custom_margin_tablet=\u00bb\u00bb custom_margin_phone=\u00bb\u00bb custom_margin_last_edited=\u00bbon|phone\u00bb custom_padding=\u00bb||||false|false\u00bb global_colors_info=\u00bb{}\u00bb][et_pb_column type=\u00bb1_3&#8243; _builder_version=\u00bb4.16&#8243; global_colors_info=\u00bb{}\u00bb][\/et_pb_column][et_pb_column type=\u00bb1_3&#8243; _builder_version=\u00bb4.16&#8243; global_colors_info=\u00bb{}\u00bb][et_pb_image src=\u00bbhttps:\/\/conectamutual.cl\/bienestar\/wp-content\/uploads\/2019\/10\/Logo-Espacio-Mutuo-01.png\u00bb align=\u00bbcenter\u00bb force_fullwidth=\u00bbon\u00bb _builder_version=\u00bb4.16&#8243; min_height=\u00bb170px\u00bb min_height_tablet=\u00bb\u00bb min_height_phone=\u00bb187px\u00bb min_height_last_edited=\u00bbon|phone\u00bb height=\u00bb100px\u00bb max_height=\u00bb1000px\u00bb custom_margin=\u00bb-14px||8px|||\u00bb global_colors_info=\u00bb{}\u00bb][\/et_pb_image][\/et_pb_column][et_pb_column type=\u00bb1_3&#8243; _builder_version=\u00bb4.16&#8243; global_colors_info=\u00bb{}\u00bb][et_pb_image src=\u00bbhttps:\/\/conectamutual.cl\/bienestar\/wp-content\/uploads\/2021\/01\/Captura-de-Pantalla-2021-01-16-a-las-10.07.37.png\u00bb align=\u00bbcenter\u00bb _builder_version=\u00bb4.16&#8243; width=\u00bb94%\u00bb width_tablet=\u00bb\u00bb width_phone=\u00bb65%\u00bb width_last_edited=\u00bbon|phone\u00bb module_alignment=\u00bbcenter\u00bb custom_margin=\u00bb45px||45px||true|false\u00bb custom_margin_tablet=\u00bb\u00bb custom_margin_phone=\u00bb10px||60px||false|false\u00bb custom_margin_last_edited=\u00bbon|phone\u00bb global_colors_info=\u00bb{}\u00bb][\/et_pb_image][\/et_pb_column][\/et_pb_row][\/et_pb_section][et_pb_section fb_built=\u00bb1&#8243; _builder_version=\u00bb4.16&#8243; custom_padding=\u00bb4px||0px|||\u00bb global_colors_info=\u00bb{}\u00bb][et_pb_row _builder_version=\u00bb4.16&#8243; min_height=\u00bb102px\u00bb custom_margin_tablet=\u00bb\u00bb custom_margin_phone=\u00bb20px||||false|false\u00bb custom_margin_last_edited=\u00bbon|phone\u00bb custom_padding=\u00bb34px||10px|||\u00bb global_colors_info=\u00bb{}\u00bb][et_pb_column type=\u00bb4_4&#8243; _builder_version=\u00bb4.16&#8243; global_colors_info=\u00bb{}\u00bb][et_pb_image src=\u00bbhttps:\/\/conectamutual.cl\/bienestar\/wp-content\/uploads\/2019\/12\/LOGOS-CATEGORIAS-03.png\u00bb align=\u00bbcenter\u00bb disabled_on=\u00bboff|off|off\u00bb _builder_version=\u00bb4.16&#8243; width=\u00bb48%\u00bb width_tablet=\u00bb\u00bb width_phone=\u00bb95%\u00bb width_last_edited=\u00bbon|phone\u00bb global_colors_info=\u00bb{}\u00bb][\/et_pb_image][\/et_pb_column][\/et_pb_row][\/et_pb_section][et_pb_section fb_built=\u00bb1&#8243; _builder_version=\u00bb4.16&#8243; custom_padding=\u00bb27px||1px|||\u00bb global_colors_info=\u00bb{}\u00bb][et_pb_row _builder_version=\u00bb4.16&#8243; custom_padding=\u00bb3px||36px|||\u00bb global_colors_info=\u00bb{}\u00bb][et_pb_column type=\u00bb4_4&#8243; _builder_version=\u00bb4.16&#8243; global_colors_info=\u00bb{}\u00bb][et_pb_post_title comments=\u00bboff\u00bb featured_image=\u00bboff\u00bb _builder_version=\u00bb4.16&#8243; title_font=\u00bbMontserrat|700|||||||\u00bb title_text_align=\u00bbcenter\u00bb title_text_color=\u00bb#c4d600&#8243; title_font_size=\u00bb54px\u00bb title_line_height=\u00bb1.1em\u00bb meta_font=\u00bbMontserrat||||||||\u00bb meta_text_align=\u00bbcenter\u00bb meta_font_size=\u00bb12px\u00bb title_font_size_tablet=\u00bb\u00bb title_font_size_phone=\u00bb30px\u00bb title_font_size_last_edited=\u00bbon|phone\u00bb meta_font_size_tablet=\u00bb\u00bb meta_font_size_phone=\u00bb10px\u00bb meta_font_size_last_edited=\u00bbon|phone\u00bb global_colors_info=\u00bb{}\u00bb][\/et_pb_post_title][\/et_pb_column][\/et_pb_row][\/et_pb_section][et_pb_section fb_built=\u00bb1&#8243; fullwidth=\u00bbon\u00bb _builder_version=\u00bb4.16&#8243; global_colors_info=\u00bb{}\u00bb][et_pb_fullwidth_image src=\u00bbhttps:\/\/conectamutual.cl\/bienestar\/wp-content\/uploads\/2023\/11\/pexels-ono-kosuki-6000143.jpg\u00bb title_text=\u00bbpexels-ono-kosuki-6000143&#8243; _builder_version=\u00bb4.20.2&#8243; custom_padding=\u00bb0px||0px|||\u00bb hover_enabled=\u00bb0&#8243; global_colors_info=\u00bb{}\u00bb sticky_enabled=\u00bb0&#8243;][\/et_pb_fullwidth_image][\/et_pb_section][et_pb_section fb_built=\u00bb1&#8243; _builder_version=\u00bb4.16&#8243; custom_padding=\u00bb||8px|||\u00bb global_colors_info=\u00bb{}\u00bb][et_pb_row _builder_version=\u00bb4.16&#8243; custom_padding=\u00bb9px|||||\u00bb global_colors_info=\u00bb{}\u00bb][et_pb_column type=\u00bb4_4&#8243; _builder_version=\u00bb4.16&#8243; custom_padding=\u00bb|110px||110px|false|false\u00bb custom_padding_tablet=\u00bb\u00bb custom_padding_phone=\u00bb|10px||10px|false|false\u00bb custom_padding_last_edited=\u00bbon|phone\u00bb global_colors_info=\u00bb{}\u00bb][et_pb_text _builder_version=\u00bb4.20.2&#8243; text_font_size=\u00bb17px\u00bb text_line_height=\u00bb2.1em\u00bb ul_line_height=\u00bb2.1em\u00bb ol_font=\u00bb|700|||||||\u00bb ol_line_height=\u00bb1.9em\u00bb header_2_text_color=\u00bb#c4d600&#8243; custom_margin_tablet=\u00bb\u00bb custom_margin_phone=\u00bb\u00bb custom_margin_last_edited=\u00bbon|phone\u00bb custom_padding=\u00bb|0px||0px|false|false\u00bb hover_enabled=\u00bb0&#8243; text_font_size_tablet=\u00bb\u00bb text_font_size_phone=\u00bb16px\u00bb text_font_size_last_edited=\u00bbon|phone\u00bb text_line_height_tablet=\u00bb\u00bb text_line_height_phone=\u00bb1.9em\u00bb text_line_height_last_edited=\u00bbon|phone\u00bb header_2_font_size_tablet=\u00bb\u00bb header_2_font_size_phone=\u00bb23px\u00bb header_2_font_size_last_edited=\u00bbon|phone\u00bb global_colors_info=\u00bb{}\u00bb sticky_enabled=\u00bb0&#8243;]<\/p>\n<blockquote>\n<p><span style=\"font-weight: 400;\">El experto en tendencias Sahil Bloom, autor del blog\u00a0<\/span><i><span style=\"font-weight: 400;\">The Curiosity Chronicle,<\/span><\/i><span style=\"font-weight: 400;\">\u00a0se\u00f1ala que <\/span><b>uno de los secretos de\u00a0<\/b><a href=\"https:\/\/elpais.com\/noticias\/steve-jobs\/\"><b>Steve Jobs\u00a0<\/b><\/a><b>para tener ideas disruptivas era caminar de forma diaria y consciente.<\/b><span style=\"font-weight: 400;\"> De hecho, dentro del emblem\u00e1tico edificio circular de la compa\u00f1\u00eda Apple <\/span><i><span style=\"font-weight: 400;\">\u2013\u00bfte suena?\u2013<\/span><\/i><span style=\"font-weight: 400;\"> de Cupertino, California, hay m\u00e1s de 9.000 \u00e1rboles y numerosos senderos para poner la creatividad a caminar.\u00a0<\/span><\/p>\n<\/blockquote>\n<p><span style=\"font-weight: 400;\">Asociar esta suave y saludable actividad f\u00edsica a la actividad mental no es nada nuevo. Ya en la antigua Grecia,\u00a0<\/span><a href=\"https:\/\/elpais.com\/noticias\/aristoteles\/\"><span style=\"font-weight: 400;\">Arist\u00f3teles<\/span><\/a><span style=\"font-weight: 400;\">\u00a0hab\u00eda fundado la escuela peripat\u00e9tica, que puede traducirse como \u201citinerante\u201d, porque este fil\u00f3sofo y maestro<\/span><b> sol\u00eda impartir sus lecciones caminando.<\/b><span style=\"font-weight: 400;\"> Entre los fil\u00f3sofos modernos que recogieron este buen h\u00e1bito\u00a0<\/span><a href=\"https:\/\/elpais.com\/noticias\/immanuel-kant\/\"><span style=\"font-weight: 400;\">es c\u00e9lebre el caso de Kant,<\/span><\/a><span style=\"font-weight: 400;\">\u00a0que <\/span><b>paseaba cada tarde exactamente de 5 a 6 de la tarde, siguiendo siempre la misma ruta. <\/b><span style=\"font-weight: 400;\">Luego se encerraba en su despacho para escribir sobre lo que hab\u00eda pensado. Por su parte, el novelista\u00a0<\/span><a href=\"https:\/\/elpais.com\/noticias\/haruki-murakami\/\"><span style=\"font-weight: 400;\">Haruki Murakami,<\/span><\/a><span style=\"font-weight: 400;\">\u00a0confiesa en su ensayo\u00a0\u201c<\/span><i><span style=\"font-weight: 400;\">De que\u0301 hablo cuando hablo de escribir\u201d<\/span><\/i><span style=\"font-weight: 400;\">\u00a0que mover su cuerpo cada d\u00eda desde hace m\u00e1s de 3 d\u00e9cadas nutre su imaginaci\u00f3n, hasta el punto de que<\/span><b> no puede sentarse a escribir sin esa pr\u00e1ctica.<\/b><\/p>\n<h2><b>CAMINAR PARA PENSAR MEJOR<\/b><\/h2>\n<p><span style=\"font-weight: 400;\">Sobre esto, la neurocient\u00edfica Sara Teller explica en su \u00faltimo libro que, entre muchos otros beneficios para el cerebro, <\/span><b>mover el cuerpo aumenta la BDNF, una prote\u00edna que favorece la formaci\u00f3n de nuevas neuronas y conexiones, lo cual estimula el aprendizaje y la memoria.<\/b><span style=\"font-weight: 400;\"> A modo de confirmaci\u00f3n, un estudio de 2014 de la Universidad de Stanford, en Estados Unidos, investig\u00f3 qu\u00e9 suced\u00eda con 176 participantes distribuidos en distintos entornos para pensar. La conclusi\u00f3n fue que, <\/span><b>quienes caminaban, demostraron en los test posteriores un aumento medio de la creatividad del 60% respecto a los que estaban sentados.<\/b><span style=\"font-weight: 400;\">\u00a0<\/span><\/p>\n<p><span style=\"font-weight: 400;\">Para poder alimentar esas fuentes de pensamientos, <\/span><b>basta con un paseo al aire libre de 30 minutos al d\u00eda.<\/b><span style=\"font-weight: 400;\"> Sin embargo, para ir m\u00e1s all\u00e1 del ejercicio f\u00edsico y convertirlo en un impulso creativo, deben darse 2 condiciones: hay que <\/span><b>desactivar las notificaciones del tel\u00e9fono<\/b><span style=\"font-weight: 400;\">, ya que el paseo no ser\u00e1 rico en ideas originales si estamos pendientes de los correos, mensajes y notificaciones, y segundo, se debe renunciar a los auriculares.\u00a0<\/span><\/p>\n<p><span style=\"font-weight: 400;\">El motivo es el mismo: <\/span><b>se trata de crear un espacio de desconexi\u00f3n para que lo nuevo pueda surgir. <\/b><span style=\"font-weight: 400;\">Si escuchamos un<\/span><i><span style=\"font-weight: 400;\">\u00a0podcast\u00a0<\/span><\/i><span style=\"font-weight: 400;\">o audiolibro, <\/span><b>la mente recibir\u00e1 b\u00e1sicamente ese contenido y no generar\u00e1 ideas por s\u00ed misma.<\/b><span style=\"font-weight: 400;\"> Los expertos en creatividad recomiendan incluso prescindir de la m\u00fasica. Si la necesitamos para relajarnos, habr\u00eda que optar por piezas instrumentales, ya que de otro modo nuestra atenci\u00f3n se ir\u00e1 a lo que dice la letra.<\/span><\/p>\n<h2><b>UN CAMINO A LA FELICIDAD<\/b><\/h2>\n<p><span style=\"font-weight: 400;\">En su ensayo\u00a0<\/span><i><span style=\"font-weight: 400;\">Elogio del caminar,<\/span><\/i><span style=\"font-weight: 400;\">\u00a0el profesor Shane O\u2019Mara, de Investigaci\u00f3n Experimental sobre el Cerebro en el Trinity College de Dubl\u00edn, Irlanda, apunta que <\/span><b>las personas que caminan son m\u00e1s felices y menos propensas a la depresi\u00f3n que las que tienen rutinas m\u00e1s sedentarias.\u00a0<\/b><\/p>\n<p><span style=\"font-weight: 400;\">Adem\u00e1s de estos beneficios para el estado de \u00e1nimo, sostiene: <\/span><b>\u201cSi queremos fomentar formas m\u00e1s libres de cognici\u00f3n creativa, necesitamos hacer que la gente se levante de su escritorio, se aleje de su pantalla y empiece a moverse\u201d.<\/b><span style=\"font-weight: 400;\"> En ese sentido, la escritora Rebecca Solnit se\u00f1ala que el hecho de no tener bosques o senderos cerca no deber\u00eda ser una excusa para no caminar, ya que u<\/span><b>n entorno urbano es tambi\u00e9n un paisaje estimulante.<\/b><span style=\"font-weight: 400;\"> Tal como afirma en su libro\u00a0<\/span><i><span style=\"font-weight: 400;\">Wanderlust: una historia del caminar<\/span><\/i><span style=\"font-weight: 400;\">, \u201cuna ciudad es un idioma, un dep\u00f3sito de posibilidades, y caminar es el acto de hablar ese idioma, de seleccionar entre esas posibilidades\u201d.<\/span><\/p>\n<p><span style=\"font-weight: 400;\">Muchas personas utilizan una aplicaci\u00f3n de su m\u00f3vil para completar los 10.000 pasos diarios para mantener en forma el cuerpo y la mente. Sin embargo, un estudio realizado con 226.000 personas citado por la BBC arroja que<\/span><b> incluso 4.000 pasos al d\u00eda presentan importantes beneficios para nuestra salud cardiovascular.<\/b><span style=\"font-weight: 400;\">\u00a0<\/span><\/p>\n<p><span style=\"font-weight: 400;\">Ahora sabemos que pasear, adem\u00e1s de mejorar nuestra calidad de vida, es una manera excelente de <\/span><b>salir del letargo mental y promover una nueva manera de pensar<\/b><span style=\"font-weight: 400;\">.<\/span><\/p>\n<p>[\/et_pb_text][et_pb_text _builder_version=\u00bb4.16&#8243; text_font_size=\u00bb13px\u00bb text_line_height=\u00bb0.6em\u00bb custom_margin=\u00bb-15px||||false|false\u00bb custom_padding=\u00bb34px|||||\u00bb text_font_size_tablet=\u00bb\u00bb text_font_size_phone=\u00bb11px\u00bb text_font_size_last_edited=\u00bbon|phone\u00bb global_colors_info=\u00bb{}\u00bb]<\/p>\n<p style=\"text-align: center;\"><img loading=\"lazy\" decoding=\"async\" class=\"wp-image-608 alignnone size-full\" src=\"https:\/\/conectamutual.cl\/bienestar\/wp-content\/uploads\/2019\/10\/Imagen-equipo.png\" alt=\"\" width=\"91\" height=\"88\" \/><\/p>\n<p style=\"text-align: center;\"><strong>Por Equipo Espacio Mutuo<\/strong><\/p>\n<p style=\"text-align: center;\"><em>Mutual de Seguridad<\/em><\/p>\n<p>[\/et_pb_text][\/et_pb_column][\/et_pb_row][et_pb_row _builder_version=\u00bb4.16&#8243; background_color=\u00bbrgba(0,0,0,0)\u00bb global_colors_info=\u00bb{}\u00bb][et_pb_column type=\u00bb4_4&#8243; _builder_version=\u00bb4.16&#8243; transform_scale_linked=\u00bboff\u00bb transform_translate=\u00bb-4px|10px\u00bb transform_translate_linked=\u00bboff\u00bb custom_padding=\u00bb5px|0px|5px|0px|false|true\u00bb animation_style=\u00bbzoom\u00bb animation_duration=\u00bb500ms\u00bb border_radii=\u00bboff||||\u00bb border_color_all=\u00bb#cde002&#8243; border_width_top=\u00bb1px\u00bb border_color_top=\u00bb#e09900&#8243; border_style_top=\u00bbdotted\u00bb border_width_bottom=\u00bb1px\u00bb border_color_bottom=\u00bb#e09900&#8243; border_style_bottom=\u00bbdotted\u00bb global_colors_info=\u00bb{}\u00bb][et_pb_code admin_label=\u00bbRating Art\u00edculo\u00bb _builder_version=\u00bb4.20.2&#8243; transform_scale=\u00bb110%|110%\u00bb transform_translate=\u00bb424px|5px\u00bb transform_translate_linked=\u00bboff\u00bb hover_enabled=\u00bb0&#8243; global_colors_info=\u00bb{}\u00bb sticky_enabled=\u00bb0&#8243;]<a class=\"typeform-share button\" href=\"https:\/\/singularmktg.typeform.com\/to\/COMq1XCs#art=998\" data-mode=\"drawer_right\" style=\"display:inline-block;text-decoration:none;background-color:#CDE002;color:white;cursor:pointer;font-family:Helvetica,Arial,sans-serif;font-size:20px;line-height:50px;text-align:center;margin:0;height:50px;padding:0px 33px;border-radius:12px;max-width:100%;white-space:nowrap;overflow:hidden;text-overflow:ellipsis;font-weight:bold;-webkit-font-smoothing:antialiased;-moz-osx-font-smoothing:grayscale;\" data-hide-headers=\"true\" data-hide-footer=\"true\" data-submit-close-delay=\"2\" target=\"_blank\" rel=\"noopener noreferrer\">Eval\u00faa este art\u00edculo <\/a> <script> (function() { var qs,js,q,s,d=document, gi=d.getElementById, ce=d.createElement, gt=d.getElementsByTagName, id=\"typef_orm_share\", b=\"https:\/\/embed.typeform.com\/\"; if(!gi.call(d,id)){ js=ce.call(d,\"script\"); js.id=id; js.src=b+\"embed.js\"; q=gt.call(d,\"script\")[0]; q.parentNode.insertBefore(js,q) } })() <\/script>[\/et_pb_code][\/et_pb_column][\/et_pb_row][et_pb_row _builder_version=\u00bb4.16&#8243; global_colors_info=\u00bb{}\u00bb][et_pb_column type=\u00bb4_4&#8243; _builder_version=\u00bb4.16&#8243; custom_padding_tablet=\u00bb\u00bb custom_padding_phone=\u00bb40px||||false|false\u00bb custom_padding_last_edited=\u00bbon|phone\u00bb global_colors_info=\u00bb{}\u00bb][et_pb_posts_carousel_agsdcm category_id=\u00bb37&#8243; max_title_characters=\u00bb150&#8243; heading_style=\u00bbcustom\u00bb heading_primary=\u00bb\u00daltimos Art\u00edculos\u00bb heading_sub=\u00bbNuevas Miradas\u00bb posts_filter_any=\u00bbon\u00bb _builder_version=\u00bb4.16&#8243; header_font=\u00bbMontserrat||||||||\u00bb header_text_color=\u00bb#757575&#8243; header_font_size=\u00bb19px\u00bb subheader_text_color=\u00bb#828282&#8243; title_font=\u00bbMontserrat|700|||||||\u00bb title_text_color=\u00bb#acc601&#8243; border_color_all=\u00bb#cde002&#8243; global_colors_info=\u00bb{}\u00bb][\/et_pb_posts_carousel_agsdcm][\/et_pb_column][\/et_pb_row][\/et_pb_section]<\/p>\n","protected":false},"excerpt":{"rendered":"<p>El experto en tendencias Sahil Bloom, autor del blog\u00a0The Curiosity Chronicle,\u00a0se\u00f1ala que uno de los secretos de\u00a0Steve Jobs\u00a0para tener ideas disruptivas era caminar de forma diaria y consciente. De hecho, dentro del emblem\u00e1tico edificio circular de la compa\u00f1\u00eda Apple \u2013\u00bfte suena?\u2013 de Cupertino, California, hay m\u00e1s de 9.000 \u00e1rboles y numerosos senderos para poner la [&hellip;]<\/p>\n","protected":false},"author":2,"featured_media":11666,"comment_status":"closed","ping_status":"closed","sticky":false,"template":"","format":"standard","meta":{"_et_pb_use_builder":"on","_et_pb_old_content":"","_et_gb_content_width":"","footnotes":""},"categories":[695,37],"tags":[331,668,189,665,670,669,67],"class_list":["post-11663","post","type-post","status-publish","format-standard","has-post-thumbnail","hentry","category-actualidad","category-nuevas-miradas","tag-actividad-fisica","tag-caminar","tag-deporte","tag-filosofia","tag-meditar","tag-pensar","tag-salud","et-has-post-format-content","et_post_format-et-post-format-standard"],"_links":{"self":[{"href":"https:\/\/conectamutual.cl\/bienestar\/wp-json\/wp\/v2\/posts\/11663","targetHints":{"allow":["GET"]}}],"collection":[{"href":"https:\/\/conectamutual.cl\/bienestar\/wp-json\/wp\/v2\/posts"}],"about":[{"href":"https:\/\/conectamutual.cl\/bienestar\/wp-json\/wp\/v2\/types\/post"}],"author":[{"embeddable":true,"href":"https:\/\/conectamutual.cl\/bienestar\/wp-json\/wp\/v2\/users\/2"}],"replies":[{"embeddable":true,"href":"https:\/\/conectamutual.cl\/bienestar\/wp-json\/wp\/v2\/comments?post=11663"}],"version-history":[{"count":3,"href":"https:\/\/conectamutual.cl\/bienestar\/wp-json\/wp\/v2\/posts\/11663\/revisions"}],"predecessor-version":[{"id":11668,"href":"https:\/\/conectamutual.cl\/bienestar\/wp-json\/wp\/v2\/posts\/11663\/revisions\/11668"}],"wp:featuredmedia":[{"embeddable":true,"href":"https:\/\/conectamutual.cl\/bienestar\/wp-json\/wp\/v2\/media\/11666"}],"wp:attachment":[{"href":"https:\/\/conectamutual.cl\/bienestar\/wp-json\/wp\/v2\/media?parent=11663"}],"wp:term":[{"taxonomy":"category","embeddable":true,"href":"https:\/\/conectamutual.cl\/bienestar\/wp-json\/wp\/v2\/categories?post=11663"},{"taxonomy":"post_tag","embeddable":true,"href":"https:\/\/conectamutual.cl\/bienestar\/wp-json\/wp\/v2\/tags?post=11663"}],"curies":[{"name":"wp","href":"https:\/\/api.w.org\/{rel}","templated":true}]}}