{"id":11690,"date":"2023-11-24T10:30:54","date_gmt":"2023-11-24T13:30:54","guid":{"rendered":"https:\/\/conectamutual.cl\/bienestar\/?p=11690"},"modified":"2023-11-24T10:38:47","modified_gmt":"2023-11-24T13:38:47","slug":"el-transporte-publico-sigue-siendo-el-medio-preferido-por-las-personas-para-ir-al-trabajo","status":"publish","type":"post","link":"https:\/\/conectamutual.cl\/bienestar\/ex-ante\/el-transporte-publico-sigue-siendo-el-medio-preferido-por-las-personas-para-ir-al-trabajo\/","title":{"rendered":"El transporte p\u00fablico sigue siendo el medio preferido por las personas para ir al trabajo"},"content":{"rendered":"<p>[et_pb_section fb_built=\u00bb1&#8243; _builder_version=\u00bb4.16&#8243; custom_margin=\u00bb||-50px||false|false\u00bb custom_margin_tablet=\u00bb\u00bb custom_margin_phone=\u00bb||0px||false|false\u00bb custom_margin_last_edited=\u00bbon|phone\u00bb custom_padding=\u00bb11px||0px||false|false\u00bb global_colors_info=\u00bb{}\u00bb][et_pb_row disabled_on=\u00bboff|off|off\u00bb _builder_version=\u00bb4.16&#8243; min_height=\u00bb269px\u00bb custom_margin=\u00bb-15px|auto|-190px|auto|false|false\u00bb custom_margin_tablet=\u00bb\u00bb custom_margin_phone=\u00bb\u00bb custom_margin_last_edited=\u00bbon|phone\u00bb custom_padding=\u00bb||0px||false|false\u00bb global_colors_info=\u00bb{}\u00bb][et_pb_column type=\u00bb4_4&#8243; _builder_version=\u00bb4.16&#8243; global_colors_info=\u00bb{}\u00bb][et_pb_image src=\u00bbhttps:\/\/conectamutual.cl\/bienestar\/wp-content\/uploads\/2019\/10\/Logo-Espacio-Mutuo-02.png\u00bb align=\u00bbcenter\u00bb disabled_on=\u00bbon|on|on\u00bb _builder_version=\u00bb4.16&#8243; width=\u00bb83%\u00bb width_tablet=\u00bb\u00bb width_phone=\u00bb22%\u00bb width_last_edited=\u00bbon|phone\u00bb custom_margin=\u00bb15px||-21px||false|false\u00bb disabled=\u00bbon\u00bb global_colors_info=\u00bb{}\u00bb][\/et_pb_image][et_pb_image src=\u00bbhttps:\/\/conectamutual.cl\/bienestar\/wp-content\/uploads\/2019\/10\/Logo-Oficial-Mutual-01.png\u00bb align=\u00bbcenter\u00bb _builder_version=\u00bb4.16&#8243; width=\u00bb100%\u00bb width_tablet=\u00bb\u00bb width_phone=\u00bb80%\u00bb width_last_edited=\u00bbon|phone\u00bb custom_margin=\u00bb10px||10px||true|false\u00bb custom_margin_tablet=\u00bb\u00bb custom_margin_phone=\u00bb10px||13px||false|false\u00bb custom_margin_last_edited=\u00bbon|phone\u00bb custom_padding=\u00bb27px|||||\u00bb global_colors_info=\u00bb{}\u00bb][\/et_pb_image][\/et_pb_column][\/et_pb_row][\/et_pb_section][et_pb_section fb_built=\u00bb1&#8243; _builder_version=\u00bb4.20.2&#8243; _module_preset=\u00bbdefault\u00bb custom_padding=\u00bb||0px|||\u00bb global_colors_info=\u00bb{}\u00bb][et_pb_row _builder_version=\u00bb4.20.2&#8243; _module_preset=\u00bbdefault\u00bb global_colors_info=\u00bb{}\u00bb][et_pb_column type=\u00bb4_4&#8243; _builder_version=\u00bb4.20.2&#8243; _module_preset=\u00bbdefault\u00bb global_colors_info=\u00bb{}\u00bb][et_pb_text _builder_version=\u00bb4.20.2&#8243; _module_preset=\u00bbdefault\u00bb text_font_size=\u00bb26px\u00bb custom_padding=\u00bb50px|||||\u00bb hover_enabled=\u00bb0&#8243; global_colors_info=\u00bb{}\u00bb sticky_enabled=\u00bb0&#8243;]<\/p>\n<p style=\"text-align: center;\"><strong>Informe de Movilidad Vial 2023: <\/strong><\/p>\n<p>[\/et_pb_text][\/et_pb_column][\/et_pb_row][\/et_pb_section][et_pb_section fb_built=\u00bb1&#8243; _builder_version=\u00bb4.16&#8243; custom_padding=\u00bb0px||1px|||\u00bb global_colors_info=\u00bb{}\u00bb][et_pb_row _builder_version=\u00bb4.16&#8243; custom_padding=\u00bb3px||36px|||\u00bb global_colors_info=\u00bb{}\u00bb][et_pb_column type=\u00bb4_4&#8243; _builder_version=\u00bb4.16&#8243; global_colors_info=\u00bb{}\u00bb][et_pb_post_title comments=\u00bboff\u00bb featured_image=\u00bboff\u00bb _builder_version=\u00bb4.20.2&#8243; title_font=\u00bbMontserrat|700|||||||\u00bb title_text_align=\u00bbcenter\u00bb title_text_color=\u00bb#c4d600&#8243; title_font_size=\u00bb54px\u00bb title_line_height=\u00bb1.1em\u00bb meta_font=\u00bbMontserrat||||||||\u00bb meta_text_align=\u00bbcenter\u00bb meta_font_size=\u00bb12px\u00bb custom_margin=\u00bb0px||||false|false\u00bb title_font_size_tablet=\u00bb\u00bb title_font_size_phone=\u00bb30px\u00bb title_font_size_last_edited=\u00bbon|phone\u00bb meta_font_size_tablet=\u00bb\u00bb meta_font_size_phone=\u00bb10px\u00bb meta_font_size_last_edited=\u00bbon|phone\u00bb global_colors_info=\u00bb{}\u00bb][\/et_pb_post_title][\/et_pb_column][\/et_pb_row][\/et_pb_section][et_pb_section fb_built=\u00bb1&#8243; fullwidth=\u00bbon\u00bb _builder_version=\u00bb4.20.2&#8243; global_colors_info=\u00bb{}\u00bb][et_pb_fullwidth_image src=\u00bbhttps:\/\/conectamutual.cl\/bienestar\/wp-content\/uploads\/2023\/11\/pexels-andrea-piacquadio-837358.jpg\u00bb title_text=\u00bbpexels-andrea-piacquadio-837358&#8243; _builder_version=\u00bb4.20.2&#8243; width=\u00bb100%\u00bb module_alignment=\u00bbcenter\u00bb custom_margin=\u00bb|||-143px||\u00bb hover_enabled=\u00bb0&#8243; global_colors_info=\u00bb{}\u00bb sticky_enabled=\u00bb0&#8243;][\/et_pb_fullwidth_image][\/et_pb_section][et_pb_section fb_built=\u00bb1&#8243; _builder_version=\u00bb4.16&#8243; custom_padding=\u00bb11px||8px|||\u00bb global_colors_info=\u00bb{}\u00bb][et_pb_row _builder_version=\u00bb4.16&#8243; custom_padding=\u00bb9px||39px|||\u00bb global_colors_info=\u00bb{}\u00bb][et_pb_column type=\u00bb4_4&#8243; _builder_version=\u00bb4.16&#8243; custom_padding=\u00bb|110px||110px|false|false\u00bb custom_padding_tablet=\u00bb\u00bb custom_padding_phone=\u00bb|10px||10px|false|false\u00bb custom_padding_last_edited=\u00bbon|phone\u00bb global_colors_info=\u00bb{}\u00bb][et_pb_text _builder_version=\u00bb4.20.2&#8243; text_font_size=\u00bb17px\u00bb text_line_height=\u00bb2.1em\u00bb ul_line_height=\u00bb2.2em\u00bb ol_line_height=\u00bb2.2em\u00bb header_2_text_color=\u00bb#c4d600&#8243; header_3_line_height=\u00bb1.6em\u00bb custom_margin_tablet=\u00bb\u00bb custom_margin_phone=\u00bb\u00bb custom_margin_last_edited=\u00bbon|phone\u00bb custom_padding=\u00bb36px|0px||0px|false|false\u00bb hover_enabled=\u00bb0&#8243; text_font_size_tablet=\u00bb\u00bb text_font_size_phone=\u00bb16px\u00bb text_font_size_last_edited=\u00bbon|phone\u00bb text_line_height_tablet=\u00bb\u00bb text_line_height_phone=\u00bb1.9em\u00bb text_line_height_last_edited=\u00bbon|phone\u00bb header_2_font_size_tablet=\u00bb\u00bb header_2_font_size_phone=\u00bb23px\u00bb header_2_font_size_last_edited=\u00bbon|phone\u00bb global_colors_info=\u00bb{}\u00bb sticky_enabled=\u00bb0&#8243;]<\/p>\n<blockquote>\n<p><strong>El 25,5% de las personas se traslada en bus, metro o tren, superando el uso de veh\u00edculo particular, cuya tendencia creci\u00f3 en pandemia, pero se ha normalizado, con el 23,8% de las preferencias.<\/strong><\/p>\n<p><strong>En la Regi\u00f3n Metropolitana, la proporci\u00f3n de uso de locomoci\u00f3n colectiva crece a m\u00e1s de 40%, mientras que el 27,3% se mueve en su veh\u00edculo privado.<\/strong><\/p>\n<\/blockquote>\n<p><b><i>Santiago, noviembre de 2023.- <\/i><\/b><span style=\"font-weight: 400;\">Las personas prefieren moverse en transporte p\u00fablico a sus lugares de trabajo. As\u00ed lo dio a conocer el \u201cInforme de patrones de Movilidad Vial 2023E de Mutual de Seguridad, estudio cuantitativo cuyos datos se recolectaron de manera online entre el 23 de mayo y el 29 de junio de 2023 y que respondi\u00f3 preguntas como \u201c\u00bfEn cu\u00e1les de los siguientes medios de transporte realiza sus viajes al lugar de trabajo? \u00bfDesde qu\u00e9 comuna inicia su desplazamiento y a qu\u00e9 comuna se dirige?\u201d. La muestra, que consider\u00f3 a m\u00e1s de 58 mil personas a nivel nacional, revel\u00f3 la primera opci\u00f3n (25,5%) por el traslado en metro, tren o bus, superando de esta forma al veh\u00edculo particular (23,8%)<\/span><\/p>\n<p><span style=\"font-weight: 400;\">Durante la pandemia aument\u00f3 la preferencia por medios propios, pero ese incremento se detuvo con el fin de la crisis sanitaria y la expansi\u00f3n del Metro, entre otros factores, As\u00ed, a nivel nacional el transporte p\u00fablico est\u00e1 posicionado como el favorito, hecho que es m\u00e1s acentuado en la Regi\u00f3n Metropolitana, donde el 40% se mueve a su trabajo por esta modalidad. Por el contrario, 27,3% lo hace en su veh\u00edculo particular.\u00a0<\/span><\/p>\n<p><span style=\"font-weight: 400;\">\u201cSi bien durante la crisis sanitaria vimos cambios en los patrones de desplazamiento con gente que prefiri\u00f3 bajarse del transporte p\u00fablico y moverse por sus propios medios para evitar contagios, hoy estamos ante un escenario de normalidad. Volviendo a la tendencia pre pand\u00e9mica, la gente regres\u00f3 en masa al metro y a los buses, dejando como segunda o tercera opci\u00f3n el uso de veh\u00edculo particular\u201d, indic\u00f3 Luis Stuven, gerente de Seguridad Vial de Mutual de Seguridad.<\/span><\/p>\n<p><span style=\"font-weight: 400;\">En las regiones del Maule, B\u00edo B\u00edo, La Araucan\u00eda y Los Lagos, el medio de transporte m\u00e1s usado es el veh\u00edculo propio, alcanzando un 45,8% de la poblaci\u00f3n encuestada en esta \u00faltima regi\u00f3n.<\/span><\/p>\n<h2><b>Movimientos interregionales y patrones de desplazamiento<\/b><\/h2>\n<p><span style=\"font-weight: 400;\">Al analizar el desplazamiento intrarregional e interregional de los trabajadores el 78,8% de los encuestados se mueve dentro de la misma regi\u00f3n, mientras que el 21,1% lo hace fuera de ella.<\/span><\/p>\n<p><em><strong>Tabla 2: Desplazamiento Intra e Inter Regional<\/strong><\/em><\/p>\n<p>[\/et_pb_text][et_pb_image src=\u00bbhttps:\/\/conectamutual.cl\/bienestar\/wp-content\/uploads\/2023\/11\/Captura-de-Pantalla-2023-11-24-a-las-10.35.27.png\u00bb _builder_version=\u00bb4.20.2&#8243; _module_preset=\u00bbdefault\u00bb title_text=\u00bbCaptura de Pantalla 2023-11-24 a la(s) 10.35.27&#8243; align=\u00bbcenter\u00bb width=\u00bb73%\u00bb hover_enabled=\u00bb0&#8243; sticky_enabled=\u00bb0&#8243;][\/et_pb_image][et_pb_text _builder_version=\u00bb4.20.2&#8243; text_font_size=\u00bb17px\u00bb text_line_height=\u00bb2.1em\u00bb ul_line_height=\u00bb2.2em\u00bb ol_line_height=\u00bb2.2em\u00bb header_2_text_color=\u00bb#c4d600&#8243; header_3_line_height=\u00bb1.6em\u00bb custom_margin_tablet=\u00bb\u00bb custom_margin_phone=\u00bb\u00bb custom_margin_last_edited=\u00bbon|phone\u00bb custom_padding=\u00bb36px|0px||0px|false|false\u00bb hover_enabled=\u00bb0&#8243; text_font_size_tablet=\u00bb\u00bb text_font_size_phone=\u00bb16px\u00bb text_font_size_last_edited=\u00bbon|phone\u00bb text_line_height_tablet=\u00bb\u00bb text_line_height_phone=\u00bb1.9em\u00bb text_line_height_last_edited=\u00bbon|phone\u00bb header_2_font_size_tablet=\u00bb\u00bb header_2_font_size_phone=\u00bb23px\u00bb header_2_font_size_last_edited=\u00bbon|phone\u00bb global_colors_info=\u00bb{}\u00bb sticky_enabled=\u00bb0&#8243;]<\/p>\n<p><em><span style=\"font-weight: 400;\">Fuente: Encuesta de movilidad Mutual de Seguridad 2023<\/span><\/em><\/p>\n<p><span style=\"font-weight: 400;\">Las zonas con mayores movimientos interregionales son Arica y Parinacota, Coquimbo, \u00d1uble, Valpara\u00edso y del Maule<\/span><\/p>\n<p><span style=\"font-weight: 400;\">En la Regi\u00f3n Metropolitana existen comunas con alta movilidad intrarregional. La Florida, Maip\u00fa o Puente Alto son algunas de ellas, en las cuales durante la jornada laboral la poblaci\u00f3n disminuye en m\u00e1s de un 50%.<\/span><\/p>\n<p><span style=\"font-weight: 400;\">Los resultados muestran que un 44,94% de las personas encuestadas se desplaza dentro de la misma comuna desde su hogar al lugar de trabajo.<\/span><\/p>\n<p><span style=\"font-weight: 400;\">\u201cEntender c\u00f3mo se desplazan los trabajadores del pa\u00eds y conocer su exposici\u00f3n en las calles, nos permite desarrollar nuevas y mejores estrategias preventivas para abordar la seguridad vial y as\u00ed evitar siniestros viales de gran magnitud, por ejemplo, si hay ciudades que tienen mayor movilidad interregional, las campa\u00f1as de prevenci\u00f3n en esa zona debiesen apuntar a transporte interurbano, foco en velocidades de carretera y un fuerte trabajo en materia de fatiga y somnolencia\u201d. Explic\u00f3 el experto.\u00a0<\/span><\/p>\n<h2><b>Los veh\u00edculos de acercamiento y auto particular predominan en regiones<\/b><\/h2>\n<p><span style=\"font-weight: 400;\">Finalmente, seg\u00fan la muestra un 18,7% de las personas utilizan buses de acercamiento para moverse. Una tendencia que se acent\u00faa especialmente en la zona norte del pa\u00eds, donde en regiones como Antofagasta y Atacama m\u00e1s del 45% de las personas se mueven en esta categor\u00eda.\u00a0<\/span><\/p>\n<p><span style=\"font-weight: 400;\">En el sur, el auto propio (27,1%) y veh\u00edculos de acercamiento (26,3%) lideran las preferencias. Solo uno de cada cinco personas utiliza el transporte p\u00fablico para ir a trabajar, en contraste con otras zonas del pa\u00eds.\u00a0<\/span><\/p>\n<p>[\/et_pb_text][\/et_pb_column][\/et_pb_row][et_pb_row _builder_version=\u00bb4.16&#8243; custom_padding=\u00bb27px|||||\u00bb global_colors_info=\u00bb{}\u00bb][et_pb_column type=\u00bb4_4&#8243; _builder_version=\u00bb4.16&#8243; global_colors_info=\u00bb{}\u00bb][et_pb_text _builder_version=\u00bb4.16&#8243; text_font=\u00bb|700|||||||\u00bb text_text_color=\u00bb#606060&#8243; text_font_size=\u00bb17px\u00bb text_letter_spacing=\u00bb2px\u00bb custom_margin=\u00bb||15px|||\u00bb global_colors_info=\u00bb{}\u00bb]<\/p>\n<p style=\"text-align: center;\">\u00bfQUIERES ACCEDER A M\u00c1S ART\u00cdCULOS COMO \u00c9STE?<\/p>\n<p>[\/et_pb_text][et_pb_button button_url=\u00bbhttps:\/\/conectamutual.cl\/bienestar\/ex-ante\/\u00bb button_text=\u00bbSUSCR\u00cdBETE AQU\u00cd\u00bb button_alignment=\u00bbcenter\u00bb _builder_version=\u00bb4.16&#8243; custom_button=\u00bbon\u00bb button_text_size=\u00bb20px\u00bb button_text_color=\u00bb#ffffff\u00bb button_bg_color=\u00bb#c4d600&#8243; button_border_width=\u00bb8px\u00bb button_border_color=\u00bb#c4d600&#8243; button_border_radius=\u00bb0px\u00bb button_letter_spacing=\u00bb2px\u00bb button_font=\u00bbMontserrat|600||on|||||\u00bb button_icon=\u00bb&#x24;||divi||400&#8243; custom_margin=\u00bb10px|||\u00bb animation_style=\u00bbfade\u00bb global_colors_info=\u00bb{}\u00bb button_text_size__hover_enabled=\u00bboff\u00bb button_one_text_size__hover_enabled=\u00bboff\u00bb button_two_text_size__hover_enabled=\u00bboff\u00bb button_text_color__hover_enabled=\u00bboff\u00bb button_one_text_color__hover_enabled=\u00bboff\u00bb button_two_text_color__hover_enabled=\u00bboff\u00bb button_border_width__hover_enabled=\u00bboff\u00bb button_one_border_width__hover_enabled=\u00bboff\u00bb button_two_border_width__hover_enabled=\u00bboff\u00bb button_border_color__hover_enabled=\u00bboff\u00bb button_one_border_color__hover_enabled=\u00bboff\u00bb button_two_border_color__hover_enabled=\u00bboff\u00bb button_border_radius__hover_enabled=\u00bboff\u00bb button_one_border_radius__hover_enabled=\u00bboff\u00bb button_two_border_radius__hover_enabled=\u00bboff\u00bb button_letter_spacing__hover_enabled=\u00bboff\u00bb button_one_letter_spacing__hover_enabled=\u00bboff\u00bb button_two_letter_spacing__hover_enabled=\u00bboff\u00bb button_bg_color__hover_enabled=\u00bboff\u00bb button_one_bg_color__hover_enabled=\u00bboff\u00bb button_two_bg_color__hover_enabled=\u00bboff\u00bb][\/et_pb_button][\/et_pb_column][\/et_pb_row][et_pb_row disabled_on=\u00bbon|on|on\u00bb _builder_version=\u00bb4.16&#8243; custom_padding=\u00bb50px|||||\u00bb disabled=\u00bbon\u00bb global_colors_info=\u00bb{}\u00bb][et_pb_column type=\u00bb4_4&#8243; _builder_version=\u00bb4.16&#8243; custom_padding_tablet=\u00bb\u00bb custom_padding_phone=\u00bb40px||||false|false\u00bb custom_padding_last_edited=\u00bbon|phone\u00bb global_colors_info=\u00bb{}\u00bb][et_pb_posts_carousel_agsdcm category_id=\u00bb419&#8243; max_title_characters=\u00bb150&#8243; heading_style=\u00bbcustom\u00bb heading_primary=\u00bb\u00daltimos Art\u00edculos\u00bb heading_sub=\u00bb EX-ANTE\u00bb posts_filter_any=\u00bbon\u00bb _builder_version=\u00bb4.16&#8243; header_font=\u00bbMontserrat||||||||\u00bb header_text_color=\u00bb#757575&#8243; header_font_size=\u00bb19px\u00bb subheader_text_color=\u00bb#828282&#8243; title_font=\u00bbMontserrat|700|||||||\u00bb title_text_color=\u00bb#acc601&#8243; border_color_all=\u00bb#cde002&#8243; global_colors_info=\u00bb{}\u00bb][\/et_pb_posts_carousel_agsdcm][\/et_pb_column][\/et_pb_row][\/et_pb_section]<\/p>\n","protected":false},"excerpt":{"rendered":"<p>Informe de Movilidad Vial 2023: El 25,5% de las personas se traslada en bus, metro o tren, superando el uso de veh\u00edculo particular, cuya tendencia creci\u00f3 en pandemia, pero se ha normalizado, con el 23,8% de las preferencias. En la Regi\u00f3n Metropolitana, la proporci\u00f3n de uso de locomoci\u00f3n colectiva crece a m\u00e1s de 40%, mientras [&hellip;]<\/p>\n","protected":false},"author":2,"featured_media":11693,"comment_status":"closed","ping_status":"closed","sticky":false,"template":"","format":"standard","meta":{"_et_pb_use_builder":"on","_et_pb_old_content":"","_et_gb_content_width":"","footnotes":""},"categories":[419],"tags":[],"class_list":["post-11690","post","type-post","status-publish","format-standard","has-post-thumbnail","hentry","category-ex-ante","et-has-post-format-content","et_post_format-et-post-format-standard"],"_links":{"self":[{"href":"https:\/\/conectamutual.cl\/bienestar\/wp-json\/wp\/v2\/posts\/11690","targetHints":{"allow":["GET"]}}],"collection":[{"href":"https:\/\/conectamutual.cl\/bienestar\/wp-json\/wp\/v2\/posts"}],"about":[{"href":"https:\/\/conectamutual.cl\/bienestar\/wp-json\/wp\/v2\/types\/post"}],"author":[{"embeddable":true,"href":"https:\/\/conectamutual.cl\/bienestar\/wp-json\/wp\/v2\/users\/2"}],"replies":[{"embeddable":true,"href":"https:\/\/conectamutual.cl\/bienestar\/wp-json\/wp\/v2\/comments?post=11690"}],"version-history":[{"count":3,"href":"https:\/\/conectamutual.cl\/bienestar\/wp-json\/wp\/v2\/posts\/11690\/revisions"}],"predecessor-version":[{"id":11698,"href":"https:\/\/conectamutual.cl\/bienestar\/wp-json\/wp\/v2\/posts\/11690\/revisions\/11698"}],"wp:featuredmedia":[{"embeddable":true,"href":"https:\/\/conectamutual.cl\/bienestar\/wp-json\/wp\/v2\/media\/11693"}],"wp:attachment":[{"href":"https:\/\/conectamutual.cl\/bienestar\/wp-json\/wp\/v2\/media?parent=11690"}],"wp:term":[{"taxonomy":"category","embeddable":true,"href":"https:\/\/conectamutual.cl\/bienestar\/wp-json\/wp\/v2\/categories?post=11690"},{"taxonomy":"post_tag","embeddable":true,"href":"https:\/\/conectamutual.cl\/bienestar\/wp-json\/wp\/v2\/tags?post=11690"}],"curies":[{"name":"wp","href":"https:\/\/api.w.org\/{rel}","templated":true}]}}