{"id":11699,"date":"2023-11-24T10:41:06","date_gmt":"2023-11-24T13:41:06","guid":{"rendered":"https:\/\/conectamutual.cl\/bienestar\/?p=11699"},"modified":"2023-11-24T10:45:22","modified_gmt":"2023-11-24T13:45:22","slug":"ser-lideres-en-el-ambito-de-la-seguridad-y-salud-laboral-es-nuestro-compromiso","status":"publish","type":"post","link":"https:\/\/conectamutual.cl\/bienestar\/ex-ante\/ser-lideres-en-el-ambito-de-la-seguridad-y-salud-laboral-es-nuestro-compromiso\/","title":{"rendered":"\u201cSer l\u00edderes en el \u00e1mbito de la seguridad y salud laboral es nuestro compromiso\u201d"},"content":{"rendered":"<p>[et_pb_section fb_built=\u00bb1&#8243; _builder_version=\u00bb4.16&#8243; custom_margin=\u00bb||-50px||false|false\u00bb custom_margin_tablet=\u00bb\u00bb custom_margin_phone=\u00bb||0px||false|false\u00bb custom_margin_last_edited=\u00bbon|phone\u00bb custom_padding=\u00bb11px||0px||false|false\u00bb global_colors_info=\u00bb{}\u00bb][et_pb_row disabled_on=\u00bboff|off|off\u00bb _builder_version=\u00bb4.16&#8243; min_height=\u00bb269px\u00bb custom_margin=\u00bb-15px|auto|-190px|auto|false|false\u00bb custom_margin_tablet=\u00bb\u00bb custom_margin_phone=\u00bb\u00bb custom_margin_last_edited=\u00bbon|phone\u00bb custom_padding=\u00bb||0px||false|false\u00bb global_colors_info=\u00bb{}\u00bb][et_pb_column type=\u00bb4_4&#8243; _builder_version=\u00bb4.16&#8243; global_colors_info=\u00bb{}\u00bb][et_pb_image src=\u00bbhttps:\/\/conectamutual.cl\/bienestar\/wp-content\/uploads\/2019\/10\/Logo-Espacio-Mutuo-02.png\u00bb align=\u00bbcenter\u00bb disabled_on=\u00bbon|on|on\u00bb _builder_version=\u00bb4.16&#8243; width=\u00bb83%\u00bb width_tablet=\u00bb\u00bb width_phone=\u00bb22%\u00bb width_last_edited=\u00bbon|phone\u00bb custom_margin=\u00bb15px||-21px||false|false\u00bb disabled=\u00bbon\u00bb global_colors_info=\u00bb{}\u00bb][\/et_pb_image][et_pb_image src=\u00bbhttps:\/\/conectamutual.cl\/bienestar\/wp-content\/uploads\/2019\/10\/Logo-Oficial-Mutual-01.png\u00bb align=\u00bbcenter\u00bb _builder_version=\u00bb4.16&#8243; width=\u00bb100%\u00bb width_tablet=\u00bb\u00bb width_phone=\u00bb80%\u00bb width_last_edited=\u00bbon|phone\u00bb custom_margin=\u00bb10px||10px||true|false\u00bb custom_margin_tablet=\u00bb\u00bb custom_margin_phone=\u00bb10px||13px||false|false\u00bb custom_margin_last_edited=\u00bbon|phone\u00bb custom_padding=\u00bb27px|||||\u00bb global_colors_info=\u00bb{}\u00bb][\/et_pb_image][\/et_pb_column][\/et_pb_row][\/et_pb_section][et_pb_section fb_built=\u00bb1&#8243; _builder_version=\u00bb4.20.2&#8243; _module_preset=\u00bbdefault\u00bb custom_padding=\u00bb||0px|||\u00bb global_colors_info=\u00bb{}\u00bb][et_pb_row _builder_version=\u00bb4.20.2&#8243; _module_preset=\u00bbdefault\u00bb global_colors_info=\u00bb{}\u00bb custom_padding=\u00bb||0px|||\u00bb][et_pb_column type=\u00bb4_4&#8243; _builder_version=\u00bb4.20.2&#8243; _module_preset=\u00bbdefault\u00bb global_colors_info=\u00bb{}\u00bb][\/et_pb_column][\/et_pb_row][\/et_pb_section][et_pb_section fb_built=\u00bb1&#8243; _builder_version=\u00bb4.16&#8243; custom_padding=\u00bb0px||1px|||\u00bb global_colors_info=\u00bb{}\u00bb][et_pb_row _builder_version=\u00bb4.16&#8243; custom_padding=\u00bb3px||36px|||\u00bb global_colors_info=\u00bb{}\u00bb][et_pb_column type=\u00bb4_4&#8243; _builder_version=\u00bb4.16&#8243; global_colors_info=\u00bb{}\u00bb][et_pb_post_title comments=\u00bboff\u00bb featured_image=\u00bboff\u00bb _builder_version=\u00bb4.20.2&#8243; title_font=\u00bbMontserrat|700|||||||\u00bb title_text_align=\u00bbcenter\u00bb title_text_color=\u00bb#c4d600&#8243; title_font_size=\u00bb54px\u00bb title_line_height=\u00bb1.1em\u00bb meta_font=\u00bbMontserrat||||||||\u00bb meta_text_align=\u00bbcenter\u00bb meta_font_size=\u00bb12px\u00bb custom_margin=\u00bb0px||||false|false\u00bb title_font_size_tablet=\u00bb\u00bb title_font_size_phone=\u00bb30px\u00bb title_font_size_last_edited=\u00bbon|phone\u00bb meta_font_size_tablet=\u00bb\u00bb meta_font_size_phone=\u00bb10px\u00bb meta_font_size_last_edited=\u00bbon|phone\u00bb global_colors_info=\u00bb{}\u00bb][\/et_pb_post_title][\/et_pb_column][\/et_pb_row][\/et_pb_section][et_pb_section fb_built=\u00bb1&#8243; fullwidth=\u00bbon\u00bb _builder_version=\u00bb4.20.2&#8243; global_colors_info=\u00bb{}\u00bb][et_pb_fullwidth_image src=\u00bbhttps:\/\/conectamutual.cl\/bienestar\/wp-content\/uploads\/2023\/11\/Nota-64-Ex-Ante-Banner-Lideres-en-SST.jpg\u00bb title_text=\u00bbNota 64 &#8211; Ex Ante &#8211; Banner Li\u0301deres en SST\u00bb _builder_version=\u00bb4.20.2&#8243; width=\u00bb100%\u00bb module_alignment=\u00bbcenter\u00bb custom_margin=\u00bb|||-143px||\u00bb global_colors_info=\u00bb{}\u00bb][\/et_pb_fullwidth_image][\/et_pb_section][et_pb_section fb_built=\u00bb1&#8243; _builder_version=\u00bb4.16&#8243; custom_padding=\u00bb11px||8px|||\u00bb global_colors_info=\u00bb{}\u00bb][et_pb_row _builder_version=\u00bb4.16&#8243; custom_padding=\u00bb9px||39px|||\u00bb global_colors_info=\u00bb{}\u00bb][et_pb_column type=\u00bb4_4&#8243; _builder_version=\u00bb4.16&#8243; custom_padding=\u00bb|110px||110px|false|false\u00bb custom_padding_tablet=\u00bb\u00bb custom_padding_phone=\u00bb|10px||10px|false|false\u00bb custom_padding_last_edited=\u00bbon|phone\u00bb global_colors_info=\u00bb{}\u00bb][et_pb_text _builder_version=\u00bb4.20.2&#8243; text_font_size=\u00bb17px\u00bb text_line_height=\u00bb2.1em\u00bb ul_line_height=\u00bb2.2em\u00bb ol_line_height=\u00bb2.2em\u00bb header_2_text_color=\u00bb#c4d600&#8243; header_3_line_height=\u00bb1.6em\u00bb custom_margin_tablet=\u00bb\u00bb custom_margin_phone=\u00bb\u00bb custom_margin_last_edited=\u00bbon|phone\u00bb custom_padding=\u00bb36px|0px||0px|false|false\u00bb text_font_size_tablet=\u00bb\u00bb text_font_size_phone=\u00bb16px\u00bb text_font_size_last_edited=\u00bbon|phone\u00bb text_line_height_tablet=\u00bb\u00bb text_line_height_phone=\u00bb1.9em\u00bb text_line_height_last_edited=\u00bbon|phone\u00bb header_2_font_size_tablet=\u00bb\u00bb header_2_font_size_phone=\u00bb23px\u00bb header_2_font_size_last_edited=\u00bbon|phone\u00bb global_colors_info=\u00bb{}\u00bb]<\/p>\n<blockquote>\n<p><span style=\"font-weight: 400;\">Con 57 a\u00f1os de historia, la seguridad y salud laboral han sido elementos fundamentales en el desarrollo de Mutual de Seguridad. Durante sus primeros a\u00f1os, en un contexto de alta siniestralidad, su principal esfuerzo fue garantizar una atenci\u00f3n m\u00e9dica de calidad y oportuna a aquellos trabajadores que sufr\u00edan un accidente laboral y que quedaban desprotegidos. <\/span><\/p>\n<\/blockquote>\n<p><span style=\"font-weight: 400;\">Fue as\u00ed como la cobertura m\u00e9dica se extendi\u00f3 a todo el pa\u00eds con una alta especializaci\u00f3n en el tratamiento del trauma y la rehabilitaci\u00f3n de los trabajadores accidentados, para que pudieran recuperar su salud, su capacidad de trabajo y reintegrarse en el \u00e1mbito socio laboral.<\/span><\/p>\n<p><span style=\"font-weight: 400;\">Paralelamente, la instituci\u00f3n desarroll\u00f3 un intenso trabajo de promoci\u00f3n de una cultura de seguridad entre las empresas adherentes y trabajadores protegidos. Gracias a este enfoque, ha contribuido a mejorar las condiciones laborales y reducir los riesgos de accidentes y enfermedades profesionales de m\u00e1s de 2,2 millones de trabajadores y 100 mil empresas adherentes en Chile.<\/span><\/p>\n<p><span style=\"font-weight: 400;\">Sin embargo, para cumplir con ese prop\u00f3sito la instituci\u00f3n ha tenido que mirar su entorno constantemente y anticiparse a las necesidades que la sociedad requiere, no solo como un actor m\u00e1s del ecosistema de la seguridad social, sino como organizaci\u00f3n sin fines de lucro que tiene conciencia de que administra el Seguro Social contra Accidentes Laborales y Enfermedades profesionales, modelo que ha que ha contribuido al desarrollo y crecimiento del pa\u00eds.<\/span><\/p>\n<p><span style=\"font-weight: 400;\">Justamente esa evaluaci\u00f3n es la que ha definido el rumbo actual que ha tomado la organizaci\u00f3n, as\u00ed lo manifiesta su propio gerente General, Felipe Bunster, \u201cHoy en d\u00eda tenemos que profundizar el principal deber por el cual existimos, me refiero a la seguridad y salud laboral de los trabajadores. Con esa premisa, nuestra estrategia nos moviliza y re-direcciona a convertirnos en l\u00edderes en el \u00e1mbito de la seguridad y salud laboral de Chile, ese es nuestro camino. Mientras sigan existiendo trabajadores que mueren o tienen un accidente grave a causa o con ocasi\u00f3n del trabajo, no existe ning\u00fan incentivo para cambiar nuestras prioridades\u201d.\u00a0<\/span><\/p>\n<p><span style=\"font-weight: 400;\">Esta definici\u00f3n no es casual, ya que, en el contexto de la actualizaci\u00f3n de su plan, Mutual de Seguridad ha centrado su compromiso para el 2025 para ser percibidos como parte activa de la Seguridad Social, entregando un servicio de valor para los trabajadores, empresas e instituciones adherentes dentro de un marco \u00e9tico y de transparencia, condici\u00f3n b\u00e1sica, ya que gestionan recursos que provienen de cotizaciones previsionales.<\/span><\/p>\n<p>[\/et_pb_text][et_pb_image src=\u00bbhttps:\/\/conectamutual.cl\/bienestar\/wp-content\/uploads\/2023\/11\/Nota-64-Ex-Ante-imagen-interior-articulo.jpg\u00bb title_text=\u00bbNota 64 &#8211; Ex Ante &#8211; imagen interior arti\u0301culo\u00bb _builder_version=\u00bb4.20.2&#8243; _module_preset=\u00bbdefault\u00bb global_colors_info=\u00bb{}\u00bb][\/et_pb_image][et_pb_text _builder_version=\u00bb4.20.2&#8243; text_font_size=\u00bb17px\u00bb text_line_height=\u00bb2.1em\u00bb ul_line_height=\u00bb2.2em\u00bb ol_line_height=\u00bb2.2em\u00bb header_2_text_color=\u00bb#c4d600&#8243; header_3_line_height=\u00bb1.6em\u00bb custom_margin_tablet=\u00bb\u00bb custom_margin_phone=\u00bb\u00bb custom_margin_last_edited=\u00bbon|phone\u00bb custom_padding=\u00bb36px|0px||0px|false|false\u00bb text_font_size_tablet=\u00bb\u00bb text_font_size_phone=\u00bb16px\u00bb text_font_size_last_edited=\u00bbon|phone\u00bb text_line_height_tablet=\u00bb\u00bb text_line_height_phone=\u00bb1.9em\u00bb text_line_height_last_edited=\u00bbon|phone\u00bb header_2_font_size_tablet=\u00bb\u00bb header_2_font_size_phone=\u00bb23px\u00bb header_2_font_size_last_edited=\u00bbon|phone\u00bb global_colors_info=\u00bb{}\u00bb]<\/p>\n<h2><b>\u00bfC\u00f3mo se materializa esta visi\u00f3n?<\/b><\/h2>\n<p><span style=\"font-weight: 400;\">El principal camino en esta nueva forma de actuar es <\/span><b>ser l\u00edderes en la reducci\u00f3n de la siniestralidad<\/b><span style=\"font-weight: 400;\">, ya que esta definici\u00f3n permite unir e integrar a toda la organizaci\u00f3n, hablamos de 4500 colaboradores con m\u00e1s de 75 centros de atenci\u00f3n de Arica a Cerro Sombrero, en un solo prop\u00f3sito, que no existan accidentes graves y fatales en el mundo laboral, indistinto el rubro, tama\u00f1o o actividad econ\u00f3mica. \u201cEsta iniciativa tiene un valor sustantivo tanto para empleadores como trabajadores, ya que nos une en un prop\u00f3sito com\u00fan entre todos los actores que intervienen por la protecci\u00f3n de los trabajadores, no solo con la mejor prevenci\u00f3n de riesgos, sino tambi\u00e9n con el mejor tratamiento m\u00e9dico y la calificaci\u00f3n que corresponda\u201d, expresa Felipe Bunster.\u00a0<\/span><\/p>\n<p><span style=\"font-weight: 400;\">Otro \u00e1mbito de acci\u00f3n clave para alcanzar los objetivos de cara al 2025 son las <\/span><b>Experiencias Memorables de Servicio<\/b><span style=\"font-weight: 400;\">, seg\u00fan palabras de su gerente general \u201cLa experiencia que tienen las personas, no solo de aquellos que han sufrido un accidente laboral, sino de todos, empresas y trabajadores que han interactuado o han ocupado alg\u00fan servicio de Mutual de Seguridad siempre deben ser cercanos, confiables y oportunos. Esta experiencia memorable no solo nos permite diferenciarnos como organizaci\u00f3n, sino que le da legitimidad a nuestro quehacer, se convierte en un valor. Queremos transmitir con el ejemplo que la seguridad laboral es un derecho social\u201d, enfatiz\u00f3.<\/span><\/p>\n<p><span style=\"font-weight: 400;\">El otro pilar de trabajo no menos importante y que es clave en la administraci\u00f3n de una prestaci\u00f3n de la seguridad social, hablamos de la <\/span><b>Eficiencia y excelencia operacional. <\/b><span style=\"font-weight: 400;\">\u201cNosotros como organizaci\u00f3n sin fines de lucro, gestionamos recursos que provienen de cotizaciones previsionales y eso nos obliga a tener un compromiso superior con su administraci\u00f3n, por lo que velamos que su uso sea pertinente y adecuado, dentro de un marco \u00e9tico y de transparencia.\u201d, mencion\u00f3 el ejecutivo. Este pilar de trabajo estrat\u00e9gico que gu\u00eda a la instituci\u00f3n desde el prisma de la austeridad, tambi\u00e9n centra sus esfuerzos en fortalecer el control interno y de cumplimiento, tanto normativo como de procesos a nivel organizacional con principios claros en materia de \u00e9tica y gobernanza para la instituci\u00f3n.\u00a0<\/span><\/p>\n<p><span style=\"font-weight: 400;\">\u201cEl mundo del trabajo cambi\u00f3 y va a seguir cambiando todos los d\u00edas, eso nos obliga a estar permanentemente estudiando y observando esos cambios, adaptar nuestros productos, estrategias y servicios para realmente darle el valor que entrega la protecci\u00f3n de los accidentes del trabajo y enfermedades profesionales en el contexto del sistema de seguridad social de nuestro pa\u00eds\u201d, mencion\u00f3 Felipe Bunster, gerente General de Mutual de Seguridad.\u00a0<\/span><\/p>\n<p>[\/et_pb_text][\/et_pb_column][\/et_pb_row][et_pb_row _builder_version=\u00bb4.16&#8243; custom_padding=\u00bb27px|||||\u00bb global_colors_info=\u00bb{}\u00bb][et_pb_column type=\u00bb4_4&#8243; _builder_version=\u00bb4.16&#8243; global_colors_info=\u00bb{}\u00bb][et_pb_text _builder_version=\u00bb4.16&#8243; text_font=\u00bb|700|||||||\u00bb text_text_color=\u00bb#606060&#8243; text_font_size=\u00bb17px\u00bb text_letter_spacing=\u00bb2px\u00bb custom_margin=\u00bb||15px|||\u00bb global_colors_info=\u00bb{}\u00bb]<\/p>\n<p style=\"text-align: center;\">\u00bfQUIERES ACCEDER A M\u00c1S ART\u00cdCULOS COMO \u00c9STE?<\/p>\n<p>[\/et_pb_text][et_pb_button button_url=\u00bbhttps:\/\/conectamutual.cl\/bienestar\/ex-ante\/\u00bb button_text=\u00bbSUSCR\u00cdBETE AQU\u00cd\u00bb button_alignment=\u00bbcenter\u00bb _builder_version=\u00bb4.16&#8243; custom_button=\u00bbon\u00bb button_text_size=\u00bb20px\u00bb button_text_color=\u00bb#ffffff\u00bb button_bg_color=\u00bb#c4d600&#8243; button_border_width=\u00bb8px\u00bb button_border_color=\u00bb#c4d600&#8243; button_border_radius=\u00bb0px\u00bb button_letter_spacing=\u00bb2px\u00bb button_font=\u00bbMontserrat|600||on|||||\u00bb button_icon=\u00bb&#x24;||divi||400&#8243; custom_margin=\u00bb10px|||\u00bb animation_style=\u00bbfade\u00bb global_colors_info=\u00bb{}\u00bb button_text_size__hover_enabled=\u00bboff\u00bb button_one_text_size__hover_enabled=\u00bboff\u00bb button_two_text_size__hover_enabled=\u00bboff\u00bb button_text_color__hover_enabled=\u00bboff\u00bb button_one_text_color__hover_enabled=\u00bboff\u00bb button_two_text_color__hover_enabled=\u00bboff\u00bb button_border_width__hover_enabled=\u00bboff\u00bb button_one_border_width__hover_enabled=\u00bboff\u00bb button_two_border_width__hover_enabled=\u00bboff\u00bb button_border_color__hover_enabled=\u00bboff\u00bb button_one_border_color__hover_enabled=\u00bboff\u00bb button_two_border_color__hover_enabled=\u00bboff\u00bb button_border_radius__hover_enabled=\u00bboff\u00bb button_one_border_radius__hover_enabled=\u00bboff\u00bb button_two_border_radius__hover_enabled=\u00bboff\u00bb button_letter_spacing__hover_enabled=\u00bboff\u00bb button_one_letter_spacing__hover_enabled=\u00bboff\u00bb button_two_letter_spacing__hover_enabled=\u00bboff\u00bb button_bg_color__hover_enabled=\u00bboff\u00bb button_one_bg_color__hover_enabled=\u00bboff\u00bb button_two_bg_color__hover_enabled=\u00bboff\u00bb][\/et_pb_button][\/et_pb_column][\/et_pb_row][et_pb_row disabled_on=\u00bbon|on|on\u00bb _builder_version=\u00bb4.16&#8243; custom_padding=\u00bb50px|||||\u00bb disabled=\u00bbon\u00bb global_colors_info=\u00bb{}\u00bb][et_pb_column type=\u00bb4_4&#8243; _builder_version=\u00bb4.16&#8243; custom_padding_tablet=\u00bb\u00bb custom_padding_phone=\u00bb40px||||false|false\u00bb custom_padding_last_edited=\u00bbon|phone\u00bb global_colors_info=\u00bb{}\u00bb][et_pb_posts_carousel_agsdcm category_id=\u00bb419&#8243; max_title_characters=\u00bb150&#8243; heading_style=\u00bbcustom\u00bb heading_primary=\u00bb\u00daltimos Art\u00edculos\u00bb heading_sub=\u00bb EX-ANTE\u00bb posts_filter_any=\u00bbon\u00bb _builder_version=\u00bb4.16&#8243; header_font=\u00bbMontserrat||||||||\u00bb header_text_color=\u00bb#757575&#8243; header_font_size=\u00bb19px\u00bb subheader_text_color=\u00bb#828282&#8243; title_font=\u00bbMontserrat|700|||||||\u00bb title_text_color=\u00bb#acc601&#8243; border_color_all=\u00bb#cde002&#8243; global_colors_info=\u00bb{}\u00bb][\/et_pb_posts_carousel_agsdcm][\/et_pb_column][\/et_pb_row][\/et_pb_section]<\/p>\n","protected":false},"excerpt":{"rendered":"<p>Con 57 a\u00f1os de historia, la seguridad y salud laboral han sido elementos fundamentales en el desarrollo de Mutual de Seguridad. Durante sus primeros a\u00f1os, en un contexto de alta siniestralidad, su principal esfuerzo fue garantizar una atenci\u00f3n m\u00e9dica de calidad y oportuna a aquellos trabajadores que sufr\u00edan un accidente laboral y que quedaban desprotegidos. [&hellip;]<\/p>\n","protected":false},"author":2,"featured_media":11693,"comment_status":"closed","ping_status":"closed","sticky":false,"template":"","format":"standard","meta":{"_et_pb_use_builder":"on","_et_pb_old_content":"","_et_gb_content_width":"","footnotes":""},"categories":[419],"tags":[],"class_list":["post-11699","post","type-post","status-publish","format-standard","has-post-thumbnail","hentry","category-ex-ante","et-has-post-format-content","et_post_format-et-post-format-standard"],"_links":{"self":[{"href":"https:\/\/conectamutual.cl\/bienestar\/wp-json\/wp\/v2\/posts\/11699","targetHints":{"allow":["GET"]}}],"collection":[{"href":"https:\/\/conectamutual.cl\/bienestar\/wp-json\/wp\/v2\/posts"}],"about":[{"href":"https:\/\/conectamutual.cl\/bienestar\/wp-json\/wp\/v2\/types\/post"}],"author":[{"embeddable":true,"href":"https:\/\/conectamutual.cl\/bienestar\/wp-json\/wp\/v2\/users\/2"}],"replies":[{"embeddable":true,"href":"https:\/\/conectamutual.cl\/bienestar\/wp-json\/wp\/v2\/comments?post=11699"}],"version-history":[{"count":4,"href":"https:\/\/conectamutual.cl\/bienestar\/wp-json\/wp\/v2\/posts\/11699\/revisions"}],"predecessor-version":[{"id":11705,"href":"https:\/\/conectamutual.cl\/bienestar\/wp-json\/wp\/v2\/posts\/11699\/revisions\/11705"}],"wp:featuredmedia":[{"embeddable":true,"href":"https:\/\/conectamutual.cl\/bienestar\/wp-json\/wp\/v2\/media\/11693"}],"wp:attachment":[{"href":"https:\/\/conectamutual.cl\/bienestar\/wp-json\/wp\/v2\/media?parent=11699"}],"wp:term":[{"taxonomy":"category","embeddable":true,"href":"https:\/\/conectamutual.cl\/bienestar\/wp-json\/wp\/v2\/categories?post=11699"},{"taxonomy":"post_tag","embeddable":true,"href":"https:\/\/conectamutual.cl\/bienestar\/wp-json\/wp\/v2\/tags?post=11699"}],"curies":[{"name":"wp","href":"https:\/\/api.w.org\/{rel}","templated":true}]}}