{"id":11773,"date":"2023-12-07T14:37:25","date_gmt":"2023-12-07T17:37:25","guid":{"rendered":"https:\/\/conectamutual.cl\/bienestar\/?p=11773"},"modified":"2023-12-07T17:43:49","modified_gmt":"2023-12-07T20:43:49","slug":"mutual-de-seguridad-impulsa-programa-de-gestion-emocional-para-establecimientos-educacionales","status":"publish","type":"post","link":"https:\/\/conectamutual.cl\/bienestar\/ex-ante\/mutual-de-seguridad-impulsa-programa-de-gestion-emocional-para-establecimientos-educacionales\/","title":{"rendered":"Mutual de Seguridad impulsa Programa de Gesti\u00f3n Emocional para establecimientos educacionales"},"content":{"rendered":"<p>[et_pb_section fb_built=\u00bb1&#8243; _builder_version=\u00bb4.16&#8243; custom_margin=\u00bb||-50px||false|false\u00bb custom_margin_tablet=\u00bb\u00bb custom_margin_phone=\u00bb||0px||false|false\u00bb custom_margin_last_edited=\u00bbon|phone\u00bb custom_padding=\u00bb11px||0px||false|false\u00bb global_colors_info=\u00bb{}\u00bb][et_pb_row disabled_on=\u00bboff|off|off\u00bb _builder_version=\u00bb4.16&#8243; min_height=\u00bb269px\u00bb custom_margin=\u00bb-15px|auto|-190px|auto|false|false\u00bb custom_margin_tablet=\u00bb\u00bb custom_margin_phone=\u00bb\u00bb custom_margin_last_edited=\u00bbon|phone\u00bb custom_padding=\u00bb||0px||false|false\u00bb global_colors_info=\u00bb{}\u00bb][et_pb_column type=\u00bb4_4&#8243; _builder_version=\u00bb4.16&#8243; global_colors_info=\u00bb{}\u00bb][et_pb_image src=\u00bbhttps:\/\/conectamutual.cl\/bienestar\/wp-content\/uploads\/2019\/10\/Logo-Espacio-Mutuo-02.png\u00bb align=\u00bbcenter\u00bb disabled_on=\u00bbon|on|on\u00bb _builder_version=\u00bb4.16&#8243; width=\u00bb83%\u00bb width_tablet=\u00bb\u00bb width_phone=\u00bb22%\u00bb width_last_edited=\u00bbon|phone\u00bb custom_margin=\u00bb15px||-21px||false|false\u00bb disabled=\u00bbon\u00bb global_colors_info=\u00bb{}\u00bb][\/et_pb_image][et_pb_image src=\u00bbhttps:\/\/conectamutual.cl\/bienestar\/wp-content\/uploads\/2019\/10\/Logo-Oficial-Mutual-01.png\u00bb align=\u00bbcenter\u00bb _builder_version=\u00bb4.16&#8243; width=\u00bb100%\u00bb width_tablet=\u00bb\u00bb width_phone=\u00bb80%\u00bb width_last_edited=\u00bbon|phone\u00bb custom_margin=\u00bb10px||10px||true|false\u00bb custom_margin_tablet=\u00bb\u00bb custom_margin_phone=\u00bb10px||13px||false|false\u00bb custom_margin_last_edited=\u00bbon|phone\u00bb custom_padding=\u00bb27px|||||\u00bb global_colors_info=\u00bb{}\u00bb][\/et_pb_image][\/et_pb_column][\/et_pb_row][\/et_pb_section][et_pb_section fb_built=\u00bb1&#8243; _builder_version=\u00bb4.20.2&#8243; _module_preset=\u00bbdefault\u00bb custom_padding=\u00bb||0px|||\u00bb global_colors_info=\u00bb{}\u00bb][et_pb_row _builder_version=\u00bb4.20.2&#8243; _module_preset=\u00bbdefault\u00bb global_colors_info=\u00bb{}\u00bb][et_pb_column type=\u00bb4_4&#8243; _builder_version=\u00bb4.20.2&#8243; _module_preset=\u00bbdefault\u00bb global_colors_info=\u00bb{}\u00bb][et_pb_text _builder_version=\u00bb4.20.2&#8243; _module_preset=\u00bbdefault\u00bb text_font_size=\u00bb26px\u00bb custom_padding=\u00bb50px|||||\u00bb global_colors_info=\u00bb{}\u00bb]<\/p>\n<p style=\"text-align: center;\"><strong>Innovaci\u00f3n:<\/strong><\/p>\n<p>[\/et_pb_text][\/et_pb_column][\/et_pb_row][\/et_pb_section][et_pb_section fb_built=\u00bb1&#8243; _builder_version=\u00bb4.16&#8243; custom_padding=\u00bb0px||1px|||\u00bb global_colors_info=\u00bb{}\u00bb][et_pb_row _builder_version=\u00bb4.16&#8243; custom_padding=\u00bb3px||36px|||\u00bb global_colors_info=\u00bb{}\u00bb][et_pb_column type=\u00bb4_4&#8243; _builder_version=\u00bb4.16&#8243; global_colors_info=\u00bb{}\u00bb][et_pb_post_title comments=\u00bboff\u00bb featured_image=\u00bboff\u00bb _builder_version=\u00bb4.20.2&#8243; title_font=\u00bbMontserrat|700|||||||\u00bb title_text_align=\u00bbcenter\u00bb title_text_color=\u00bb#c4d600&#8243; title_font_size=\u00bb54px\u00bb title_line_height=\u00bb1.1em\u00bb meta_font=\u00bbMontserrat||||||||\u00bb meta_text_align=\u00bbcenter\u00bb meta_font_size=\u00bb12px\u00bb custom_margin=\u00bb0px||||false|false\u00bb title_font_size_tablet=\u00bb\u00bb title_font_size_phone=\u00bb30px\u00bb title_font_size_last_edited=\u00bbon|phone\u00bb meta_font_size_tablet=\u00bb\u00bb meta_font_size_phone=\u00bb10px\u00bb meta_font_size_last_edited=\u00bbon|phone\u00bb global_colors_info=\u00bb{}\u00bb][\/et_pb_post_title][\/et_pb_column][\/et_pb_row][\/et_pb_section][et_pb_section fb_built=\u00bb1&#8243; fullwidth=\u00bbon\u00bb _builder_version=\u00bb4.20.2&#8243; global_colors_info=\u00bb{}\u00bb][et_pb_fullwidth_image src=\u00bbhttps:\/\/conectamutual.cl\/bienestar\/wp-content\/uploads\/2023\/12\/Nota-66-Ex-Ante-Banner-Programa-Gestion-Emocional.jpg\u00bb title_text=\u00bbNota 66 &#8211; Ex Ante &#8211; Banner- Programa Gestio\u0301n Emocional\u00bb _builder_version=\u00bb4.20.2&#8243; width=\u00bb100%\u00bb module_alignment=\u00bbcenter\u00bb custom_margin=\u00bb|||-143px||\u00bb global_colors_info=\u00bb{}\u00bb][\/et_pb_fullwidth_image][\/et_pb_section][et_pb_section fb_built=\u00bb1&#8243; _builder_version=\u00bb4.16&#8243; custom_padding=\u00bb11px||8px|||\u00bb global_colors_info=\u00bb{}\u00bb][et_pb_row _builder_version=\u00bb4.16&#8243; custom_padding=\u00bb9px||39px|||\u00bb global_colors_info=\u00bb{}\u00bb][et_pb_column type=\u00bb4_4&#8243; _builder_version=\u00bb4.16&#8243; custom_padding=\u00bb|110px||110px|false|false\u00bb custom_padding_tablet=\u00bb\u00bb custom_padding_phone=\u00bb|10px||10px|false|false\u00bb custom_padding_last_edited=\u00bbon|phone\u00bb global_colors_info=\u00bb{}\u00bb][et_pb_text _builder_version=\u00bb4.20.2&#8243; text_font_size=\u00bb17px\u00bb text_line_height=\u00bb2.1em\u00bb ul_line_height=\u00bb2.2em\u00bb ol_line_height=\u00bb2.2em\u00bb header_2_text_color=\u00bb#c4d600&#8243; header_3_line_height=\u00bb1.6em\u00bb custom_margin_tablet=\u00bb\u00bb custom_margin_phone=\u00bb\u00bb custom_margin_last_edited=\u00bbon|phone\u00bb custom_padding=\u00bb36px|0px||0px|false|false\u00bb text_font_size_tablet=\u00bb\u00bb text_font_size_phone=\u00bb16px\u00bb text_font_size_last_edited=\u00bbon|phone\u00bb text_line_height_tablet=\u00bb\u00bb text_line_height_phone=\u00bb1.9em\u00bb text_line_height_last_edited=\u00bbon|phone\u00bb header_2_font_size_tablet=\u00bb\u00bb header_2_font_size_phone=\u00bb23px\u00bb header_2_font_size_last_edited=\u00bbon|phone\u00bb global_colors_info=\u00bb{}\u00bb]<\/p>\n<blockquote>\n<p><strong>Innovadora iniciativa busca capacitar a docentes y directivos de colegios en la gesti\u00f3n de contextos adversos:\u00a0 violencia externa, conflictos y todo tipo de desaf\u00edos emocionales en los entornos educativos, con el objetivo de potenciar el bienestar de los equipos educativos.\u00a0<\/strong><\/p>\n<\/blockquote>\n<p><span style=\"font-weight: 400;\">La violencia en los colegios es una realidad cada vez m\u00e1s preocupante. Profesores agredidos, peleas entre alumnos y situaciones de conflicto dentro de las salas de clase, son algunos de los escenarios cada vez m\u00e1s frecuentes. <\/span><span style=\"font-weight: 400;\">Seg\u00fan datos de la Superintendencia de Educaci\u00f3n, en comparaci\u00f3n con 2022, hay un aumento de 69% en la cantidad de denuncias ingresadas por \u2018maltrato a miembros adultos de la comunidad educativa (profesionales y padres o apoderados)\u2019, pasando de 185 a 313.<\/span><\/p>\n<p><span style=\"font-weight: 400;\">Mientras que las denuncias por agresiones hacia personal de establecimientos crecieron en 9% en lo que va de 2023, pasando de 44 a 48 hechos violentos, seg\u00fan datos de la Superintendencia de Educaci\u00f3n.<\/span><\/p>\n<p><span style=\"font-weight: 400;\">Con el objetivo de apoyar al cuerpo acad\u00e9mico en este tipo de situaciones, Mutual de Seguridad impuls\u00f3 un innovador<\/span> <span style=\"font-weight: 400;\">piloto denominado<\/span><b> \u201cPrograma de Gesti\u00f3n Emocional\u201d <\/b><span style=\"font-weight: 400;\">para establecimientos educacionales<\/span><b>.<\/b> <span style=\"font-weight: 400;\">El prop\u00f3sito de esta iniciativa es proporcionar a los profesionales de la educaci\u00f3n herramientas para reconocer, comprender y gestionar sus emociones en situaciones de violencia. A esto se suman recursos emocionales para prevenir conflictos y abordar episodios de violencia de manera efectiva.\u00a0<\/span><\/p>\n<p>[\/et_pb_text][et_pb_image src=\u00bbhttps:\/\/conectamutual.cl\/bienestar\/wp-content\/uploads\/2023\/12\/Nota-66-Foto-interior-1.jpg\u00bb title_text=\u00bbNota 66 &#8211; Foto interior 1&#8243; _builder_version=\u00bb4.20.2&#8243; _module_preset=\u00bbdefault\u00bb width=\u00bb70%\u00bb max_width=\u00bb70%\u00bb min_height=\u00bb358px\u00bb hover_enabled=\u00bb0&#8243; global_colors_info=\u00bb{}\u00bb height=\u00bb357px\u00bb max_height=\u00bb357px\u00bb sticky_enabled=\u00bb0&#8243;][\/et_pb_image][et_pb_text _builder_version=\u00bb4.20.2&#8243; text_font_size=\u00bb17px\u00bb text_line_height=\u00bb2.1em\u00bb ul_line_height=\u00bb2.2em\u00bb ol_line_height=\u00bb2.2em\u00bb header_2_text_color=\u00bb#c4d600&#8243; header_3_line_height=\u00bb1.6em\u00bb custom_margin_tablet=\u00bb\u00bb custom_margin_phone=\u00bb\u00bb custom_margin_last_edited=\u00bbon|phone\u00bb custom_padding=\u00bb36px|0px||0px|false|false\u00bb text_font_size_tablet=\u00bb\u00bb text_font_size_phone=\u00bb16px\u00bb text_font_size_last_edited=\u00bbon|phone\u00bb text_line_height_tablet=\u00bb\u00bb text_line_height_phone=\u00bb1.9em\u00bb text_line_height_last_edited=\u00bbon|phone\u00bb header_2_font_size_tablet=\u00bb\u00bb header_2_font_size_phone=\u00bb23px\u00bb header_2_font_size_last_edited=\u00bbon|phone\u00bb global_colors_info=\u00bb{}\u00bb]<\/p>\n<p><span style=\"font-weight: 400;\">Este proyecto busca capacitar, adem\u00e1s, a los l\u00edderes de los establecimientos educacionales, como directores e inspectores, con herramientas para gestionar eficazmente contextos adversos y proteger la seguridad emocional y bienestar de todo el equipo educativo.\u00a0<\/span><\/p>\n<p><span style=\"font-weight: 400;\">Carla Mariman, gerente de Instituciones P\u00fablicas de Mutual de Seguridad, destaca que el programa \u201ces fundamental para brindar <\/span><span style=\"font-weight: 400;\">apoyo a actores estrat\u00e9gicos <\/span><span style=\"font-weight: 400;\">como los profesores. Nuestra meta es ir m\u00e1s all\u00e1 del diagn\u00f3stico, entregando herramientas para enfrentar esta coyuntura. La asesor\u00eda se enfoca en mejorar las capacidades de gesti\u00f3n emocional en la organizaci\u00f3n, desarrollando estrategias preventivas. Queremos que los establecimientos, tanto equipos directivos como docentes, cuenten con las capacidades necesarias para prevenir y abordar esta situaci\u00f3n, priorizando la salud mental e integridad f\u00edsica de la comunidad educativa\u201d.<\/span><\/p>\n<p>[\/et_pb_text][et_pb_image src=\u00bbhttps:\/\/conectamutual.cl\/bienestar\/wp-content\/uploads\/2023\/12\/Nota-66-Foto-interior-2.jpg\u00bb title_text=\u00bbNota 66 &#8211; Foto interior 2&#8243; _builder_version=\u00bb4.20.2&#8243; _module_preset=\u00bbdefault\u00bb width=\u00bb70%\u00bb min_height=\u00bb370px\u00bb hover_enabled=\u00bb0&#8243; global_colors_info=\u00bb{}\u00bb max_width=\u00bb72%\u00bb height=\u00bb370px\u00bb max_height=\u00bb370px\u00bb sticky_enabled=\u00bb0&#8243;][\/et_pb_image][et_pb_text _builder_version=\u00bb4.20.2&#8243; text_font_size=\u00bb17px\u00bb text_line_height=\u00bb2.1em\u00bb ul_line_height=\u00bb2.2em\u00bb ol_line_height=\u00bb2.2em\u00bb header_2_text_color=\u00bb#c4d600&#8243; header_3_line_height=\u00bb1.6em\u00bb custom_margin_tablet=\u00bb\u00bb custom_margin_phone=\u00bb\u00bb custom_margin_last_edited=\u00bbon|phone\u00bb custom_padding=\u00bb36px|0px||0px|false|false\u00bb text_font_size_tablet=\u00bb\u00bb text_font_size_phone=\u00bb16px\u00bb text_font_size_last_edited=\u00bbon|phone\u00bb text_line_height_tablet=\u00bb\u00bb text_line_height_phone=\u00bb1.9em\u00bb text_line_height_last_edited=\u00bbon|phone\u00bb header_2_font_size_tablet=\u00bb\u00bb header_2_font_size_phone=\u00bb23px\u00bb header_2_font_size_last_edited=\u00bbon|phone\u00bb global_colors_info=\u00bb{}\u00bb]<\/p>\n<h2><b>Gesti\u00f3n emocional, una mirada integral<\/b><\/h2>\n<p><span style=\"font-weight: 400;\">La participaci\u00f3n significativa de docentes y directivos en este programa refleja el compromiso y la receptividad de los diferentes equipos, quienes adem\u00e1s vieron en estos talleres y capacitaciones una mirada m\u00e1s integral de la gesti\u00f3n emocional en los establecimientos educacionales.<\/span><\/p>\n<p><span style=\"font-weight: 400;\">\u00abLa capacitaci\u00f3n en gesti\u00f3n emocional beneficia a los educadores al proporcionarles herramientas para entender y manejar sus propias emociones, lo que nos permite responder de manera m\u00e1s efectiva a las necesidades emocionales de nuestros estudiantes. Esto contribuye a un ambiente de aprendizaje m\u00e1s positivo y favorece el desarrollo socioemocional de los alumnos. Adem\u00e1s, ayuda a los acad\u00e9micos a lidiar con el estr\u00e9s y mejorar la comunicaci\u00f3n en el aula, promoviendo as\u00ed un entorno educativo m\u00e1s saludable y productivo\u00bb, se\u00f1al\u00f3 Mariela Andrea Dur\u00e1n, directora del Liceo Dr. Alejandro del R\u00edo de la comuna de La Granja.<\/span><span style=\"font-weight: 400;\"><br \/><\/span><span style=\"font-weight: 400;\"><\/span><\/p>\n<p><span style=\"font-weight: 400;\">Por su parte, Claudio Rom\u00e1n Far\u00edas, profesor del Liceo polivalente de Los H\u00e9roes de la Concepci\u00f3n, agradeci\u00f3 la experiencia afirmando su importancia para construir el futuro. \u201cEsta iniciativa me ayud\u00f3 a generar espacios seguros para promover la comunicaci\u00f3n y validaci\u00f3n de las emociones de mis estudiantes. Tambi\u00e9n a gestionar habilidades emocionales durante el desarrollo de mis clases y a manejar situaciones de conflicto de manera en que todos se sientan escuchados\u00bb.<\/span><\/p>\n<p>[\/et_pb_text][et_pb_image src=\u00bbhttps:\/\/conectamutual.cl\/bienestar\/wp-content\/uploads\/2023\/12\/Nota-66-Foto-interior-3.jpg\u00bb title_text=\u00bbNota 66 &#8211; Foto interior 3&#8243; _builder_version=\u00bb4.20.2&#8243; _module_preset=\u00bbdefault\u00bb width=\u00bb60%\u00bb min_height=\u00bb358px\u00bb hover_enabled=\u00bb0&#8243; global_colors_info=\u00bb{}\u00bb sticky_enabled=\u00bb0&#8243; max_height=\u00bb358px\u00bb height=\u00bb361px\u00bb max_width=\u00bb60%\u00bb][\/et_pb_image][et_pb_text _builder_version=\u00bb4.20.2&#8243; text_font_size=\u00bb17px\u00bb text_line_height=\u00bb2.1em\u00bb ul_line_height=\u00bb2.2em\u00bb ol_line_height=\u00bb2.2em\u00bb header_2_text_color=\u00bb#c4d600&#8243; header_3_line_height=\u00bb1.6em\u00bb custom_margin_tablet=\u00bb\u00bb custom_margin_phone=\u00bb\u00bb custom_margin_last_edited=\u00bbon|phone\u00bb custom_padding=\u00bb36px|0px|32px|0px|false|false\u00bb text_font_size_tablet=\u00bb\u00bb text_font_size_phone=\u00bb16px\u00bb text_font_size_last_edited=\u00bbon|phone\u00bb text_line_height_tablet=\u00bb\u00bb text_line_height_phone=\u00bb1.9em\u00bb text_line_height_last_edited=\u00bbon|phone\u00bb header_2_font_size_tablet=\u00bb\u00bb header_2_font_size_phone=\u00bb23px\u00bb header_2_font_size_last_edited=\u00bbon|phone\u00bb global_colors_info=\u00bb{}\u00bb]<\/p>\n<h2><b>Una iniciativa que busca expandirse\u00a0<\/b><\/h2>\n<p><span style=\"font-weight: 400;\">La fase inicial del programa cont\u00f3 con la participaci\u00f3n de colegios pertenecientes a los Servicios Locales de Educaci\u00f3n P\u00fablica (SLEP) Barrancas y Gabriela Mistral, los cuales fueron representados por 28 docentes y 17 directivos e inspectores.\u00a0<\/span><\/p>\n<p><span style=\"font-weight: 400;\">Durante esta etapa piloto se presentaron seis proyectos integrales desarrollados por docentes y directivos, proponiendo intervenciones en gesti\u00f3n emocional para sus respectivos establecimientos, con planificaci\u00f3n de su implementaci\u00f3n en el pr\u00f3ximo a\u00f1o acad\u00e9mico, mejorando y expandiendo esta iniciativa.<\/span><\/p>\n<p><span style=\"font-weight: 400;\">\u201cPara nosotros fue muy importante haber participado en este proyecto, porque el desarrollo de las habilidades socioemocionales es un aspecto que no se trabaja mucho en el \u00e1mbito educacional. Este proyecto es novedoso, desde el punto de vista de la formaci\u00f3n es importante porque aclara muchos contenidos. Esto va a ayudar a que los profesores puedan entender y entregarles consejos a los estudiantes, enfrentar las dificultades, saber asesorar a los estudiantes frente alguna emoci\u00f3n\u201d, destac\u00f3 Pablo Araya, director del Servicio Local de Educaci\u00f3n P\u00fablica (SLEP) Gabriela Mistral.<\/span><\/p>\n<p><span style=\"font-weight: 400;\">Aunque este proyecto comenz\u00f3 como un piloto, el objetivo es expandir esta iniciativa a m\u00e1s establecimientos educacionales adherentes durante el pr\u00f3ximo a\u00f1o. Un programa que refleja el compromiso de Mutual de Seguridad con la salud mental y el bienestar de los profesionales de la educaci\u00f3n, brindando herramientas esenciales para enfrentar los desaf\u00edos emocionales en los entornos educativos.<\/span><\/p>\n<p>[\/et_pb_text][et_pb_image src=\u00bbhttps:\/\/conectamutual.cl\/bienestar\/wp-content\/uploads\/2023\/12\/Nota-66-Foto-interior-4.jpg\u00bb title_text=\u00bbNota 66 &#8211; Foto interior 4&#8243; _builder_version=\u00bb4.20.2&#8243; _module_preset=\u00bbdefault\u00bb width=\u00bb62%\u00bb max_width=\u00bb62%\u00bb min_height=\u00bb402px\u00bb hover_enabled=\u00bb0&#8243; global_colors_info=\u00bb{}\u00bb height=\u00bb404px\u00bb max_height=\u00bb402px\u00bb sticky_enabled=\u00bb0&#8243;][\/et_pb_image][\/et_pb_column][\/et_pb_row][et_pb_row _builder_version=\u00bb4.16&#8243; custom_padding=\u00bb27px|||||\u00bb global_colors_info=\u00bb{}\u00bb][et_pb_column type=\u00bb4_4&#8243; _builder_version=\u00bb4.16&#8243; global_colors_info=\u00bb{}\u00bb][et_pb_text _builder_version=\u00bb4.16&#8243; text_font=\u00bb|700|||||||\u00bb text_text_color=\u00bb#606060&#8243; text_font_size=\u00bb17px\u00bb text_letter_spacing=\u00bb2px\u00bb custom_margin=\u00bb||15px|||\u00bb global_colors_info=\u00bb{}\u00bb]<\/p>\n<p style=\"text-align: center;\">\u00bfQUIERES ACCEDER A M\u00c1S ART\u00cdCULOS COMO \u00c9STE?<\/p>\n<p>[\/et_pb_text][et_pb_button button_url=\u00bbhttps:\/\/conectamutual.cl\/bienestar\/ex-ante\/\u00bb button_text=\u00bbSUSCR\u00cdBETE AQU\u00cd\u00bb button_alignment=\u00bbcenter\u00bb _builder_version=\u00bb4.16&#8243; custom_button=\u00bbon\u00bb button_text_size=\u00bb20px\u00bb button_text_color=\u00bb#ffffff\u00bb button_bg_color=\u00bb#c4d600&#8243; button_border_width=\u00bb8px\u00bb button_border_color=\u00bb#c4d600&#8243; button_border_radius=\u00bb0px\u00bb button_letter_spacing=\u00bb2px\u00bb button_font=\u00bbMontserrat|600||on|||||\u00bb button_icon=\u00bb&#x24;||divi||400&#8243; custom_margin=\u00bb10px|||\u00bb animation_style=\u00bbfade\u00bb global_colors_info=\u00bb{}\u00bb button_text_size__hover_enabled=\u00bboff\u00bb button_one_text_size__hover_enabled=\u00bboff\u00bb button_two_text_size__hover_enabled=\u00bboff\u00bb button_text_color__hover_enabled=\u00bboff\u00bb button_one_text_color__hover_enabled=\u00bboff\u00bb button_two_text_color__hover_enabled=\u00bboff\u00bb button_border_width__hover_enabled=\u00bboff\u00bb button_one_border_width__hover_enabled=\u00bboff\u00bb button_two_border_width__hover_enabled=\u00bboff\u00bb button_border_color__hover_enabled=\u00bboff\u00bb button_one_border_color__hover_enabled=\u00bboff\u00bb button_two_border_color__hover_enabled=\u00bboff\u00bb button_border_radius__hover_enabled=\u00bboff\u00bb button_one_border_radius__hover_enabled=\u00bboff\u00bb button_two_border_radius__hover_enabled=\u00bboff\u00bb button_letter_spacing__hover_enabled=\u00bboff\u00bb button_one_letter_spacing__hover_enabled=\u00bboff\u00bb button_two_letter_spacing__hover_enabled=\u00bboff\u00bb button_bg_color__hover_enabled=\u00bboff\u00bb button_one_bg_color__hover_enabled=\u00bboff\u00bb button_two_bg_color__hover_enabled=\u00bboff\u00bb][\/et_pb_button][\/et_pb_column][\/et_pb_row][et_pb_row disabled_on=\u00bbon|on|on\u00bb _builder_version=\u00bb4.16&#8243; custom_padding=\u00bb50px|||||\u00bb disabled=\u00bbon\u00bb global_colors_info=\u00bb{}\u00bb][et_pb_column type=\u00bb4_4&#8243; _builder_version=\u00bb4.16&#8243; custom_padding_tablet=\u00bb\u00bb custom_padding_phone=\u00bb40px||||false|false\u00bb custom_padding_last_edited=\u00bbon|phone\u00bb global_colors_info=\u00bb{}\u00bb][et_pb_posts_carousel_agsdcm category_id=\u00bb419&#8243; max_title_characters=\u00bb150&#8243; heading_style=\u00bbcustom\u00bb heading_primary=\u00bb\u00daltimos Art\u00edculos\u00bb heading_sub=\u00bb EX-ANTE\u00bb posts_filter_any=\u00bbon\u00bb _builder_version=\u00bb4.16&#8243; header_font=\u00bbMontserrat||||||||\u00bb header_text_color=\u00bb#757575&#8243; header_font_size=\u00bb19px\u00bb subheader_text_color=\u00bb#828282&#8243; title_font=\u00bbMontserrat|700|||||||\u00bb title_text_color=\u00bb#acc601&#8243; border_color_all=\u00bb#cde002&#8243; global_colors_info=\u00bb{}\u00bb][\/et_pb_posts_carousel_agsdcm][\/et_pb_column][\/et_pb_row][\/et_pb_section]<\/p>\n","protected":false},"excerpt":{"rendered":"<p>Innovaci\u00f3n:Innovadora iniciativa busca capacitar a docentes y directivos de colegios en la gesti\u00f3n de contextos adversos:\u00a0 violencia externa, conflictos y todo tipo de desaf\u00edos emocionales en los entornos educativos, con el objetivo de potenciar el bienestar de los equipos educativos.\u00a0 La violencia en los colegios es una realidad cada vez m\u00e1s preocupante. Profesores agredidos, peleas [&hellip;]<\/p>\n","protected":false},"author":2,"featured_media":11776,"comment_status":"closed","ping_status":"closed","sticky":false,"template":"","format":"standard","meta":{"_et_pb_use_builder":"on","_et_pb_old_content":"","_et_gb_content_width":"","footnotes":""},"categories":[419],"tags":[],"class_list":["post-11773","post","type-post","status-publish","format-standard","has-post-thumbnail","hentry","category-ex-ante","et-has-post-format-content","et_post_format-et-post-format-standard"],"_links":{"self":[{"href":"https:\/\/conectamutual.cl\/bienestar\/wp-json\/wp\/v2\/posts\/11773","targetHints":{"allow":["GET"]}}],"collection":[{"href":"https:\/\/conectamutual.cl\/bienestar\/wp-json\/wp\/v2\/posts"}],"about":[{"href":"https:\/\/conectamutual.cl\/bienestar\/wp-json\/wp\/v2\/types\/post"}],"author":[{"embeddable":true,"href":"https:\/\/conectamutual.cl\/bienestar\/wp-json\/wp\/v2\/users\/2"}],"replies":[{"embeddable":true,"href":"https:\/\/conectamutual.cl\/bienestar\/wp-json\/wp\/v2\/comments?post=11773"}],"version-history":[{"count":16,"href":"https:\/\/conectamutual.cl\/bienestar\/wp-json\/wp\/v2\/posts\/11773\/revisions"}],"predecessor-version":[{"id":11810,"href":"https:\/\/conectamutual.cl\/bienestar\/wp-json\/wp\/v2\/posts\/11773\/revisions\/11810"}],"wp:featuredmedia":[{"embeddable":true,"href":"https:\/\/conectamutual.cl\/bienestar\/wp-json\/wp\/v2\/media\/11776"}],"wp:attachment":[{"href":"https:\/\/conectamutual.cl\/bienestar\/wp-json\/wp\/v2\/media?parent=11773"}],"wp:term":[{"taxonomy":"category","embeddable":true,"href":"https:\/\/conectamutual.cl\/bienestar\/wp-json\/wp\/v2\/categories?post=11773"},{"taxonomy":"post_tag","embeddable":true,"href":"https:\/\/conectamutual.cl\/bienestar\/wp-json\/wp\/v2\/tags?post=11773"}],"curies":[{"name":"wp","href":"https:\/\/api.w.org\/{rel}","templated":true}]}}