{"id":11785,"date":"2023-12-07T16:46:27","date_gmt":"2023-12-07T19:46:27","guid":{"rendered":"https:\/\/conectamutual.cl\/bienestar\/?p=11785"},"modified":"2023-12-07T16:51:55","modified_gmt":"2023-12-07T19:51:55","slug":"el-61-de-las-personas-siente-que-no-logra-desconectarse-del-trabajo-durante-sus-dias-de-vacaciones","status":"publish","type":"post","link":"https:\/\/conectamutual.cl\/bienestar\/ex-ante\/el-61-de-las-personas-siente-que-no-logra-desconectarse-del-trabajo-durante-sus-dias-de-vacaciones\/","title":{"rendered":"El 61% de las personas siente que no logra desconectarse del trabajo durante sus d\u00edas de vacaciones"},"content":{"rendered":"<p>[et_pb_section fb_built=\u00bb1&#8243; _builder_version=\u00bb4.16&#8243; custom_margin=\u00bb||-50px||false|false\u00bb custom_margin_tablet=\u00bb\u00bb custom_margin_phone=\u00bb||0px||false|false\u00bb custom_margin_last_edited=\u00bbon|phone\u00bb custom_padding=\u00bb11px||0px||false|false\u00bb global_colors_info=\u00bb{}\u00bb][et_pb_row disabled_on=\u00bboff|off|off\u00bb _builder_version=\u00bb4.16&#8243; min_height=\u00bb269px\u00bb custom_margin=\u00bb-15px|auto|-190px|auto|false|false\u00bb custom_margin_tablet=\u00bb\u00bb custom_margin_phone=\u00bb\u00bb custom_margin_last_edited=\u00bbon|phone\u00bb custom_padding=\u00bb||0px||false|false\u00bb global_colors_info=\u00bb{}\u00bb][et_pb_column type=\u00bb4_4&#8243; _builder_version=\u00bb4.16&#8243; global_colors_info=\u00bb{}\u00bb][et_pb_image src=\u00bbhttps:\/\/conectamutual.cl\/bienestar\/wp-content\/uploads\/2019\/10\/Logo-Espacio-Mutuo-02.png\u00bb align=\u00bbcenter\u00bb disabled_on=\u00bbon|on|on\u00bb _builder_version=\u00bb4.16&#8243; width=\u00bb83%\u00bb width_tablet=\u00bb\u00bb width_phone=\u00bb22%\u00bb width_last_edited=\u00bbon|phone\u00bb custom_margin=\u00bb15px||-21px||false|false\u00bb disabled=\u00bbon\u00bb global_colors_info=\u00bb{}\u00bb][\/et_pb_image][et_pb_image src=\u00bbhttps:\/\/conectamutual.cl\/bienestar\/wp-content\/uploads\/2019\/10\/Logo-Oficial-Mutual-01.png\u00bb align=\u00bbcenter\u00bb _builder_version=\u00bb4.16&#8243; width=\u00bb100%\u00bb width_tablet=\u00bb\u00bb width_phone=\u00bb80%\u00bb width_last_edited=\u00bbon|phone\u00bb custom_margin=\u00bb10px||10px||true|false\u00bb custom_margin_tablet=\u00bb\u00bb custom_margin_phone=\u00bb10px||13px||false|false\u00bb custom_margin_last_edited=\u00bbon|phone\u00bb custom_padding=\u00bb27px|||||\u00bb global_colors_info=\u00bb{}\u00bb][\/et_pb_image][\/et_pb_column][\/et_pb_row][\/et_pb_section][et_pb_section fb_built=\u00bb1&#8243; _builder_version=\u00bb4.20.2&#8243; _module_preset=\u00bbdefault\u00bb custom_padding=\u00bb||0px|||\u00bb global_colors_info=\u00bb{}\u00bb][et_pb_row _builder_version=\u00bb4.20.2&#8243; _module_preset=\u00bbdefault\u00bb global_colors_info=\u00bb{}\u00bb][et_pb_column type=\u00bb4_4&#8243; _builder_version=\u00bb4.20.2&#8243; _module_preset=\u00bbdefault\u00bb global_colors_info=\u00bb{}\u00bb][et_pb_text _builder_version=\u00bb4.20.2&#8243; _module_preset=\u00bbdefault\u00bb text_font_size=\u00bb26px\u00bb custom_padding=\u00bb50px|||||\u00bb hover_enabled=\u00bb0&#8243; global_colors_info=\u00bb{}\u00bb sticky_enabled=\u00bb0&#8243;]<\/p>\n<p style=\"text-align: center;\"><strong>Radiograf\u00eda de las Vacaciones de Trabajadores Chilenos 2023<\/strong><\/p>\n<p>[\/et_pb_text][\/et_pb_column][\/et_pb_row][\/et_pb_section][et_pb_section fb_built=\u00bb1&#8243; _builder_version=\u00bb4.16&#8243; custom_padding=\u00bb0px||1px|||\u00bb global_colors_info=\u00bb{}\u00bb][et_pb_row _builder_version=\u00bb4.16&#8243; custom_padding=\u00bb3px||36px|||\u00bb global_colors_info=\u00bb{}\u00bb][et_pb_column type=\u00bb4_4&#8243; _builder_version=\u00bb4.16&#8243; global_colors_info=\u00bb{}\u00bb][et_pb_post_title comments=\u00bboff\u00bb featured_image=\u00bboff\u00bb _builder_version=\u00bb4.20.2&#8243; title_font=\u00bbMontserrat|700|||||||\u00bb title_text_align=\u00bbcenter\u00bb title_text_color=\u00bb#c4d600&#8243; title_font_size=\u00bb54px\u00bb title_line_height=\u00bb1.1em\u00bb meta_font=\u00bbMontserrat||||||||\u00bb meta_text_align=\u00bbcenter\u00bb meta_font_size=\u00bb12px\u00bb custom_margin=\u00bb0px||||false|false\u00bb title_font_size_tablet=\u00bb\u00bb title_font_size_phone=\u00bb30px\u00bb title_font_size_last_edited=\u00bbon|phone\u00bb meta_font_size_tablet=\u00bb\u00bb meta_font_size_phone=\u00bb10px\u00bb meta_font_size_last_edited=\u00bbon|phone\u00bb global_colors_info=\u00bb{}\u00bb][\/et_pb_post_title][\/et_pb_column][\/et_pb_row][\/et_pb_section][et_pb_section fb_built=\u00bb1&#8243; fullwidth=\u00bbon\u00bb _builder_version=\u00bb4.20.2&#8243; global_colors_info=\u00bb{}\u00bb][et_pb_fullwidth_image src=\u00bbhttps:\/\/conectamutual.cl\/bienestar\/wp-content\/uploads\/2023\/12\/Nota-67-Ex-Ante-Banner-Estudio-Vacaciones.jpg\u00bb title_text=\u00bbNota 67 &#8211; Ex Ante &#8211; Banner &#8211; Estudio Vacaciones\u00bb _builder_version=\u00bb4.20.2&#8243; width=\u00bb100%\u00bb module_alignment=\u00bbcenter\u00bb custom_margin=\u00bb|||-143px||\u00bb hover_enabled=\u00bb0&#8243; global_colors_info=\u00bb{}\u00bb sticky_enabled=\u00bb0&#8243;][\/et_pb_fullwidth_image][\/et_pb_section][et_pb_section fb_built=\u00bb1&#8243; _builder_version=\u00bb4.16&#8243; custom_padding=\u00bb11px||8px|||\u00bb global_colors_info=\u00bb{}\u00bb][et_pb_row _builder_version=\u00bb4.16&#8243; custom_padding=\u00bb9px||39px|||\u00bb global_colors_info=\u00bb{}\u00bb][et_pb_column type=\u00bb4_4&#8243; _builder_version=\u00bb4.16&#8243; custom_padding=\u00bb|110px||110px|false|false\u00bb custom_padding_tablet=\u00bb\u00bb custom_padding_phone=\u00bb|10px||10px|false|false\u00bb custom_padding_last_edited=\u00bbon|phone\u00bb global_colors_info=\u00bb{}\u00bb][et_pb_text _builder_version=\u00bb4.20.2&#8243; text_font_size=\u00bb17px\u00bb text_line_height=\u00bb2.1em\u00bb ul_line_height=\u00bb2.2em\u00bb ol_line_height=\u00bb2.2em\u00bb header_2_text_color=\u00bb#c4d600&#8243; header_3_line_height=\u00bb1.6em\u00bb custom_margin_tablet=\u00bb\u00bb custom_margin_phone=\u00bb\u00bb custom_margin_last_edited=\u00bbon|phone\u00bb custom_padding=\u00bb36px|0px||0px|false|false\u00bb hover_enabled=\u00bb0&#8243; text_font_size_tablet=\u00bb\u00bb text_font_size_phone=\u00bb16px\u00bb text_font_size_last_edited=\u00bbon|phone\u00bb text_line_height_tablet=\u00bb\u00bb text_line_height_phone=\u00bb1.9em\u00bb text_line_height_last_edited=\u00bbon|phone\u00bb header_2_font_size_tablet=\u00bb\u00bb header_2_font_size_phone=\u00bb23px\u00bb header_2_font_size_last_edited=\u00bbon|phone\u00bb global_colors_info=\u00bb{}\u00bb sticky_enabled=\u00bb0&#8243;]<\/p>\n<blockquote>\n<p><strong>Seg\u00fan la 4ta versi\u00f3n del estudio de Mutual de Seguridad, el 42% de los trabajadores tomar\u00e1n este a\u00f1o dos semanas de las semanas legales, mientras que solo un 20% optar\u00e1 por tres semanas. En cuanto al verano que se avecina, un 55% contempla tomarse d\u00edas libres, y quienes no lo har\u00e1n, fundamentalmente, es por temas econ\u00f3micos (46%).<\/strong><\/p>\n<\/blockquote>\n<p><span style=\"font-weight: 400;\">Disminuir los niveles de estr\u00e9s, alcanzar la tranquilidad mental y sentirse motivado, creativo y con m\u00e1s energ\u00eda, son algunos de los beneficios que deja en las personas tomar vacaciones regularmente. Para entender cu\u00e1n importante es esta \u00e9poca del a\u00f1o para los chilenos, que generalmente est\u00e1 asociada al verano, y cu\u00e1les son sus preocupaciones y expectativas al respecto, Mutual de Seguridad desarroll\u00f3 por cuarto a\u00f1o la Radiograf\u00eda de las Vacaciones de Trabajadores Chilenos.\u00a0<\/span><\/p>\n<p><span style=\"font-weight: 400;\">Este estudio fue realizado durante noviembre a hombres y mujeres entre 18 y 54 a\u00f1os, habitantes de la zona norte, sur y centro del pa\u00eds. Uno de los principales hallazgos es que el 61% de las personas declara que no logra una desconexi\u00f3n total del trabajo en sus vacaciones. De este porcentaje, el 23% responde que sigue altamente conectado con su trabajo en este per\u00edodo de descanso.\u00a0<\/span><\/p>\n<p>[\/et_pb_text][et_pb_image src=\u00bbhttps:\/\/conectamutual.cl\/bienestar\/wp-content\/uploads\/2023\/12\/Nota-67-Foto-interior-1.jpg\u00bb title_text=\u00bbNota 67 &#8211; Foto interior 1&#8243; _builder_version=\u00bb4.20.2&#8243; _module_preset=\u00bbdefault\u00bb hover_enabled=\u00bb0&#8243; global_colors_info=\u00bb{}\u00bb sticky_enabled=\u00bb0&#8243;][\/et_pb_image][et_pb_text _builder_version=\u00bb4.20.2&#8243; text_font_size=\u00bb17px\u00bb text_line_height=\u00bb2.1em\u00bb ul_line_height=\u00bb2.2em\u00bb ol_line_height=\u00bb2.2em\u00bb header_2_text_color=\u00bb#c4d600&#8243; header_3_line_height=\u00bb1.6em\u00bb custom_margin_tablet=\u00bb\u00bb custom_margin_phone=\u00bb\u00bb custom_margin_last_edited=\u00bbon|phone\u00bb custom_padding=\u00bb36px|0px||0px|false|false\u00bb hover_enabled=\u00bb0&#8243; text_font_size_tablet=\u00bb\u00bb text_font_size_phone=\u00bb16px\u00bb text_font_size_last_edited=\u00bbon|phone\u00bb text_line_height_tablet=\u00bb\u00bb text_line_height_phone=\u00bb1.9em\u00bb text_line_height_last_edited=\u00bbon|phone\u00bb header_2_font_size_tablet=\u00bb\u00bb header_2_font_size_phone=\u00bb23px\u00bb header_2_font_size_last_edited=\u00bbon|phone\u00bb global_colors_info=\u00bb{}\u00bb sticky_enabled=\u00bb0&#8243;]<\/p>\n<p><span style=\"font-weight: 400;\">No hay que olvidar que las vacaciones son un tiempo de recreaci\u00f3n y una gran oportunidad para refrescar la mente con nuevos temas, personas y actividades, por lo que la duraci\u00f3n de estas se vuelve muy relevante.\u00a0<\/span><\/p>\n<p><span style=\"font-weight: 400;\">Entre las preferencias de los trabajadores, el periodo m\u00e1s popular este a\u00f1o es el de dos semanas, con un 42%, versus un 35,3% durante 2022. El siguiente m\u00e1s solicitado es el de una semana, con 21% (en 2022 fue de 25%), y en tercer lugar est\u00e1n las tres semanas, con 20% (en 2022 fue similar, con 20%).\u00a0\u00a0\u00a0<\/span><\/p>\n<p>[\/et_pb_text][et_pb_image src=\u00bbhttps:\/\/conectamutual.cl\/bienestar\/wp-content\/uploads\/2023\/12\/Nota-67-Foto-interior-2.jpg\u00bb title_text=\u00bbNota 67 &#8211; Foto interior 2&#8243; _builder_version=\u00bb4.20.2&#8243; _module_preset=\u00bbdefault\u00bb hover_enabled=\u00bb0&#8243; global_colors_info=\u00bb{}\u00bb sticky_enabled=\u00bb0&#8243;][\/et_pb_image][et_pb_text _builder_version=\u00bb4.20.2&#8243; text_font_size=\u00bb17px\u00bb text_line_height=\u00bb2.1em\u00bb ul_line_height=\u00bb2.2em\u00bb ol_line_height=\u00bb2.2em\u00bb header_2_text_color=\u00bb#c4d600&#8243; header_3_line_height=\u00bb1.6em\u00bb custom_margin_tablet=\u00bb\u00bb custom_margin_phone=\u00bb\u00bb custom_margin_last_edited=\u00bbon|phone\u00bb custom_padding=\u00bb36px|0px||0px|false|false\u00bb hover_enabled=\u00bb0&#8243; text_font_size_tablet=\u00bb\u00bb text_font_size_phone=\u00bb16px\u00bb text_font_size_last_edited=\u00bbon|phone\u00bb text_line_height_tablet=\u00bb\u00bb text_line_height_phone=\u00bb1.9em\u00bb text_line_height_last_edited=\u00bbon|phone\u00bb header_2_font_size_tablet=\u00bb\u00bb header_2_font_size_phone=\u00bb23px\u00bb header_2_font_size_last_edited=\u00bbon|phone\u00bb global_colors_info=\u00bb{}\u00bb sticky_enabled=\u00bb0&#8243;]<\/p>\n<p><span style=\"font-weight: 400;\">En esa misma l\u00ednea, esta Radiograf\u00eda arroja que un 78,8% de los trabajadores asegura que los d\u00edas de descanso tuvieron un efecto positivo en su salud y bienestar. Con respecto al a\u00f1o anterior, esa cifra subi\u00f3 un 2%.\u00a0<\/span><\/p>\n<p><span style=\"font-weight: 400;\">\u201cEste estudio nos muestra que hoy los trabajadores nos encontramos m\u00e1s cansados que en a\u00f1os anteriores, esto lo podemos ver en distintos aspectos donde por ejemplo tenemos personas altamente conectadas a trav\u00e9s de sus celulares al trabajo, lo que dificulta la desconexi\u00f3n en el hogar, o por ejemplo personas que teletrabajan, presentan mayores dificultades de desconexi\u00f3n, ya que los l\u00edmites entre el trabajo y el hogar est\u00e1n difusos\u201d, se\u00f1ala Cinthia R\u00edos, jefa de Psicolog\u00eda de seguridad y salud en el trabajo de Mutual de Seguridad.<\/span><\/p>\n<p><span style=\"font-weight: 400;\">Adem\u00e1s, agrega que \u201cdebemos promover la gesti\u00f3n de un descanso adecuado de las personas, con el objetivo, por una parte, de disminuir los riesgos psicosociales, mejorar el clima de los equipos de trabajo y, por otra, de promover la conciliaci\u00f3n trabajo y familia, entendiendo de que las vacaciones, como lo muestra este estudio, son una ayuda efectiva para el descanso, la renovaci\u00f3n y la posibilidad de tener tiempo en familia. Por ello, la recomendaci\u00f3n es tomar vacaciones al menos una vez al a\u00f1o, con un tiempo adecuado para lograr la desconexi\u00f3n necesaria que las personas necesitan para enfocarse en los seres queridos, en nosotros mismos y nuestro bienestar\u201d.<\/span><\/p>\n<p><span style=\"font-weight: 400;\">No tomar vacaciones puede ser muy perjudicial y desgastante para la salud f\u00edsica y mental. De hecho, la Organizaci\u00f3n Mundial de la Salud (OMS) ha cifrado en 12 mil millones de d\u00edas de trabajo los que se pierden por la ansiedad o la depresi\u00f3n que genera la actividad laboral. En ese sentido, las cifras de este a\u00f1o son mejores al compararlas con las de 2022, dado que existe una disminuci\u00f3n en el porcentaje de encuestados que no toma vacaciones hace m\u00e1s de un a\u00f1o (49% a 32%), y ya no se registran personas que no toman hace m\u00e1s de cuatro a\u00f1os.<\/span><\/p>\n<p><span style=\"font-weight: 400;\">En cuanto al verano que se avecina, un 55% contempla tomar vacaciones, y quienes no lo har\u00e1n, fundamentalmente, es por consideraciones econ\u00f3micas (46%). Esta \u00faltima cifra ha aumentado m\u00e1s de un 10% respecto a 2022 (35%). Un 38%, en tanto, dice que prefiere guardar el dinero para otras necesidades que puedan surgir, y un 34% asegura que no ha planificado nada y duda en poder hacerlo. M\u00e1s atr\u00e1s, con 25%, est\u00e1n los que argumentan que no tienen vacaciones pagadas, si se las toman dejan de tener ingresos. <\/span><\/p>\n<p>[\/et_pb_text][et_pb_image src=\u00bbhttps:\/\/conectamutual.cl\/bienestar\/wp-content\/uploads\/2023\/12\/Nota-67-Foto-interior-3.jpg\u00bb title_text=\u00bbNota 67 &#8211; Foto interior 3&#8243; _builder_version=\u00bb4.20.2&#8243; _module_preset=\u00bbdefault\u00bb hover_enabled=\u00bb0&#8243; global_colors_info=\u00bb{}\u00bb sticky_enabled=\u00bb0&#8243;][\/et_pb_image][et_pb_text _builder_version=\u00bb4.20.2&#8243; text_font_size=\u00bb17px\u00bb text_line_height=\u00bb2.1em\u00bb ul_line_height=\u00bb2.2em\u00bb ol_line_height=\u00bb2.2em\u00bb header_2_text_color=\u00bb#c4d600&#8243; header_3_line_height=\u00bb1.6em\u00bb custom_margin_tablet=\u00bb\u00bb custom_margin_phone=\u00bb\u00bb custom_margin_last_edited=\u00bbon|phone\u00bb custom_padding=\u00bb36px|0px||0px|false|false\u00bb hover_enabled=\u00bb0&#8243; text_font_size_tablet=\u00bb\u00bb text_font_size_phone=\u00bb16px\u00bb text_font_size_last_edited=\u00bbon|phone\u00bb text_line_height_tablet=\u00bb\u00bb text_line_height_phone=\u00bb1.9em\u00bb text_line_height_last_edited=\u00bbon|phone\u00bb header_2_font_size_tablet=\u00bb\u00bb header_2_font_size_phone=\u00bb23px\u00bb header_2_font_size_last_edited=\u00bbon|phone\u00bb global_colors_info=\u00bb{}\u00bb sticky_enabled=\u00bb0&#8243;]<\/p>\n<h2><b>Vacaciones para descansar, relajarse y pasar tiempo con amigos y familia<\/b><\/h2>\n<p><span style=\"font-weight: 400;\">Aunque las vacaciones suelen ser sin\u00f3nimo de viaje y nuevas aventuras, existen muchas formas de descansar, relajarse y desconectarse. Asimismo, hay varios usos que se le pueden dar a los d\u00edas libres, y as\u00ed lo evidencian los encuestados. En cuanto a la distribuci\u00f3n del tiempo en vacaciones, un 31%, menciona descansar y relajarse como la principal actividad. En segundo lugar, con 22,7%, est\u00e1 conocer nuevos lugares y recorrer, mientras que en la tercera posici\u00f3n aparece pasar tiempo con los hijos, con 20%. Le siguen pasar tiempo con amigos (7,5%) realizar tareas dom\u00e9sticas (6,8%) y hacer deportes (4%).\u00a0<\/span><\/p>\n<p><span style=\"font-weight: 400;\">Finalmente, la cuarta edici\u00f3n de la Radiograf\u00eda de las Vacaciones de Trabajadores Chilenos revel\u00f3 en cuanto al cambio de h\u00e1bitos que se produce estar fuera de la rutina del trabajo, est\u00e1 el comer afuera con m\u00e1s frecuencia (56%), seguido de mayor ingesta de refrescos, bebidas con cafe\u00edna y jugos embotellados (32%) y alcohol (19%). <\/span><\/p>\n<p>[\/et_pb_text][\/et_pb_column][\/et_pb_row][et_pb_row _builder_version=\u00bb4.16&#8243; custom_padding=\u00bb27px|||||\u00bb global_colors_info=\u00bb{}\u00bb][et_pb_column type=\u00bb4_4&#8243; _builder_version=\u00bb4.16&#8243; global_colors_info=\u00bb{}\u00bb][et_pb_text _builder_version=\u00bb4.16&#8243; text_font=\u00bb|700|||||||\u00bb text_text_color=\u00bb#606060&#8243; text_font_size=\u00bb17px\u00bb text_letter_spacing=\u00bb2px\u00bb custom_margin=\u00bb||15px|||\u00bb global_colors_info=\u00bb{}\u00bb]<\/p>\n<p style=\"text-align: center;\">\u00bfQUIERES ACCEDER A M\u00c1S ART\u00cdCULOS COMO \u00c9STE?<\/p>\n<p>[\/et_pb_text][et_pb_button button_url=\u00bbhttps:\/\/conectamutual.cl\/bienestar\/ex-ante\/\u00bb button_text=\u00bbSUSCR\u00cdBETE AQU\u00cd\u00bb button_alignment=\u00bbcenter\u00bb _builder_version=\u00bb4.16&#8243; custom_button=\u00bbon\u00bb button_text_size=\u00bb20px\u00bb button_text_color=\u00bb#ffffff\u00bb button_bg_color=\u00bb#c4d600&#8243; button_border_width=\u00bb8px\u00bb button_border_color=\u00bb#c4d600&#8243; button_border_radius=\u00bb0px\u00bb button_letter_spacing=\u00bb2px\u00bb button_font=\u00bbMontserrat|600||on|||||\u00bb button_icon=\u00bb&#x24;||divi||400&#8243; custom_margin=\u00bb10px|||\u00bb animation_style=\u00bbfade\u00bb global_colors_info=\u00bb{}\u00bb button_text_size__hover_enabled=\u00bboff\u00bb button_one_text_size__hover_enabled=\u00bboff\u00bb button_two_text_size__hover_enabled=\u00bboff\u00bb button_text_color__hover_enabled=\u00bboff\u00bb button_one_text_color__hover_enabled=\u00bboff\u00bb button_two_text_color__hover_enabled=\u00bboff\u00bb button_border_width__hover_enabled=\u00bboff\u00bb button_one_border_width__hover_enabled=\u00bboff\u00bb button_two_border_width__hover_enabled=\u00bboff\u00bb button_border_color__hover_enabled=\u00bboff\u00bb button_one_border_color__hover_enabled=\u00bboff\u00bb button_two_border_color__hover_enabled=\u00bboff\u00bb button_border_radius__hover_enabled=\u00bboff\u00bb button_one_border_radius__hover_enabled=\u00bboff\u00bb button_two_border_radius__hover_enabled=\u00bboff\u00bb button_letter_spacing__hover_enabled=\u00bboff\u00bb button_one_letter_spacing__hover_enabled=\u00bboff\u00bb button_two_letter_spacing__hover_enabled=\u00bboff\u00bb button_bg_color__hover_enabled=\u00bboff\u00bb button_one_bg_color__hover_enabled=\u00bboff\u00bb button_two_bg_color__hover_enabled=\u00bboff\u00bb][\/et_pb_button][\/et_pb_column][\/et_pb_row][et_pb_row disabled_on=\u00bbon|on|on\u00bb _builder_version=\u00bb4.16&#8243; custom_padding=\u00bb50px|||||\u00bb disabled=\u00bbon\u00bb global_colors_info=\u00bb{}\u00bb][et_pb_column type=\u00bb4_4&#8243; _builder_version=\u00bb4.16&#8243; custom_padding_tablet=\u00bb\u00bb custom_padding_phone=\u00bb40px||||false|false\u00bb custom_padding_last_edited=\u00bbon|phone\u00bb global_colors_info=\u00bb{}\u00bb][et_pb_posts_carousel_agsdcm category_id=\u00bb419&#8243; max_title_characters=\u00bb150&#8243; heading_style=\u00bbcustom\u00bb heading_primary=\u00bb\u00daltimos Art\u00edculos\u00bb heading_sub=\u00bb EX-ANTE\u00bb posts_filter_any=\u00bbon\u00bb _builder_version=\u00bb4.16&#8243; header_font=\u00bbMontserrat||||||||\u00bb header_text_color=\u00bb#757575&#8243; header_font_size=\u00bb19px\u00bb subheader_text_color=\u00bb#828282&#8243; title_font=\u00bbMontserrat|700|||||||\u00bb title_text_color=\u00bb#acc601&#8243; border_color_all=\u00bb#cde002&#8243; global_colors_info=\u00bb{}\u00bb][\/et_pb_posts_carousel_agsdcm][\/et_pb_column][\/et_pb_row][\/et_pb_section]<\/p>\n","protected":false},"excerpt":{"rendered":"<p>Radiograf\u00eda de las Vacaciones de Trabajadores Chilenos 2023Seg\u00fan la 4ta versi\u00f3n del estudio de Mutual de Seguridad, el 42% de los trabajadores tomar\u00e1n este a\u00f1o dos semanas de las semanas legales, mientras que solo un 20% optar\u00e1 por tres semanas. En cuanto al verano que se avecina, un 55% contempla tomarse d\u00edas libres, y quienes [&hellip;]<\/p>\n","protected":false},"author":2,"featured_media":11788,"comment_status":"closed","ping_status":"closed","sticky":false,"template":"","format":"standard","meta":{"_et_pb_use_builder":"on","_et_pb_old_content":"","_et_gb_content_width":"","footnotes":""},"categories":[419],"tags":[],"class_list":["post-11785","post","type-post","status-publish","format-standard","has-post-thumbnail","hentry","category-ex-ante","et-has-post-format-content","et_post_format-et-post-format-standard"],"_links":{"self":[{"href":"https:\/\/conectamutual.cl\/bienestar\/wp-json\/wp\/v2\/posts\/11785","targetHints":{"allow":["GET"]}}],"collection":[{"href":"https:\/\/conectamutual.cl\/bienestar\/wp-json\/wp\/v2\/posts"}],"about":[{"href":"https:\/\/conectamutual.cl\/bienestar\/wp-json\/wp\/v2\/types\/post"}],"author":[{"embeddable":true,"href":"https:\/\/conectamutual.cl\/bienestar\/wp-json\/wp\/v2\/users\/2"}],"replies":[{"embeddable":true,"href":"https:\/\/conectamutual.cl\/bienestar\/wp-json\/wp\/v2\/comments?post=11785"}],"version-history":[{"count":4,"href":"https:\/\/conectamutual.cl\/bienestar\/wp-json\/wp\/v2\/posts\/11785\/revisions"}],"predecessor-version":[{"id":11796,"href":"https:\/\/conectamutual.cl\/bienestar\/wp-json\/wp\/v2\/posts\/11785\/revisions\/11796"}],"wp:featuredmedia":[{"embeddable":true,"href":"https:\/\/conectamutual.cl\/bienestar\/wp-json\/wp\/v2\/media\/11788"}],"wp:attachment":[{"href":"https:\/\/conectamutual.cl\/bienestar\/wp-json\/wp\/v2\/media?parent=11785"}],"wp:term":[{"taxonomy":"category","embeddable":true,"href":"https:\/\/conectamutual.cl\/bienestar\/wp-json\/wp\/v2\/categories?post=11785"},{"taxonomy":"post_tag","embeddable":true,"href":"https:\/\/conectamutual.cl\/bienestar\/wp-json\/wp\/v2\/tags?post=11785"}],"curies":[{"name":"wp","href":"https:\/\/api.w.org\/{rel}","templated":true}]}}