{"id":11925,"date":"2024-01-08T09:51:02","date_gmt":"2024-01-08T12:51:02","guid":{"rendered":"https:\/\/conectamutual.cl\/bienestar\/?p=11925"},"modified":"2024-01-08T09:55:38","modified_gmt":"2024-01-08T12:55:38","slug":"nuestra-mejor-meta-de-ano-nuevo-comer-bien-para-sentirnos-mejor","status":"publish","type":"post","link":"https:\/\/conectamutual.cl\/bienestar\/vivir-mejor\/nuestra-mejor-meta-de-ano-nuevo-comer-bien-para-sentirnos-mejor\/","title":{"rendered":"Nuestra mejor meta de A\u00f1o Nuevo: comer bien para sentirnos mejor"},"content":{"rendered":"<p>[et_pb_section fb_built=\u00bb1&#8243; _builder_version=\u00bb4.16&#8243; custom_padding=\u00bb4px||0px|||\u00bb global_colors_info=\u00bb{}\u00bb][et_pb_row _builder_version=\u00bb4.16&#8243; min_height=\u00bb102px\u00bb custom_margin_tablet=\u00bb\u00bb custom_margin_phone=\u00bb20px||||false|false\u00bb custom_margin_last_edited=\u00bbon|phone\u00bb custom_padding=\u00bb34px||10px|||\u00bb global_colors_info=\u00bb{}\u00bb][et_pb_column type=\u00bb4_4&#8243; _builder_version=\u00bb4.16&#8243; global_colors_info=\u00bb{}\u00bb][et_pb_image src=\u00bbhttps:\/\/conectamutual.cl\/bienestar\/wp-content\/uploads\/2019\/12\/LOGOS-CATEGORIAS-05.png\u00bb align=\u00bbcenter\u00bb disabled_on=\u00bboff|off|off\u00bb _builder_version=\u00bb4.16&#8243; width=\u00bb41%\u00bb width_tablet=\u00bb\u00bb width_phone=\u00bb95%\u00bb width_last_edited=\u00bbon|phone\u00bb global_colors_info=\u00bb{}\u00bb][\/et_pb_image][\/et_pb_column][\/et_pb_row][\/et_pb_section][et_pb_section fb_built=\u00bb1&#8243; _builder_version=\u00bb4.16&#8243; custom_padding=\u00bb1px||0px|||\u00bb global_colors_info=\u00bb{}\u00bb][et_pb_row _builder_version=\u00bb4.16&#8243; custom_padding=\u00bb0px||5px|||\u00bb global_colors_info=\u00bb{}\u00bb][et_pb_column type=\u00bb4_4&#8243; _builder_version=\u00bb4.16&#8243; global_colors_info=\u00bb{}\u00bb][et_pb_image src=\u00bbhttps:\/\/conectamutual.cl\/bienestar\/wp-content\/uploads\/2019\/10\/Logo-Espacio-Mutuo-02.png\u00bb align=\u00bbcenter\u00bb _builder_version=\u00bb4.16&#8243; width=\u00bb13%\u00bb width_tablet=\u00bb\u00bb width_phone=\u00bb22%\u00bb width_last_edited=\u00bbon|phone\u00bb custom_margin=\u00bb0px||||false|false\u00bb global_colors_info=\u00bb{}\u00bb][\/et_pb_image][\/et_pb_column][\/et_pb_row][\/et_pb_section][et_pb_section fb_built=\u00bb1&#8243; _builder_version=\u00bb4.16&#8243; custom_padding=\u00bb15px||1px|||\u00bb global_colors_info=\u00bb{}\u00bb][et_pb_row _builder_version=\u00bb4.16&#8243; custom_padding=\u00bb3px||36px|||\u00bb global_colors_info=\u00bb{}\u00bb][et_pb_column type=\u00bb4_4&#8243; _builder_version=\u00bb4.16&#8243; global_colors_info=\u00bb{}\u00bb][et_pb_post_title comments=\u00bboff\u00bb featured_image=\u00bboff\u00bb _builder_version=\u00bb4.16&#8243; title_font=\u00bbMontserrat|700|||||||\u00bb title_text_align=\u00bbcenter\u00bb title_text_color=\u00bb#c4d600&#8243; title_font_size=\u00bb54px\u00bb title_line_height=\u00bb1.1em\u00bb meta_font=\u00bbMontserrat||||||||\u00bb meta_text_align=\u00bbcenter\u00bb meta_font_size=\u00bb12px\u00bb title_font_size_tablet=\u00bb\u00bb title_font_size_phone=\u00bb30px\u00bb title_font_size_last_edited=\u00bbon|phone\u00bb meta_font_size_tablet=\u00bb\u00bb meta_font_size_phone=\u00bb10px\u00bb meta_font_size_last_edited=\u00bbon|phone\u00bb global_colors_info=\u00bb{}\u00bb][\/et_pb_post_title][\/et_pb_column][\/et_pb_row][\/et_pb_section][et_pb_section fb_built=\u00bb1&#8243; fullwidth=\u00bbon\u00bb _builder_version=\u00bb4.16&#8243; global_colors_info=\u00bb{}\u00bb][et_pb_fullwidth_image src=\u00bbhttps:\/\/conectamutual.cl\/bienestar\/wp-content\/uploads\/2024\/01\/pexels-cats-coming-406152-1.jpg\u00bb title_text=\u00bbpexels-cats-coming-406152-(1)\u00bb _builder_version=\u00bb4.20.2&#8243; custom_padding=\u00bb0px|||||\u00bb global_colors_info=\u00bb{}\u00bb][\/et_pb_fullwidth_image][\/et_pb_section][et_pb_section fb_built=\u00bb1&#8243; _builder_version=\u00bb4.16&#8243; custom_padding=\u00bb||8px|||\u00bb global_colors_info=\u00bb{}\u00bb][et_pb_row _builder_version=\u00bb4.16&#8243; custom_padding=\u00bb9px|||||\u00bb global_colors_info=\u00bb{}\u00bb][et_pb_column type=\u00bb4_4&#8243; _builder_version=\u00bb4.16&#8243; custom_padding=\u00bb|110px||110px|false|false\u00bb custom_padding_tablet=\u00bb\u00bb custom_padding_phone=\u00bb|10px||10px|false|false\u00bb custom_padding_last_edited=\u00bbon|phone\u00bb global_colors_info=\u00bb{}\u00bb][et_pb_text _builder_version=\u00bb4.20.2&#8243; text_font_size=\u00bb17px\u00bb text_line_height=\u00bb2.1em\u00bb ul_line_height=\u00bb2.2em\u00bb ol_font=\u00bb|700|||||||\u00bb ol_line_height=\u00bb2.1em\u00bb header_2_text_color=\u00bb#c4d600&#8243; custom_margin_tablet=\u00bb\u00bb custom_margin_phone=\u00bb\u00bb custom_margin_last_edited=\u00bbon|phone\u00bb custom_padding=\u00bb|0px||0px|false|false\u00bb text_font_size_tablet=\u00bb\u00bb text_font_size_phone=\u00bb16px\u00bb text_font_size_last_edited=\u00bbon|phone\u00bb text_line_height_tablet=\u00bb\u00bb text_line_height_phone=\u00bb1.9em\u00bb text_line_height_last_edited=\u00bbon|phone\u00bb header_2_font_size_tablet=\u00bb\u00bb header_2_font_size_phone=\u00bb23px\u00bb header_2_font_size_last_edited=\u00bbon|phone\u00bb global_colors_info=\u00bb{}\u00bb]<\/p>\n<blockquote>\n<p><span style=\"font-weight: 400;\">Cualquier persona que haya seguido las noticias y novedades de salud de los \u00faltimos a\u00f1os te dir\u00e1 la cantidad de consejos e ideas sobre alimentaci\u00f3n que <\/span><a href=\"https:\/\/conectamutual.cl\/vivir-mejor\/expertos-ponganse-de-acuerdo-por-que-hay-tantas-contradicciones-en-la-nutricion\/\"><span style=\"font-weight: 400;\">causaron tendencia en su momento, s\u00f3lo para despu\u00e9s hundirse y desaparecer<\/span><span style=\"font-weight: 400;\">.\u00a0<\/span><\/a><\/p>\n<\/blockquote>\n<p><b>Las modas alimentarias van y vienen.<\/b><span style=\"font-weight: 400;\"> Por lo mismo, la orientaci\u00f3n nutricional m\u00e1s valiosa se basa en d\u00e9cadas de investigaci\u00f3n, en las que los cient\u00edficos han analizado una cuesti\u00f3n desde m\u00faltiples perspectivas y han llegado a algo parecido a un consenso.<\/span><\/p>\n<p><span style=\"font-weight: 400;\">Aqu\u00ed tienes <\/span><b>10 perlas de conocimiento respaldadas por la ciencia<\/b><span style=\"font-weight: 400;\"> que pueden guiarte a lo largo de este a\u00f1o nuevo.\u00a0<\/span><\/p>\n<ul>\n<li aria-level=\"1\">\n<h2><b>LA DIETA MEDITERR\u00c1NEA ES TAN BUENA COMO DICEN.<\/b><\/h2>\n<\/li>\n<\/ul>\n<p><span style=\"font-weight: 400;\">D\u00e9cadas de <\/span><a href=\"https:\/\/www.nytimes.com\/2023\/01\/06\/well\/eat\/mediterranean-diet-health.html\"><span style=\"font-weight: 400;\">investigaci\u00f3n respaldan la dieta mediterr\u00e1nea<\/span><\/a><span style=\"font-weight: 400;\">, que se centra en frutas y verduras, cereales integrales, legumbres, aceite de oliva, nueces, hierbas y especias, como una de las formas m\u00e1s saludables de comer. Sus beneficios para la salud del coraz\u00f3n son numerosos y se ha relacionado con un menor riesgo de diabetes tipo 2, deterioro cognitivo y ciertos tipos de c\u00e1ncer.<\/span><\/p>\n<ul>\n<li aria-level=\"1\">\n<h2><b>EST\u00c1 BIEN TOMAR CAF\u00c9 CON EL EST\u00d3MAGO VAC\u00cdO.\u00a0<\/b><\/h2>\n<\/li>\n<\/ul>\n<p><span style=\"font-weight: 400;\">Algunas personas pueden experimentar acidez de est\u00f3mago, pero no hay evidencia de que <\/span><a href=\"https:\/\/www.nytimes.com\/2023\/01\/17\/well\/eat\/coffee-empty-stomach.html\"><span style=\"font-weight: 400;\">beber caf\u00e9 con el est\u00f3mago vac\u00edo<\/span><\/a><span style=\"font-weight: 400;\"> pueda da\u00f1ar el revestimiento g\u00e1strico o da\u00f1ar el sistema digestivo, dicen los expertos. Y hay razones para sentirse bien con esta bebida matutina: beber caf\u00e9 se ha relacionado con una vida m\u00e1s larga y un menor riesgo de enfermedades card\u00edacas y diabetes tipo 2.<\/span><\/p>\n<ul>\n<li aria-level=\"1\">\n<h2><b>PARTE TU D\u00cdA CON UN DESAYUNO NUTRITIVO.\u00a0<\/b><\/h2>\n<\/li>\n<\/ul>\n<p><span style=\"font-weight: 400;\">Las ma\u00f1anas pueden ser agitadas y resulta tentador tomar un pastelito r\u00e1pido o saltarse el desayuno por completo. Pero los expertos en nutrici\u00f3n dicen <\/span><a href=\"https:\/\/www.nytimes.com\/2023\/04\/23\/well\/eat\/healthy-breakfast.html\"><span style=\"font-weight: 400;\">que vale la pena darle prioridad al desayuno<\/span><\/a><span style=\"font-weight: 400;\">, especialmente si contiene una mezcla equilibrada de prote\u00ednas, fibra y grasas saludables. Le dar\u00e1 energ\u00eda a tu d\u00eda y los estudios han descubierto que quienes desayunan tienden a disfrutar de una variedad de beneficios para la salud, incluido un menor riesgo de enfermedad cardiovascular, diabetes tipo 2 y obesidad.<\/span><\/p>\n<ul>\n<li aria-level=\"1\">\n<h2><b>CUIDA BIEN TU INTESTINO.\u00a0<\/b><\/h2>\n<\/li>\n<\/ul>\n<p><span style=\"font-weight: 400;\">Mantener su sistema digestivo sano y funcionando sin problemas puede protegerte de las molestias de la vida, como acidez de est\u00f3mago, hinchaz\u00f3n y estre\u00f1imiento, adem\u00e1s de mejorar tu salud general. Como era de esperar, <\/span><a href=\"https:\/\/www.nytimes.com\/interactive\/2023\/02\/22\/well\/eat\/gut-microbiome-health.html\"><span style=\"font-weight: 400;\">la mejor manera de cuidar tu intestino<\/span><\/a><span style=\"font-weight: 400;\"> es alimentarse bien (y, por extensi\u00f3n, a sus microbios intestinales), priorizando la fibra y consumiendo una variedad de alimentos fermentados y de origen vegetal.<\/span><\/p>\n<ul>\n<li aria-level=\"1\">\n<h2><b>DEJA ESA BARRA DE PROTE\u00cdNAS A UN LADO.\u00a0<\/b><\/h2>\n<\/li>\n<\/ul>\n<p><span style=\"font-weight: 400;\">A menudo se comercializan como alimento saludable o como combustible esencial para el rendimiento deportivo, pero <\/span><a href=\"https:\/\/www.nytimes.com\/2023\/01\/12\/well\/eat\/protein-bars.html\"><span style=\"font-weight: 400;\">la mayor\u00eda de las barras de prote\u00ednas est\u00e1n cargadas de az\u00facar<\/span><\/a><span style=\"font-weight: 400;\">. Seg\u00fan los expertos, es mejor satisfacer tus <\/span><a href=\"https:\/\/www.nytimes.com\/2023\/11\/30\/well\/eat\/protein-age.html?smid=url-share\"><span style=\"font-weight: 400;\">necesidades de prote\u00ednas con alimentos integrales como yogur, nueces, frijoles o huevos.<\/span><\/a><\/p>\n<ul>\n<li aria-level=\"1\">\n<h2><b>ANDA SUAVE CON EL CHOCOLATE AMARGO.\u00a0<\/b><\/h2>\n<\/li>\n<\/ul>\n<p><span style=\"font-weight: 400;\">Una de las noticias sobre nutrici\u00f3n m\u00e1s tristes de 2023: el chocolate amargo tiene algunos de los niveles m\u00e1s altos de plomo y cadmio (metales pesados \u200b\u200bque pueden da\u00f1ar el cuerpo) en comparaci\u00f3n con otros alimentos. Afortunadamente, no es necesario que abandones por completo tu h\u00e1bito del chocolate amargo. Disfrutarlo con moderaci\u00f3n (no m\u00e1s de 30 gramos por d\u00eda, seg\u00fan los expertos) <\/span><a href=\"https:\/\/www.nytimes.com\/2023\/02\/09\/well\/eat\/dark-chocolate-metal-lead.html\"><span style=\"font-weight: 400;\">mantendr\u00e1 bajo el riesgo<\/span><\/a><span style=\"font-weight: 400;\">.<\/span><\/p>\n<ul>\n<li aria-level=\"1\">\n<h2><b>NO LE TEMAS A LA LICUADORA.<\/b><\/h2>\n<\/li>\n<\/ul>\n<p><span style=\"font-weight: 400;\">Hacer pur\u00e9 de frutas y verduras en una licuadora <\/span><a href=\"https:\/\/www.nytimes.com\/2023\/08\/29\/well\/eat\/smoothies-blending-fruit-nutrients.html\"><span style=\"font-weight: 400;\">no les quitar\u00e1 sus vitaminas, minerales o fibra<\/span><\/a><span style=\"font-weight: 400;\">. Y, algo sorprendente, varios estudios peque\u00f1os sugieren que beber fruta en forma licuada no aumentar\u00e1 el nivel de az\u00facar en la sangre m\u00e1s que cuando la comes entera. As\u00ed que adelante, disfruta de tu batido y consulta consejos para hacer el tuyo m\u00e1s nutritivo.<\/span><\/p>\n<ul>\n<li aria-level=\"1\">\n<h2><b>EL RETORNO DE LA RICOTTA.<\/b><\/h2>\n<\/li>\n<\/ul>\n<p><span style=\"font-weight: 400;\">Se podr\u00eda asociar la ricotta con las dietas de moda de la d\u00e9cada de 1970, pero es un alimento que ha resistido la prueba del tiempo. <\/span><a href=\"https:\/\/www.nytimes.com\/2023\/07\/07\/well\/eat\/cottage-cheese-health-benefits.html\"><span style=\"font-weight: 400;\">Fue un gran \u00e9xito en TikTok este verano,<\/span><\/a><span style=\"font-weight: 400;\"> y por una buena raz\u00f3n. Puedes comerla sola o usarla como ingrediente vers\u00e1til en refrigerios dulces y salados, y ofrece una impresionante variedad de nutrientes que incluyen prote\u00ednas, calcio, selenio y m\u00e1s.<\/span><\/p>\n<ul>\n<li aria-level=\"1\">\n<h2><b>\u00a1VIVA EL TOFU!<\/b><\/h2>\n<\/li>\n<\/ul>\n<p><span style=\"font-weight: 400;\">En d\u00e9cadas pasadas, a la gente le preocupaba que el tofu y otros alimentos de soya pudieran estar relacionados con el c\u00e1ncer o problemas de fertilidad porque contienen compuestos similares al estr\u00f3geno. Pero <\/span><a href=\"https:\/\/www.nytimes.com\/2023\/04\/04\/well\/eat\/tofu-health-benefits.html\"><span style=\"font-weight: 400;\">los estudios han disipado esos temores<\/span><\/a><span style=\"font-weight: 400;\">, dicen los cient\u00edficos. De hecho, las investigaciones sugieren que comer alimentos a base de soja puede reducir el riesgo de enfermedades card\u00edacas e incluso algunos tipos de c\u00e1ncer.<\/span><\/p>\n<ul>\n<li aria-level=\"1\">\n<h2><b>SEPARAR MITOS DE FICCI\u00d3N ES UN DESAF\u00cdO.<\/b><\/h2>\n<\/li>\n<\/ul>\n<p><span style=\"font-weight: 400;\">Los<\/span><a href=\"https:\/\/conectamutual.cl\/vivir-mejor\/expertos-ponganse-de-acuerdo-por-que-hay-tantas-contradicciones-en-la-nutricion\/\"><span style=\"font-weight: 400;\"> mitos sobre la nutrici\u00f3n<\/span><\/a><span style=\"font-weight: 400;\"> tienden a persistir en la cultura occidental y en nuestras mentes, dej\u00e1ndonos confundidos y, a veces, incluso ansiosos acerca de nuestras decisiones alimentarias.\u00a0<\/span><\/p>\n<p>[\/et_pb_text][et_pb_text _builder_version=\u00bb4.16&#8243; text_font_size=\u00bb13px\u00bb text_line_height=\u00bb0.6em\u00bb custom_margin=\u00bb-15px||||false|false\u00bb custom_padding=\u00bb34px|||||\u00bb text_font_size_tablet=\u00bb\u00bb text_font_size_phone=\u00bb11px\u00bb text_font_size_last_edited=\u00bbon|phone\u00bb global_colors_info=\u00bb{}\u00bb]<\/p>\n<p style=\"text-align: center;\"><img loading=\"lazy\" decoding=\"async\" class=\"wp-image-608 alignnone size-full\" src=\"https:\/\/conectamutual.cl\/bienestar\/wp-content\/uploads\/2019\/10\/Imagen-equipo.png\" alt=\"\" width=\"91\" height=\"88\" \/><\/p>\n<p style=\"text-align: center;\"><strong>Por Equipo Espacio Mutuo<\/strong><\/p>\n<p style=\"text-align: center;\"><em>Mutual de Seguridad<\/em><\/p>\n<p>[\/et_pb_text][\/et_pb_column][\/et_pb_row][et_pb_row _builder_version=\u00bb4.16&#8243; background_color=\u00bbrgba(0,0,0,0)\u00bb global_colors_info=\u00bb{}\u00bb][et_pb_column type=\u00bb4_4&#8243; _builder_version=\u00bb4.16&#8243; transform_scale_linked=\u00bboff\u00bb transform_translate=\u00bb-4px|10px\u00bb transform_translate_linked=\u00bboff\u00bb custom_padding=\u00bb5px|0px|5px|0px|false|true\u00bb animation_style=\u00bbzoom\u00bb animation_duration=\u00bb500ms\u00bb border_radii=\u00bboff||||\u00bb border_color_all=\u00bb#cde002&#8243; border_width_top=\u00bb1px\u00bb border_color_top=\u00bb#e09900&#8243; border_style_top=\u00bbdotted\u00bb border_width_bottom=\u00bb1px\u00bb border_color_bottom=\u00bb#e09900&#8243; border_style_bottom=\u00bbdotted\u00bb global_colors_info=\u00bb{}\u00bb][et_pb_code admin_label=\u00bbRating Art\u00edculo\u00bb _builder_version=\u00bb4.20.2&#8243; transform_scale=\u00bb110%|110%\u00bb transform_translate=\u00bb424px|5px\u00bb transform_translate_linked=\u00bboff\u00bb hover_enabled=\u00bb0&#8243; global_colors_info=\u00bb{}\u00bb sticky_enabled=\u00bb0&#8243;]<a class=\"typeform-share button\" href=\"https:\/\/singularmktg.typeform.com\/to\/COMq1XCs#art=1023\" data-mode=\"drawer_right\" style=\"display:inline-block;text-decoration:none;background-color:#CDE002;color:white;cursor:pointer;font-family:Helvetica,Arial,sans-serif;font-size:20px;line-height:50px;text-align:center;margin:0;height:50px;padding:0px 33px;border-radius:12px;max-width:100%;white-space:nowrap;overflow:hidden;text-overflow:ellipsis;font-weight:bold;-webkit-font-smoothing:antialiased;-moz-osx-font-smoothing:grayscale;\" data-hide-headers=\"true\" data-hide-footer=\"true\" data-submit-close-delay=\"2\" target=\"_blank\" rel=\"noopener noreferrer\">Eval\u00faa este art\u00edculo <\/a> <script> (function() { var qs,js,q,s,d=document, gi=d.getElementById, ce=d.createElement, gt=d.getElementsByTagName, id=\"typef_orm_share\", b=\"https:\/\/embed.typeform.com\/\"; if(!gi.call(d,id)){ js=ce.call(d,\"script\"); js.id=id; js.src=b+\"embed.js\"; q=gt.call(d,\"script\")[0]; q.parentNode.insertBefore(js,q) } })() <\/script>[\/et_pb_code][\/et_pb_column][\/et_pb_row][et_pb_row _builder_version=\u00bb4.16&#8243; global_colors_info=\u00bb{}\u00bb][et_pb_column type=\u00bb4_4&#8243; _builder_version=\u00bb4.16&#8243; custom_padding_tablet=\u00bb\u00bb custom_padding_phone=\u00bb40px||||false|false\u00bb custom_padding_last_edited=\u00bbon|phone\u00bb global_colors_info=\u00bb{}\u00bb][et_pb_posts_carousel_agsdcm category_id=\u00bb34&#8243; max_title_characters=\u00bb150&#8243; heading_style=\u00bbcustom\u00bb heading_primary=\u00bb\u00daltimos Art\u00edculos\u00bb heading_sub=\u00bbVivir Mejor\u00bb posts_filter_any=\u00bbon\u00bb _builder_version=\u00bb4.16&#8243; header_font=\u00bbMontserrat||||||||\u00bb header_text_color=\u00bb#757575&#8243; header_font_size=\u00bb19px\u00bb subheader_text_color=\u00bb#828282&#8243; title_font=\u00bbMontserrat|700|||||||\u00bb title_text_color=\u00bb#acc601&#8243; border_color_all=\u00bb#cde002&#8243; global_colors_info=\u00bb{}\u00bb][\/et_pb_posts_carousel_agsdcm][\/et_pb_column][\/et_pb_row][\/et_pb_section]<\/p>\n","protected":false},"excerpt":{"rendered":"<p>Cualquier persona que haya seguido las noticias y novedades de salud de los \u00faltimos a\u00f1os te dir\u00e1 la cantidad de consejos e ideas sobre alimentaci\u00f3n que causaron tendencia en su momento, s\u00f3lo para despu\u00e9s hundirse y desaparecer.\u00a0 Las modas alimentarias van y vienen. Por lo mismo, la orientaci\u00f3n nutricional m\u00e1s valiosa se basa en d\u00e9cadas [&hellip;]<\/p>\n","protected":false},"author":2,"featured_media":11928,"comment_status":"closed","ping_status":"closed","sticky":false,"template":"","format":"standard","meta":{"_et_pb_use_builder":"on","_et_pb_old_content":"","_et_gb_content_width":"","footnotes":""},"categories":[34],"tags":[278,285,366,140,457],"class_list":["post-11925","post","type-post","status-publish","format-standard","has-post-thumbnail","hentry","category-vivir-mejor","tag-alimentacion","tag-comida","tag-dieta","tag-mito","tag-nutricion","et-has-post-format-content","et_post_format-et-post-format-standard"],"_links":{"self":[{"href":"https:\/\/conectamutual.cl\/bienestar\/wp-json\/wp\/v2\/posts\/11925","targetHints":{"allow":["GET"]}}],"collection":[{"href":"https:\/\/conectamutual.cl\/bienestar\/wp-json\/wp\/v2\/posts"}],"about":[{"href":"https:\/\/conectamutual.cl\/bienestar\/wp-json\/wp\/v2\/types\/post"}],"author":[{"embeddable":true,"href":"https:\/\/conectamutual.cl\/bienestar\/wp-json\/wp\/v2\/users\/2"}],"replies":[{"embeddable":true,"href":"https:\/\/conectamutual.cl\/bienestar\/wp-json\/wp\/v2\/comments?post=11925"}],"version-history":[{"count":4,"href":"https:\/\/conectamutual.cl\/bienestar\/wp-json\/wp\/v2\/posts\/11925\/revisions"}],"predecessor-version":[{"id":11931,"href":"https:\/\/conectamutual.cl\/bienestar\/wp-json\/wp\/v2\/posts\/11925\/revisions\/11931"}],"wp:featuredmedia":[{"embeddable":true,"href":"https:\/\/conectamutual.cl\/bienestar\/wp-json\/wp\/v2\/media\/11928"}],"wp:attachment":[{"href":"https:\/\/conectamutual.cl\/bienestar\/wp-json\/wp\/v2\/media?parent=11925"}],"wp:term":[{"taxonomy":"category","embeddable":true,"href":"https:\/\/conectamutual.cl\/bienestar\/wp-json\/wp\/v2\/categories?post=11925"},{"taxonomy":"post_tag","embeddable":true,"href":"https:\/\/conectamutual.cl\/bienestar\/wp-json\/wp\/v2\/tags?post=11925"}],"curies":[{"name":"wp","href":"https:\/\/api.w.org\/{rel}","templated":true}]}}