{"id":12022,"date":"2024-02-05T09:53:33","date_gmt":"2024-02-05T12:53:33","guid":{"rendered":"https:\/\/conectamutual.cl\/bienestar\/?p=12022"},"modified":"2024-02-05T09:56:32","modified_gmt":"2024-02-05T12:56:32","slug":"que-era-lo-que-estaba-buscando-como-mejorar-tu-mente-olvidadiza","status":"publish","type":"post","link":"https:\/\/conectamutual.cl\/bienestar\/vivir-mejor\/que-era-lo-que-estaba-buscando-como-mejorar-tu-mente-olvidadiza\/","title":{"rendered":"\u201c\u00bfQu\u00e9 era lo que estaba buscando?\u201d \u2026 C\u00f3mo mejorar tu mente olvidadiza"},"content":{"rendered":"<p>[et_pb_section fb_built=\u00bb1&#8243; _builder_version=\u00bb4.16&#8243; custom_padding=\u00bb4px||0px|||\u00bb global_colors_info=\u00bb{}\u00bb][et_pb_row _builder_version=\u00bb4.16&#8243; min_height=\u00bb102px\u00bb custom_margin_tablet=\u00bb\u00bb custom_margin_phone=\u00bb20px||||false|false\u00bb custom_margin_last_edited=\u00bbon|phone\u00bb custom_padding=\u00bb34px||10px|||\u00bb global_colors_info=\u00bb{}\u00bb][et_pb_column type=\u00bb4_4&#8243; _builder_version=\u00bb4.16&#8243; global_colors_info=\u00bb{}\u00bb][et_pb_image src=\u00bbhttps:\/\/conectamutual.cl\/bienestar\/wp-content\/uploads\/2019\/12\/LOGOS-CATEGORIAS-05.png\u00bb align=\u00bbcenter\u00bb disabled_on=\u00bboff|off|off\u00bb _builder_version=\u00bb4.16&#8243; width=\u00bb41%\u00bb width_tablet=\u00bb\u00bb width_phone=\u00bb95%\u00bb width_last_edited=\u00bbon|phone\u00bb global_colors_info=\u00bb{}\u00bb][\/et_pb_image][\/et_pb_column][\/et_pb_row][\/et_pb_section][et_pb_section fb_built=\u00bb1&#8243; _builder_version=\u00bb4.16&#8243; custom_padding=\u00bb1px||0px|||\u00bb global_colors_info=\u00bb{}\u00bb][et_pb_row _builder_version=\u00bb4.16&#8243; custom_padding=\u00bb0px||5px|||\u00bb global_colors_info=\u00bb{}\u00bb][et_pb_column type=\u00bb4_4&#8243; _builder_version=\u00bb4.16&#8243; global_colors_info=\u00bb{}\u00bb][et_pb_image src=\u00bbhttps:\/\/conectamutual.cl\/bienestar\/wp-content\/uploads\/2019\/10\/Logo-Espacio-Mutuo-02.png\u00bb align=\u00bbcenter\u00bb _builder_version=\u00bb4.16&#8243; width=\u00bb13%\u00bb width_tablet=\u00bb\u00bb width_phone=\u00bb22%\u00bb width_last_edited=\u00bbon|phone\u00bb custom_margin=\u00bb0px||||false|false\u00bb global_colors_info=\u00bb{}\u00bb][\/et_pb_image][\/et_pb_column][\/et_pb_row][\/et_pb_section][et_pb_section fb_built=\u00bb1&#8243; _builder_version=\u00bb4.16&#8243; custom_padding=\u00bb15px||1px|||\u00bb global_colors_info=\u00bb{}\u00bb][et_pb_row _builder_version=\u00bb4.16&#8243; custom_padding=\u00bb3px||36px|||\u00bb global_colors_info=\u00bb{}\u00bb][et_pb_column type=\u00bb4_4&#8243; _builder_version=\u00bb4.16&#8243; global_colors_info=\u00bb{}\u00bb][et_pb_post_title comments=\u00bboff\u00bb featured_image=\u00bboff\u00bb _builder_version=\u00bb4.16&#8243; title_font=\u00bbMontserrat|700|||||||\u00bb title_text_align=\u00bbcenter\u00bb title_text_color=\u00bb#c4d600&#8243; title_font_size=\u00bb54px\u00bb title_line_height=\u00bb1.1em\u00bb meta_font=\u00bbMontserrat||||||||\u00bb meta_text_align=\u00bbcenter\u00bb meta_font_size=\u00bb12px\u00bb title_font_size_tablet=\u00bb\u00bb title_font_size_phone=\u00bb30px\u00bb title_font_size_last_edited=\u00bbon|phone\u00bb meta_font_size_tablet=\u00bb\u00bb meta_font_size_phone=\u00bb10px\u00bb meta_font_size_last_edited=\u00bbon|phone\u00bb global_colors_info=\u00bb{}\u00bb][\/et_pb_post_title][\/et_pb_column][\/et_pb_row][\/et_pb_section][et_pb_section fb_built=\u00bb1&#8243; fullwidth=\u00bbon\u00bb _builder_version=\u00bb4.16&#8243; global_colors_info=\u00bb{}\u00bb][et_pb_fullwidth_image src=\u00bbhttps:\/\/conectamutual.cl\/bienestar\/wp-content\/uploads\/2024\/02\/pexels-karolina-grabowska-7680060.jpg\u00bb title_text=\u00bbpexels-karolina-grabowska-7680060&#8243; _builder_version=\u00bb4.20.2&#8243; custom_padding=\u00bb0px|||||\u00bb hover_enabled=\u00bb0&#8243; global_colors_info=\u00bb{}\u00bb sticky_enabled=\u00bb0&#8243;][\/et_pb_fullwidth_image][\/et_pb_section][et_pb_section fb_built=\u00bb1&#8243; _builder_version=\u00bb4.16&#8243; custom_padding=\u00bb||8px|||\u00bb global_colors_info=\u00bb{}\u00bb][et_pb_row _builder_version=\u00bb4.16&#8243; custom_padding=\u00bb9px|||||\u00bb global_colors_info=\u00bb{}\u00bb][et_pb_column type=\u00bb4_4&#8243; _builder_version=\u00bb4.16&#8243; custom_padding=\u00bb|110px||110px|false|false\u00bb custom_padding_tablet=\u00bb\u00bb custom_padding_phone=\u00bb|10px||10px|false|false\u00bb custom_padding_last_edited=\u00bbon|phone\u00bb global_colors_info=\u00bb{}\u00bb][et_pb_text _builder_version=\u00bb4.20.2&#8243; text_font_size=\u00bb17px\u00bb text_line_height=\u00bb2.1em\u00bb ul_line_height=\u00bb2.2em\u00bb ol_font=\u00bb|700|||||||\u00bb ol_line_height=\u00bb2.1em\u00bb header_2_text_color=\u00bb#c4d600&#8243; custom_margin_tablet=\u00bb\u00bb custom_margin_phone=\u00bb\u00bb custom_margin_last_edited=\u00bbon|phone\u00bb custom_padding=\u00bb|0px||0px|false|false\u00bb hover_enabled=\u00bb0&#8243; text_font_size_tablet=\u00bb\u00bb text_font_size_phone=\u00bb16px\u00bb text_font_size_last_edited=\u00bbon|phone\u00bb text_line_height_tablet=\u00bb\u00bb text_line_height_phone=\u00bb1.9em\u00bb text_line_height_last_edited=\u00bbon|phone\u00bb header_2_font_size_tablet=\u00bb\u00bb header_2_font_size_phone=\u00bb23px\u00bb header_2_font_size_last_edited=\u00bbon|phone\u00bb global_colors_info=\u00bb{}\u00bb sticky_enabled=\u00bb0&#8243;]<\/p>\n<blockquote>\n<p><span style=\"font-weight: 400;\">Saludas a una persona que acabas de conocer. Le sonr\u00edes, le das la mano, intercambias unos breves comentarios amables\u2026 y olvidas su nombre instant\u00e1neamente. O, a veces, te levantas de tu asiento, caminas hasta la cocina, te quedas de pie mirando alrededor: fuiste a buscar algo\u2026 pero \u00bfqu\u00e9?\u00a0<\/span><\/p>\n<\/blockquote>\n<p><span style=\"font-weight: 400;\">Resulta desesperante y un poco perturbador. Sin embargo, seg\u00fan la profesora de Neurolog\u00eda de la Universidad de Standford, Estados Unidos, Sharon Sha, <\/span><a href=\"https:\/\/www.nytimes.com\/es\/2023\/12\/12\/espanol\/se-me-olvidan-las-cosas.html?unlocked_article_code=1.SU0.nC-4.knqU99VB95Ic&amp;bgrp=t&amp;smid=url-share\"><b>este tipo de olvido suele ser normal<\/b><span style=\"font-weight: 400;\">:<\/span><\/a><span style=\"font-weight: 400;\"> \u201cCuando nos olvidamos de informaci\u00f3n que acabamos de aprender o de pensamientos que acabamos de tener, suele ser simplemente porque <\/span><b>nuestro cerebro no los guard\u00f3 como recuerdos a largo plazo\u201d<\/b><span style=\"font-weight: 400;\">, explica.<\/span><\/p>\n<h2><b>RECUERDOS QUE NO SON<\/b><\/h2>\n<p><span style=\"font-weight: 400;\">En la vida cotidiana, <\/span><b>el cerebro almacena informaci\u00f3n en un estado temporal denominado \u201cmemoria de trabajo\u201d<\/b><span style=\"font-weight: 400;\">, seg\u00fan se\u00f1ala David Gallo, profesor de Psicolog\u00eda en la Universidad de Chicago, Estados Unidos. Mantener una conversaci\u00f3n por tel\u00e9fono mientras cocinas una receta, por ejemplo, significa malabarear varias tareas a la vez gracias a la memoria de trabajo.<\/span><\/p>\n<p><span style=\"font-weight: 400;\">La mayor\u00eda de la gente solo puede retener 4 o 5 pensamientos o tareas a la vez en su memoria de trabajo, dice Gallo. Pero <\/span><b>a menos que esos pensamientos pasen por un proceso cerebral llamado codificaci\u00f3n, no se guardar\u00e1n en la memoria a largo plazo de manera permanente. <\/b><span style=\"font-weight: 400;\">Esto es como la funci\u00f3n \u201cguardar\u201d de una computadora, seg\u00fan Scott Small, director del Centro de Investigaci\u00f3n de la Enfermedad de Alzheimer de la Universidad de Columbia, Estados Unidos. \u201cSi est\u00e1s tomando notas y cierras la computadora sin guardarlas, tus notas desaparecen para siempre\u201d, indica el experto.<\/span><\/p>\n<p><span style=\"font-weight: 400;\">El proceso de codificaci\u00f3n, por su parte, consiste en crear conexiones significativas entre las neuronas y requiere una amplia memoria de trabajo. Por eso, si est\u00e1s ocupado pensando en c\u00f3mo presentarte con alguien nuevo o decidiendo lo que vas a decir a continuaci\u00f3n,<\/span><b> tu cerebro no va a codificar cierta informaci\u00f3n, como el nuevo nombre que o\u00edste, y por tanto lo olvidar\u00e1s con rapidez.<\/b><\/p>\n<p><a href=\"https:\/\/conectamutual.cl\/vivir-mejor\/tienes-la-mente-nublada-te-damos-5-trucos-para-despejarla\/\"><span style=\"font-weight: 400;\">Aunque estos \u201clapsus\u201d pueden parecer frustrantes en el momento<\/span><span style=\"font-weight: 400;\">, <\/span><\/a><span style=\"font-weight: 400;\">en realidad son esenciales para el funcionamiento diario, coment\u00f3 Lynne Reder, catedr\u00e1tica de Psicolog\u00eda en la Universidad Carnegie Mellon, Estados Unidos. <\/span><b>Si nuestro cerebro codificara todo lo que vemos, o\u00edmos, olemos o sentimos, no nos quedar\u00eda memoria de trabajo para cosas como caminar, hablar o escuchar.<\/b><\/p>\n<h2><b>C\u00d3MO RECORDAR (AQUELLO QUE S\u00cd QUIERES RECORDAR)<\/b><\/h2>\n<p><span style=\"font-weight: 400;\">A veces es f\u00e1cil recordar la informaci\u00f3n. <\/span><b>Si sientes una emoci\u00f3n fuerte \u2013como miedo intenso o trauma\u2013 en el momento en que te enteras de algo, es m\u00e1s probable que lo recuerdes m\u00e1s tarde<\/b><span style=\"font-weight: 400;\">. Esto explica por qu\u00e9 muchas personas recuerdan exactamente d\u00f3nde estaban durante cat\u00e1strofes como el terremoto de 2010 en Chile, por ejemplo. Pero existen otros <\/span><a href=\"https:\/\/conectamutual.cl\/vivir-mejor\/abdominales-para-tu-cerebro-tu-puedes-ejercitar-tu-funcion-cognitiva\/\"><span style=\"font-weight: 400;\">trucos y t\u00e1cticas <\/span><\/a><span style=\"font-weight: 400;\">que, seg\u00fan los expertos, pueden ayudarnos a guardar recuerdos a largo plazo.<\/span><\/p>\n<h3><b>1. REPETIR Y DECLAMAR.\u00a0<\/b><\/h3>\n<p><span style=\"font-weight: 400;\">Repetir la informaci\u00f3n, sobre todo de maneras diferentes, ayuda a almacenar memoria, comenta Ronald Davis, profesor de Neurociencia en la Universidad de Florida, Estados Unidos. <\/span><b>Cuando o\u00edmos, vemos, recitamos en voz alta o escribimos una palabra, tenemos varias oportunidades de codificarla a trav\u00e9s de distintas v\u00edas cerebrales.<\/b><\/p>\n<p><span style=\"font-weight: 400;\">Otros estudios tambi\u00e9n dan a entender que <\/span><a href=\"https:\/\/psycnet.apa.org\/doiLanding?doi=10.1037%2Fxap0000375\"><b>escribir informaci\u00f3n nueva a mano<\/b><\/a><b> \u2014ya sea en papel o en una tableta con un l\u00e1piz digital\u2014 puede <\/b><a href=\"https:\/\/www.frontiersin.org\/articles\/10.3389\/fpsyg.2020.01810\/full\"><b>activar m\u00e1s partes del cerebro<\/b><\/a><b> que teclear, <\/b><span style=\"font-weight: 400;\">ya que refuerza a\u00fan m\u00e1s nuestros recuerdos. Cuantas m\u00e1s veces repitamos algo, m\u00e1s probabilidades tendremos de recordarlo, a\u00f1adi\u00f3 Davis.<\/span><\/p>\n<h3><b>2. DALE UN SIGNIFICADO.\u00a0<\/b><\/h3>\n<p><span style=\"font-weight: 400;\">Recordar informaci\u00f3n arbitraria puede ser especialmente dif\u00edcil, dice Reder. De ah\u00ed que a veces <\/span><b>es m\u00e1s f\u00e1cil recordar nombres relacionados con determinadas caracter\u00edsticas o cualidades<\/b><span style=\"font-weight: 400;\">. Por ejemplo, podr\u00edamos recordar a un gato llamado Garfield si tuviera el pelo de color anaranjado, como la famosa caricatura, por ejemplo. Asociar ese nombre a un contexto, una imagen visual y una rima cumple el mismo prop\u00f3sito.\u00a0<\/span><\/p>\n<h3><b>3. \u00a1CANTA!<\/b><\/h3>\n<p><span style=\"font-weight: 400;\">Del mismo modo, Sha afirm\u00f3 que <\/span><b>recordar puede ser m\u00e1s f\u00e1cil cuando la informaci\u00f3n est\u00e1 acompa\u00f1ada de melod\u00edas<\/b><span style=\"font-weight: 400;\">. As\u00ed, por ejemplo, podemos recordar un <\/span><i><span style=\"font-weight: 400;\">jingle<\/span><\/i><span style=\"font-weight: 400;\"> publicitario, aunque sea de un producto que nunca comprar\u00edamos.<\/span><\/p>\n<p><span style=\"font-weight: 400;\">Los neurocient\u00edficos a\u00fan no saben por qu\u00e9 la m\u00fasica ayuda, pero Sha indic\u00f3 que \u201cetiquetar\u201d los recuerdos con melod\u00edas puede <\/span><a href=\"https:\/\/www.sciencedirect.com\/science\/article\/pii\/S1053811921010077\"><span style=\"font-weight: 400;\">llevarlos a distintas partes del cerebro,<\/span><\/a><span style=\"font-weight: 400;\"> lo que aumenta las probabilidades de que se queden grabados.<\/span><\/p>\n<h3><b>4. CREA UNA CLAVE.\u00a0<\/b><\/h3>\n<p><span style=\"font-weight: 400;\">Si quieres acordarte de realizar una tarea concreta, Sha dice que a veces <\/span><b>ayuda imaginarte a ti mismo haci\u00e9ndola<\/b><span style=\"font-weight: 400;\"> o pensar en c\u00f3mo \u00e9sta har\u00e1 sentir a alguien m\u00e1s. Si tienes que comprar un regalo para tu hija, por ejemplo, puedes imaginarte comprando el art\u00edculo o imaginar lo feliz que se sentir\u00e1 tu hija cuando abra el regalo.<\/span><\/p>\n<h3><b>5. PRIORIZA EL SUE\u00d1O Y EL DEPORTE.\u00a0<\/b><\/h3>\n<p><span style=\"font-weight: 400;\">Como ocurre con muchas cosas en la vida, <\/span><b>es m\u00e1s dif\u00edcil codificar informaci\u00f3n nueva <\/b><a href=\"https:\/\/www.frontiersin.org\/articles\/10.3389\/fnins.2023.1134757\/full\"><b>cuando no se ha dormido<\/b><\/a><span style=\"font-weight: 400;\">, dijo Gallo, por lo que es crucial <\/span><a href=\"https:\/\/www.nytimes.com\/interactive\/2023\/07\/07\/well\/live\/sleep-better-age.html\"><span style=\"font-weight: 400;\">descansar lo suficiente.<\/span><\/a><span style=\"font-weight: 400;\"> Seg\u00fan los expertos, <\/span><a href=\"https:\/\/conectamutual.cl\/bienestar\/vivir-mejor\/mente-sana-en-cuerpo-sano-el-ejercicio-de-verdad-beneficia-tu-salud-mental\/\"><span style=\"font-weight: 400;\">la actividad f\u00edsica cotidiana,<\/span><\/a><span style=\"font-weight: 400;\"> como el ejercicio aer\u00f3bico, el levantamiento de pesas, los estiramientos o incluso los paseos cortos, tambi\u00e9n pueden mejorar la memoria, tanto a corto como a largo plazo.<\/span><\/p>\n<p>[\/et_pb_text][et_pb_text _builder_version=\u00bb4.16&#8243; text_font_size=\u00bb13px\u00bb text_line_height=\u00bb0.6em\u00bb custom_margin=\u00bb-15px||||false|false\u00bb custom_padding=\u00bb34px|||||\u00bb text_font_size_tablet=\u00bb\u00bb text_font_size_phone=\u00bb11px\u00bb text_font_size_last_edited=\u00bbon|phone\u00bb global_colors_info=\u00bb{}\u00bb]<\/p>\n<p style=\"text-align: center;\"><img loading=\"lazy\" decoding=\"async\" class=\"wp-image-608 alignnone size-full\" src=\"https:\/\/conectamutual.cl\/bienestar\/wp-content\/uploads\/2019\/10\/Imagen-equipo.png\" alt=\"\" width=\"91\" height=\"88\" \/><\/p>\n<p style=\"text-align: center;\"><strong>Por Equipo Espacio Mutuo<\/strong><\/p>\n<p style=\"text-align: center;\"><em>Mutual de Seguridad<\/em><\/p>\n<p>[\/et_pb_text][\/et_pb_column][\/et_pb_row][et_pb_row _builder_version=\u00bb4.16&#8243; background_color=\u00bbrgba(0,0,0,0)\u00bb global_colors_info=\u00bb{}\u00bb][et_pb_column type=\u00bb4_4&#8243; _builder_version=\u00bb4.16&#8243; transform_scale_linked=\u00bboff\u00bb transform_translate=\u00bb-4px|10px\u00bb transform_translate_linked=\u00bboff\u00bb custom_padding=\u00bb5px|0px|5px|0px|false|true\u00bb animation_style=\u00bbzoom\u00bb animation_duration=\u00bb500ms\u00bb border_radii=\u00bboff||||\u00bb border_color_all=\u00bb#cde002&#8243; border_width_top=\u00bb1px\u00bb border_color_top=\u00bb#e09900&#8243; border_style_top=\u00bbdotted\u00bb border_width_bottom=\u00bb1px\u00bb border_color_bottom=\u00bb#e09900&#8243; border_style_bottom=\u00bbdotted\u00bb global_colors_info=\u00bb{}\u00bb][et_pb_code admin_label=\u00bbRating Art\u00edculo\u00bb _builder_version=\u00bb4.20.2&#8243; transform_scale=\u00bb110%|110%\u00bb transform_translate=\u00bb424px|5px\u00bb transform_translate_linked=\u00bboff\u00bb hover_enabled=\u00bb0&#8243; global_colors_info=\u00bb{}\u00bb sticky_enabled=\u00bb0&#8243;]<a class=\"typeform-share button\" href=\"https:\/\/singularmktg.typeform.com\/to\/COMq1XCs#art=1031\" data-mode=\"drawer_right\" style=\"display:inline-block;text-decoration:none;background-color:#CDE002;color:white;cursor:pointer;font-family:Helvetica,Arial,sans-serif;font-size:20px;line-height:50px;text-align:center;margin:0;height:50px;padding:0px 33px;border-radius:12px;max-width:100%;white-space:nowrap;overflow:hidden;text-overflow:ellipsis;font-weight:bold;-webkit-font-smoothing:antialiased;-moz-osx-font-smoothing:grayscale;\" data-hide-headers=\"true\" data-hide-footer=\"true\" data-submit-close-delay=\"2\" target=\"_blank\" rel=\"noopener noreferrer\">Eval\u00faa este art\u00edculo <\/a> <script> (function() { var qs,js,q,s,d=document, gi=d.getElementById, ce=d.createElement, gt=d.getElementsByTagName, id=\"typef_orm_share\", b=\"https:\/\/embed.typeform.com\/\"; if(!gi.call(d,id)){ js=ce.call(d,\"script\"); js.id=id; js.src=b+\"embed.js\"; q=gt.call(d,\"script\")[0]; q.parentNode.insertBefore(js,q) } })() <\/script>[\/et_pb_code][\/et_pb_column][\/et_pb_row][et_pb_row _builder_version=\u00bb4.16&#8243; global_colors_info=\u00bb{}\u00bb][et_pb_column type=\u00bb4_4&#8243; _builder_version=\u00bb4.16&#8243; custom_padding_tablet=\u00bb\u00bb custom_padding_phone=\u00bb40px||||false|false\u00bb custom_padding_last_edited=\u00bbon|phone\u00bb global_colors_info=\u00bb{}\u00bb][et_pb_posts_carousel_agsdcm category_id=\u00bb34&#8243; max_title_characters=\u00bb150&#8243; heading_style=\u00bbcustom\u00bb heading_primary=\u00bb\u00daltimos Art\u00edculos\u00bb heading_sub=\u00bbVivir Mejor\u00bb posts_filter_any=\u00bbon\u00bb _builder_version=\u00bb4.16&#8243; header_font=\u00bbMontserrat||||||||\u00bb header_text_color=\u00bb#757575&#8243; header_font_size=\u00bb19px\u00bb subheader_text_color=\u00bb#828282&#8243; title_font=\u00bbMontserrat|700|||||||\u00bb title_text_color=\u00bb#acc601&#8243; border_color_all=\u00bb#cde002&#8243; global_colors_info=\u00bb{}\u00bb][\/et_pb_posts_carousel_agsdcm][\/et_pb_column][\/et_pb_row][\/et_pb_section]<\/p>\n","protected":false},"excerpt":{"rendered":"<p>Saludas a una persona que acabas de conocer. Le sonr\u00edes, le das la mano, intercambias unos breves comentarios amables\u2026 y olvidas su nombre instant\u00e1neamente. O, a veces, te levantas de tu asiento, caminas hasta la cocina, te quedas de pie mirando alrededor: fuiste a buscar algo\u2026 pero \u00bfqu\u00e9?\u00a0 Resulta desesperante y un poco perturbador. Sin [&hellip;]<\/p>\n","protected":false},"author":2,"featured_media":12025,"comment_status":"closed","ping_status":"closed","sticky":false,"template":"","format":"standard","meta":{"_et_pb_use_builder":"on","_et_pb_old_content":"","_et_gb_content_width":"","footnotes":""},"categories":[34],"tags":[],"class_list":["post-12022","post","type-post","status-publish","format-standard","has-post-thumbnail","hentry","category-vivir-mejor","et-has-post-format-content","et_post_format-et-post-format-standard"],"_links":{"self":[{"href":"https:\/\/conectamutual.cl\/bienestar\/wp-json\/wp\/v2\/posts\/12022","targetHints":{"allow":["GET"]}}],"collection":[{"href":"https:\/\/conectamutual.cl\/bienestar\/wp-json\/wp\/v2\/posts"}],"about":[{"href":"https:\/\/conectamutual.cl\/bienestar\/wp-json\/wp\/v2\/types\/post"}],"author":[{"embeddable":true,"href":"https:\/\/conectamutual.cl\/bienestar\/wp-json\/wp\/v2\/users\/2"}],"replies":[{"embeddable":true,"href":"https:\/\/conectamutual.cl\/bienestar\/wp-json\/wp\/v2\/comments?post=12022"}],"version-history":[{"count":3,"href":"https:\/\/conectamutual.cl\/bienestar\/wp-json\/wp\/v2\/posts\/12022\/revisions"}],"predecessor-version":[{"id":12027,"href":"https:\/\/conectamutual.cl\/bienestar\/wp-json\/wp\/v2\/posts\/12022\/revisions\/12027"}],"wp:featuredmedia":[{"embeddable":true,"href":"https:\/\/conectamutual.cl\/bienestar\/wp-json\/wp\/v2\/media\/12025"}],"wp:attachment":[{"href":"https:\/\/conectamutual.cl\/bienestar\/wp-json\/wp\/v2\/media?parent=12022"}],"wp:term":[{"taxonomy":"category","embeddable":true,"href":"https:\/\/conectamutual.cl\/bienestar\/wp-json\/wp\/v2\/categories?post=12022"},{"taxonomy":"post_tag","embeddable":true,"href":"https:\/\/conectamutual.cl\/bienestar\/wp-json\/wp\/v2\/tags?post=12022"}],"curies":[{"name":"wp","href":"https:\/\/api.w.org\/{rel}","templated":true}]}}