{"id":12028,"date":"2024-02-05T10:01:32","date_gmt":"2024-02-05T13:01:32","guid":{"rendered":"https:\/\/conectamutual.cl\/bienestar\/?p=12028"},"modified":"2024-02-05T10:07:43","modified_gmt":"2024-02-05T13:07:43","slug":"el-secreto-para-unas-vacaciones-realmente-reparadoras","status":"publish","type":"post","link":"https:\/\/conectamutual.cl\/bienestar\/espacios-de-reflexion\/el-secreto-para-unas-vacaciones-realmente-reparadoras\/","title":{"rendered":"El secreto para unas vacaciones realmente reparadoras"},"content":{"rendered":"<p>[et_pb_section fb_built=\u00bb1&#8243; _builder_version=\u00bb4.16&#8243; custom_margin=\u00bb||-50px||false|false\u00bb custom_margin_tablet=\u00bb\u00bb custom_margin_phone=\u00bb||0px||false|false\u00bb custom_margin_last_edited=\u00bbon|phone\u00bb custom_padding=\u00bb11px||0px||false|false\u00bb global_colors_info=\u00bb{}\u00bb][et_pb_row column_structure=\u00bb1_3,1_3,1_3&#8243; disabled_on=\u00bbon|on|off\u00bb _builder_version=\u00bb4.16&#8243; min_height=\u00bb269px\u00bb custom_margin=\u00bb-15px|auto|-190px|auto|false|false\u00bb custom_margin_tablet=\u00bb\u00bb custom_margin_phone=\u00bb\u00bb custom_margin_last_edited=\u00bbon|phone\u00bb custom_padding=\u00bb||0px||false|false\u00bb global_colors_info=\u00bb{}\u00bb][et_pb_column type=\u00bb1_3&#8243; _builder_version=\u00bb4.16&#8243; global_colors_info=\u00bb{}\u00bb][\/et_pb_column][et_pb_column type=\u00bb1_3&#8243; _builder_version=\u00bb4.16&#8243; global_colors_info=\u00bb{}\u00bb][et_pb_image src=\u00bbhttps:\/\/conectamutual.cl\/bienestar\/wp-content\/uploads\/2019\/10\/Logo-Espacio-Mutuo-02.png\u00bb align=\u00bbcenter\u00bb _builder_version=\u00bb4.16&#8243; width=\u00bb83%\u00bb width_tablet=\u00bb\u00bb width_phone=\u00bb22%\u00bb width_last_edited=\u00bbon|phone\u00bb custom_margin=\u00bb15px||||false|false\u00bb global_colors_info=\u00bb{}\u00bb][\/et_pb_image][\/et_pb_column][et_pb_column type=\u00bb1_3&#8243; _builder_version=\u00bb4.16&#8243; global_colors_info=\u00bb{}\u00bb][et_pb_image src=\u00bbhttps:\/\/conectamutual.cl\/bienestar\/wp-content\/uploads\/2021\/01\/Captura-de-Pantalla-2021-01-16-a-las-10.07.37.png\u00bb align=\u00bbright\u00bb _builder_version=\u00bb4.16&#8243; width=\u00bb72%\u00bb width_tablet=\u00bb\u00bb width_phone=\u00bb41%\u00bb width_last_edited=\u00bbon|phone\u00bb custom_margin=\u00bb45px||45px||true|false\u00bb custom_margin_tablet=\u00bb\u00bb custom_margin_phone=\u00bb10px||60px||false|false\u00bb custom_margin_last_edited=\u00bbon|phone\u00bb global_colors_info=\u00bb{}\u00bb][\/et_pb_image][\/et_pb_column][\/et_pb_row][et_pb_row column_structure=\u00bb1_3,1_3,1_3&#8243; disabled_on=\u00bboff|off|on\u00bb _builder_version=\u00bb4.16&#8243; min_height=\u00bb269px\u00bb custom_margin=\u00bb-15px|auto|-20px|auto|false|false\u00bb custom_margin_tablet=\u00bb\u00bb custom_margin_phone=\u00bb\u00bb custom_margin_last_edited=\u00bbon|phone\u00bb custom_padding=\u00bb||||false|false\u00bb global_colors_info=\u00bb{}\u00bb][et_pb_column type=\u00bb1_3&#8243; _builder_version=\u00bb4.16&#8243; global_colors_info=\u00bb{}\u00bb][\/et_pb_column][et_pb_column type=\u00bb1_3&#8243; _builder_version=\u00bb4.16&#8243; global_colors_info=\u00bb{}\u00bb][et_pb_image src=\u00bbhttps:\/\/conectamutual.cl\/bienestar\/wp-content\/uploads\/2019\/10\/Logo-Espacio-Mutuo-01.png\u00bb align=\u00bbcenter\u00bb force_fullwidth=\u00bbon\u00bb _builder_version=\u00bb4.16&#8243; min_height=\u00bb170px\u00bb min_height_tablet=\u00bb\u00bb min_height_phone=\u00bb187px\u00bb min_height_last_edited=\u00bbon|phone\u00bb height=\u00bb100px\u00bb max_height=\u00bb1000px\u00bb custom_margin=\u00bb-14px||8px|||\u00bb global_colors_info=\u00bb{}\u00bb][\/et_pb_image][\/et_pb_column][et_pb_column type=\u00bb1_3&#8243; _builder_version=\u00bb4.16&#8243; global_colors_info=\u00bb{}\u00bb][et_pb_image src=\u00bbhttps:\/\/conectamutual.cl\/bienestar\/wp-content\/uploads\/2021\/01\/Captura-de-Pantalla-2021-01-16-a-las-10.07.37.png\u00bb align=\u00bbcenter\u00bb _builder_version=\u00bb4.16&#8243; width=\u00bb94%\u00bb width_tablet=\u00bb\u00bb width_phone=\u00bb65%\u00bb width_last_edited=\u00bbon|phone\u00bb module_alignment=\u00bbcenter\u00bb custom_margin=\u00bb45px||45px||true|false\u00bb custom_margin_tablet=\u00bb\u00bb custom_margin_phone=\u00bb10px||60px||false|false\u00bb custom_margin_last_edited=\u00bbon|phone\u00bb global_colors_info=\u00bb{}\u00bb][\/et_pb_image][\/et_pb_column][\/et_pb_row][\/et_pb_section][et_pb_section fb_built=\u00bb1&#8243; _builder_version=\u00bb4.16&#8243; custom_padding=\u00bb4px||0px|||\u00bb global_colors_info=\u00bb{}\u00bb][et_pb_row _builder_version=\u00bb4.16&#8243; min_height=\u00bb102px\u00bb custom_margin_tablet=\u00bb\u00bb custom_margin_phone=\u00bb20px||||false|false\u00bb custom_margin_last_edited=\u00bbon|phone\u00bb custom_padding=\u00bb34px||10px|||\u00bb global_colors_info=\u00bb{}\u00bb][et_pb_column type=\u00bb4_4&#8243; _builder_version=\u00bb4.16&#8243; global_colors_info=\u00bb{}\u00bb][et_pb_image src=\u00bbhttps:\/\/conectamutual.cl\/bienestar\/wp-content\/uploads\/2019\/12\/LOGOS-CATEGORIAS-01.png\u00bb align=\u00bbcenter\u00bb disabled_on=\u00bboff|off|off\u00bb _builder_version=\u00bb4.16&#8243; width=\u00bb50%\u00bb width_tablet=\u00bb\u00bb width_phone=\u00bb95%\u00bb width_last_edited=\u00bbon|phone\u00bb global_colors_info=\u00bb{}\u00bb][\/et_pb_image][\/et_pb_column][\/et_pb_row][\/et_pb_section][et_pb_section fb_built=\u00bb1&#8243; _builder_version=\u00bb4.16&#8243; custom_padding=\u00bb15px||1px|||\u00bb global_colors_info=\u00bb{}\u00bb][et_pb_row _builder_version=\u00bb4.16&#8243; custom_padding=\u00bb3px||36px|||\u00bb global_colors_info=\u00bb{}\u00bb][et_pb_column type=\u00bb4_4&#8243; _builder_version=\u00bb4.16&#8243; global_colors_info=\u00bb{}\u00bb][et_pb_post_title comments=\u00bboff\u00bb featured_image=\u00bboff\u00bb _builder_version=\u00bb4.16&#8243; title_font=\u00bbMontserrat|700|||||||\u00bb title_text_align=\u00bbcenter\u00bb title_text_color=\u00bb#c4d600&#8243; title_font_size=\u00bb54px\u00bb title_line_height=\u00bb1.1em\u00bb meta_font=\u00bbMontserrat||||||||\u00bb meta_text_align=\u00bbcenter\u00bb meta_font_size=\u00bb12px\u00bb title_font_size_tablet=\u00bb\u00bb title_font_size_phone=\u00bb30px\u00bb title_font_size_last_edited=\u00bbon|phone\u00bb meta_font_size_tablet=\u00bb\u00bb meta_font_size_phone=\u00bb10px\u00bb meta_font_size_last_edited=\u00bbon|phone\u00bb global_colors_info=\u00bb{}\u00bb][\/et_pb_post_title][\/et_pb_column][\/et_pb_row][\/et_pb_section][et_pb_section fb_built=\u00bb1&#8243; fullwidth=\u00bbon\u00bb _builder_version=\u00bb4.16&#8243; global_colors_info=\u00bb{}\u00bb][et_pb_fullwidth_image src=\u00bbhttps:\/\/conectamutual.cl\/bienestar\/wp-content\/uploads\/2024\/02\/pexels-mateusz-dach-914929.jpg\u00bb title_text=\u00bbpexels-mateusz-dach-914929&#8243; _builder_version=\u00bb4.20.2&#8243; hover_enabled=\u00bb0&#8243; global_colors_info=\u00bb{}\u00bb sticky_enabled=\u00bb0&#8243;][\/et_pb_fullwidth_image][\/et_pb_section][et_pb_section fb_built=\u00bb1&#8243; _builder_version=\u00bb4.16&#8243; custom_padding=\u00bb11px||8px|||\u00bb global_colors_info=\u00bb{}\u00bb][et_pb_row _builder_version=\u00bb4.16&#8243; custom_padding=\u00bb9px|||||\u00bb global_colors_info=\u00bb{}\u00bb][et_pb_column type=\u00bb4_4&#8243; _builder_version=\u00bb4.16&#8243; custom_padding=\u00bb|110px||110px|false|false\u00bb custom_padding_tablet=\u00bb\u00bb custom_padding_phone=\u00bb|10px||10px|false|false\u00bb custom_padding_last_edited=\u00bbon|phone\u00bb global_colors_info=\u00bb{}\u00bb][et_pb_text _builder_version=\u00bb4.20.2&#8243; text_font_size=\u00bb17px\u00bb text_line_height=\u00bb2.1em\u00bb ul_line_height=\u00bb2.2em\u00bb ol_line_height=\u00bb2.2em\u00bb header_2_text_color=\u00bb#c4d600&#8243; header_3_line_height=\u00bb1.6em\u00bb custom_margin_tablet=\u00bb\u00bb custom_margin_phone=\u00bb\u00bb custom_margin_last_edited=\u00bbon|phone\u00bb custom_padding=\u00bb36px|0px||0px|false|false\u00bb hover_enabled=\u00bb0&#8243; text_font_size_tablet=\u00bb\u00bb text_font_size_phone=\u00bb16px\u00bb text_font_size_last_edited=\u00bbon|phone\u00bb text_line_height_tablet=\u00bb\u00bb text_line_height_phone=\u00bb1.9em\u00bb text_line_height_last_edited=\u00bbon|phone\u00bb header_2_font_size_tablet=\u00bb\u00bb header_2_font_size_phone=\u00bb23px\u00bb header_2_font_size_last_edited=\u00bbon|phone\u00bb global_colors_info=\u00bb{}\u00bb sticky_enabled=\u00bb0&#8243;]<\/p>\n<blockquote>\n<p><span style=\"font-weight: 400;\">La mayor\u00eda de las personas asumen que la mejor manera de recuperar energ\u00eda es tomarnos unas vacaciones largas y tranquilas. Es como si tuvi\u00e9ramos una reserva de energ\u00eda mental que consumimos gradualmente en el trabajo y necesitamos tiempo fuera de la oficina para recargarla. <\/span><\/p>\n<\/blockquote>\n<p><b>Seg\u00fan esta teor\u00eda, cuanto m\u00e1s largas sean nuestras vacaciones, mejor. <\/b><span style=\"font-weight: 400;\">Pero tambi\u00e9n es una de las razones por las que quiz\u00e1s <\/span><a href=\"https:\/\/conectamutual.cl\/ex-ante\/mas-de-la-mitad-de-los-trabajadores-chilenos-no-tiene-contemplado-tomarse-vacaciones-este-2023\/\"><span style=\"font-weight: 400;\">no nos vayamos de vacaciones en absoluto: <\/span><\/a><b>para muchos, la idea de dejar la oficina durante una semana completa o m\u00e1s parece imposible, y la idea de enfrentar una monta\u00f1a de trabajo al regreso puede ser m\u00e1s estresante que no irse de vacaciones.<\/b><\/p>\n<h2><b>POR QU\u00c9 NECESITAMOS VACACIONES<\/b><\/h2>\n<p><a href=\"https:\/\/conectamutual.cl\/empresas-que-cambian\/hace-cuanto-tomaste-tus-ultimas-vacaciones-no-se-trata-solo-de-descanso-sino-de-sana-desconexion-por-el-bien-de-tu-salud-mental\/\"><b>Pero no tomar vacaciones tiene costos reales.<\/b> <\/a><span style=\"font-weight: 400;\">El Framingham Heart Study sigui\u00f3 a mujeres en una ciudad de Massachusetts, Estados Unidos, durante un per\u00edodo de 20 a\u00f1os y descubri\u00f3 que <\/span><b>las mujeres que tomaban vacaciones poco frecuentes ten\u00edan m\u00e1s probabilidades de sufrir ataques card\u00edacos que las que iban de vacaciones con regularidad.<\/b><span style=\"font-weight: 400;\"> En otro estudio, los investigadores siguieron a 12.000 hombres con alto riesgo de enfermedad coronaria durante un per\u00edodo de nueve a\u00f1os y encontraron que <\/span><b>aquellos que tomaban vacaciones anuales sufr\u00edan menos ataques card\u00edacos y tasas de mortalidad general m\u00e1s bajas que aquellos que no lo hac\u00edan.<\/b><\/p>\n<p><span style=\"font-weight: 400;\">Es m\u00e1s, se ha demostrado que los <\/span><b>trabajadores que no toman vacaciones corren un mayor <\/b><a href=\"https:\/\/conectamutual.cl\/empresas-que-cambian\/cura-rapida-para-el-agotamiento-sin-renunciar-ni-pedir-vacaciones\/\"><b>riesgo de agotarse<\/b><span style=\"font-weight: 400;\">,<\/span> <\/a><span style=\"font-weight: 400;\">de sentirse emocionalmente agotados por el trabajo y de no sentirse nunca plenamente capaces de afrontar las exigencias profesionales. El agotamiento tambi\u00e9n puede crear problemas matrimoniales y familiares y contribuir a la depresi\u00f3n, mala salud y mayores tasas de suicidio.<\/span><\/p>\n<h2><b>GU\u00cdA R\u00c1PIDA DE DESCANSOS<\/b><\/h2>\n<p><span style=\"font-weight: 400;\">Sin embargo, <\/span><b>antes de tomar vacaciones, vale la pena preguntarse <\/b><a href=\"https:\/\/conectamutual.cl\/vivir-mejor\/sientes-que-nada-te-recarga-de-energia-conoce-los-7-tipos-de-descanso-y-descubre-cual-es-el-que-tu-necesitas\/\"><b>qu\u00e9 descansos brindan el mayor grado de recuperaci\u00f3n.<\/b><\/a><span style=\"font-weight: 400;\"> Durante 20 a\u00f1os, la soci\u00f3loga Sabine Sonnentag de la Universidad alemana de Konstanz ha estado explorando esta cuesti\u00f3n con varios colaboradores. Ella y sus colegas creen que hay <\/span><a href=\"https:\/\/ideas.ted.com\/the-secrets-to-a-truly-restorative-vacation\/\"><span style=\"font-weight: 400;\">4 factores principales que contribuyen a que unas vacaciones ofrezcan recuperaci\u00f3n:<\/span> <\/a><b>relajaci\u00f3n, control, dominio de las experiencias y desapego mental del trabajo<\/b><span style=\"font-weight: 400;\">. Los descansos elevados en los cuatro equivalen a comidas sanas y nutritivas; las que no lo son, son como calor\u00edas vac\u00edas.<\/span><\/p>\n<h3><b>1. RELAJACI\u00d3N<\/b><\/h3>\n<p><span style=\"font-weight: 400;\">El aspecto m\u00e1s sencillo de entender. Se trata de <\/span><b>realizar una actividad que sea placentera y poco exigente<\/b><span style=\"font-weight: 400;\"> o, como la definen Sonnentag y su colaboradora Charlotte Fritz, \u00abun estado de baja activaci\u00f3n y mayor afecto positivo\u00bb. La relajaci\u00f3n no tiene por qu\u00e9 ser totalmente pasiva, pero una actividad relajante no deber\u00eda parecer un trabajo ni requerir mucho esfuerzo.<\/span><\/p>\n<h3><b>2. CONTROLAR<\/b><\/h3>\n<p><span style=\"font-weight: 400;\">Las experiencias de control y dominio son m\u00e1s interesantes. En el contexto de la recuperaci\u00f3n, control significa tener el poder de decidir c\u00f3mo gastas tu tiempo, energ\u00eda y atenci\u00f3n. Para las personas que no tienen mucho control sobre lo que sucede en el trabajo y cuyos horarios fuera del trabajo est\u00e1n llenos de deberes y tareas familiares, poder controlar su tiempo en los descansos puede ser liberador y reconstituyente.<\/span><\/p>\n<h3><b>3. EXPERIENCIAS DE DOMINIO<\/b><\/h3>\n<p><b>Las experiencias de dominio son cosas atractivas e interesantes que haces bien.<\/b><span style=\"font-weight: 400;\"> A menudo son desafiantes, pero esto los hace mentalmente absorbentes y a\u00fan m\u00e1s gratificantes cuando se ejecutan con soltura. Tambi\u00e9n hacen que tu vida tenga m\u00e1s significado: el psic\u00f3logo Mihaly Csikszentmihalyi ha descubierto que las personas que buscan experiencias de \u201cflujo\u201d en actividades dif\u00edciles pero gratificantes son m\u00e1s felices y tienen vidas m\u00e1s satisfactorias que las personas que buscan placeres sibaritas.\u00a0<\/span><\/p>\n<p><b>Para las personas que trabajan en empleos muy inciertos, tener experiencias de dominio durante sus descansos puede ser especialmente importante.<\/b><span style=\"font-weight: 400;\"> En Bletchley Park, Inglaterra, durante la Segunda Guerra Mundial, por ejemplo, el ajedrez era un pasatiempo popular entre los descifradores de c\u00f3digos. Los jefes de la secci\u00f3n Enigma hab\u00edan jugado en el equipo nacional brit\u00e1nico de ajedrez y reclutaron a sus jugadores con la creencia de que el juego desarrollaba las habilidades mentales necesarias para realizar criptoan\u00e1lisis. Al mismo tiempo, jugar al ajedrez sigui\u00f3 siendo una experiencia de recuperaci\u00f3n porque era fascinante y, por tanto, relajante. Adem\u00e1s, los juegos brindaron a los descifradores de c\u00f3digos la oportunidad de ejercer su dominio.<\/span><\/p>\n<h3><b>4. DESAPEGO MENTAL DE LA OFICINA<\/b><\/h3>\n<p><span style=\"font-weight: 400;\">La importancia del <\/span><b>desapego psicol\u00f3gico del trabajo<\/b><span style=\"font-weight: 400;\"> se observ\u00f3 por primera vez en un estudio realizado por los soci\u00f3logos israel\u00edes Dalia Etzion, Dov Eden y Yael Lapidot sobre trabajadores antes y despu\u00e9s de su servicio anual en el ej\u00e9rcito israel\u00ed. La mayor\u00eda de los adultos en Israel deben servir en el ej\u00e9rcito a tiempo completo al terminar la escuela secundaria. Posteriormente contin\u00faan como reservistas, cumpliendo unas semanas cada a\u00f1o. Los reservistas que regresaron a sus trabajos de civil fueron encuestados sobre sus niveles de compromiso y energ\u00eda en la oficina, y reportaron tasas significativamente m\u00e1s bajas de estr\u00e9s laboral y agotamiento despu\u00e9s de su despliegue que antes. De hecho, sus resultados se parec\u00edan a los de las personas que hab\u00edan estado de vacaciones. <\/span><b>Esto parece contradictorio, pero investigadores de otros pa\u00edses han observado el mismo fen\u00f3meno.<\/b><span style=\"font-weight: 400;\"> Aunque puede ser un desaf\u00edo f\u00edsico y mental, el servicio de reserva proporcion\u00f3 un respiro del mon\u00f3tono estr\u00e9s de los trabajos civiles.<\/span><\/p>\n<p><span style=\"font-weight: 400;\">En su estudio de los reservistas israel\u00edes, Etzion, Eden y Lapidot notaron algo m\u00e1s sobre la felicidad de los sujetos cuando regresaban al trabajo: <\/span><b>despu\u00e9s de un mes, el efecto se desvaneci\u00f3 y estaban tan felices (o tan miserables) como lo hab\u00edan estado antes de irse.<\/b><span style=\"font-weight: 400;\"> Desde entonces, los psic\u00f3logos han descubierto que un efecto similar se aplica incluso a las mejores vacaciones \u2013 <\/span><b>los beneficios no duran mucho. <\/b><span style=\"font-weight: 400;\">Cuando se miden el estado de \u00e1nimo, la energ\u00eda, el compromiso y la felicidad entre los trabajadores antes e inmediatamente despu\u00e9s de las vacaciones, y luego semanas o meses despu\u00e9s, los psic\u00f3logos encuentran que el impulso emocional que proporcionan las vacaciones dura aproximadamente 3 o 4 semanas. (Pero para los perfeccionistas y adictos al trabajo, la desaparici\u00f3n puede ocurrir m\u00e1s r\u00e1pido).<\/span><\/p>\n<p><span style=\"font-weight: 400;\">Si bien las vacaciones de 2 o 3 semanas pueden tener sus ventajas (viajar m\u00e1s lejos y pasar m\u00e1s tiempo aprendiendo sobre otras culturas, por ejemplo), <\/span><b>las vacaciones largas no necesariamente se traducen en una mayor felicidad.<\/b><span style=\"font-weight: 400;\"> Entonces, en lugar de tratar las vacaciones como grandes eventos anuales que est\u00e1n completamente separados de nuestra vida laboral, tomar vacaciones m\u00e1s cortas, pero m\u00e1s frecuentes cada pocos meses, podr\u00eda proporcionar mayores niveles de recuperaci\u00f3n.<\/span><\/p>\n<p><span style=\"font-weight: 400;\">Como dice la psic\u00f3loga Jessica de Bloom, investigadora de vacaciones en la Universidad finlandesa de Tampere, l<\/span><b>os descansos son como dormir: es necesario tomarlos con regularidad para beneficiarse<\/b><span style=\"font-weight: 400;\">.<\/span><\/p>\n<p>[\/et_pb_text][et_pb_text _builder_version=\u00bb4.16&#8243; text_font_size=\u00bb13px\u00bb text_line_height=\u00bb0.6em\u00bb custom_margin=\u00bb-15px||||false|false\u00bb custom_padding=\u00bb34px|||||\u00bb text_font_size_tablet=\u00bb\u00bb text_font_size_phone=\u00bb11px\u00bb text_font_size_last_edited=\u00bbon|phone\u00bb global_colors_info=\u00bb{}\u00bb]<\/p>\n<p style=\"text-align: center;\"><img loading=\"lazy\" decoding=\"async\" class=\"wp-image-608 alignnone size-full\" src=\"https:\/\/conectamutual.cl\/bienestar\/wp-content\/uploads\/2019\/10\/Imagen-equipo.png\" alt=\"\" width=\"91\" height=\"88\" \/><\/p>\n<p style=\"text-align: center;\"><strong>Por Equipo Espacio Mutuo<\/strong><\/p>\n<p style=\"text-align: center;\"><em>Mutual de Seguridad<\/em><\/p>\n<p>[\/et_pb_text][\/et_pb_column][\/et_pb_row][et_pb_row _builder_version=\u00bb4.16&#8243; background_color=\u00bbrgba(0,0,0,0)\u00bb global_colors_info=\u00bb{}\u00bb][et_pb_column type=\u00bb4_4&#8243; _builder_version=\u00bb4.16&#8243; transform_scale_linked=\u00bboff\u00bb transform_translate=\u00bb-4px|10px\u00bb transform_translate_linked=\u00bboff\u00bb custom_padding=\u00bb5px|0px|5px|0px|false|true\u00bb animation_style=\u00bbzoom\u00bb animation_duration=\u00bb500ms\u00bb border_radii=\u00bboff||||\u00bb border_color_all=\u00bb#cde002&#8243; border_width_top=\u00bb1px\u00bb border_color_top=\u00bb#e09900&#8243; border_style_top=\u00bbdotted\u00bb border_width_bottom=\u00bb1px\u00bb border_color_bottom=\u00bb#e09900&#8243; border_style_bottom=\u00bbdotted\u00bb global_colors_info=\u00bb{}\u00bb][et_pb_code admin_label=\u00bbRating Art\u00edculo\u00bb _builder_version=\u00bb4.20.2&#8243; transform_scale=\u00bb110%|110%\u00bb transform_translate=\u00bb424px|5px\u00bb transform_translate_linked=\u00bboff\u00bb hover_enabled=\u00bb0&#8243; global_colors_info=\u00bb{}\u00bb sticky_enabled=\u00bb0&#8243;]<a class=\"typeform-share button\" href=\"https:\/\/singularmktg.typeform.com\/to\/COMq1XCs#art=1032\" data-mode=\"drawer_right\" style=\"display:inline-block;text-decoration:none;background-color:#CDE002;color:white;cursor:pointer;font-family:Helvetica,Arial,sans-serif;font-size:20px;line-height:50px;text-align:center;margin:0;height:50px;padding:0px 33px;border-radius:12px;max-width:100%;white-space:nowrap;overflow:hidden;text-overflow:ellipsis;font-weight:bold;-webkit-font-smoothing:antialiased;-moz-osx-font-smoothing:grayscale;\" data-hide-headers=\"true\" data-hide-footer=\"true\" data-submit-close-delay=\"2\" target=\"_blank\" rel=\"noopener noreferrer\">Eval\u00faa este art\u00edculo <\/a> <script> (function() { var qs,js,q,s,d=document, gi=d.getElementById, ce=d.createElement, gt=d.getElementsByTagName, id=\"typef_orm_share\", b=\"https:\/\/embed.typeform.com\/\"; if(!gi.call(d,id)){ js=ce.call(d,\"script\"); js.id=id; js.src=b+\"embed.js\"; q=gt.call(d,\"script\")[0]; q.parentNode.insertBefore(js,q) } })() <\/script>[\/et_pb_code][\/et_pb_column][\/et_pb_row][et_pb_row _builder_version=\u00bb4.16&#8243; global_colors_info=\u00bb{}\u00bb][et_pb_column type=\u00bb4_4&#8243; _builder_version=\u00bb4.16&#8243; custom_padding_tablet=\u00bb\u00bb custom_padding_phone=\u00bb40px||||false|false\u00bb custom_padding_last_edited=\u00bbon|phone\u00bb global_colors_info=\u00bb{}\u00bb][et_pb_posts_carousel_agsdcm category_id=\u00bb27&#8243; max_title_characters=\u00bb150&#8243; heading_style=\u00bbcustom\u00bb heading_primary=\u00bb\u00daltimos Art\u00edculos\u00bb heading_sub=\u00bbEspacios de Reflexi\u00f3n\u00bb posts_filter_any=\u00bbon\u00bb _builder_version=\u00bb4.16&#8243; header_font=\u00bbMontserrat||||||||\u00bb header_text_color=\u00bb#757575&#8243; header_font_size=\u00bb19px\u00bb subheader_text_color=\u00bb#828282&#8243; title_font=\u00bbMontserrat|700|||||||\u00bb title_text_color=\u00bb#acc601&#8243; border_color_all=\u00bb#cde002&#8243; global_colors_info=\u00bb{}\u00bb][\/et_pb_posts_carousel_agsdcm][\/et_pb_column][\/et_pb_row][\/et_pb_section]<\/p>\n","protected":false},"excerpt":{"rendered":"<p>La mayor\u00eda de las personas asumen que la mejor manera de recuperar energ\u00eda es tomarnos unas vacaciones largas y tranquilas. Es como si tuvi\u00e9ramos una reserva de energ\u00eda mental que consumimos gradualmente en el trabajo y necesitamos tiempo fuera de la oficina para recargarla. Seg\u00fan esta teor\u00eda, cuanto m\u00e1s largas sean nuestras vacaciones, mejor. Pero [&hellip;]<\/p>\n","protected":false},"author":2,"featured_media":12031,"comment_status":"closed","ping_status":"closed","sticky":false,"template":"","format":"standard","meta":{"_et_pb_use_builder":"on","_et_pb_old_content":"","_et_gb_content_width":"","footnotes":""},"categories":[27],"tags":[112,122,241,522,693,89],"class_list":["post-12028","post","type-post","status-publish","format-standard","has-post-thumbnail","hentry","category-espacios-de-reflexion","tag-agotamiento","tag-burnout","tag-descanso","tag-relajo","tag-vacaciones","tag-vida-laboral","et-has-post-format-content","et_post_format-et-post-format-standard"],"_links":{"self":[{"href":"https:\/\/conectamutual.cl\/bienestar\/wp-json\/wp\/v2\/posts\/12028","targetHints":{"allow":["GET"]}}],"collection":[{"href":"https:\/\/conectamutual.cl\/bienestar\/wp-json\/wp\/v2\/posts"}],"about":[{"href":"https:\/\/conectamutual.cl\/bienestar\/wp-json\/wp\/v2\/types\/post"}],"author":[{"embeddable":true,"href":"https:\/\/conectamutual.cl\/bienestar\/wp-json\/wp\/v2\/users\/2"}],"replies":[{"embeddable":true,"href":"https:\/\/conectamutual.cl\/bienestar\/wp-json\/wp\/v2\/comments?post=12028"}],"version-history":[{"count":3,"href":"https:\/\/conectamutual.cl\/bienestar\/wp-json\/wp\/v2\/posts\/12028\/revisions"}],"predecessor-version":[{"id":12033,"href":"https:\/\/conectamutual.cl\/bienestar\/wp-json\/wp\/v2\/posts\/12028\/revisions\/12033"}],"wp:featuredmedia":[{"embeddable":true,"href":"https:\/\/conectamutual.cl\/bienestar\/wp-json\/wp\/v2\/media\/12031"}],"wp:attachment":[{"href":"https:\/\/conectamutual.cl\/bienestar\/wp-json\/wp\/v2\/media?parent=12028"}],"wp:term":[{"taxonomy":"category","embeddable":true,"href":"https:\/\/conectamutual.cl\/bienestar\/wp-json\/wp\/v2\/categories?post=12028"},{"taxonomy":"post_tag","embeddable":true,"href":"https:\/\/conectamutual.cl\/bienestar\/wp-json\/wp\/v2\/tags?post=12028"}],"curies":[{"name":"wp","href":"https:\/\/api.w.org\/{rel}","templated":true}]}}