{"id":12347,"date":"2024-04-14T13:40:35","date_gmt":"2024-04-14T17:40:35","guid":{"rendered":"https:\/\/conectamutual.cl\/bienestar\/?p=12347"},"modified":"2024-04-15T21:52:34","modified_gmt":"2024-04-16T01:52:34","slug":"resiliencia-ante-el-fuego-hospital-clinico-de-mutual-de-seguridad-atiende-record-de-pacientes-con-quemaduras-tras-los-incendios-en-la-quinta-region","status":"publish","type":"post","link":"https:\/\/conectamutual.cl\/bienestar\/ex-ante\/resiliencia-ante-el-fuego-hospital-clinico-de-mutual-de-seguridad-atiende-record-de-pacientes-con-quemaduras-tras-los-incendios-en-la-quinta-region\/","title":{"rendered":"Resiliencia ante el fuego: Hospital Cl\u00ednico de Mutual de Seguridad atiende r\u00e9cord de pacientes con quemaduras tras los incendios en la Quinta Regi\u00f3n"},"content":{"rendered":"<p>[et_pb_section fb_built=\u00bb1&#8243; _builder_version=\u00bb4.16&#8243; custom_margin=\u00bb||-50px||false|false\u00bb custom_margin_tablet=\u00bb\u00bb custom_margin_phone=\u00bb||0px||false|false\u00bb custom_margin_last_edited=\u00bbon|phone\u00bb custom_padding=\u00bb11px||0px||false|false\u00bb hover_enabled=\u00bb0&#8243; global_colors_info=\u00bb{}\u00bb sticky_enabled=\u00bb0&#8243;][et_pb_row disabled_on=\u00bboff|off|off\u00bb _builder_version=\u00bb4.16&#8243; min_height=\u00bb269px\u00bb custom_margin=\u00bb-15px|auto|-190px|auto|false|false\u00bb custom_margin_tablet=\u00bb\u00bb custom_margin_phone=\u00bb\u00bb custom_margin_last_edited=\u00bbon|phone\u00bb custom_padding=\u00bb||0px||false|false\u00bb global_colors_info=\u00bb{}\u00bb][et_pb_column type=\u00bb4_4&#8243; _builder_version=\u00bb4.16&#8243; global_colors_info=\u00bb{}\u00bb][et_pb_image src=\u00bbhttps:\/\/conectamutual.cl\/bienestar\/wp-content\/uploads\/2019\/10\/Logo-Espacio-Mutuo-02.png\u00bb align=\u00bbcenter\u00bb disabled_on=\u00bboff|off|off\u00bb _builder_version=\u00bb4.16&#8243; width=\u00bb83%\u00bb width_tablet=\u00bb\u00bb width_phone=\u00bb22%\u00bb width_last_edited=\u00bbon|phone\u00bb custom_margin=\u00bb15px||-21px||false|false\u00bb global_colors_info=\u00bb{}\u00bb][\/et_pb_image][\/et_pb_column][\/et_pb_row][\/et_pb_section][et_pb_section fb_built=\u00bb1&#8243; _builder_version=\u00bb4.20.2&#8243; _module_preset=\u00bbdefault\u00bb custom_padding=\u00bb||0px|||\u00bb global_colors_info=\u00bb{}\u00bb][et_pb_row _builder_version=\u00bb4.20.2&#8243; _module_preset=\u00bbdefault\u00bb custom_padding=\u00bb||7px|||\u00bb global_colors_info=\u00bb{}\u00bb][et_pb_column type=\u00bb4_4&#8243; _builder_version=\u00bb4.20.2&#8243; _module_preset=\u00bbdefault\u00bb global_colors_info=\u00bb{}\u00bb][et_pb_image src=\u00bbhttps:\/\/conectamutual.cl\/bienestar\/wp-content\/uploads\/2019\/10\/Logo-Oficial-Mutual-01.png\u00bb align=\u00bbcenter\u00bb _builder_version=\u00bb4.16&#8243; width=\u00bb100%\u00bb width_tablet=\u00bb\u00bb width_phone=\u00bb80%\u00bb width_last_edited=\u00bbon|phone\u00bb custom_margin=\u00bb10px||10px||true|false\u00bb custom_margin_tablet=\u00bb\u00bb custom_margin_phone=\u00bb10px||13px||false|false\u00bb custom_margin_last_edited=\u00bbon|phone\u00bb custom_padding=\u00bb27px|||||\u00bb global_colors_info=\u00bb{}\u00bb][\/et_pb_image][et_pb_text disabled_on=\u00bboff|off|off\u00bb _builder_version=\u00bb4.20.2&#8243; _module_preset=\u00bbdefault\u00bb text_font_size=\u00bb26px\u00bb text_line_height=\u00bb1.6em\u00bb custom_padding=\u00bb50px||0px|||\u00bb text_font_size_tablet=\u00bb26px\u00bb text_font_size_phone=\u00bb17px\u00bb text_font_size_last_edited=\u00bbon|phone\u00bb global_colors_info=\u00bb{}\u00bb][\/et_pb_text][\/et_pb_column][\/et_pb_row][\/et_pb_section][et_pb_section fb_built=\u00bb1&#8243; _builder_version=\u00bb4.16&#8243; custom_padding=\u00bb0px||1px|||\u00bb global_colors_info=\u00bb{}\u00bb][et_pb_row _builder_version=\u00bb4.16&#8243; custom_padding=\u00bb17px||36px|||\u00bb global_colors_info=\u00bb{}\u00bb][et_pb_column type=\u00bb4_4&#8243; _builder_version=\u00bb4.16&#8243; global_colors_info=\u00bb{}\u00bb][et_pb_post_title comments=\u00bboff\u00bb featured_image=\u00bboff\u00bb _builder_version=\u00bb4.20.2&#8243; title_font=\u00bbMontserrat|700|||||||\u00bb title_text_align=\u00bbcenter\u00bb title_text_color=\u00bb#c4d600&#8243; title_font_size=\u00bb54px\u00bb title_line_height=\u00bb1.1em\u00bb meta_font=\u00bbMontserrat||||||||\u00bb meta_text_align=\u00bbcenter\u00bb meta_font_size=\u00bb12px\u00bb custom_margin=\u00bb0px||||false|false\u00bb title_font_size_tablet=\u00bb\u00bb title_font_size_phone=\u00bb30px\u00bb title_font_size_last_edited=\u00bbon|phone\u00bb meta_font_size_tablet=\u00bb\u00bb meta_font_size_phone=\u00bb10px\u00bb meta_font_size_last_edited=\u00bbon|phone\u00bb global_colors_info=\u00bb{}\u00bb][\/et_pb_post_title][\/et_pb_column][\/et_pb_row][\/et_pb_section][et_pb_section fb_built=\u00bb1&#8243; fullwidth=\u00bbon\u00bb _builder_version=\u00bb4.20.2&#8243; global_colors_info=\u00bb{}\u00bb][et_pb_fullwidth_image src=\u00bbhttps:\/\/conectamutual.cl\/bienestar\/wp-content\/uploads\/2024\/04\/Nota-75-Banner-Ex-Ante-UCI-Quemados.jpg\u00bb title_text=\u00bbNota 75 &#8211; Banner-Ex-Ante-UCI-Quemados\u00bb _builder_version=\u00bb4.24.3&#8243; width=\u00bb100%\u00bb module_alignment=\u00bbcenter\u00bb custom_margin=\u00bb|||-143px||\u00bb global_colors_info=\u00bb{}\u00bb][\/et_pb_fullwidth_image][\/et_pb_section][et_pb_section fb_built=\u00bb1&#8243; _builder_version=\u00bb4.16&#8243; custom_padding=\u00bb11px||8px|||\u00bb global_colors_info=\u00bb{}\u00bb][et_pb_row _builder_version=\u00bb4.16&#8243; custom_padding=\u00bb9px||39px|||\u00bb global_colors_info=\u00bb{}\u00bb][et_pb_column type=\u00bb4_4&#8243; _builder_version=\u00bb4.16&#8243; custom_padding=\u00bb|110px||110px|false|false\u00bb custom_padding_tablet=\u00bb\u00bb custom_padding_phone=\u00bb|10px||10px|false|false\u00bb custom_padding_last_edited=\u00bbon|phone\u00bb global_colors_info=\u00bb{}\u00bb][et_pb_text _builder_version=\u00bb4.24.3&#8243; text_font_size=\u00bb17px\u00bb text_line_height=\u00bb2.1em\u00bb ul_line_height=\u00bb2.2em\u00bb ol_line_height=\u00bb2.2em\u00bb header_2_text_color=\u00bb#c4d600&#8243; header_3_line_height=\u00bb1.6em\u00bb custom_margin_tablet=\u00bb\u00bb custom_margin_phone=\u00bb\u00bb custom_margin_last_edited=\u00bbon|phone\u00bb custom_padding=\u00bb36px|0px||0px|false|false\u00bb text_font_size_tablet=\u00bb\u00bb text_font_size_phone=\u00bb16px\u00bb text_font_size_last_edited=\u00bbon|phone\u00bb text_line_height_tablet=\u00bb\u00bb text_line_height_phone=\u00bb1.9em\u00bb text_line_height_last_edited=\u00bbon|phone\u00bb header_2_font_size_tablet=\u00bb\u00bb header_2_font_size_phone=\u00bb23px\u00bb header_2_font_size_last_edited=\u00bbon|phone\u00bb global_colors_info=\u00bb{}\u00bb]<\/p>\n<blockquote>\n<p><span style=\"font-weight: 400;\">El arranque de 2024 ha presentado un desaf\u00edo sin precedentes para el Hospital Cl\u00ednico de Mutual de Seguridad, en particular para su Unidad de Cuidados Intensivos de Grandes Quemados (UCI de Grandes Quemados). Esta \u00e1rea del centro m\u00e9dico hoy contempla un r\u00e9cord de atenci\u00f3n de pacientes con quemaduras graves, muchos de los cuales fueron afectados por los recientes incendios en la Quinta Regi\u00f3n.<\/span><\/p>\n<\/blockquote>\n<p>De un total de 14 pacientes, ocho han sido trasladados desde la zona afectada. De ellos, tres derivados bajo la ley de accidentes laborales, y cinco provenientes del sistema p\u00fablico. Al mismo tiempo, de los ocho pacientes procedentes de la emergencia, cinco se encuentran en estado cr\u00edtico y requieren de ventilaci\u00f3n artificial, dos en estado intermedio, y uno que actualmente se encuentra fuera de riesgo. <\/p>\n<p>Este \u00faltimo caso se trata de Sergio Elgueta, sobreviviente de la cat\u00e1strofe que permanece internado en el hospital de Mutual de Seguridad y que en los pr\u00f3ximos d\u00edas ser\u00e1 sometido a una intervenci\u00f3n quir\u00fargica debido a las quemaduras en sus brazos. <\/p>\n<p>Respecto a lo vivido el 04 de febrero, d\u00eda en que comenzaron los incendios, Elgueta indic\u00f3 \u00abYo hubiera preferido dos o tres veces un terremoto porque en un terremoto las cosas se caen, se quiebran, nunca se le va a romper todo. Pero en mi casa no qued\u00f3 nada\u00bb.<\/p>\n<p>A pesar de las p\u00e9rdidas materiales, la salud de Sergio experimenta una evoluci\u00f3n positiva, situ\u00e1ndose en un escenario m\u00e1s favorable en comparaci\u00f3n con otros pacientes que han necesitado un cuidado m\u00e1s intensivo y la atenci\u00f3n especializada de la UCI de Grandes Quemados. No obstante, el director m\u00e9dico del Hospital Cl\u00ednico de Mutual de Seguridad, Rafael Borgo\u00f1o, subray\u00f3 el compromiso total de la instituci\u00f3n para recibir y brindar atenci\u00f3n a todos los damnificados derivados por las autoridades, indicando que el \u00e1rea cuenta con una atenci\u00f3n \u00fanica en el pa\u00eds para este tipo de emergencias.<\/p>\n<p>\u201cEsta unidad dispone de seis camas especializadas, complementando las nueve disponibles en la UCI Trauma, las cuales son habilitadas para la atenci\u00f3n de pacientes quemados en situaciones extremas, como la actual. Un aspecto destacable, es el dise\u00f1o de las habitaciones en la UCI Grandes Quemados, ya que reduce significativamente el riesgo de infecciones al permitir que los pacientes no necesiten salir al exterior. Adem\u00e1s, las instalaciones cuentan con tinas de duchoterapia, contribuyendo tanto a la higienizaci\u00f3n como a la curaci\u00f3n de los cuerpos afectados por quemaduras\u201d manifest\u00f3 Borgo\u00f1o.<\/p>\n<p>Finalmente, la atenci\u00f3n que hoy entrega esta unidad del hospital de Mutual de Seguridad tambi\u00e9n se complementa con otras \u00e1reas y especialidades. Gran parte de los afectados que est\u00e1n internados reciben un apoyo integral en materia psicol\u00f3gica, ayud\u00e1ndolos a prepararse para superar la traum\u00e1tica experiencia provocada por las llamas y reconstruir sus vidas.<\/p>\n<p>[\/et_pb_text][\/et_pb_column][\/et_pb_row][et_pb_row _builder_version=\u00bb4.16&#8243; custom_padding=\u00bb27px|||||\u00bb global_colors_info=\u00bb{}\u00bb][et_pb_column type=\u00bb4_4&#8243; _builder_version=\u00bb4.16&#8243; global_colors_info=\u00bb{}\u00bb][et_pb_text _builder_version=\u00bb4.16&#8243; text_font=\u00bb|700|||||||\u00bb text_text_color=\u00bb#606060&#8243; text_font_size=\u00bb17px\u00bb text_letter_spacing=\u00bb2px\u00bb custom_margin=\u00bb||15px|||\u00bb global_colors_info=\u00bb{}\u00bb]<\/p>\n<p style=\"text-align: center;\">\u00bfQUIERES ACCEDER A M\u00c1S ART\u00cdCULOS COMO \u00c9STE?<\/p>\n<p>[\/et_pb_text][et_pb_button button_url=\u00bbhttps:\/\/conectamutual.cl\/bienestar\/ex-ante\/\u00bb button_text=\u00bbSUSCR\u00cdBETE AQU\u00cd\u00bb button_alignment=\u00bbcenter\u00bb _builder_version=\u00bb4.16&#8243; custom_button=\u00bbon\u00bb button_text_size=\u00bb20px\u00bb button_text_color=\u00bb#ffffff\u00bb button_bg_color=\u00bb#c4d600&#8243; button_border_width=\u00bb8px\u00bb button_border_color=\u00bb#c4d600&#8243; button_border_radius=\u00bb0px\u00bb button_letter_spacing=\u00bb2px\u00bb button_font=\u00bbMontserrat|600||on|||||\u00bb button_icon=\u00bb&#x24;||divi||400&#8243; custom_margin=\u00bb10px|||\u00bb animation_style=\u00bbfade\u00bb global_colors_info=\u00bb{}\u00bb button_text_size__hover_enabled=\u00bboff\u00bb button_one_text_size__hover_enabled=\u00bboff\u00bb button_two_text_size__hover_enabled=\u00bboff\u00bb button_text_color__hover_enabled=\u00bboff\u00bb button_one_text_color__hover_enabled=\u00bboff\u00bb button_two_text_color__hover_enabled=\u00bboff\u00bb button_border_width__hover_enabled=\u00bboff\u00bb button_one_border_width__hover_enabled=\u00bboff\u00bb button_two_border_width__hover_enabled=\u00bboff\u00bb button_border_color__hover_enabled=\u00bboff\u00bb button_one_border_color__hover_enabled=\u00bboff\u00bb button_two_border_color__hover_enabled=\u00bboff\u00bb button_border_radius__hover_enabled=\u00bboff\u00bb button_one_border_radius__hover_enabled=\u00bboff\u00bb button_two_border_radius__hover_enabled=\u00bboff\u00bb button_letter_spacing__hover_enabled=\u00bboff\u00bb button_one_letter_spacing__hover_enabled=\u00bboff\u00bb button_two_letter_spacing__hover_enabled=\u00bboff\u00bb button_bg_color__hover_enabled=\u00bboff\u00bb button_one_bg_color__hover_enabled=\u00bboff\u00bb button_two_bg_color__hover_enabled=\u00bboff\u00bb][\/et_pb_button][\/et_pb_column][\/et_pb_row][et_pb_row disabled_on=\u00bbon|on|on\u00bb _builder_version=\u00bb4.16&#8243; custom_padding=\u00bb50px|||||\u00bb disabled=\u00bbon\u00bb global_colors_info=\u00bb{}\u00bb][et_pb_column type=\u00bb4_4&#8243; _builder_version=\u00bb4.16&#8243; custom_padding_tablet=\u00bb\u00bb custom_padding_phone=\u00bb40px||||false|false\u00bb custom_padding_last_edited=\u00bbon|phone\u00bb global_colors_info=\u00bb{}\u00bb][et_pb_posts_carousel_agsdcm category_id=\u00bb419&#8243; max_title_characters=\u00bb150&#8243; heading_style=\u00bbcustom\u00bb heading_primary=\u00bb\u00daltimos Art\u00edculos\u00bb heading_sub=\u00bb EX-ANTE\u00bb posts_filter_any=\u00bbon\u00bb _builder_version=\u00bb4.16&#8243; header_font=\u00bbMontserrat||||||||\u00bb header_text_color=\u00bb#757575&#8243; header_font_size=\u00bb19px\u00bb subheader_text_color=\u00bb#828282&#8243; title_font=\u00bbMontserrat|700|||||||\u00bb title_text_color=\u00bb#acc601&#8243; border_color_all=\u00bb#cde002&#8243; global_colors_info=\u00bb{}\u00bb][\/et_pb_posts_carousel_agsdcm][\/et_pb_column][\/et_pb_row][\/et_pb_section]<\/p>\n","protected":false},"excerpt":{"rendered":"<p>El arranque de 2024 ha presentado un desaf\u00edo sin precedentes para el Hospital Cl\u00ednico de Mutual de Seguridad, en particular para su Unidad de Cuidados Intensivos de Grandes Quemados (UCI de Grandes Quemados). Esta \u00e1rea del centro m\u00e9dico hoy contempla un r\u00e9cord de atenci\u00f3n de pacientes con quemaduras graves, muchos de los cuales fueron afectados [&hellip;]<\/p>\n","protected":false},"author":7,"featured_media":12351,"comment_status":"closed","ping_status":"closed","sticky":false,"template":"","format":"standard","meta":{"_et_pb_use_builder":"on","_et_pb_old_content":"","_et_gb_content_width":"","footnotes":""},"categories":[419],"tags":[],"class_list":["post-12347","post","type-post","status-publish","format-standard","has-post-thumbnail","hentry","category-ex-ante","et-has-post-format-content","et_post_format-et-post-format-standard"],"_links":{"self":[{"href":"https:\/\/conectamutual.cl\/bienestar\/wp-json\/wp\/v2\/posts\/12347","targetHints":{"allow":["GET"]}}],"collection":[{"href":"https:\/\/conectamutual.cl\/bienestar\/wp-json\/wp\/v2\/posts"}],"about":[{"href":"https:\/\/conectamutual.cl\/bienestar\/wp-json\/wp\/v2\/types\/post"}],"author":[{"embeddable":true,"href":"https:\/\/conectamutual.cl\/bienestar\/wp-json\/wp\/v2\/users\/7"}],"replies":[{"embeddable":true,"href":"https:\/\/conectamutual.cl\/bienestar\/wp-json\/wp\/v2\/comments?post=12347"}],"version-history":[{"count":7,"href":"https:\/\/conectamutual.cl\/bienestar\/wp-json\/wp\/v2\/posts\/12347\/revisions"}],"predecessor-version":[{"id":12357,"href":"https:\/\/conectamutual.cl\/bienestar\/wp-json\/wp\/v2\/posts\/12347\/revisions\/12357"}],"wp:featuredmedia":[{"embeddable":true,"href":"https:\/\/conectamutual.cl\/bienestar\/wp-json\/wp\/v2\/media\/12351"}],"wp:attachment":[{"href":"https:\/\/conectamutual.cl\/bienestar\/wp-json\/wp\/v2\/media?parent=12347"}],"wp:term":[{"taxonomy":"category","embeddable":true,"href":"https:\/\/conectamutual.cl\/bienestar\/wp-json\/wp\/v2\/categories?post=12347"},{"taxonomy":"post_tag","embeddable":true,"href":"https:\/\/conectamutual.cl\/bienestar\/wp-json\/wp\/v2\/tags?post=12347"}],"curies":[{"name":"wp","href":"https:\/\/api.w.org\/{rel}","templated":true}]}}