{"id":12532,"date":"2024-04-30T16:43:36","date_gmt":"2024-04-30T20:43:36","guid":{"rendered":"https:\/\/conectamutual.cl\/bienestar\/?p=12532"},"modified":"2024-04-30T16:49:07","modified_gmt":"2024-04-30T20:49:07","slug":"sustentable-s-a-y-el-instituto-traumatologico-dr-teodoro-gebauer-weisser-reciben-premio-a-la-seguridad-y-salud-en-el-trabajo-2","status":"publish","type":"post","link":"https:\/\/conectamutual.cl\/bienestar\/ex-ante\/sustentable-s-a-y-el-instituto-traumatologico-dr-teodoro-gebauer-weisser-reciben-premio-a-la-seguridad-y-salud-en-el-trabajo-2\/","title":{"rendered":"Sustentable S.A. y el Instituto Traumatol\u00f3gico \u201cDr. Teodoro Gebauer Weisser\u201d reciben premio a la Seguridad y Salud en el Trabajo"},"content":{"rendered":"<p>[et_pb_section fb_built=\u00bb1&#8243; _builder_version=\u00bb4.16&#8243; custom_margin=\u00bb||-50px||false|false\u00bb custom_margin_tablet=\u00bb\u00bb custom_margin_phone=\u00bb||0px||false|false\u00bb custom_margin_last_edited=\u00bbon|phone\u00bb custom_padding=\u00bb11px||0px||false|false\u00bb global_colors_info=\u00bb{}\u00bb][et_pb_row disabled_on=\u00bboff|off|off\u00bb _builder_version=\u00bb4.16&#8243; min_height=\u00bb269px\u00bb custom_margin=\u00bb-15px|auto|-190px|auto|false|false\u00bb custom_margin_tablet=\u00bb\u00bb custom_margin_phone=\u00bb\u00bb custom_margin_last_edited=\u00bbon|phone\u00bb custom_padding=\u00bb||0px||false|false\u00bb global_colors_info=\u00bb{}\u00bb][et_pb_column type=\u00bb4_4&#8243; _builder_version=\u00bb4.16&#8243; global_colors_info=\u00bb{}\u00bb][et_pb_image src=\u00bbhttps:\/\/conectamutual.cl\/bienestar\/wp-content\/uploads\/2019\/10\/Logo-Espacio-Mutuo-02.png\u00bb align=\u00bbcenter\u00bb disabled_on=\u00bboff|off|off\u00bb _builder_version=\u00bb4.16&#8243; width=\u00bb83%\u00bb width_tablet=\u00bb\u00bb width_phone=\u00bb22%\u00bb width_last_edited=\u00bbon|phone\u00bb custom_margin=\u00bb15px||-21px||false|false\u00bb global_colors_info=\u00bb{}\u00bb][\/et_pb_image][\/et_pb_column][\/et_pb_row][\/et_pb_section][et_pb_section fb_built=\u00bb1&#8243; _builder_version=\u00bb4.20.2&#8243; _module_preset=\u00bbdefault\u00bb custom_padding=\u00bb||0px|||\u00bb global_colors_info=\u00bb{}\u00bb][et_pb_row _builder_version=\u00bb4.20.2&#8243; _module_preset=\u00bbdefault\u00bb custom_padding=\u00bb||7px|||\u00bb global_colors_info=\u00bb{}\u00bb][et_pb_column type=\u00bb4_4&#8243; _builder_version=\u00bb4.20.2&#8243; _module_preset=\u00bbdefault\u00bb global_colors_info=\u00bb{}\u00bb][et_pb_text disabled_on=\u00bboff|off|off\u00bb _builder_version=\u00bb4.20.2&#8243; _module_preset=\u00bbdefault\u00bb text_font_size=\u00bb26px\u00bb text_line_height=\u00bb1.6em\u00bb custom_padding=\u00bb50px||0px|||\u00bb text_font_size_tablet=\u00bb26px\u00bb text_font_size_phone=\u00bb17px\u00bb text_font_size_last_edited=\u00bbon|phone\u00bb global_colors_info=\u00bb{}\u00bb][\/et_pb_text][\/et_pb_column][\/et_pb_row][\/et_pb_section][et_pb_section fb_built=\u00bb1&#8243; _builder_version=\u00bb4.16&#8243; custom_padding=\u00bb0px||1px|||\u00bb global_colors_info=\u00bb{}\u00bb][et_pb_row _builder_version=\u00bb4.16&#8243; custom_padding=\u00bb17px||36px|||\u00bb global_colors_info=\u00bb{}\u00bb][et_pb_column type=\u00bb4_4&#8243; _builder_version=\u00bb4.16&#8243; global_colors_info=\u00bb{}\u00bb][et_pb_post_title comments=\u00bboff\u00bb featured_image=\u00bboff\u00bb _builder_version=\u00bb4.20.2&#8243; title_font=\u00bbMontserrat|700|||||||\u00bb title_text_align=\u00bbcenter\u00bb title_text_color=\u00bb#c4d600&#8243; title_font_size=\u00bb54px\u00bb title_line_height=\u00bb1.1em\u00bb meta_font=\u00bbMontserrat||||||||\u00bb meta_text_align=\u00bbcenter\u00bb meta_font_size=\u00bb12px\u00bb custom_margin=\u00bb0px||||false|false\u00bb title_font_size_tablet=\u00bb\u00bb title_font_size_phone=\u00bb30px\u00bb title_font_size_last_edited=\u00bbon|phone\u00bb meta_font_size_tablet=\u00bb\u00bb meta_font_size_phone=\u00bb10px\u00bb meta_font_size_last_edited=\u00bbon|phone\u00bb global_colors_info=\u00bb{}\u00bb][\/et_pb_post_title][\/et_pb_column][\/et_pb_row][\/et_pb_section][et_pb_section fb_built=\u00bb1&#8243; fullwidth=\u00bbon\u00bb _builder_version=\u00bb4.20.2&#8243; global_colors_info=\u00bb{}\u00bb][et_pb_fullwidth_image src=\u00bbhttps:\/\/conectamutual.cl\/bienestar\/wp-content\/uploads\/2024\/04\/Nota-81-Banner-tucapel.jpeg\u00bb title_text=\u00bbNota 81 &#8211; Banner tucapel\u00bb _builder_version=\u00bb4.25.0&#8243; width=\u00bb100%\u00bb module_alignment=\u00bbcenter\u00bb custom_margin=\u00bb|||-143px||\u00bb hover_enabled=\u00bb0&#8243; global_colors_info=\u00bb{}\u00bb sticky_enabled=\u00bb0&#8243;][\/et_pb_fullwidth_image][\/et_pb_section][et_pb_section fb_built=\u00bb1&#8243; _builder_version=\u00bb4.16&#8243; custom_padding=\u00bb11px||8px|||\u00bb global_colors_info=\u00bb{}\u00bb][et_pb_row _builder_version=\u00bb4.16&#8243; custom_padding=\u00bb9px||39px|||\u00bb global_colors_info=\u00bb{}\u00bb][et_pb_column type=\u00bb4_4&#8243; _builder_version=\u00bb4.16&#8243; custom_padding=\u00bb|110px||110px|false|false\u00bb custom_padding_tablet=\u00bb\u00bb custom_padding_phone=\u00bb|10px||10px|false|false\u00bb custom_padding_last_edited=\u00bbon|phone\u00bb global_colors_info=\u00bb{}\u00bb][et_pb_text _builder_version=\u00bb4.25.0&#8243; text_font_size=\u00bb17px\u00bb text_line_height=\u00bb2.1em\u00bb ul_line_height=\u00bb2.2em\u00bb ol_line_height=\u00bb2.2em\u00bb header_2_text_color=\u00bb#c4d600&#8243; header_3_line_height=\u00bb1.6em\u00bb custom_margin_tablet=\u00bb\u00bb custom_margin_phone=\u00bb\u00bb custom_margin_last_edited=\u00bbon|phone\u00bb custom_padding=\u00bb36px|0px||0px|false|false\u00bb hover_enabled=\u00bb0&#8243; text_font_size_tablet=\u00bb\u00bb text_font_size_phone=\u00bb16px\u00bb text_font_size_last_edited=\u00bbon|phone\u00bb text_line_height_tablet=\u00bb\u00bb text_line_height_phone=\u00bb1.9em\u00bb text_line_height_last_edited=\u00bbon|phone\u00bb header_2_font_size_tablet=\u00bb\u00bb header_2_font_size_phone=\u00bb23px\u00bb header_2_font_size_last_edited=\u00bbon|phone\u00bb global_colors_info=\u00bb{}\u00bb sticky_enabled=\u00bb0&#8243;]<\/p>\n<blockquote>\n<p><span style=\"font-weight: 400;\">El reconocimiento entregado por la <strong>Superintendencia de Seguridad Social<\/strong> (SUSESO), destaca el esfuerzo por promover entornos laborales seguros y el compromiso de las empresas e instituciones con la seguridad y la salud de sus trabajadores. Este a\u00f1o, el \u00e9nfasis fue la prevenci\u00f3n de la violencia y el acoso laboral y sexual.<\/span><\/p>\n<\/blockquote>\n<p>En el marco de la conmemoraci\u00f3n del <strong>D\u00eda Mundial de la Seguridad y el Trabajo<\/strong> (28 de abril), <strong>Mutual de Seguridad<\/strong> acompa\u00f1\u00f3 a sus empresas adherentes, Sustentable S.A. y el Instituto Traumatol\u00f3gico \u201cDr. Teodoro Gebauer Weisser\u201d, a la ceremonia de premiaci\u00f3n del reconocimiento anual de \u201cSalud y Seguridad en el trabajo: Tucapel Gonz\u00e1lez Garc\u00eda\u201d.<\/p>\n<p>El premio entregado desde el a\u00f1o 2005 por la Superintendencia de Seguridad Social (SUSESO), <strong>reconoce a aquellas empresas o instituciones que desarrollan una efectiva y moderna gesti\u00f3n preventiva de los riesgos laborales<\/strong>. En esta edici\u00f3n, la SUSESO distingui\u00f3 a las empresas que destacaron por su labor exitosa en la prevenci\u00f3n de la violencia y el acoso laboral y sexual, incorporando un enfoque de g\u00e9nero.<\/p>\n<p>Precisamente, <strong>Sustentable S.A.<\/strong> y el <strong>Instituto Traumatol\u00f3gico \u201cDr. Teodoro Gebauer Weisser\u201d<\/strong>, quienes fueron postuladas por <strong>Mutual de Seguridad<\/strong> este a\u00f1o, resultaron ganadoras del galard\u00f3n en sus respectivas categor\u00edas: Mediana Empresa y Gran Empresa o Instituci\u00f3n P\u00fablica.<\/p>\n<p>En el caso <strong>Sustentable S.A., destac\u00f3 su pol\u00edtica de \u201cTolerancia Cero\u201d respecto a las agresiones y violencia en los contextos laborales<\/strong>, especialmente por protocolos que protegen la labor de sus trabajadoras en terreno. En tanto, <strong>el Instituto Traumatol\u00f3gico \u201cDr. Teodoro Gebauer Weisser\u201d fue distinguido por sus medidas concretas en materia de prevenci\u00f3n, particularmente enfocadas en situaciones de acoso laboral, sexual y violencia al interior del establecimiento<\/strong>. Ambas organizaciones tambi\u00e9n participaron de un conversatorio junto a otras empresas para compartir sus buenas pr\u00e1cticas en materia de gesti\u00f3n preventiva.<\/p>\n<p>La <strong>superintendenta de Seguridad Social, Pamela Gana<\/strong>, felicit\u00f3 a las organizaciones ganadoras por el trabajo preventivo que realizan para procurar entornos saludables y agreg\u00f3 que \u00abla violencia y el acoso es el resultado de que otros riesgo psicosociales est\u00e9n presentes, no obstante esto, el Cuestionario de Evaluaci\u00f3n de Ambientes del Trabajo y Salud Mental (CEAL-SM) cuenta con una dimensi\u00f3n de Violencia y Acoso Laboral, con el objetivo de medir y visualizar este aspecto y, lo que es m\u00e1s relevante, gestionarlo adecuadamente\u00bb.<\/p>\n<p>En el conversatorio sobre las buenas pr\u00e1cticas para la prevenci\u00f3n del acoso y violencia en el trabajo, <strong>las empresas coincidieron en que lo principal es poner en el centro a las personas<\/strong>, a los trabajadores y trabajadoras, para que se sientan cuidadas y seguras para desempe\u00f1ar sus labores.<\/p>\n<p>Finalmente, la entrega del premio estuvo a cargo de la Superintendente de Seguridad Social, Pamela Gana, mientras que el jurado estuvo integrado por representantes de diversas organizaciones, entre las que se incluyen la Central Unitaria de Trabajadores (CUT), la Central Aut\u00f3noma de Trabajadores (CAT), la Uni\u00f3n Nacional de Trabajadores (UNT), la Central de Trabajadores de Chile (CTCH), la Confederaci\u00f3n Nacional de la Peque\u00f1a Industria y Artesanado de Chile (CONUPIA), la Confederaci\u00f3n de la Producci\u00f3n y el Comercio (CPC), la Direcci\u00f3n del Trabajo, la Organizaci\u00f3n Iberoamericana de Seguridad Social (OISS), la Organizaci\u00f3n Internacional del Trabajo (OIT) y la Subsecretar\u00eda de Previsi\u00f3n Social.<\/p>\n<p>[\/et_pb_text][\/et_pb_column][\/et_pb_row][et_pb_row _builder_version=\u00bb4.16&#8243; custom_padding=\u00bb27px|||||\u00bb global_colors_info=\u00bb{}\u00bb][et_pb_column type=\u00bb4_4&#8243; _builder_version=\u00bb4.16&#8243; global_colors_info=\u00bb{}\u00bb][et_pb_text _builder_version=\u00bb4.16&#8243; text_font=\u00bb|700|||||||\u00bb text_text_color=\u00bb#606060&#8243; text_font_size=\u00bb17px\u00bb text_letter_spacing=\u00bb2px\u00bb custom_margin=\u00bb||15px|||\u00bb global_colors_info=\u00bb{}\u00bb]<\/p>\n<p style=\"text-align: center;\">\u00bfQUIERES ACCEDER A M\u00c1S ART\u00cdCULOS COMO \u00c9STE?<\/p>\n<p>[\/et_pb_text][et_pb_button button_url=\u00bbhttps:\/\/conectamutual.cl\/bienestar\/ex-ante\/\u00bb button_text=\u00bbSUSCR\u00cdBETE AQU\u00cd\u00bb button_alignment=\u00bbcenter\u00bb _builder_version=\u00bb4.16&#8243; custom_button=\u00bbon\u00bb button_text_size=\u00bb20px\u00bb button_text_color=\u00bb#ffffff\u00bb button_bg_color=\u00bb#c4d600&#8243; button_border_width=\u00bb8px\u00bb button_border_color=\u00bb#c4d600&#8243; button_border_radius=\u00bb0px\u00bb button_letter_spacing=\u00bb2px\u00bb button_font=\u00bbMontserrat|600||on|||||\u00bb button_icon=\u00bb&#x24;||divi||400&#8243; custom_margin=\u00bb10px|||\u00bb animation_style=\u00bbfade\u00bb global_colors_info=\u00bb{}\u00bb button_text_size__hover_enabled=\u00bboff\u00bb button_one_text_size__hover_enabled=\u00bboff\u00bb button_two_text_size__hover_enabled=\u00bboff\u00bb button_text_color__hover_enabled=\u00bboff\u00bb button_one_text_color__hover_enabled=\u00bboff\u00bb button_two_text_color__hover_enabled=\u00bboff\u00bb button_border_width__hover_enabled=\u00bboff\u00bb button_one_border_width__hover_enabled=\u00bboff\u00bb button_two_border_width__hover_enabled=\u00bboff\u00bb button_border_color__hover_enabled=\u00bboff\u00bb button_one_border_color__hover_enabled=\u00bboff\u00bb button_two_border_color__hover_enabled=\u00bboff\u00bb button_border_radius__hover_enabled=\u00bboff\u00bb button_one_border_radius__hover_enabled=\u00bboff\u00bb button_two_border_radius__hover_enabled=\u00bboff\u00bb button_letter_spacing__hover_enabled=\u00bboff\u00bb button_one_letter_spacing__hover_enabled=\u00bboff\u00bb button_two_letter_spacing__hover_enabled=\u00bboff\u00bb button_bg_color__hover_enabled=\u00bboff\u00bb button_one_bg_color__hover_enabled=\u00bboff\u00bb button_two_bg_color__hover_enabled=\u00bboff\u00bb][\/et_pb_button][\/et_pb_column][\/et_pb_row][et_pb_row disabled_on=\u00bbon|on|on\u00bb _builder_version=\u00bb4.16&#8243; custom_padding=\u00bb50px|||||\u00bb disabled=\u00bbon\u00bb global_colors_info=\u00bb{}\u00bb][et_pb_column type=\u00bb4_4&#8243; _builder_version=\u00bb4.16&#8243; custom_padding_tablet=\u00bb\u00bb custom_padding_phone=\u00bb40px||||false|false\u00bb custom_padding_last_edited=\u00bbon|phone\u00bb global_colors_info=\u00bb{}\u00bb][et_pb_posts_carousel_agsdcm category_id=\u00bb419&#8243; max_title_characters=\u00bb150&#8243; heading_style=\u00bbcustom\u00bb heading_primary=\u00bb\u00daltimos Art\u00edculos\u00bb heading_sub=\u00bb EX-ANTE\u00bb posts_filter_any=\u00bbon\u00bb _builder_version=\u00bb4.16&#8243; header_font=\u00bbMontserrat||||||||\u00bb header_text_color=\u00bb#757575&#8243; header_font_size=\u00bb19px\u00bb subheader_text_color=\u00bb#828282&#8243; title_font=\u00bbMontserrat|700|||||||\u00bb title_text_color=\u00bb#acc601&#8243; border_color_all=\u00bb#cde002&#8243; global_colors_info=\u00bb{}\u00bb][\/et_pb_posts_carousel_agsdcm][\/et_pb_column][\/et_pb_row][\/et_pb_section]<\/p>\n","protected":false},"excerpt":{"rendered":"<p>El reconocimiento entregado por la Superintendencia de Seguridad Social (SUSESO), destaca el esfuerzo por promover entornos laborales seguros y el compromiso de las empresas e instituciones con la seguridad y la salud de sus trabajadores. Este a\u00f1o, el \u00e9nfasis fue la prevenci\u00f3n de la violencia y el acoso laboral y sexual. En el marco de [&hellip;]<\/p>\n","protected":false},"author":7,"featured_media":12535,"comment_status":"closed","ping_status":"closed","sticky":false,"template":"","format":"standard","meta":{"_et_pb_use_builder":"on","_et_pb_old_content":"","_et_gb_content_width":"","footnotes":""},"categories":[419],"tags":[],"class_list":["post-12532","post","type-post","status-publish","format-standard","has-post-thumbnail","hentry","category-ex-ante","et-has-post-format-content","et_post_format-et-post-format-standard"],"_links":{"self":[{"href":"https:\/\/conectamutual.cl\/bienestar\/wp-json\/wp\/v2\/posts\/12532","targetHints":{"allow":["GET"]}}],"collection":[{"href":"https:\/\/conectamutual.cl\/bienestar\/wp-json\/wp\/v2\/posts"}],"about":[{"href":"https:\/\/conectamutual.cl\/bienestar\/wp-json\/wp\/v2\/types\/post"}],"author":[{"embeddable":true,"href":"https:\/\/conectamutual.cl\/bienestar\/wp-json\/wp\/v2\/users\/7"}],"replies":[{"embeddable":true,"href":"https:\/\/conectamutual.cl\/bienestar\/wp-json\/wp\/v2\/comments?post=12532"}],"version-history":[{"count":4,"href":"https:\/\/conectamutual.cl\/bienestar\/wp-json\/wp\/v2\/posts\/12532\/revisions"}],"predecessor-version":[{"id":12538,"href":"https:\/\/conectamutual.cl\/bienestar\/wp-json\/wp\/v2\/posts\/12532\/revisions\/12538"}],"wp:featuredmedia":[{"embeddable":true,"href":"https:\/\/conectamutual.cl\/bienestar\/wp-json\/wp\/v2\/media\/12535"}],"wp:attachment":[{"href":"https:\/\/conectamutual.cl\/bienestar\/wp-json\/wp\/v2\/media?parent=12532"}],"wp:term":[{"taxonomy":"category","embeddable":true,"href":"https:\/\/conectamutual.cl\/bienestar\/wp-json\/wp\/v2\/categories?post=12532"},{"taxonomy":"post_tag","embeddable":true,"href":"https:\/\/conectamutual.cl\/bienestar\/wp-json\/wp\/v2\/tags?post=12532"}],"curies":[{"name":"wp","href":"https:\/\/api.w.org\/{rel}","templated":true}]}}