{"id":12712,"date":"2024-05-28T17:14:44","date_gmt":"2024-05-28T21:14:44","guid":{"rendered":"https:\/\/conectamutual.cl\/bienestar\/?p=12712"},"modified":"2024-05-28T17:28:33","modified_gmt":"2024-05-28T21:28:33","slug":"cut-y-mutual-de-seguridad-presentan-informe-sobre-estado-de-implementacion-de-convenio-190-en-chile","status":"publish","type":"post","link":"https:\/\/conectamutual.cl\/bienestar\/ex-ante\/cut-y-mutual-de-seguridad-presentan-informe-sobre-estado-de-implementacion-de-convenio-190-en-chile\/","title":{"rendered":"CUT y Mutual de Seguridad presentan informe sobre implementaci\u00f3n de Convenio 190 en Chile"},"content":{"rendered":"<p>[et_pb_section fb_built=\u00bb1&#8243; _builder_version=\u00bb4.16&#8243; custom_margin=\u00bb||-50px||false|false\u00bb custom_margin_tablet=\u00bb\u00bb custom_margin_phone=\u00bb||0px||false|false\u00bb custom_margin_last_edited=\u00bbon|phone\u00bb custom_padding=\u00bb11px||0px||false|false\u00bb global_colors_info=\u00bb{}\u00bb][et_pb_row disabled_on=\u00bboff|off|off\u00bb _builder_version=\u00bb4.16&#8243; min_height=\u00bb269px\u00bb custom_margin=\u00bb-15px|auto|-190px|auto|false|false\u00bb custom_margin_tablet=\u00bb\u00bb custom_margin_phone=\u00bb\u00bb custom_margin_last_edited=\u00bbon|phone\u00bb custom_padding=\u00bb||0px||false|false\u00bb global_colors_info=\u00bb{}\u00bb][et_pb_column type=\u00bb4_4&#8243; _builder_version=\u00bb4.16&#8243; global_colors_info=\u00bb{}\u00bb][et_pb_image src=\u00bbhttps:\/\/conectamutual.cl\/bienestar\/wp-content\/uploads\/2019\/10\/Logo-Espacio-Mutuo-02.png\u00bb align=\u00bbcenter\u00bb disabled_on=\u00bboff|off|off\u00bb _builder_version=\u00bb4.16&#8243; width=\u00bb83%\u00bb width_tablet=\u00bb\u00bb width_phone=\u00bb22%\u00bb width_last_edited=\u00bbon|phone\u00bb custom_margin=\u00bb15px||-21px||false|false\u00bb global_colors_info=\u00bb{}\u00bb][\/et_pb_image][\/et_pb_column][\/et_pb_row][\/et_pb_section][et_pb_section fb_built=\u00bb1&#8243; _builder_version=\u00bb4.20.2&#8243; _module_preset=\u00bbdefault\u00bb custom_padding=\u00bb||0px|||\u00bb global_colors_info=\u00bb{}\u00bb][et_pb_row _builder_version=\u00bb4.20.2&#8243; _module_preset=\u00bbdefault\u00bb custom_padding=\u00bb||7px|||\u00bb global_colors_info=\u00bb{}\u00bb][et_pb_column type=\u00bb4_4&#8243; _builder_version=\u00bb4.20.2&#8243; _module_preset=\u00bbdefault\u00bb global_colors_info=\u00bb{}\u00bb][et_pb_text disabled_on=\u00bboff|off|off\u00bb _builder_version=\u00bb4.20.2&#8243; _module_preset=\u00bbdefault\u00bb text_font_size=\u00bb26px\u00bb text_line_height=\u00bb1.6em\u00bb custom_padding=\u00bb50px||0px|||\u00bb text_font_size_tablet=\u00bb26px\u00bb text_font_size_phone=\u00bb17px\u00bb text_font_size_last_edited=\u00bbon|phone\u00bb global_colors_info=\u00bb{}\u00bb][\/et_pb_text][\/et_pb_column][\/et_pb_row][\/et_pb_section][et_pb_section fb_built=\u00bb1&#8243; _builder_version=\u00bb4.16&#8243; custom_padding=\u00bb0px||1px|||\u00bb global_colors_info=\u00bb{}\u00bb][et_pb_row _builder_version=\u00bb4.16&#8243; custom_padding=\u00bb17px||36px|||\u00bb global_colors_info=\u00bb{}\u00bb][et_pb_column type=\u00bb4_4&#8243; _builder_version=\u00bb4.16&#8243; global_colors_info=\u00bb{}\u00bb][et_pb_post_title comments=\u00bboff\u00bb featured_image=\u00bboff\u00bb _builder_version=\u00bb4.20.2&#8243; title_font=\u00bbMontserrat|700|||||||\u00bb title_text_align=\u00bbcenter\u00bb title_text_color=\u00bb#c4d600&#8243; title_font_size=\u00bb54px\u00bb title_line_height=\u00bb1.1em\u00bb meta_font=\u00bbMontserrat||||||||\u00bb meta_text_align=\u00bbcenter\u00bb meta_font_size=\u00bb12px\u00bb custom_margin=\u00bb0px||||false|false\u00bb title_font_size_tablet=\u00bb\u00bb title_font_size_phone=\u00bb30px\u00bb title_font_size_last_edited=\u00bbon|phone\u00bb meta_font_size_tablet=\u00bb\u00bb meta_font_size_phone=\u00bb10px\u00bb meta_font_size_last_edited=\u00bbon|phone\u00bb global_colors_info=\u00bb{}\u00bb][\/et_pb_post_title][\/et_pb_column][\/et_pb_row][\/et_pb_section][et_pb_section fb_built=\u00bb1&#8243; fullwidth=\u00bbon\u00bb _builder_version=\u00bb4.20.2&#8243; global_colors_info=\u00bb{}\u00bb][et_pb_fullwidth_image src=\u00bbhttps:\/\/conectamutual.cl\/bienestar\/wp-content\/uploads\/2024\/05\/Nota-87-Banner-Ex-Ante-CUT.jpg\u00bb title_text=\u00bbNota 87 &#8211; Banner-Ex-Ante-CUT\u00bb _builder_version=\u00bb4.25.1&#8243; width=\u00bb100%\u00bb module_alignment=\u00bbcenter\u00bb custom_margin=\u00bb|||-143px||\u00bb global_colors_info=\u00bb{}\u00bb][\/et_pb_fullwidth_image][\/et_pb_section][et_pb_section fb_built=\u00bb1&#8243; _builder_version=\u00bb4.16&#8243; custom_padding=\u00bb11px||8px|||\u00bb global_colors_info=\u00bb{}\u00bb][et_pb_row _builder_version=\u00bb4.16&#8243; custom_padding=\u00bb9px||39px|||\u00bb global_colors_info=\u00bb{}\u00bb][et_pb_column type=\u00bb4_4&#8243; _builder_version=\u00bb4.16&#8243; custom_padding=\u00bb|110px||110px|false|false\u00bb custom_padding_tablet=\u00bb\u00bb custom_padding_phone=\u00bb|10px||10px|false|false\u00bb custom_padding_last_edited=\u00bbon|phone\u00bb global_colors_info=\u00bb{}\u00bb][et_pb_text _builder_version=\u00bb4.25.1&#8243; text_font_size=\u00bb17px\u00bb text_line_height=\u00bb2.1em\u00bb ul_line_height=\u00bb2.2em\u00bb ol_line_height=\u00bb2.2em\u00bb header_2_text_color=\u00bb#c4d600&#8243; header_3_line_height=\u00bb1.6em\u00bb custom_margin_tablet=\u00bb\u00bb custom_margin_phone=\u00bb\u00bb custom_margin_last_edited=\u00bbon|phone\u00bb custom_padding=\u00bb36px|0px||0px|false|false\u00bb text_font_size_tablet=\u00bb\u00bb text_font_size_phone=\u00bb16px\u00bb text_font_size_last_edited=\u00bbon|phone\u00bb text_line_height_tablet=\u00bb\u00bb text_line_height_phone=\u00bb1.9em\u00bb text_line_height_last_edited=\u00bbon|phone\u00bb header_2_font_size_tablet=\u00bb\u00bb header_2_font_size_phone=\u00bb23px\u00bb header_2_font_size_last_edited=\u00bbon|phone\u00bb global_colors_info=\u00bb{}\u00bb]<\/p>\n<blockquote>\n<p><span style=\"font-weight: 400;\">En la investigaci\u00f3n destaca que <strong>se percibe \u201cdesconfianza en las instituciones o la falta de informaci\u00f3n sobre los mecanismos disponibles\u201d<\/strong> y \u201cla importancia de abordar las brechas socioculturales y normativas que perpet\u00faan la naturalizaci\u00f3n y la aceptaci\u00f3n de diferentes formas de violencia en el trabajo, especialmente en relaci\u00f3n con las desigualdades de g\u00e9nero\u201d.<\/span><\/p>\n<\/blockquote>\n<p>Entre sus conclusiones resalta la tarea de extender el \u201cconocimiento y difusi\u00f3n del Convenio 190 de la OIT y la Recomendaci\u00f3n 206, as\u00ed como de la legislaci\u00f3n nacional relacionada\u201d, recalcando que \u201cse advierte sobre la necesidad de fortalecer la implementaci\u00f3n efectiva de estas normas y de adaptar los mecanismos de denuncia y atenci\u00f3n a las realidades espec\u00edficas de cada contexto laboral\u201d.\u00a0<\/p>\n<p>Este lunes se present\u00f3 el informe final de la investigaci\u00f3n <strong>Estudio sobre el Convenio 190 de la OIT para la erradicaci\u00f3n de la violencia y el acoso en el mundo del trabajo en Chile, <\/strong>que es resultado de un acuerdo de colaboraci\u00f3n entre la Central Unitaria de Trabajadores y <strong>Mutual de Seguridad<\/strong> el cual presenta los resultados de la investigaci\u00f3n realizada durante entre diciembre 2023 y marzo 2024.\u00a0<\/p>\n<p>Entre los resultados de la investigaci\u00f3n <strong>destaca \u201cla reticencia de las personas trabajadoras a denunciar situaciones de violencia y acoso<\/strong>, debido a factores como el temor a represalias, la desconfianza en las instituciones o la falta de informaci\u00f3n sobre los mecanismos disponibles\u201d.<\/p>\n<p>Tambi\u00e9n la investigaci\u00f3n detalla \u201cla importancia de abordar las brechas socioculturales y normativas que perpet\u00faan la naturalizaci\u00f3n y la aceptaci\u00f3n de diferentes formas de violencia en el trabajo, especialmente en relaci\u00f3n con las desigualdades de g\u00e9nero\u201d y, adem\u00e1s, se enfatiza sobre \u201cla necesidad de abordar las brechas de protecci\u00f3n y las dificultades espec\u00edficas que enfrentan las mujeres trabajadoras, especialmente en relaci\u00f3n con la maternidad y las responsabilidades de cuidado\u201d.<\/p>\n<p>Con estos resultados la vicepresidenta de la Mujer y Equidad de G\u00e9nero de la CUT, Karen Palma, expres\u00f3 que \u201cEste primer estudio sobre el Convenio 190 de la OIT para la erradicaci\u00f3n de la violencia y el acoso en el mundo del trabajo en Chile es un primer paso de una serie de procesos de seguimiento, observaci\u00f3n y articulaci\u00f3n con el fin de poner freno a la violencia, el acoso y el abuso laboral. Debemos hacernos cargo de forma seria y responsable de lo que est\u00e1 sucediendo en esta materia en el mundo del trabajo y debemos poner todo nuestro empe\u00f1o de cumplir de forma plena lo establecido en el Convenio 190\u201d.<\/p>\n<p>\u201cEsta es una tarea intensa, que <strong>requiere un trabajo tripartito donde el foco se encuentre en la protecci\u00f3n de las trabajadoras y trabajadores de abusos, acoso y violencias en sus entornos laborales<\/strong>. No podemos quedarnos en tener leyes con nombres de personas que sufrieron alg\u00fan tipo de violencia, c\u00f3mo un homenaje. Debemos tener leyes que nos protejan de la violencia en el mundo del trabajo\u201d recalc\u00f3 Tapia.<\/p>\n<p>Para el presidente de la <strong>Mutual de Seguridad<\/strong>, Leonardo Daneri en esta investigaci\u00f3n \u201cuno de los principales resultados de este estudio es que los organismo administradores del seguro social de accidentes del trabajo y enfermedades profesionales somos actores fundamentales en la implementaci\u00f3n del Convenio 190 de la OIT y debemos ser parte activa de la pol\u00edtica p\u00fablica, ya que el acoso y la violencia en los contextos laborales son claramente un nuevo riesgo del mundo del trabajo, en el cual nuestra experiencia y conocimiento en prevenci\u00f3n es fundamental\u201d.<\/p>\n<p>\u201cEl desaf\u00edo es abordar esta pol\u00edtica de forma integral, desde la base del di\u00e1logo social junto a sindicatos, comit\u00e9s paritarios, autoridades y el mundo empresarial. S\u00f3lo as\u00ed avanzaremos en estrategias integrales en favor de la protecci\u00f3n de los trabajadores y trabajadoras del pa\u00eds\u201d,\u00a0 destaca el presidente de la Mutual.<\/p>\n<p>[\/et_pb_text][\/et_pb_column][\/et_pb_row][et_pb_row _builder_version=\u00bb4.16&#8243; custom_padding=\u00bb27px|||||\u00bb global_colors_info=\u00bb{}\u00bb][et_pb_column type=\u00bb4_4&#8243; _builder_version=\u00bb4.16&#8243; global_colors_info=\u00bb{}\u00bb][et_pb_text _builder_version=\u00bb4.16&#8243; text_font=\u00bb|700|||||||\u00bb text_text_color=\u00bb#606060&#8243; text_font_size=\u00bb17px\u00bb text_letter_spacing=\u00bb2px\u00bb custom_margin=\u00bb||15px|||\u00bb global_colors_info=\u00bb{}\u00bb]<\/p>\n<p style=\"text-align: center;\">\u00bfQUIERES ACCEDER A M\u00c1S ART\u00cdCULOS COMO \u00c9STE?<\/p>\n<p>[\/et_pb_text][et_pb_button button_url=\u00bbhttps:\/\/conectamutual.cl\/bienestar\/ex-ante\/\u00bb button_text=\u00bbSUSCR\u00cdBETE AQU\u00cd\u00bb button_alignment=\u00bbcenter\u00bb _builder_version=\u00bb4.16&#8243; custom_button=\u00bbon\u00bb button_text_size=\u00bb20px\u00bb button_text_color=\u00bb#ffffff\u00bb button_bg_color=\u00bb#c4d600&#8243; button_border_width=\u00bb8px\u00bb button_border_color=\u00bb#c4d600&#8243; button_border_radius=\u00bb0px\u00bb button_letter_spacing=\u00bb2px\u00bb button_font=\u00bbMontserrat|600||on|||||\u00bb button_icon=\u00bb&#x24;||divi||400&#8243; custom_margin=\u00bb10px|||\u00bb animation_style=\u00bbfade\u00bb global_colors_info=\u00bb{}\u00bb button_text_size__hover_enabled=\u00bboff\u00bb button_one_text_size__hover_enabled=\u00bboff\u00bb button_two_text_size__hover_enabled=\u00bboff\u00bb button_text_color__hover_enabled=\u00bboff\u00bb button_one_text_color__hover_enabled=\u00bboff\u00bb button_two_text_color__hover_enabled=\u00bboff\u00bb button_border_width__hover_enabled=\u00bboff\u00bb button_one_border_width__hover_enabled=\u00bboff\u00bb button_two_border_width__hover_enabled=\u00bboff\u00bb button_border_color__hover_enabled=\u00bboff\u00bb button_one_border_color__hover_enabled=\u00bboff\u00bb button_two_border_color__hover_enabled=\u00bboff\u00bb button_border_radius__hover_enabled=\u00bboff\u00bb button_one_border_radius__hover_enabled=\u00bboff\u00bb button_two_border_radius__hover_enabled=\u00bboff\u00bb button_letter_spacing__hover_enabled=\u00bboff\u00bb button_one_letter_spacing__hover_enabled=\u00bboff\u00bb button_two_letter_spacing__hover_enabled=\u00bboff\u00bb button_bg_color__hover_enabled=\u00bboff\u00bb button_one_bg_color__hover_enabled=\u00bboff\u00bb button_two_bg_color__hover_enabled=\u00bboff\u00bb][\/et_pb_button][\/et_pb_column][\/et_pb_row][et_pb_row disabled_on=\u00bbon|on|on\u00bb _builder_version=\u00bb4.16&#8243; custom_padding=\u00bb50px|||||\u00bb disabled=\u00bbon\u00bb global_colors_info=\u00bb{}\u00bb][et_pb_column type=\u00bb4_4&#8243; _builder_version=\u00bb4.16&#8243; custom_padding_tablet=\u00bb\u00bb custom_padding_phone=\u00bb40px||||false|false\u00bb custom_padding_last_edited=\u00bbon|phone\u00bb global_colors_info=\u00bb{}\u00bb][et_pb_posts_carousel_agsdcm category_id=\u00bb419&#8243; max_title_characters=\u00bb150&#8243; heading_style=\u00bbcustom\u00bb heading_primary=\u00bb\u00daltimos Art\u00edculos\u00bb heading_sub=\u00bb EX-ANTE\u00bb posts_filter_any=\u00bbon\u00bb _builder_version=\u00bb4.16&#8243; header_font=\u00bbMontserrat||||||||\u00bb header_text_color=\u00bb#757575&#8243; header_font_size=\u00bb19px\u00bb subheader_text_color=\u00bb#828282&#8243; title_font=\u00bbMontserrat|700|||||||\u00bb title_text_color=\u00bb#acc601&#8243; border_color_all=\u00bb#cde002&#8243; global_colors_info=\u00bb{}\u00bb][\/et_pb_posts_carousel_agsdcm][\/et_pb_column][\/et_pb_row][\/et_pb_section]<\/p>\n","protected":false},"excerpt":{"rendered":"<p>En la investigaci\u00f3n destaca que se percibe \u201cdesconfianza en las instituciones o la falta de informaci\u00f3n sobre los mecanismos disponibles\u201d y \u201cla importancia de abordar las brechas socioculturales y normativas que perpet\u00faan la naturalizaci\u00f3n y la aceptaci\u00f3n de diferentes formas de violencia en el trabajo, especialmente en relaci\u00f3n con las desigualdades de g\u00e9nero\u201d. Entre sus [&hellip;]<\/p>\n","protected":false},"author":7,"featured_media":12715,"comment_status":"closed","ping_status":"closed","sticky":false,"template":"","format":"standard","meta":{"_et_pb_use_builder":"on","_et_pb_old_content":"","_et_gb_content_width":"","footnotes":""},"categories":[419],"tags":[],"class_list":["post-12712","post","type-post","status-publish","format-standard","has-post-thumbnail","hentry","category-ex-ante","et-has-post-format-content","et_post_format-et-post-format-standard"],"_links":{"self":[{"href":"https:\/\/conectamutual.cl\/bienestar\/wp-json\/wp\/v2\/posts\/12712","targetHints":{"allow":["GET"]}}],"collection":[{"href":"https:\/\/conectamutual.cl\/bienestar\/wp-json\/wp\/v2\/posts"}],"about":[{"href":"https:\/\/conectamutual.cl\/bienestar\/wp-json\/wp\/v2\/types\/post"}],"author":[{"embeddable":true,"href":"https:\/\/conectamutual.cl\/bienestar\/wp-json\/wp\/v2\/users\/7"}],"replies":[{"embeddable":true,"href":"https:\/\/conectamutual.cl\/bienestar\/wp-json\/wp\/v2\/comments?post=12712"}],"version-history":[{"count":9,"href":"https:\/\/conectamutual.cl\/bienestar\/wp-json\/wp\/v2\/posts\/12712\/revisions"}],"predecessor-version":[{"id":12725,"href":"https:\/\/conectamutual.cl\/bienestar\/wp-json\/wp\/v2\/posts\/12712\/revisions\/12725"}],"wp:featuredmedia":[{"embeddable":true,"href":"https:\/\/conectamutual.cl\/bienestar\/wp-json\/wp\/v2\/media\/12715"}],"wp:attachment":[{"href":"https:\/\/conectamutual.cl\/bienestar\/wp-json\/wp\/v2\/media?parent=12712"}],"wp:term":[{"taxonomy":"category","embeddable":true,"href":"https:\/\/conectamutual.cl\/bienestar\/wp-json\/wp\/v2\/categories?post=12712"},{"taxonomy":"post_tag","embeddable":true,"href":"https:\/\/conectamutual.cl\/bienestar\/wp-json\/wp\/v2\/tags?post=12712"}],"curies":[{"name":"wp","href":"https:\/\/api.w.org\/{rel}","templated":true}]}}