{"id":12804,"date":"2024-06-05T19:47:53","date_gmt":"2024-06-05T23:47:53","guid":{"rendered":"https:\/\/conectamutual.cl\/bienestar\/?p=12804"},"modified":"2024-06-07T10:38:19","modified_gmt":"2024-06-07T14:38:19","slug":"un-89-de-los-ciclistas-dicen-sentirse-inseguros-al-transitar-por-las-calles-sin-ciclovias","status":"publish","type":"post","link":"https:\/\/conectamutual.cl\/bienestar\/ex-ante\/un-89-de-los-ciclistas-dicen-sentirse-inseguros-al-transitar-por-las-calles-sin-ciclovias\/","title":{"rendered":"Un 89% de los ciclistas dicen sentirse inseguros al transitar por las calles sin ciclov\u00edas"},"content":{"rendered":"<p>[et_pb_section fb_built=\u00bb1&#8243; _builder_version=\u00bb4.16&#8243; custom_margin=\u00bb||-50px||false|false\u00bb custom_margin_tablet=\u00bb\u00bb custom_margin_phone=\u00bb||0px||false|false\u00bb custom_margin_last_edited=\u00bbon|phone\u00bb custom_padding=\u00bb11px||0px||false|false\u00bb global_colors_info=\u00bb{}\u00bb][et_pb_row disabled_on=\u00bboff|off|off\u00bb _builder_version=\u00bb4.16&#8243; min_height=\u00bb269px\u00bb custom_margin=\u00bb-15px|auto|-190px|auto|false|false\u00bb custom_margin_tablet=\u00bb\u00bb custom_margin_phone=\u00bb\u00bb custom_margin_last_edited=\u00bbon|phone\u00bb custom_padding=\u00bb||0px||false|false\u00bb global_colors_info=\u00bb{}\u00bb][et_pb_column type=\u00bb4_4&#8243; _builder_version=\u00bb4.16&#8243; global_colors_info=\u00bb{}\u00bb][et_pb_image src=\u00bbhttps:\/\/conectamutual.cl\/bienestar\/wp-content\/uploads\/2019\/10\/Logo-Espacio-Mutuo-02.png\u00bb align=\u00bbcenter\u00bb disabled_on=\u00bboff|off|off\u00bb _builder_version=\u00bb4.16&#8243; width=\u00bb83%\u00bb width_tablet=\u00bb\u00bb width_phone=\u00bb22%\u00bb width_last_edited=\u00bbon|phone\u00bb custom_margin=\u00bb15px||-21px||false|false\u00bb global_colors_info=\u00bb{}\u00bb][\/et_pb_image][\/et_pb_column][\/et_pb_row][\/et_pb_section][et_pb_section fb_built=\u00bb1&#8243; _builder_version=\u00bb4.20.2&#8243; _module_preset=\u00bbdefault\u00bb custom_padding=\u00bb||0px|||\u00bb global_colors_info=\u00bb{}\u00bb][et_pb_row _builder_version=\u00bb4.20.2&#8243; _module_preset=\u00bbdefault\u00bb custom_padding=\u00bb||7px|||\u00bb global_colors_info=\u00bb{}\u00bb][et_pb_column type=\u00bb4_4&#8243; _builder_version=\u00bb4.20.2&#8243; _module_preset=\u00bbdefault\u00bb global_colors_info=\u00bb{}\u00bb][et_pb_text disabled_on=\u00bboff|off|off\u00bb _builder_version=\u00bb4.20.2&#8243; _module_preset=\u00bbdefault\u00bb text_font_size=\u00bb26px\u00bb text_line_height=\u00bb1.6em\u00bb custom_padding=\u00bb50px||0px|||\u00bb text_font_size_tablet=\u00bb26px\u00bb text_font_size_phone=\u00bb17px\u00bb text_font_size_last_edited=\u00bbon|phone\u00bb global_colors_info=\u00bb{}\u00bb][\/et_pb_text][\/et_pb_column][\/et_pb_row][\/et_pb_section][et_pb_section fb_built=\u00bb1&#8243; _builder_version=\u00bb4.16&#8243; custom_padding=\u00bb0px||1px|||\u00bb global_colors_info=\u00bb{}\u00bb][et_pb_row _builder_version=\u00bb4.16&#8243; custom_padding=\u00bb17px||36px|||\u00bb global_colors_info=\u00bb{}\u00bb][et_pb_column type=\u00bb4_4&#8243; _builder_version=\u00bb4.16&#8243; global_colors_info=\u00bb{}\u00bb][et_pb_post_title comments=\u00bboff\u00bb featured_image=\u00bboff\u00bb _builder_version=\u00bb4.20.2&#8243; title_font=\u00bbMontserrat|700|||||||\u00bb title_text_align=\u00bbcenter\u00bb title_text_color=\u00bb#c4d600&#8243; title_font_size=\u00bb54px\u00bb title_line_height=\u00bb1.1em\u00bb meta_font=\u00bbMontserrat||||||||\u00bb meta_text_align=\u00bbcenter\u00bb meta_font_size=\u00bb12px\u00bb custom_margin=\u00bb0px||||false|false\u00bb title_font_size_tablet=\u00bb\u00bb title_font_size_phone=\u00bb30px\u00bb title_font_size_last_edited=\u00bbon|phone\u00bb meta_font_size_tablet=\u00bb\u00bb meta_font_size_phone=\u00bb10px\u00bb meta_font_size_last_edited=\u00bbon|phone\u00bb global_colors_info=\u00bb{}\u00bb][\/et_pb_post_title][\/et_pb_column][\/et_pb_row][\/et_pb_section][et_pb_section fb_built=\u00bb1&#8243; fullwidth=\u00bbon\u00bb _builder_version=\u00bb4.20.2&#8243; global_colors_info=\u00bb{}\u00bb][et_pb_fullwidth_image src=\u00bbhttps:\/\/conectamutual.cl\/bienestar\/wp-content\/uploads\/2024\/06\/Nota-89-Banner-Ex-Ante-ciclistas-4.jpg\u00bb title_text=\u00bbNota 89 &#8211; Banner-Ex-Ante-ciclistas-4&#8243; _builder_version=\u00bb4.25.1&#8243; width=\u00bb100%\u00bb module_alignment=\u00bbcenter\u00bb custom_margin=\u00bb|||-143px||\u00bb hover_enabled=\u00bb0&#8243; global_colors_info=\u00bb{}\u00bb sticky_enabled=\u00bb0&#8243;][\/et_pb_fullwidth_image][\/et_pb_section][et_pb_section fb_built=\u00bb1&#8243; _builder_version=\u00bb4.16&#8243; custom_padding=\u00bb11px||8px|||\u00bb global_colors_info=\u00bb{}\u00bb][et_pb_row _builder_version=\u00bb4.16&#8243; custom_padding=\u00bb9px||39px|||\u00bb global_colors_info=\u00bb{}\u00bb][et_pb_column type=\u00bb4_4&#8243; _builder_version=\u00bb4.16&#8243; custom_padding=\u00bb|110px||110px|false|false\u00bb custom_padding_tablet=\u00bb\u00bb custom_padding_phone=\u00bb|10px||10px|false|false\u00bb custom_padding_last_edited=\u00bbon|phone\u00bb global_colors_info=\u00bb{}\u00bb][et_pb_text _builder_version=\u00bb4.25.1&#8243; text_font_size=\u00bb17px\u00bb text_line_height=\u00bb2.1em\u00bb ul_line_height=\u00bb2.2em\u00bb ol_line_height=\u00bb2.2em\u00bb header_2_text_color=\u00bb#c4d600&#8243; header_3_line_height=\u00bb1.6em\u00bb custom_margin_tablet=\u00bb\u00bb custom_margin_phone=\u00bb\u00bb custom_margin_last_edited=\u00bbon|phone\u00bb custom_padding=\u00bb36px|0px||0px|false|false\u00bb text_font_size_tablet=\u00bb\u00bb text_font_size_phone=\u00bb16px\u00bb text_font_size_last_edited=\u00bbon|phone\u00bb text_line_height_tablet=\u00bb\u00bb text_line_height_phone=\u00bb1.9em\u00bb text_line_height_last_edited=\u00bbon|phone\u00bb header_2_font_size_tablet=\u00bb\u00bb header_2_font_size_phone=\u00bb23px\u00bb header_2_font_size_last_edited=\u00bbon|phone\u00bb global_colors_info=\u00bb{}\u00bb]<\/p>\n<blockquote>\n<p><span style=\"font-weight: 400;\">A prop\u00f3sito del <strong>D\u00eda Mundial de la Bicicleta<\/strong> en junio, <strong>Mutual de Seguridad<\/strong> junto a la ONG No Chat, realizaron un estudio para conocer los principales desaf\u00edos que enfrenta este modo de transporte. Seg\u00fan el estudio <strong>cuatro de cada 10 ciclistas usan la bicicleta para trasladarse hasta su lugar de trabajo<\/strong>, m\u00e1s all\u00e1 de fines recreativos y deportivos. Un 51% no se siente seguro al hacerlo por las ciclov\u00edas.<\/span><\/p>\n<\/blockquote>\n<p>La bicicleta es un medio de transporte verde, que no contamina, no gasta combustibles, no paga impuestos y promueve una vida saludable. Esos son algunos de los beneficios de utilizarla, y seg\u00fan la <strong>Radiograf\u00eda a los Ciclistas del Gran Santiago<\/strong>, realizada por <strong>Mutual de Seguridad<\/strong> y la ONG No Chat, cuatro de 10 ciclistas (47%) usa la bicicleta como medio de transporte para llegar hasta su lugar de trabajo. El 42% de los encuestados la ocupa de tres a cinco veces a la semana, con distinta finalidad.\u00a0<\/p>\n<p>La muestra en la que se consider\u00f3 el comportamiento de 655 ciclistas revel\u00f3 que un <strong>89% de ellos se siente inseguro al movilizarse por las calles del Gran Santiago<\/strong> frente a las maniobras inapropiadas de veh\u00edculos motorizados. Eso, mientras que s\u00f3lo un 49% se siente seguro al hacerlo por las ciclov\u00edas.<\/p>\n<p>A pesar de que existe la nueva <strong>Ley de Convivencia de Modos<\/strong>, que modifica la Ley de Tr\u00e1nsito y <strong>tiene como objetivo armonizar el uso del espacio vial que comparten los distintos modos de movilidad<\/strong> con \u00e9nfasis en proteger a los usuarios vulnerables, como los peatones y los conductores de ciclos (bicicletas, scooters, patines, skates, entre otros) los ciclistas tienen su opini\u00f3n sobre la convivencia en las calles de Santiago. <strong>Respecto a la conducta del transporte p\u00fablico, el 85% no se siente respetado por los buses, y un 93% por los taxis y colectivos, mientras se movilizan en bicicleta<\/strong>. En cuanto a los autos (89%) y a las motos (87%), al momento de mencionar los scooters, la cifra desciende a 79%. Sobre sus pares, en tanto, un 60% se siente respetado por otros ciclistas mientras se moviliza en bicicleta, lo que evidencia que entre sus propios pares 4 de cada 10 ciclistas no tienen una buena convivencia vial<\/p>\n<h2><strong>Conocimiento de la normativa<\/strong><\/h2>\n<p>Uno de los puntos reveladores del estudio es que <strong>solo el 41% de los encuestados conoce sus derechos y deberes como ciclista<\/strong>, Sin embargo, un 43% declara no conocerlos y un 16% indica conocer solo algunos.<\/p>\n<p>\u201cDesde <strong>Mutual de Seguridad<\/strong> queremos promover el uso de manera segura y responsable de la bicicleta, porque cada vez hay m\u00e1s personas utilizando este medio de transporte, y no solamente de modo recreativo, sino que tambi\u00e9n para trasladarse hacia sus trabajos. En esa l\u00ednea, <strong>hacemos un llamado a la prevenci\u00f3n, pero tambi\u00e9n a la convivencia vial por parte de todos los usuarios de tr\u00e1nsito<\/strong>, adem\u00e1s de conocer la normativa existente para el uso de ciclos, ya que, si bien todos los usuarios de las v\u00edas tienen derechos, tambi\u00e9n son responsables de cumplir con la normativa. Solo as\u00ed reduciremos las probabilidades de sufrir un siniestro vial, adem\u00e1s de construir un entorno amigable para todos los ciclos en las calles\u201d, asegura Luis Stuven, gerente de seguridad vial de <strong>Mutual de Seguridad<\/strong>\u201d, asegura Luis Stuven, gerente de seguridad vial de <strong>Mutual de Seguridad<\/strong>.\u00a0 \u00a0 \u00a0<\/p>\n<p>\u201cLa bicicleta es un modo de transporte con m\u00faltiples beneficios que impactan directamente en el bienestar de las personas.\u00a0 Pero hay desaf\u00edos urgentes a atender en seguridad y convivencia vial. <strong>Es relevante que las ciudades se adapten e incentiven las nuevas formas de traslado m\u00e1s saludables, otorgando la infraestructura correcta, fomento de la convivencia vial y reforzando la legislaci\u00f3n actual<\/strong>. Respecto a la Ley No Chat, a dos a\u00f1os de implementaci\u00f3n, debe ser reforzada respecto a su comprensi\u00f3n. Reforzamos como ONG, que la bicicleta cumple un rol clave en la movilidad diaria en nuestra ciudad que debemos cuidar\u00bb, asegura Claudia Rodr\u00edguez, directora ejecutiva de ONG No Chat y presidenta del Consejo de la Sociedad Civil de la Subsecretar\u00eda de Transportes.<\/p>\n<h2><strong>Dificultades en las calles <\/strong>\u00a0<\/h2>\n<p>Al determinar cu\u00e1les son las principales dificultades que enfrenta al moverse por la ciudad arriba de la bicicleta, sobresale el ser atropellado (86%), y lo siguen no contar con ciclov\u00edas en la ruta (65%) y ser asaltado (63%).\u00a0<\/p>\n<p>Sin embargo, <strong>los beneficios est\u00e1n en el impacto positivo en la salud f\u00edsica y mental de los ciclistas (95%)<\/strong>, en el ahorro en dinero al movilizarse en bicicleta (80%), m\u00e1s libertad al momento de trasladarse (69%) y destinar menos tiempo en traslado (61%).\u00a0<\/p>\n<p>Finalmente, la muestra arroja que un 76% de los ciclistas del Gran Santiago califica con nota inferior a 4 la infraestructura de las ciclov\u00edas, y un 50% la eval\u00faa con nota insuficiente.<\/p>\n<p>[\/et_pb_text][\/et_pb_column][\/et_pb_row][et_pb_row _builder_version=\u00bb4.16&#8243; custom_padding=\u00bb27px|||||\u00bb global_colors_info=\u00bb{}\u00bb][et_pb_column type=\u00bb4_4&#8243; _builder_version=\u00bb4.16&#8243; global_colors_info=\u00bb{}\u00bb][et_pb_text _builder_version=\u00bb4.16&#8243; text_font=\u00bb|700|||||||\u00bb text_text_color=\u00bb#606060&#8243; text_font_size=\u00bb17px\u00bb text_letter_spacing=\u00bb2px\u00bb custom_margin=\u00bb||15px|||\u00bb global_colors_info=\u00bb{}\u00bb]<\/p>\n<p style=\"text-align: center;\">\u00bfQUIERES ACCEDER A M\u00c1S ART\u00cdCULOS COMO \u00c9STE?<\/p>\n<p>[\/et_pb_text][et_pb_button button_url=\u00bbhttps:\/\/conectamutual.cl\/bienestar\/ex-ante\/\u00bb button_text=\u00bbSUSCR\u00cdBETE AQU\u00cd\u00bb button_alignment=\u00bbcenter\u00bb _builder_version=\u00bb4.16&#8243; custom_button=\u00bbon\u00bb button_text_size=\u00bb20px\u00bb button_text_color=\u00bb#ffffff\u00bb button_bg_color=\u00bb#c4d600&#8243; button_border_width=\u00bb8px\u00bb button_border_color=\u00bb#c4d600&#8243; button_border_radius=\u00bb0px\u00bb button_letter_spacing=\u00bb2px\u00bb button_font=\u00bbMontserrat|600||on|||||\u00bb button_icon=\u00bb&#x24;||divi||400&#8243; custom_margin=\u00bb10px|||\u00bb animation_style=\u00bbfade\u00bb global_colors_info=\u00bb{}\u00bb button_text_size__hover_enabled=\u00bboff\u00bb button_one_text_size__hover_enabled=\u00bboff\u00bb button_two_text_size__hover_enabled=\u00bboff\u00bb button_text_color__hover_enabled=\u00bboff\u00bb button_one_text_color__hover_enabled=\u00bboff\u00bb button_two_text_color__hover_enabled=\u00bboff\u00bb button_border_width__hover_enabled=\u00bboff\u00bb button_one_border_width__hover_enabled=\u00bboff\u00bb button_two_border_width__hover_enabled=\u00bboff\u00bb button_border_color__hover_enabled=\u00bboff\u00bb button_one_border_color__hover_enabled=\u00bboff\u00bb button_two_border_color__hover_enabled=\u00bboff\u00bb button_border_radius__hover_enabled=\u00bboff\u00bb button_one_border_radius__hover_enabled=\u00bboff\u00bb button_two_border_radius__hover_enabled=\u00bboff\u00bb button_letter_spacing__hover_enabled=\u00bboff\u00bb button_one_letter_spacing__hover_enabled=\u00bboff\u00bb button_two_letter_spacing__hover_enabled=\u00bboff\u00bb button_bg_color__hover_enabled=\u00bboff\u00bb button_one_bg_color__hover_enabled=\u00bboff\u00bb button_two_bg_color__hover_enabled=\u00bboff\u00bb][\/et_pb_button][\/et_pb_column][\/et_pb_row][et_pb_row disabled_on=\u00bbon|on|on\u00bb _builder_version=\u00bb4.16&#8243; custom_padding=\u00bb50px|||||\u00bb disabled=\u00bbon\u00bb global_colors_info=\u00bb{}\u00bb][et_pb_column type=\u00bb4_4&#8243; _builder_version=\u00bb4.16&#8243; custom_padding_tablet=\u00bb\u00bb custom_padding_phone=\u00bb40px||||false|false\u00bb custom_padding_last_edited=\u00bbon|phone\u00bb global_colors_info=\u00bb{}\u00bb][et_pb_posts_carousel_agsdcm category_id=\u00bb419&#8243; max_title_characters=\u00bb150&#8243; heading_style=\u00bbcustom\u00bb heading_primary=\u00bb\u00daltimos Art\u00edculos\u00bb heading_sub=\u00bb EX-ANTE\u00bb posts_filter_any=\u00bbon\u00bb _builder_version=\u00bb4.16&#8243; header_font=\u00bbMontserrat||||||||\u00bb header_text_color=\u00bb#757575&#8243; header_font_size=\u00bb19px\u00bb subheader_text_color=\u00bb#828282&#8243; title_font=\u00bbMontserrat|700|||||||\u00bb title_text_color=\u00bb#acc601&#8243; border_color_all=\u00bb#cde002&#8243; global_colors_info=\u00bb{}\u00bb][\/et_pb_posts_carousel_agsdcm][\/et_pb_column][\/et_pb_row][\/et_pb_section]<\/p>\n","protected":false},"excerpt":{"rendered":"<p>A prop\u00f3sito del D\u00eda Mundial de la Bicicleta en junio, Mutual de Seguridad junto a la ONG No Chat, realizaron un estudio para conocer los principales desaf\u00edos que enfrenta este modo de transporte. Seg\u00fan el estudio cuatro de cada 10 ciclistas usan la bicicleta para trasladarse hasta su lugar de trabajo, m\u00e1s all\u00e1 de fines [&hellip;]<\/p>\n","protected":false},"author":7,"featured_media":12811,"comment_status":"closed","ping_status":"closed","sticky":false,"template":"","format":"standard","meta":{"_et_pb_use_builder":"on","_et_pb_old_content":"","_et_gb_content_width":"","footnotes":""},"categories":[419],"tags":[],"class_list":["post-12804","post","type-post","status-publish","format-standard","has-post-thumbnail","hentry","category-ex-ante","et-has-post-format-content","et_post_format-et-post-format-standard"],"_links":{"self":[{"href":"https:\/\/conectamutual.cl\/bienestar\/wp-json\/wp\/v2\/posts\/12804","targetHints":{"allow":["GET"]}}],"collection":[{"href":"https:\/\/conectamutual.cl\/bienestar\/wp-json\/wp\/v2\/posts"}],"about":[{"href":"https:\/\/conectamutual.cl\/bienestar\/wp-json\/wp\/v2\/types\/post"}],"author":[{"embeddable":true,"href":"https:\/\/conectamutual.cl\/bienestar\/wp-json\/wp\/v2\/users\/7"}],"replies":[{"embeddable":true,"href":"https:\/\/conectamutual.cl\/bienestar\/wp-json\/wp\/v2\/comments?post=12804"}],"version-history":[{"count":10,"href":"https:\/\/conectamutual.cl\/bienestar\/wp-json\/wp\/v2\/posts\/12804\/revisions"}],"predecessor-version":[{"id":12820,"href":"https:\/\/conectamutual.cl\/bienestar\/wp-json\/wp\/v2\/posts\/12804\/revisions\/12820"}],"wp:featuredmedia":[{"embeddable":true,"href":"https:\/\/conectamutual.cl\/bienestar\/wp-json\/wp\/v2\/media\/12811"}],"wp:attachment":[{"href":"https:\/\/conectamutual.cl\/bienestar\/wp-json\/wp\/v2\/media?parent=12804"}],"wp:term":[{"taxonomy":"category","embeddable":true,"href":"https:\/\/conectamutual.cl\/bienestar\/wp-json\/wp\/v2\/categories?post=12804"},{"taxonomy":"post_tag","embeddable":true,"href":"https:\/\/conectamutual.cl\/bienestar\/wp-json\/wp\/v2\/tags?post=12804"}],"curies":[{"name":"wp","href":"https:\/\/api.w.org\/{rel}","templated":true}]}}