{"id":13066,"date":"2024-08-05T19:26:44","date_gmt":"2024-08-05T23:26:44","guid":{"rendered":"https:\/\/conectamutual.cl\/bienestar\/?p=13066"},"modified":"2024-08-05T20:31:14","modified_gmt":"2024-08-06T00:31:14","slug":"enap-y-mutual-de-seguridad-firman-acuerdo-para-mejorar-la-salud-mental-laboral","status":"publish","type":"post","link":"https:\/\/conectamutual.cl\/bienestar\/ex-ante\/enap-y-mutual-de-seguridad-firman-acuerdo-para-mejorar-la-salud-mental-laboral\/","title":{"rendered":"Enap y Mutual de Seguridad firman acuerdo para mejorar la salud mental laboral"},"content":{"rendered":"<p>[et_pb_section fb_built=\u00bb1&#8243; _builder_version=\u00bb4.16&#8243; custom_padding=\u00bb35px||0px|||\u00bb global_colors_info=\u00bb{}\u00bb][et_pb_row _builder_version=\u00bb4.16&#8243; custom_padding=\u00bb0px||5px|||\u00bb global_colors_info=\u00bb{}\u00bb][et_pb_column type=\u00bb4_4&#8243; _builder_version=\u00bb4.16&#8243; global_colors_info=\u00bb{}\u00bb][et_pb_image src=\u00bbhttps:\/\/conectamutual.cl\/bienestar\/wp-content\/uploads\/2019\/10\/Logo-Espacio-Mutuo-02.png\u00bb align=\u00bbcenter\u00bb _builder_version=\u00bb4.24.3&#8243; width=\u00bb28%\u00bb width_tablet=\u00bb\u00bb width_phone=\u00bb22%\u00bb width_last_edited=\u00bbon|phone\u00bb custom_margin=\u00bb0px||||false|false\u00bb global_colors_info=\u00bb{}\u00bb][\/et_pb_image][\/et_pb_column][\/et_pb_row][\/et_pb_section][et_pb_section fb_built=\u00bb1&#8243; _builder_version=\u00bb4.16&#8243; custom_padding=\u00bb15px||1px|||\u00bb global_colors_info=\u00bb{}\u00bb][et_pb_row _builder_version=\u00bb4.16&#8243; custom_padding=\u00bb3px||36px|||\u00bb global_colors_info=\u00bb{}\u00bb][et_pb_column type=\u00bb4_4&#8243; _builder_version=\u00bb4.16&#8243; global_colors_info=\u00bb{}\u00bb][et_pb_post_title comments=\u00bboff\u00bb featured_image=\u00bboff\u00bb _builder_version=\u00bb4.16&#8243; title_font=\u00bbMontserrat|700|||||||\u00bb title_text_align=\u00bbcenter\u00bb title_text_color=\u00bb#c4d600&#8243; title_font_size=\u00bb54px\u00bb title_line_height=\u00bb1.1em\u00bb meta_font=\u00bbMontserrat||||||||\u00bb meta_text_align=\u00bbcenter\u00bb meta_font_size=\u00bb12px\u00bb title_font_size_tablet=\u00bb\u00bb title_font_size_phone=\u00bb30px\u00bb title_font_size_last_edited=\u00bbon|phone\u00bb meta_font_size_tablet=\u00bb\u00bb meta_font_size_phone=\u00bb10px\u00bb meta_font_size_last_edited=\u00bbon|phone\u00bb global_colors_info=\u00bb{}\u00bb][\/et_pb_post_title][\/et_pb_column][\/et_pb_row][\/et_pb_section][et_pb_section fb_built=\u00bb1&#8243; fullwidth=\u00bbon\u00bb _builder_version=\u00bb4.16&#8243; global_colors_info=\u00bb{}\u00bb][et_pb_fullwidth_image src=\u00bbhttps:\/\/conectamutual.cl\/bienestar\/wp-content\/uploads\/2024\/08\/Nota-95-Banner-Ex-Ante-ENAP-1.jpg\u00bb title_text=\u00bbNota 95 &#8211; Banner-Ex-Ante&#8211;ENAP (1)\u00bb _builder_version=\u00bb4.27.0&#8243; custom_padding=\u00bb0px|||||\u00bb global_colors_info=\u00bb{}\u00bb][\/et_pb_fullwidth_image][\/et_pb_section][et_pb_section fb_built=\u00bb1&#8243; _builder_version=\u00bb4.16&#8243; custom_padding=\u00bb||8px|||\u00bb global_colors_info=\u00bb{}\u00bb][et_pb_row _builder_version=\u00bb4.24.3&#8243; _module_preset=\u00bbdefault\u00bb custom_margin=\u00bb-15px|auto||auto||\u00bb custom_padding=\u00bb|60px||73px||\u00bb global_colors_info=\u00bb{}\u00bb][et_pb_column type=\u00bb4_4&#8243; _builder_version=\u00bb4.24.3&#8243; _module_preset=\u00bbdefault\u00bb global_colors_info=\u00bb{}\u00bb][et_pb_text _builder_version=\u00bb4.27.0&#8243; _module_preset=\u00bbdefault\u00bb hover_enabled=\u00bb0&#8243; global_colors_info=\u00bb{}\u00bb sticky_enabled=\u00bb0&#8243;]<\/p>\n<blockquote>\n<p><strong><i>El lograr conciliar la vida laboral y personal conlleva una serie de beneficios f\u00edsicos y emocionales. Estos, a su vez, impactan de manera positiva en los distintos grupos dentro de una empresa, lo que mejora la productividad.<\/i><\/strong><\/p>\n<\/blockquote>\n<p><span style=\"font-weight: 400;\">La Empresa Nacional del Petr\u00f3leo (Enap) ha dado un paso significativo hacia la protecci\u00f3n de la salud mental de sus trabajadores luego de comprometerse a implementar el Modelo de Bienestar Mental Laboral desarrollado por Mutual de Seguridad, acuerdo que busca enfrentar de manera efectiva una creciente preocupaci\u00f3n en el \u00e1mbito del trabajo: las enfermedades mentales.<\/span><\/p>\n<p><span style=\"font-weight: 400;\">Seg\u00fan datos de la Superintendencia de Seguridad Social, durante 2023, el 68% de las enfermedades profesionales fueron de tipo mental, con un promedio de 43 d\u00edas de ausentismo laboral por caso. Siendo el hostigamiento, sobrecarga y conflictos laborales, como las principales causas relacionadas.\u00a0<\/span><\/p>\n<p><span style=\"font-weight: 400;\">En ese contexto, Enap decidi\u00f3 fortalecer sus esfuerzos en la prevenci\u00f3n y manejo de enfermedades mentales en el lugar de trabajo mediante la firma de este innovador modelo, cuyo objetivo es ofrecer un acompa\u00f1amiento continuo a los trabajadores a trav\u00e9s de programas integrales que abarcan desde la promoci\u00f3n de la salud mental hasta la rehabilitaci\u00f3n y reinserci\u00f3n laboral. El modelo promueve h\u00e1bitos saludables, previene riesgos psicosociales, ofrece tratamiento especializado y asegura una reintegraci\u00f3n laboral efectiva.<\/span><\/p>\n<p><span style=\"font-weight: 400;\">\u00abEstamos comprometidos en crear ambientes laborales donde nuestros colaboradores se sientan valorados y apoyados. Este acuerdo con Mutual de Seguridad es una muestra de nuestra dedicaci\u00f3n para construir una cultura organizacional m\u00e1s saludable y resiliente\u201d, asegur\u00f3 el gerente Corporativo de Seguridad y Salud Ocupacional de Enap, Douglas Sequeira.<\/span><\/p>\n<p><span style=\"font-weight: 400;\">La implementaci\u00f3n de este modelo no solo busca reducir las tasas de enfermedades mentales y el ausentismo laboral, sino tambi\u00e9n mejorar la calidad de vida de los trabajadores. Adem\u00e1s, se espera que esta iniciativa impulse la eficiencia y la cohesi\u00f3n dentro de la empresa, posicionando a la compa\u00f1\u00eda como un referente en salud ocupacional.<\/span><\/p>\n<p><span style=\"font-weight: 400;\">\u00abNuestra colaboraci\u00f3n con Enap representa un compromiso estrat\u00e9gico para elevar los est\u00e1ndares de salud y bienestar en el entorno laboral. Este modelo no solo responde a las necesidades actuales de los trabajadores, sino que tambi\u00e9n establece un nuevo marco de referencia para la gesti\u00f3n integral de la salud mental en las organizaciones. Al proporcionar un entorno de apoyo continuo y recursos especializados, esperamos contribuir a la sostenibilidad y el \u00e9xito a largo plazo de Enap\u201d, coment\u00f3 Hector Jaramillo, gerente Corporativo de Seguridad y Salud en el Trabajo de Mutual de Seguridad.<\/span><\/p>\n<p><span style=\"font-weight: 400;\">El modelo incluye tres programas: inicial, intermedio y avanzado. La empresa estatal implementar\u00e1 el programa avanzado, dise\u00f1ado para empresas que ya han trabajado en salud mental. En esta etapa, el objetivo es integrar y coordinar todas las acciones mediante un diagn\u00f3stico y un plan de trabajo participativo, que involucre a gremios, trabajadores y comit\u00e9s paritarios. Las intervenciones se priorizar\u00e1n y aplicar\u00e1n durante un per\u00edodo de 12 a 18 meses, con medici\u00f3n de resultados, mejora continua y certificaci\u00f3n para mejorar el bienestar mental de todos los trabajadores.<\/span><\/p>\n<p>[\/et_pb_text][\/et_pb_column][\/et_pb_row][et_pb_row _builder_version=\u00bb4.16&#8243; custom_padding=\u00bb27px|||||\u00bb global_colors_info=\u00bb{}\u00bb][et_pb_column type=\u00bb4_4&#8243; _builder_version=\u00bb4.16&#8243; global_colors_info=\u00bb{}\u00bb][et_pb_text _builder_version=\u00bb4.16&#8243; text_font=\u00bb|700|||||||\u00bb text_text_color=\u00bb#606060&#8243; text_font_size=\u00bb17px\u00bb text_letter_spacing=\u00bb2px\u00bb custom_margin=\u00bb||15px|||\u00bb global_colors_info=\u00bb{}\u00bb]<\/p>\n<p style=\"text-align: center;\">\u00bfQUIERES ACCEDER A M\u00c1S ART\u00cdCULOS COMO \u00c9STE?<\/p>\n<p>[\/et_pb_text][et_pb_button button_url=\u00bbhttps:\/\/conectamutual.cl\/bienestar\/ex-ante\/\u00bb button_text=\u00bbSUSCR\u00cdBETE AQU\u00cd\u00bb button_alignment=\u00bbcenter\u00bb _builder_version=\u00bb4.16&#8243; custom_button=\u00bbon\u00bb button_text_size=\u00bb20px\u00bb button_text_color=\u00bb#ffffff\u00bb button_bg_color=\u00bb#c4d600&#8243; button_border_width=\u00bb8px\u00bb button_border_color=\u00bb#c4d600&#8243; button_border_radius=\u00bb0px\u00bb button_letter_spacing=\u00bb2px\u00bb button_font=\u00bbMontserrat|600||on|||||\u00bb button_icon=\u00bb&#x24;||divi||400&#8243; custom_margin=\u00bb10px|||\u00bb animation_style=\u00bbfade\u00bb global_colors_info=\u00bb{}\u00bb button_text_size__hover_enabled=\u00bboff\u00bb button_one_text_size__hover_enabled=\u00bboff\u00bb button_two_text_size__hover_enabled=\u00bboff\u00bb button_text_color__hover_enabled=\u00bboff\u00bb button_one_text_color__hover_enabled=\u00bboff\u00bb button_two_text_color__hover_enabled=\u00bboff\u00bb button_border_width__hover_enabled=\u00bboff\u00bb button_one_border_width__hover_enabled=\u00bboff\u00bb button_two_border_width__hover_enabled=\u00bboff\u00bb button_border_color__hover_enabled=\u00bboff\u00bb button_one_border_color__hover_enabled=\u00bboff\u00bb button_two_border_color__hover_enabled=\u00bboff\u00bb button_border_radius__hover_enabled=\u00bboff\u00bb button_one_border_radius__hover_enabled=\u00bboff\u00bb button_two_border_radius__hover_enabled=\u00bboff\u00bb button_letter_spacing__hover_enabled=\u00bboff\u00bb button_one_letter_spacing__hover_enabled=\u00bboff\u00bb button_two_letter_spacing__hover_enabled=\u00bboff\u00bb button_bg_color__hover_enabled=\u00bboff\u00bb button_one_bg_color__hover_enabled=\u00bboff\u00bb button_two_bg_color__hover_enabled=\u00bboff\u00bb][\/et_pb_button][\/et_pb_column][\/et_pb_row][et_pb_row disabled_on=\u00bbon|on|on\u00bb _builder_version=\u00bb4.27.0&#8243; _module_preset=\u00bbdefault\u00bb disabled=\u00bbon\u00bb global_colors_info=\u00bb{}\u00bb][et_pb_column type=\u00bb4_4&#8243; _builder_version=\u00bb4.20.2&#8243; _module_preset=\u00bbdefault\u00bb global_colors_info=\u00bb{}\u00bb][et_pb_divider divider_weight=\u00bb7px\u00bb _builder_version=\u00bb4.20.2&#8243; _module_preset=\u00bbdefault\u00bb custom_margin=\u00bb||-2px|||\u00bb global_colors_info=\u00bb{}\u00bb][\/et_pb_divider][et_pb_text _builder_version=\u00bb4.20.2&#8243; _module_preset=\u00bbdefault\u00bb text_text_color=\u00bb#5d5c61&#8243; text_font_size=\u00bb22px\u00bb global_colors_info=\u00bb{}\u00bb]<\/p>\n<p style=\"text-align: center;\"><strong>Te recomendamos m\u00e1s art\u00edculos de inter\u00e9s.<\/strong><\/p>\n<p>[\/et_pb_text][et_pb_blog fullwidth=\u00bboff\u00bb posts_number=\u00bb9&#8243; include_categories=\u00bball\u00bb excerpt_length=\u00bb150&#8243; show_more=\u00bbon\u00bb show_author=\u00bboff\u00bb show_date=\u00bboff\u00bb _builder_version=\u00bb4.20.2&#8243; _module_preset=\u00bbdefault\u00bb header_font=\u00bb|700|||||||\u00bb body_font_size=\u00bb13px\u00bb body_line_height=\u00bb2.2em\u00bb meta_font=\u00bb|600|||||||\u00bb meta_font_size=\u00bb12px\u00bb read_more_font=\u00bb|700|||||||\u00bb pagination_font_size=\u00bb17px\u00bb background_enable_color=\u00bboff\u00bb width=\u00bb82%\u00bb module_alignment=\u00bbcenter\u00bb link_option_url_new_window=\u00bbon\u00bb border_radii=\u00bbon|10px|10px|10px|10px\u00bb border_width_all=\u00bb0px\u00bb box_shadow_style=\u00bbpreset1&#8243; box_shadow_color=\u00bb#EAEAE1&#8243; global_colors_info=\u00bb{}\u00bb][\/et_pb_blog][\/et_pb_column][\/et_pb_row][\/et_pb_section]<\/p>\n","protected":false},"excerpt":{"rendered":"<p>El lograr conciliar la vida laboral y personal conlleva una serie de beneficios f\u00edsicos y emocionales. Estos, a su vez, impactan de manera positiva en los distintos grupos dentro de una empresa, lo que mejora la productividad. La Empresa Nacional del Petr\u00f3leo (Enap) ha dado un paso significativo hacia la protecci\u00f3n de la salud mental [&hellip;]<\/p>\n","protected":false},"author":7,"featured_media":13069,"comment_status":"closed","ping_status":"closed","sticky":false,"template":"","format":"standard","meta":{"_et_pb_use_builder":"on","_et_pb_old_content":"","_et_gb_content_width":"","footnotes":""},"categories":[419],"tags":[],"class_list":["post-13066","post","type-post","status-publish","format-standard","has-post-thumbnail","hentry","category-ex-ante","et-has-post-format-content","et_post_format-et-post-format-standard"],"_links":{"self":[{"href":"https:\/\/conectamutual.cl\/bienestar\/wp-json\/wp\/v2\/posts\/13066","targetHints":{"allow":["GET"]}}],"collection":[{"href":"https:\/\/conectamutual.cl\/bienestar\/wp-json\/wp\/v2\/posts"}],"about":[{"href":"https:\/\/conectamutual.cl\/bienestar\/wp-json\/wp\/v2\/types\/post"}],"author":[{"embeddable":true,"href":"https:\/\/conectamutual.cl\/bienestar\/wp-json\/wp\/v2\/users\/7"}],"replies":[{"embeddable":true,"href":"https:\/\/conectamutual.cl\/bienestar\/wp-json\/wp\/v2\/comments?post=13066"}],"version-history":[{"count":6,"href":"https:\/\/conectamutual.cl\/bienestar\/wp-json\/wp\/v2\/posts\/13066\/revisions"}],"predecessor-version":[{"id":13088,"href":"https:\/\/conectamutual.cl\/bienestar\/wp-json\/wp\/v2\/posts\/13066\/revisions\/13088"}],"wp:featuredmedia":[{"embeddable":true,"href":"https:\/\/conectamutual.cl\/bienestar\/wp-json\/wp\/v2\/media\/13069"}],"wp:attachment":[{"href":"https:\/\/conectamutual.cl\/bienestar\/wp-json\/wp\/v2\/media?parent=13066"}],"wp:term":[{"taxonomy":"category","embeddable":true,"href":"https:\/\/conectamutual.cl\/bienestar\/wp-json\/wp\/v2\/categories?post=13066"},{"taxonomy":"post_tag","embeddable":true,"href":"https:\/\/conectamutual.cl\/bienestar\/wp-json\/wp\/v2\/tags?post=13066"}],"curies":[{"name":"wp","href":"https:\/\/api.w.org\/{rel}","templated":true}]}}