{"id":13089,"date":"2024-08-06T10:42:38","date_gmt":"2024-08-06T14:42:38","guid":{"rendered":"https:\/\/conectamutual.cl\/bienestar\/?p=13089"},"modified":"2024-08-06T10:50:53","modified_gmt":"2024-08-06T14:50:53","slug":"denuncias-por-agresiones-con-ocasion-del-trabajo-alcanzan-mayor-nivel-de-los-ultimos-13-anos-2","status":"publish","type":"post","link":"https:\/\/conectamutual.cl\/bienestar\/ex-ante\/denuncias-por-agresiones-con-ocasion-del-trabajo-alcanzan-mayor-nivel-de-los-ultimos-13-anos-2\/","title":{"rendered":"Denuncias por agresiones con ocasi\u00f3n del trabajo alcanzan mayor nivel de los \u00faltimos 13 a\u00f1os"},"content":{"rendered":"<p>[et_pb_section fb_built=\u00bb1&#8243; _builder_version=\u00bb4.16&#8243; custom_padding=\u00bb35px||0px|||\u00bb global_colors_info=\u00bb{}\u00bb][et_pb_row _builder_version=\u00bb4.16&#8243; custom_padding=\u00bb0px||5px|||\u00bb global_colors_info=\u00bb{}\u00bb][et_pb_column type=\u00bb4_4&#8243; _builder_version=\u00bb4.16&#8243; global_colors_info=\u00bb{}\u00bb][et_pb_image src=\u00bbhttps:\/\/conectamutual.cl\/bienestar\/wp-content\/uploads\/2019\/10\/Logo-Espacio-Mutuo-02.png\u00bb align=\u00bbcenter\u00bb _builder_version=\u00bb4.24.3&#8243; width=\u00bb28%\u00bb width_tablet=\u00bb\u00bb width_phone=\u00bb22%\u00bb width_last_edited=\u00bbon|phone\u00bb custom_margin=\u00bb0px||||false|false\u00bb global_colors_info=\u00bb{}\u00bb][\/et_pb_image][\/et_pb_column][\/et_pb_row][\/et_pb_section][et_pb_section fb_built=\u00bb1&#8243; _builder_version=\u00bb4.16&#8243; custom_padding=\u00bb15px||1px|||\u00bb global_colors_info=\u00bb{}\u00bb][et_pb_row _builder_version=\u00bb4.16&#8243; custom_padding=\u00bb3px||36px|||\u00bb global_colors_info=\u00bb{}\u00bb][et_pb_column type=\u00bb4_4&#8243; _builder_version=\u00bb4.16&#8243; global_colors_info=\u00bb{}\u00bb][et_pb_post_title comments=\u00bboff\u00bb featured_image=\u00bboff\u00bb _builder_version=\u00bb4.16&#8243; title_font=\u00bbMontserrat|700|||||||\u00bb title_text_align=\u00bbcenter\u00bb title_text_color=\u00bb#c4d600&#8243; title_font_size=\u00bb54px\u00bb title_line_height=\u00bb1.1em\u00bb meta_font=\u00bbMontserrat||||||||\u00bb meta_text_align=\u00bbcenter\u00bb meta_font_size=\u00bb12px\u00bb title_font_size_tablet=\u00bb\u00bb title_font_size_phone=\u00bb30px\u00bb title_font_size_last_edited=\u00bbon|phone\u00bb meta_font_size_tablet=\u00bb\u00bb meta_font_size_phone=\u00bb10px\u00bb meta_font_size_last_edited=\u00bbon|phone\u00bb global_colors_info=\u00bb{}\u00bb][\/et_pb_post_title][\/et_pb_column][\/et_pb_row][\/et_pb_section][et_pb_section fb_built=\u00bb1&#8243; fullwidth=\u00bbon\u00bb _builder_version=\u00bb4.16&#8243; global_colors_info=\u00bb{}\u00bb][et_pb_fullwidth_image src=\u00bbhttps:\/\/conectamutual.cl\/bienestar\/wp-content\/uploads\/2024\/08\/Nota-96-Banner-Ex-Ante-agresiones-1.jpg\u00bb title_text=\u00bbNota 96 &#8211; Banner-Ex-Ante-agresiones (1)\u00bb _builder_version=\u00bb4.27.0&#8243; custom_padding=\u00bb0px|||||\u00bb global_colors_info=\u00bb{}\u00bb][\/et_pb_fullwidth_image][\/et_pb_section][et_pb_section fb_built=\u00bb1&#8243; _builder_version=\u00bb4.16&#8243; custom_padding=\u00bb||8px|||\u00bb global_colors_info=\u00bb{}\u00bb][et_pb_row _builder_version=\u00bb4.24.3&#8243; _module_preset=\u00bbdefault\u00bb custom_margin=\u00bb-15px|auto||auto||\u00bb custom_padding=\u00bb|60px||73px||\u00bb global_colors_info=\u00bb{}\u00bb][et_pb_column type=\u00bb4_4&#8243; _builder_version=\u00bb4.24.3&#8243; _module_preset=\u00bbdefault\u00bb global_colors_info=\u00bb{}\u00bb][et_pb_text _builder_version=\u00bb4.27.0&#8243; _module_preset=\u00bbdefault\u00bb ul_line_height=\u00bb2.2em\u00bb ol_line_height=\u00bb2.2em\u00bb global_colors_info=\u00bb{}\u00bb]<\/p>\n<blockquote>\n<p><strong>Mutual de Seguridad elabor\u00f3 un Informe Estad\u00edstico empleando inteligencia artificial para detectar denuncias de agresiones en el lugar de trabajo o durante el trayecto y revel\u00f3 un aumento del 15% de las denuncias recibidas durante 2023 respecto de 2022, y 120% en comparaci\u00f3n con cifras de 2011. \u00a0<\/strong><\/p>\n<\/blockquote>\n<p><span style=\"font-weight: 400;\">A d\u00edas de entrar en vigencia la Ley N\u00b021.643 denominada \u201cLey Karin\u201d, que establece un nuevo marco regulatorio en materia de acoso laboral y violencia en el trabajo, un Informe Estad\u00edstico elaborado por Mutual de Seguridad, donde se analizaron m\u00e1s de 100.000 denuncias por accidentes de trabajo ocurridos entre 2011 y 2023, revel\u00f3 que, solo el a\u00f1o pasado, se registraron m\u00e1s de 11.170 denuncias asociadas a agresiones en el contexto laboral, 9% m\u00e1s que en 2022, 12% m\u00e1s que en 2019 -previo a la pandemia- y 120% m\u00e1s que hace 13 a\u00f1os atr\u00e1s (2011).<\/span><\/p>\n<p><span style=\"font-weight: 400;\">Precisamente, uno de los principales hallazgos del reporte revela que la tasa de denuncias por agresiones ha aumentado un 150% en los \u00faltimos diez a\u00f1os. <\/span><span style=\"font-weight: 400;\">Estas cifras son un antecedente de relevancia para comprender de mejor forma los riesgos psicosociales a nivel organizacional y su abordaje, a prop\u00f3sito de la implementaci\u00f3n de la denominada Ley Karin que deber\u00e1n realizar las empresas e instituciones del pa<\/span><span style=\"font-weight: 400;\">\u00eds.<\/span><\/p>\n<h2><b>Agresiones y g\u00e9nero<\/b><\/h2>\n<p><span style=\"font-weight: 400;\">En 2015, las trabajadoras mujeres constitu\u00edan el 31% (2.128) del total de denuncias, lo que significa que una de cada tres agresiones reportadas afectaba a una mujer. No obstante, para el a\u00f1o 2022, las denuncias presentadas por mujeres experimentaron un incremento del 92% (4.077), representando el 40% del total de casos. Este aumento refleja una tendencia al alza tanto en el n\u00famero de denuncias realizadas por mujeres como en su proporci\u00f3n con respecto al total de agresiones registradas.<\/span><\/p>\n<p><span style=\"font-weight: 400;\">Esta tendencia ascendente no parece disminuir, ya que en 2023 las denuncias interpuestas por mujeres alcanzaron la cifra record de 4.762 (un 16,8% m\u00e1s que en 2022). Esto implica que las mujeres ahora representan casi la mitad de todas las denuncias por agresiones, alcanzando el 43% del total.<\/span><\/p>\n<p>[\/et_pb_text][et_pb_image src=\u00bbhttps:\/\/conectamutual.cl\/bienestar\/wp-content\/uploads\/2024\/07\/Articulo-1096-Info-1.png\u00bb _builder_version=\u00bb4.27.0&#8243; _module_preset=\u00bbdefault\u00bb title_text=\u00bbArticulo 1096 &#8211; Info 1&#8243; hover_enabled=\u00bb0&#8243; sticky_enabled=\u00bb0&#8243;][\/et_pb_image][et_pb_text _builder_version=\u00bb4.27.0&#8243; _module_preset=\u00bbdefault\u00bb ul_line_height=\u00bb2.2em\u00bb ol_line_height=\u00bb2.2em\u00bb global_colors_info=\u00bb{}\u00bb]<\/p>\n<p><span style=\"font-weight: 400;\">\u201cLos resultados indican que, excluyendo el impacto de la pandemia, las mujeres han presentado hist\u00f3ricamente tasas m\u00e1s elevadas en comparaci\u00f3n con los hombres (al menos desde 2015). Sin embargo, la disparidad ha ido en disminuci\u00f3n. Si en 2015 la brecha era de 6 denuncias por agresiones por cada mil trabajadores (mujeres 7,6; hombres 1,6), en 2023, la diferencia se redujo a 3,9 (mujeres 7,3; hombres 3,4). Estos datos resaltan la importancia de abordar y prevenir la violencia en el entorno laboral, desde un enfoque de g\u00e9nero para promover un ambiente m\u00e1s seguro e igualitario, subrayando la necesidad de implementar medidas efectivas y crear conciencia para combatir este problema creciente\u201d indica Hector Jaramillo, Gerente de Seguridad y Salud en el Trabajo de Mutual de Seguridad.<\/span><\/p>\n<h2><b>\u00bfQu\u00e9 sucede con la edad y las regiones?<\/b><\/h2>\n<p><span style=\"font-weight: 400;\">En los \u00faltimos ocho a\u00f1os, adem\u00e1s, el segmento entre 26 y 45 a\u00f1os es el que m\u00e1s ha crecido en n\u00famero y proporci\u00f3n de denuncias por agresi\u00f3n. Y pese a que la Regi\u00f3n Metropolitana concentra m\u00e1s de la mitad de este tipo de denuncias (55%), en 2023, las regiones de Atacama (8,8), Antofagasta (8,3) y Valpara\u00edso (6,8) registraron las tasas m\u00e1s altas de agresiones laborales. En comparaci\u00f3n con el promedio, Atacama y Antofagasta muestran una brecha de m\u00e1s de 3,5 agresiones adicionales por cada mil trabajadores en comparaci\u00f3n con el resto de las regiones. En el caso de Atacama, la tasa aumento de 4 veces con respecto a los niveles de 2022 (de 2,2 a 8,8).\u00a0<\/span><\/p>\n<p>[\/et_pb_text][et_pb_image src=\u00bbhttps:\/\/conectamutual.cl\/bienestar\/wp-content\/uploads\/2024\/07\/Articulo-1096-Info-2.png\u00bb _builder_version=\u00bb4.27.0&#8243; _module_preset=\u00bbdefault\u00bb title_text=\u00bbArticulo 1096 &#8211; Info 2&#8243; hover_enabled=\u00bb0&#8243; sticky_enabled=\u00bb0&#8243;][\/et_pb_image][et_pb_text _builder_version=\u00bb4.27.0&#8243; _module_preset=\u00bbdefault\u00bb ul_line_height=\u00bb2.2em\u00bb ol_line_height=\u00bb2.2em\u00bb global_colors_info=\u00bb{}\u00bb]<\/p>\n<h2><b>\u00bfLas actividades econ\u00f3micas m\u00e1s afectadas por hechos de violencia?<\/b><\/h2>\n<p><span style=\"font-weight: 400;\">los sectores de Actividades de Servicios Comunitarios, Sociales y Personales (20%), Transporte (19%), Comercio (14%) concentran la mayor\u00eda de los trabajadores afectados por violencia laboral, representando dos tercios (53%) de las denuncias totales.<\/span><\/p>\n<p><span style=\"font-weight: 400;\">El an\u00e1lisis de tasas posiciona el sector de Actividades de Servicios Comunitarios, Sociales y Personales (25,7 en 2023) y el Transporte (13,6 en 2023) como los sectores con las tasas m\u00e1s elevadas de agresiones en el trabajo. En el caso de Transporte, si bien este rubro experiment\u00f3 notables reducciones de tasas entre 2015 y 2021, se observa una tendencia creciente a partir de 2022 y 2023 (12,6 y 13,6 respectivamente).<\/span><\/p>\n<p><span style=\"font-weight: 400;\">Por su parte, las tasas de agresiones en Salud muestran una tendencia ascendente constante desde 2015, aumentando de 3,0 a 6,6 (un crecimiento del 120%). Por \u00faltimo, Ense\u00f1anza tuvo una ca\u00edda durante la pandemia, pero las tasas se recuperaron r\u00e1pidamente en 2022 y 2023 (6,4 y 7,2 respectivamente), representando un aumento del 178% desde 2015. Estas cifras destacan la relevancia de abordar y prevenir la violencia laboral en los sectores previamente se\u00f1alados.<\/span><\/p>\n<p>[\/et_pb_text][\/et_pb_column][\/et_pb_row][et_pb_row _builder_version=\u00bb4.16&#8243; custom_padding=\u00bb27px|||||\u00bb global_colors_info=\u00bb{}\u00bb][et_pb_column type=\u00bb4_4&#8243; _builder_version=\u00bb4.16&#8243; global_colors_info=\u00bb{}\u00bb][et_pb_text _builder_version=\u00bb4.16&#8243; text_font=\u00bb|700|||||||\u00bb text_text_color=\u00bb#606060&#8243; text_font_size=\u00bb17px\u00bb text_letter_spacing=\u00bb2px\u00bb custom_margin=\u00bb||15px|||\u00bb global_colors_info=\u00bb{}\u00bb]<\/p>\n<p style=\"text-align: center;\">\u00bfQUIERES ACCEDER A M\u00c1S ART\u00cdCULOS COMO \u00c9STE?<\/p>\n<p>[\/et_pb_text][et_pb_button button_url=\u00bbhttps:\/\/conectamutual.cl\/bienestar\/ex-ante\/\u00bb button_text=\u00bbSUSCR\u00cdBETE AQU\u00cd\u00bb button_alignment=\u00bbcenter\u00bb _builder_version=\u00bb4.16&#8243; custom_button=\u00bbon\u00bb button_text_size=\u00bb20px\u00bb button_text_color=\u00bb#ffffff\u00bb button_bg_color=\u00bb#c4d600&#8243; button_border_width=\u00bb8px\u00bb button_border_color=\u00bb#c4d600&#8243; button_border_radius=\u00bb0px\u00bb button_letter_spacing=\u00bb2px\u00bb button_font=\u00bbMontserrat|600||on|||||\u00bb button_icon=\u00bb&#x24;||divi||400&#8243; custom_margin=\u00bb10px|||\u00bb animation_style=\u00bbfade\u00bb global_colors_info=\u00bb{}\u00bb button_text_size__hover_enabled=\u00bboff\u00bb button_one_text_size__hover_enabled=\u00bboff\u00bb button_two_text_size__hover_enabled=\u00bboff\u00bb button_text_color__hover_enabled=\u00bboff\u00bb button_one_text_color__hover_enabled=\u00bboff\u00bb button_two_text_color__hover_enabled=\u00bboff\u00bb button_border_width__hover_enabled=\u00bboff\u00bb button_one_border_width__hover_enabled=\u00bboff\u00bb button_two_border_width__hover_enabled=\u00bboff\u00bb button_border_color__hover_enabled=\u00bboff\u00bb button_one_border_color__hover_enabled=\u00bboff\u00bb button_two_border_color__hover_enabled=\u00bboff\u00bb button_border_radius__hover_enabled=\u00bboff\u00bb button_one_border_radius__hover_enabled=\u00bboff\u00bb button_two_border_radius__hover_enabled=\u00bboff\u00bb button_letter_spacing__hover_enabled=\u00bboff\u00bb button_one_letter_spacing__hover_enabled=\u00bboff\u00bb button_two_letter_spacing__hover_enabled=\u00bboff\u00bb button_bg_color__hover_enabled=\u00bboff\u00bb button_one_bg_color__hover_enabled=\u00bboff\u00bb button_two_bg_color__hover_enabled=\u00bboff\u00bb][\/et_pb_button][\/et_pb_column][\/et_pb_row][et_pb_row disabled_on=\u00bbon|on|on\u00bb _builder_version=\u00bb4.27.0&#8243; _module_preset=\u00bbdefault\u00bb disabled=\u00bbon\u00bb global_colors_info=\u00bb{}\u00bb][et_pb_column type=\u00bb4_4&#8243; _builder_version=\u00bb4.20.2&#8243; _module_preset=\u00bbdefault\u00bb global_colors_info=\u00bb{}\u00bb][et_pb_divider divider_weight=\u00bb7px\u00bb _builder_version=\u00bb4.20.2&#8243; _module_preset=\u00bbdefault\u00bb custom_margin=\u00bb||-2px|||\u00bb global_colors_info=\u00bb{}\u00bb][\/et_pb_divider][et_pb_text _builder_version=\u00bb4.20.2&#8243; _module_preset=\u00bbdefault\u00bb text_text_color=\u00bb#5d5c61&#8243; text_font_size=\u00bb22px\u00bb global_colors_info=\u00bb{}\u00bb]<\/p>\n<p style=\"text-align: center;\"><strong>Te recomendamos m\u00e1s art\u00edculos de inter\u00e9s.<\/strong><\/p>\n<p>[\/et_pb_text][et_pb_blog fullwidth=\u00bboff\u00bb posts_number=\u00bb9&#8243; include_categories=\u00bball\u00bb excerpt_length=\u00bb150&#8243; show_more=\u00bbon\u00bb show_author=\u00bboff\u00bb show_date=\u00bboff\u00bb _builder_version=\u00bb4.20.2&#8243; _module_preset=\u00bbdefault\u00bb header_font=\u00bb|700|||||||\u00bb body_font_size=\u00bb13px\u00bb body_line_height=\u00bb2.2em\u00bb meta_font=\u00bb|600|||||||\u00bb meta_font_size=\u00bb12px\u00bb read_more_font=\u00bb|700|||||||\u00bb pagination_font_size=\u00bb17px\u00bb background_enable_color=\u00bboff\u00bb width=\u00bb82%\u00bb module_alignment=\u00bbcenter\u00bb link_option_url_new_window=\u00bbon\u00bb border_radii=\u00bbon|10px|10px|10px|10px\u00bb border_width_all=\u00bb0px\u00bb box_shadow_style=\u00bbpreset1&#8243; box_shadow_color=\u00bb#EAEAE1&#8243; global_colors_info=\u00bb{}\u00bb][\/et_pb_blog][\/et_pb_column][\/et_pb_row][\/et_pb_section]<\/p>\n","protected":false},"excerpt":{"rendered":"<p>Mutual de Seguridad elabor\u00f3 un Informe Estad\u00edstico empleando inteligencia artificial para detectar denuncias de agresiones en el lugar de trabajo o durante el trayecto y revel\u00f3 un aumento del 15% de las denuncias recibidas durante 2023 respecto de 2022, y 120% en comparaci\u00f3n con cifras de 2011. \u00a0 A d\u00edas de entrar en vigencia la [&hellip;]<\/p>\n","protected":false},"author":7,"featured_media":13092,"comment_status":"closed","ping_status":"closed","sticky":false,"template":"","format":"standard","meta":{"_et_pb_use_builder":"on","_et_pb_old_content":"","_et_gb_content_width":"","footnotes":""},"categories":[419],"tags":[],"class_list":["post-13089","post","type-post","status-publish","format-standard","has-post-thumbnail","hentry","category-ex-ante","et-has-post-format-content","et_post_format-et-post-format-standard"],"_links":{"self":[{"href":"https:\/\/conectamutual.cl\/bienestar\/wp-json\/wp\/v2\/posts\/13089","targetHints":{"allow":["GET"]}}],"collection":[{"href":"https:\/\/conectamutual.cl\/bienestar\/wp-json\/wp\/v2\/posts"}],"about":[{"href":"https:\/\/conectamutual.cl\/bienestar\/wp-json\/wp\/v2\/types\/post"}],"author":[{"embeddable":true,"href":"https:\/\/conectamutual.cl\/bienestar\/wp-json\/wp\/v2\/users\/7"}],"replies":[{"embeddable":true,"href":"https:\/\/conectamutual.cl\/bienestar\/wp-json\/wp\/v2\/comments?post=13089"}],"version-history":[{"count":5,"href":"https:\/\/conectamutual.cl\/bienestar\/wp-json\/wp\/v2\/posts\/13089\/revisions"}],"predecessor-version":[{"id":13097,"href":"https:\/\/conectamutual.cl\/bienestar\/wp-json\/wp\/v2\/posts\/13089\/revisions\/13097"}],"wp:featuredmedia":[{"embeddable":true,"href":"https:\/\/conectamutual.cl\/bienestar\/wp-json\/wp\/v2\/media\/13092"}],"wp:attachment":[{"href":"https:\/\/conectamutual.cl\/bienestar\/wp-json\/wp\/v2\/media?parent=13089"}],"wp:term":[{"taxonomy":"category","embeddable":true,"href":"https:\/\/conectamutual.cl\/bienestar\/wp-json\/wp\/v2\/categories?post=13089"},{"taxonomy":"post_tag","embeddable":true,"href":"https:\/\/conectamutual.cl\/bienestar\/wp-json\/wp\/v2\/tags?post=13089"}],"curies":[{"name":"wp","href":"https:\/\/api.w.org\/{rel}","templated":true}]}}