{"id":13377,"date":"2024-10-07T12:01:44","date_gmt":"2024-10-07T15:01:44","guid":{"rendered":"https:\/\/conectamutual.cl\/bienestar\/?p=13377"},"modified":"2024-10-07T12:05:39","modified_gmt":"2024-10-07T15:05:39","slug":"la-seguridad-vial-como-prioridad-nacional-reflexiones-del-congreso-traffic-chile","status":"publish","type":"post","link":"https:\/\/conectamutual.cl\/bienestar\/ex-ante\/la-seguridad-vial-como-prioridad-nacional-reflexiones-del-congreso-traffic-chile\/","title":{"rendered":"La seguridad vial como prioridad nacional: reflexiones del Congreso Traffic Chile"},"content":{"rendered":"<p>[et_pb_section fb_built=\u00bb1&#8243; _builder_version=\u00bb4.16&#8243; custom_padding=\u00bb35px||0px|||\u00bb global_colors_info=\u00bb{}\u00bb][et_pb_row _builder_version=\u00bb4.16&#8243; custom_padding=\u00bb0px||5px|||\u00bb global_colors_info=\u00bb{}\u00bb][et_pb_column type=\u00bb4_4&#8243; _builder_version=\u00bb4.16&#8243; global_colors_info=\u00bb{}\u00bb][et_pb_image src=\u00bbhttps:\/\/conectamutual.cl\/bienestar\/wp-content\/uploads\/2019\/10\/Logo-Espacio-Mutuo-02.png\u00bb align=\u00bbcenter\u00bb _builder_version=\u00bb4.24.3&#8243; width=\u00bb28%\u00bb width_tablet=\u00bb\u00bb width_phone=\u00bb22%\u00bb width_last_edited=\u00bbon|phone\u00bb custom_margin=\u00bb0px||||false|false\u00bb global_colors_info=\u00bb{}\u00bb][\/et_pb_image][\/et_pb_column][\/et_pb_row][\/et_pb_section][et_pb_section fb_built=\u00bb1&#8243; _builder_version=\u00bb4.16&#8243; custom_padding=\u00bb15px||1px|||\u00bb global_colors_info=\u00bb{}\u00bb][et_pb_row _builder_version=\u00bb4.16&#8243; custom_padding=\u00bb3px||36px|||\u00bb global_colors_info=\u00bb{}\u00bb][et_pb_column type=\u00bb4_4&#8243; _builder_version=\u00bb4.16&#8243; global_colors_info=\u00bb{}\u00bb][et_pb_post_title comments=\u00bboff\u00bb featured_image=\u00bboff\u00bb _builder_version=\u00bb4.16&#8243; title_font=\u00bbMontserrat|700|||||||\u00bb title_text_align=\u00bbcenter\u00bb title_text_color=\u00bb#c4d600&#8243; title_font_size=\u00bb54px\u00bb title_line_height=\u00bb1.1em\u00bb meta_font=\u00bbMontserrat||||||||\u00bb meta_text_align=\u00bbcenter\u00bb meta_font_size=\u00bb12px\u00bb title_font_size_tablet=\u00bb\u00bb title_font_size_phone=\u00bb30px\u00bb title_font_size_last_edited=\u00bbon|phone\u00bb meta_font_size_tablet=\u00bb\u00bb meta_font_size_phone=\u00bb10px\u00bb meta_font_size_last_edited=\u00bbon|phone\u00bb global_colors_info=\u00bb{}\u00bb][\/et_pb_post_title][\/et_pb_column][\/et_pb_row][\/et_pb_section][et_pb_section fb_built=\u00bb1&#8243; fullwidth=\u00bbon\u00bb _builder_version=\u00bb4.16&#8243; global_colors_info=\u00bb{}\u00bb][et_pb_fullwidth_image src=\u00bbhttps:\/\/conectamutual.cl\/bienestar\/wp-content\/uploads\/2024\/10\/TRA_9773-1.jpg\u00bb title_text=\u00bbTRA_9773 (1)\u00bb _builder_version=\u00bb4.27.2&#8243; custom_padding=\u00bb0px|||||\u00bb hover_enabled=\u00bb0&#8243; global_colors_info=\u00bb{}\u00bb sticky_enabled=\u00bb0&#8243;][\/et_pb_fullwidth_image][\/et_pb_section][et_pb_section fb_built=\u00bb1&#8243; _builder_version=\u00bb4.16&#8243; custom_padding=\u00bb||8px|||\u00bb global_colors_info=\u00bb{}\u00bb][et_pb_row _builder_version=\u00bb4.24.3&#8243; _module_preset=\u00bbdefault\u00bb custom_margin=\u00bb-15px|auto||auto||\u00bb custom_padding=\u00bb|60px||73px||\u00bb global_colors_info=\u00bb{}\u00bb][et_pb_column type=\u00bb4_4&#8243; _builder_version=\u00bb4.24.3&#8243; _module_preset=\u00bbdefault\u00bb global_colors_info=\u00bb{}\u00bb][et_pb_text _builder_version=\u00bb4.27.2&#8243; _module_preset=\u00bbdefault\u00bb ul_line_height=\u00bb2.2em\u00bb ol_line_height=\u00bb2.2em\u00bb hover_enabled=\u00bb0&#8243; global_colors_info=\u00bb{}\u00bb sticky_enabled=\u00bb0&#8243;]<\/p>\n<blockquote>\n<p><span style=\"font-weight: 400;\">En el encuentro realizado por Mutual de Seguridad, el experto espa\u00f1ol en regulaci\u00f3n de tr\u00e1fico y seguridad vial, Ram\u00f3n Ledesma, destac\u00f3 la importancia de implementar una adecuada normativa de seguridad vial, tal como se aplica en Espa\u00f1a. Asimismo, el Ministro de Transportes y Telecomunicaciones, Juan Carlos Mu\u00f1oz, recalc\u00f3 la importancia de implementar nuevas medidas y el impacto positivo que estas tendr\u00edan en la productividad del pa\u00eds.<\/span><\/p>\n<\/blockquote>\n<p><span style=\"font-weight: 400;\">Hace unos d\u00edas se llev\u00f3 a cabo el segundo <\/span><b>Congreso Internacional de Seguridad Vial Traffic Chile<\/b><span style=\"font-weight: 400;\">, organizado por Mutual de Seguridad, donde se abordaron los desaf\u00edos y avances en materia de seguridad vial del pa\u00eds. El encuentro cont\u00f3 con la participaci\u00f3n<\/span><span style=\"font-weight: 400;\"> del <\/span><span style=\"font-weight: 400;\">especialista espa\u00f1ol en regulaci\u00f3n de tr\u00e1fico y seguridad vial, Ram\u00f3n Ledesma, y autoridades de Gobierno, como el ministro de Transportes y Telecomunicaciones, Juan Carlos Mu\u00f1oz; el subsecretario de Previsi\u00f3n Social, Claudio Reyes; el subsecretario de Transportes, Jorge Daza; adem\u00e1s del secretario general de LatinNCAP, Alejandro Furas; y el presidente de Mutual de Seguridad, Leonardo Daneri.<\/span><\/p>\n<p><span style=\"font-weight: 400;\">En la instancia el Ministro Juan Carlos Mu\u00f1oz subray\u00f3 la importancia de adoptar nuevas pol\u00edticas para mejorar la seguridad vial y c\u00f3mo estas pueden tener un impacto positivo en la productividad del pa\u00eds: \u00abLa seguridad vial debe ser prioritaria en la planificaci\u00f3n del transporte y las actividades comerciales. Su efecto va m\u00e1s all\u00e1 de la reducci\u00f3n de siniestros, ya que tambi\u00e9n influye en la salud p\u00fablica y el desarrollo econ\u00f3mico\u00bb. A su vez, Mu\u00f1oz resalt\u00f3 que cada a\u00f1o mueren aproximadamente 2.000 personas en siniestros de tr\u00e1nsito, una cifra alarmante que demanda medidas urgentes, como la puesta en marcha de la Ley Cati (Centro Automatizado de Tratamiento de Infracciones).<\/span><\/p>\n<p><span style=\"font-weight: 400;\">Por su parte, el experto espa\u00f1ol, Ram\u00f3n Ledesma, enfatiz\u00f3 sobre la importancia de la fiscalizaci\u00f3n y el control de la velocidad como factores clave para mejorar la seguridad vial, tal como se ha demostrado en Espa\u00f1a. Seg\u00fan Ledesma, el 70% de los problemas de seguridad vial se deben a la falta de fiscalizaci\u00f3n. Un sistema de control automatizado es esencial para reducir las infracciones y siniestros viales\u201d.<\/span><\/p>\n<p><span style=\"font-weight: 400;\">Finalmente, Leonardo Daneri, presidente de Mutual de Seguridad, resalt\u00f3 la necesidad de un esfuerzo conjunto: \u00abS\u00f3lo mediante un enfoque colaborativo entre el sector p\u00fablico, privado y la ciudadan\u00eda podremos generar los cambios que el pa\u00eds necesita. La seguridad vial es una responsabilidad de todos y las cifras demuestran la urgencia de hacernos cargo del tema\u00bb. Record\u00f3 que seg\u00fan cifras de Mutual de Seguridad, entre el 65 y 70% de los accidentes laborales con resultado de muerte est\u00e1n relacionados a siniestros de tr\u00e1nsito, lo que es una luz de alerta y un llamado a la acci\u00f3n.\u00a0<\/span><\/p>\n<p>[\/et_pb_text][et_pb_image src=\u00bbhttps:\/\/conectamutual.cl\/bienestar\/wp-content\/uploads\/2024\/10\/TRA_9812-1.jpg\u00bb _builder_version=\u00bb4.27.2&#8243; _module_preset=\u00bbdefault\u00bb title_text=\u00bbTRA_9812 (1)\u00bb hover_enabled=\u00bb0&#8243; sticky_enabled=\u00bb0&#8243;][\/et_pb_image][et_pb_text _builder_version=\u00bb4.27.2&#8243; _module_preset=\u00bbdefault\u00bb ul_line_height=\u00bb2.2em\u00bb ol_line_height=\u00bb2.2em\u00bb hover_enabled=\u00bb0&#8243; global_colors_info=\u00bb{}\u00bb sticky_enabled=\u00bb0&#8243;]<\/p>\n<blockquote><\/blockquote>\n<h2><b>Permiso de conducci\u00f3n por puntos<\/b><\/h2>\n<p><span style=\"font-weight: 400;\">Ram\u00f3n Ledesma record\u00f3 que las distintas normativas implementadas en Espa\u00f1a han logrado una efectividad notable. Ejemplo de aquello fue la implementaci\u00f3n en 2005 del permiso de conducci\u00f3n por puntos, que en su primer a\u00f1o, disminuy\u00f3 la mortalidad en carretera un 14,6%, y para 2016, los fallecidos por accidentes se redujeron un 59%. Adem\u00e1s, los accidentes con v\u00edctimas cayeron un 12% y los heridos hospitalizados un 55%.<\/span><\/p>\n<p><span style=\"font-weight: 400;\">El sistema reduce los siniestros de tr\u00e1nsito con sanciones acumulativas de puntos. Los conductores comienzan con 12 puntos, que pueden aumentar a 15 por buen comportamiento. Pierden puntos por infracciones graves, lo que puede resultar en la suspensi\u00f3n de la licencia, y se aplican sanciones econ\u00f3micas, junto con cursos obligatorios para recuperar puntos. Desde su entrada en vigor (2005), la Ley del Permiso por Puntos ha demostrado un impacto significativo. Sobre su implementaci\u00f3n en Chile, Ledesma asegura: \u201cChile y Espa\u00f1a comparten una herencia cultural latina, lo que se refleja en sus normas. Creemos que las normas de tr\u00e1nsito exitosas en Espa\u00f1a pueden ser igualmente efectivas en Chile\u201d.<\/span><\/p>\n<h2><b>Congreso Traffic de Mutual de Seguridad<\/b><\/h2>\n<p><span style=\"font-weight: 400;\">El Congreso Traffic, organizado por Mutual de Seguridad, se ha consolidado como un espacio clave para el di\u00e1logo y la reflexi\u00f3n en torno a la seguridad vial en Chile. Cada a\u00f1o, re\u00fane a expertos nacionales e internacionales, representantes de sectores p\u00fablico y privado, y organizaciones comprometidas con la prevenci\u00f3n de accidentes de tr\u00e1nsito. El evento busca generar conciencia sobre la importancia de una movilidad segura, promover pol\u00edticas p\u00fablicas efectivas y contribuir a la disminuci\u00f3n de la siniestralidad vial en el pa\u00eds. Mutual de Seguridad, como instituci\u00f3n l\u00edder en la protecci\u00f3n y bienestar de los trabajadores, reafirma su compromiso con iniciativas que promuevan entornos m\u00e1s seguros y la mejora continua de la cultura vial.<\/span><\/p>\n<p>[\/et_pb_text][\/et_pb_column][\/et_pb_row][et_pb_row _builder_version=\u00bb4.16&#8243; custom_padding=\u00bb27px|||||\u00bb global_colors_info=\u00bb{}\u00bb][et_pb_column type=\u00bb4_4&#8243; _builder_version=\u00bb4.16&#8243; global_colors_info=\u00bb{}\u00bb][et_pb_text _builder_version=\u00bb4.16&#8243; text_font=\u00bb|700|||||||\u00bb text_text_color=\u00bb#606060&#8243; text_font_size=\u00bb17px\u00bb text_letter_spacing=\u00bb2px\u00bb custom_margin=\u00bb||15px|||\u00bb global_colors_info=\u00bb{}\u00bb]<\/p>\n<p style=\"text-align: center;\">\u00bfQUIERES ACCEDER A M\u00c1S ART\u00cdCULOS COMO \u00c9STE?<\/p>\n<p>[\/et_pb_text][et_pb_button button_url=\u00bbhttps:\/\/conectamutual.cl\/bienestar\/ex-ante\/\u00bb button_text=\u00bbSUSCR\u00cdBETE AQU\u00cd\u00bb button_alignment=\u00bbcenter\u00bb _builder_version=\u00bb4.16&#8243; custom_button=\u00bbon\u00bb button_text_size=\u00bb20px\u00bb button_text_color=\u00bb#ffffff\u00bb button_bg_color=\u00bb#c4d600&#8243; button_border_width=\u00bb8px\u00bb button_border_color=\u00bb#c4d600&#8243; button_border_radius=\u00bb0px\u00bb button_letter_spacing=\u00bb2px\u00bb button_font=\u00bbMontserrat|600||on|||||\u00bb button_icon=\u00bb&#x24;||divi||400&#8243; custom_margin=\u00bb10px|||\u00bb animation_style=\u00bbfade\u00bb global_colors_info=\u00bb{}\u00bb button_text_size__hover_enabled=\u00bboff\u00bb button_one_text_size__hover_enabled=\u00bboff\u00bb button_two_text_size__hover_enabled=\u00bboff\u00bb button_text_color__hover_enabled=\u00bboff\u00bb button_one_text_color__hover_enabled=\u00bboff\u00bb button_two_text_color__hover_enabled=\u00bboff\u00bb button_border_width__hover_enabled=\u00bboff\u00bb button_one_border_width__hover_enabled=\u00bboff\u00bb button_two_border_width__hover_enabled=\u00bboff\u00bb button_border_color__hover_enabled=\u00bboff\u00bb button_one_border_color__hover_enabled=\u00bboff\u00bb button_two_border_color__hover_enabled=\u00bboff\u00bb button_border_radius__hover_enabled=\u00bboff\u00bb button_one_border_radius__hover_enabled=\u00bboff\u00bb button_two_border_radius__hover_enabled=\u00bboff\u00bb button_letter_spacing__hover_enabled=\u00bboff\u00bb button_one_letter_spacing__hover_enabled=\u00bboff\u00bb button_two_letter_spacing__hover_enabled=\u00bboff\u00bb button_bg_color__hover_enabled=\u00bboff\u00bb button_one_bg_color__hover_enabled=\u00bboff\u00bb button_two_bg_color__hover_enabled=\u00bboff\u00bb][\/et_pb_button][\/et_pb_column][\/et_pb_row][et_pb_row disabled_on=\u00bbon|on|on\u00bb _builder_version=\u00bb4.27.0&#8243; _module_preset=\u00bbdefault\u00bb disabled=\u00bbon\u00bb global_colors_info=\u00bb{}\u00bb][et_pb_column type=\u00bb4_4&#8243; _builder_version=\u00bb4.20.2&#8243; _module_preset=\u00bbdefault\u00bb global_colors_info=\u00bb{}\u00bb][et_pb_divider divider_weight=\u00bb7px\u00bb _builder_version=\u00bb4.20.2&#8243; _module_preset=\u00bbdefault\u00bb custom_margin=\u00bb||-2px|||\u00bb global_colors_info=\u00bb{}\u00bb][\/et_pb_divider][et_pb_text _builder_version=\u00bb4.20.2&#8243; _module_preset=\u00bbdefault\u00bb text_text_color=\u00bb#5d5c61&#8243; text_font_size=\u00bb22px\u00bb global_colors_info=\u00bb{}\u00bb]<\/p>\n<p style=\"text-align: center;\"><strong>Te recomendamos m\u00e1s art\u00edculos de inter\u00e9s.<\/strong><\/p>\n<p>[\/et_pb_text][et_pb_blog fullwidth=\u00bboff\u00bb posts_number=\u00bb9&#8243; include_categories=\u00bball\u00bb excerpt_length=\u00bb150&#8243; show_more=\u00bbon\u00bb show_author=\u00bboff\u00bb show_date=\u00bboff\u00bb _builder_version=\u00bb4.20.2&#8243; _module_preset=\u00bbdefault\u00bb header_font=\u00bb|700|||||||\u00bb body_font_size=\u00bb13px\u00bb body_line_height=\u00bb2.2em\u00bb meta_font=\u00bb|600|||||||\u00bb meta_font_size=\u00bb12px\u00bb read_more_font=\u00bb|700|||||||\u00bb pagination_font_size=\u00bb17px\u00bb background_enable_color=\u00bboff\u00bb width=\u00bb82%\u00bb module_alignment=\u00bbcenter\u00bb link_option_url_new_window=\u00bbon\u00bb border_radii=\u00bbon|10px|10px|10px|10px\u00bb border_width_all=\u00bb0px\u00bb box_shadow_style=\u00bbpreset1&#8243; box_shadow_color=\u00bb#EAEAE1&#8243; global_colors_info=\u00bb{}\u00bb][\/et_pb_blog][\/et_pb_column][\/et_pb_row][\/et_pb_section]<\/p>\n","protected":false},"excerpt":{"rendered":"<p>En el encuentro realizado por Mutual de Seguridad, el experto espa\u00f1ol en regulaci\u00f3n de tr\u00e1fico y seguridad vial, Ram\u00f3n Ledesma, destac\u00f3 la importancia de implementar una adecuada normativa de seguridad vial, tal como se aplica en Espa\u00f1a. Asimismo, el Ministro de Transportes y Telecomunicaciones, Juan Carlos Mu\u00f1oz, recalc\u00f3 la importancia de implementar nuevas medidas y [&hellip;]<\/p>\n","protected":false},"author":7,"featured_media":13380,"comment_status":"closed","ping_status":"closed","sticky":false,"template":"","format":"standard","meta":{"_et_pb_use_builder":"on","_et_pb_old_content":"","_et_gb_content_width":"","footnotes":""},"categories":[419],"tags":[],"class_list":["post-13377","post","type-post","status-publish","format-standard","has-post-thumbnail","hentry","category-ex-ante","et-has-post-format-content","et_post_format-et-post-format-standard"],"_links":{"self":[{"href":"https:\/\/conectamutual.cl\/bienestar\/wp-json\/wp\/v2\/posts\/13377","targetHints":{"allow":["GET"]}}],"collection":[{"href":"https:\/\/conectamutual.cl\/bienestar\/wp-json\/wp\/v2\/posts"}],"about":[{"href":"https:\/\/conectamutual.cl\/bienestar\/wp-json\/wp\/v2\/types\/post"}],"author":[{"embeddable":true,"href":"https:\/\/conectamutual.cl\/bienestar\/wp-json\/wp\/v2\/users\/7"}],"replies":[{"embeddable":true,"href":"https:\/\/conectamutual.cl\/bienestar\/wp-json\/wp\/v2\/comments?post=13377"}],"version-history":[{"count":3,"href":"https:\/\/conectamutual.cl\/bienestar\/wp-json\/wp\/v2\/posts\/13377\/revisions"}],"predecessor-version":[{"id":13383,"href":"https:\/\/conectamutual.cl\/bienestar\/wp-json\/wp\/v2\/posts\/13377\/revisions\/13383"}],"wp:featuredmedia":[{"embeddable":true,"href":"https:\/\/conectamutual.cl\/bienestar\/wp-json\/wp\/v2\/media\/13380"}],"wp:attachment":[{"href":"https:\/\/conectamutual.cl\/bienestar\/wp-json\/wp\/v2\/media?parent=13377"}],"wp:term":[{"taxonomy":"category","embeddable":true,"href":"https:\/\/conectamutual.cl\/bienestar\/wp-json\/wp\/v2\/categories?post=13377"},{"taxonomy":"post_tag","embeddable":true,"href":"https:\/\/conectamutual.cl\/bienestar\/wp-json\/wp\/v2\/tags?post=13377"}],"curies":[{"name":"wp","href":"https:\/\/api.w.org\/{rel}","templated":true}]}}