{"id":13710,"date":"2025-02-03T14:13:56","date_gmt":"2025-02-03T17:13:56","guid":{"rendered":"https:\/\/conectamutual.cl\/bienestar\/?p=13710"},"modified":"2025-02-03T14:15:43","modified_gmt":"2025-02-03T17:15:43","slug":"seguridad-y-salud-en-el-trabajo-los-cambios-normativos-que-traera-el-ds-n44-para-los-contextos-laborales","status":"publish","type":"post","link":"https:\/\/conectamutual.cl\/bienestar\/ex-ante\/seguridad-y-salud-en-el-trabajo-los-cambios-normativos-que-traera-el-ds-n44-para-los-contextos-laborales\/","title":{"rendered":"Seguridad y Salud en el Trabajo: Los cambios normativos que traer\u00e1 el DS N\u00b044 para los contextos laborales"},"content":{"rendered":"<p>[et_pb_section fb_built=\u00bb1&#8243; _builder_version=\u00bb4.16&#8243; custom_padding=\u00bb35px||0px|||\u00bb global_colors_info=\u00bb{}\u00bb][et_pb_row _builder_version=\u00bb4.16&#8243; custom_padding=\u00bb0px||5px|||\u00bb global_colors_info=\u00bb{}\u00bb][et_pb_column type=\u00bb4_4&#8243; _builder_version=\u00bb4.16&#8243; global_colors_info=\u00bb{}\u00bb][et_pb_image src=\u00bbhttps:\/\/conectamutual.cl\/bienestar\/wp-content\/uploads\/2019\/10\/cropped-Logo-Espacio-Mutuo-02.png\u00bb align=\u00bbcenter\u00bb _builder_version=\u00bb4.24.3&#8243; width=\u00bb28%\u00bb width_tablet=\u00bb\u00bb width_phone=\u00bb22%\u00bb width_last_edited=\u00bbon|phone\u00bb custom_margin=\u00bb0px||||false|false\u00bb global_colors_info=\u00bb{}\u00bb][\/et_pb_image][\/et_pb_column][\/et_pb_row][\/et_pb_section][et_pb_section fb_built=\u00bb1&#8243; _builder_version=\u00bb4.16&#8243; custom_padding=\u00bb15px||1px|||\u00bb global_colors_info=\u00bb{}\u00bb][et_pb_row _builder_version=\u00bb4.16&#8243; custom_padding=\u00bb3px||36px|||\u00bb global_colors_info=\u00bb{}\u00bb][et_pb_column type=\u00bb4_4&#8243; _builder_version=\u00bb4.16&#8243; global_colors_info=\u00bb{}\u00bb][et_pb_post_title comments=\u00bboff\u00bb featured_image=\u00bboff\u00bb _builder_version=\u00bb4.16&#8243; title_font=\u00bbMontserrat|700|||||||\u00bb title_text_align=\u00bbcenter\u00bb title_text_color=\u00bb#c4d600&#8243; title_font_size=\u00bb54px\u00bb title_line_height=\u00bb1.1em\u00bb meta_font=\u00bbMontserrat||||||||\u00bb meta_text_align=\u00bbcenter\u00bb meta_font_size=\u00bb12px\u00bb title_font_size_tablet=\u00bb\u00bb title_font_size_phone=\u00bb30px\u00bb title_font_size_last_edited=\u00bbon|phone\u00bb meta_font_size_tablet=\u00bb\u00bb meta_font_size_phone=\u00bb10px\u00bb meta_font_size_last_edited=\u00bbon|phone\u00bb global_colors_info=\u00bb{}\u00bb][\/et_pb_post_title][\/et_pb_column][\/et_pb_row][\/et_pb_section][et_pb_section fb_built=\u00bb1&#8243; fullwidth=\u00bbon\u00bb _builder_version=\u00bb4.16&#8243; global_colors_info=\u00bb{}\u00bb][et_pb_fullwidth_image src=\u00bbhttps:\/\/conectamutual.cl\/bienestar\/wp-content\/uploads\/2025\/02\/Sin-titulo-14.jpeg\u00bb title_text=\u00bbtrabajo\u00bb _builder_version=\u00bb4.27.4&#8243; custom_padding=\u00bb0px|||||\u00bb hover_enabled=\u00bb0&#8243; global_colors_info=\u00bb{}\u00bb sticky_enabled=\u00bb0&#8243;][\/et_pb_fullwidth_image][\/et_pb_section][et_pb_section fb_built=\u00bb1&#8243; _builder_version=\u00bb4.16&#8243; custom_padding=\u00bb||8px|||\u00bb global_colors_info=\u00bb{}\u00bb][et_pb_row _builder_version=\u00bb4.24.3&#8243; _module_preset=\u00bbdefault\u00bb custom_margin=\u00bb-15px|auto||auto||\u00bb custom_padding=\u00bb|60px||73px||\u00bb global_colors_info=\u00bb{}\u00bb][et_pb_column type=\u00bb4_4&#8243; _builder_version=\u00bb4.24.3&#8243; _module_preset=\u00bbdefault\u00bb global_colors_info=\u00bb{}\u00bb][et_pb_text _builder_version=\u00bb4.27.4&#8243; _module_preset=\u00bbdefault\u00bb ul_line_height=\u00bb2.2em\u00bb ol_line_height=\u00bb2.2em\u00bb hover_enabled=\u00bb0&#8243; global_colors_info=\u00bb{}\u00bb sticky_enabled=\u00bb0&#8243;]<\/p>\n<blockquote>\n<p><strong>La nueva normativa, que entr\u00f3 en vigencia el 1 de febrero de 2025, establece obligaciones claras tanto para trabajadores como empleadores, exigiendo mayor participaci\u00f3n y capacitaci\u00f3n en materias de seguridad y salud laboral, junto a nuevas exigencias como perspectiva de g\u00e9nero, personas especialmente sensibles y encargados de prevenci\u00f3n seg\u00fan la cantidad de trabajadores.<\/strong><\/p>\n<\/blockquote>\n<p><span style=\"font-weight: 400;\">A partir del 1 de febrero del presente a\u00f1o comenz\u00f3 a regir el nuevo Decreto N\u00b044, que deroga los decretos N\u00b054 y N\u00b040 que establec\u00edan la constituci\u00f3n y funcionamiento de Comit\u00e9s Paritarios y el antiguo reglamento sobre prevenci\u00f3n de riesgos laborales, respectivamente. <\/span><b>La nueva normativa establece c\u00f3mo debe gestionarse la seguridad y salud en el trabajo dentro de las empresas y detalla las responsabilidades tanto de empleadores como de las personas trabajadoras<\/b><span style=\"font-weight: 400;\">. \u00abEste reglamento es clave para perfeccionar la prevenci\u00f3n de riesgos laborales, ya que se alinea con los convenios internacionales suscritos por nuestro pa\u00eds, en la b\u00fasqueda de proteger la vida y salud de las personas trabajadoras mediante la gesti\u00f3n preventiva, incluyendo los principios de la prevenci\u00f3n de riesgos desde el dise\u00f1o del trabajo, el enfoque de g\u00e9nero, la participaci\u00f3n activa de todos en la organizaci\u00f3n y la mejora continua para garantizar un entorno de trabajo seguro y saludable.\u00bb, afirm\u00f3 <\/span><b>Rafael Olmos, Gerente de Prevenci\u00f3n de Riesgos de Mutual de Seguridad<\/b><span style=\"font-weight: 400;\">.<\/span><\/p>\n<p><span style=\"font-weight: 400;\">El DS N\u00b044, una vez publicado, estableci\u00f3 un periodo de siete meses antes de su plena entrada en vigencia en febrero de 2025. Durante este tiempo, <\/span><b>Mutual de Seguridad<\/b><span style=\"font-weight: 400;\"> avanz\u00f3 en aquellos aspectos que estaban plenamente identificados como responsabilidades de los Organismos Administradores del Seguro Social, tales como cursos espec\u00edficos, material de apoyo y definici\u00f3n de las Asistencias T\u00e9cnicas que define el Decreto.\u00a0<\/span><\/p>\n<p><b>El objetivo principal de este nuevo est\u00e1ndar es garantizar un entorno de trabajo seguro y saludable<\/b><span style=\"font-weight: 400;\">; para lo cual es imprescindible que las organizaciones eliminen o controlen todos aquellos riesgos, especialmente cr\u00edticos, que puedan afectar la vida y salud de las personas trabajadoras, incluyendo la gesti\u00f3n del riesgo grave e inminente y de emergencias, cat\u00e1strofes o desastres.\u00a0\u00a0<\/span><\/p>\n<p><span style=\"font-weight: 400;\">Un punto relevante de este nuevo decreto es que establece que todas las empresas sin importar su tama\u00f1o deber\u00e1n desarrollar una <\/span><b>Matriz de Identificaci\u00f3n de Peligros y Evaluaci\u00f3n de Riesgos<\/b><span style=\"font-weight: 400;\"> (MIPER), la que sirve como base para definir un programa de trabajo preventivo enfocado en aquellos incidentes de mayor potencial de gravedad. Adem\u00e1s, la normativa introduce un enfoque de g\u00e9nero en la gesti\u00f3n de riesgos, garantizando que las medidas de seguridad y salud laboral sean equitativas para todos los trabajadores y se adapten a sus diversas necesidades.<\/span><\/p>\n<p><span style=\"font-weight: 400;\">Las personas trabajadoras tienen un rol m\u00e1s protag\u00f3nico en la prevenci\u00f3n de riesgos y en la toma de decisiones sobre la seguridad en sus lugares de trabajo, ya que cada trabajador\/a deber\u00e1 recibir al menos ocho horas de formaci\u00f3n en seguridad y salud laboral.\u00a0<\/span><\/p>\n<p><span style=\"font-weight: 400;\">Para aquellas empresas con m\u00e1s de 100 trabajadores, se mantiene la exigencia de conformar y garantizar el correcto funcionamiento de los departamentos de prevenci\u00f3n de riesgos, mientras que <\/span><b>aquellas entidades empleadoras que tengan hasta 100 personas trabajadoras contar\u00e1n con Encargados de Prevenci\u00f3n de Riesgos Laborales<\/b><span style=\"font-weight: 400;\">. Para aquellos centros de trabajo o faenas en donde se encuentren entre 10 a 25 personas trabajadoras y en donde no existe el CPHS, deber\u00e1n contar con la nueva figura del Delegado de SST.<\/span><\/p>\n<p><span style=\"font-weight: 400;\">\u00a0<\/span><b>Victor Cantillana, Subgerente de Seguridad del Trabajo<\/b><span style=\"font-weight: 400;\">, se\u00f1ala que \u201csi bien es cierto los instrumentos preventivos y parte de la estructura organizativa en materias de prevencion de riesgos no son conceptos nuevos, el gran desaf\u00edo que conlleva este Decreto, es la interacci\u00f3n y la sistematizaci\u00f3n de la gesti\u00f3n preventiva, lo que se observan en distintos art\u00edculos del decreto en donde nos se\u00f1ala c\u00f3mo se crean o deben conformarse algunos instrumentos preventivos como podr\u00eda ser la Matriz IPER, la frecuencia de revisi\u00f3n, los criterios que hacen necesaria su actualizaci\u00f3n y, el involucramiento del representante legal respecto de su autorizaci\u00f3n. A su vez <\/span><b>este instrumento preventivo debe ser la base para la definici\u00f3n del Programa Preventivo<\/b><span style=\"font-weight: 400;\">, compartido con las personas trabajadoras y este \u00faltimo, incorporar indicadores de eficiencia y eficacia de la gesti\u00f3n preventiva de las entidades empleadoras\u201d.<\/span><\/p>\n<p><span style=\"font-weight: 400;\">En cuanto a la fiscalizaci\u00f3n, ser\u00e1n efectuadas por las Secretar\u00edas Regionales Ministeriales de Salud y la Direcci\u00f3n del Trabajo (Art 77). las SEREMIS de Salud fiscalizar\u00e1n la calidad de las actividades de prevenci\u00f3n de riesgos que realicen los organismos administradores. Por su parte, la Direcci\u00f3n del Trabajo se encargar\u00e1 de velar por el cumplimiento de las normas contenidas en este reglamento para la constituci\u00f3n y funcionamiento de los Comit\u00e9s Paritarios en las entidades empleadoras, faenas, sucursales o agencias.<\/span><\/p>\n<h2><b>Asistencia T\u00e9cnica por parte de Mutual de Seguridad\u00a0<\/b><\/h2>\n<p><b>Mutual de Seguridad<\/b><span style=\"font-weight: 400;\"> ha vertido todo su conocimiento t\u00e9cnico para desarrollar el minisitio DS N\u00b044, (<\/span><a href=\"http:\/\/www.mutual.cl\"><span style=\"font-weight: 400;\">www.mutual.cl<\/span><\/a><span style=\"font-weight: 400;\">) lugar donde se encuentra el material disponible para la implementaci\u00f3n de esta nueva forma de gestionar los riesgos laborales y asesorar a los adherentes en su cumplimiento. \u201cEn este sitio web est\u00e1 toda la informaci\u00f3n general del decreto con presentaciones, informativos y diagramas de flujo para los procesos indicados en el decreto, adem\u00e1s de fichas de apoyo preventivo que apoyen el entendimiento del mismo, a su vez, podr\u00e1n encontrar instrumentos y formatos como la Pol\u00edtica de Seguridad y Salud en el Trabajo; material asociado a los Sistemas de Gesti\u00f3n; Matriz IPER, Programa de Trabajo; Mapas de Riesgos, Capsulas Informativas y Capacitaciones para todas las organizaciones e instituciones adherentes de Mutual de Seguridad\u201d, indic\u00f3 Oscar Mu\u00f1oz, subgerente de Desarrollo Preventivo de <\/span><b>Mutual de Seguridad<\/b><span style=\"font-weight: 400;\">.<\/span><\/p>\n<p>[\/et_pb_text][\/et_pb_column][\/et_pb_row][et_pb_row _builder_version=\u00bb4.16&#8243; custom_padding=\u00bb27px|||||\u00bb global_colors_info=\u00bb{}\u00bb][et_pb_column type=\u00bb4_4&#8243; _builder_version=\u00bb4.16&#8243; global_colors_info=\u00bb{}\u00bb][et_pb_text _builder_version=\u00bb4.16&#8243; text_font=\u00bb|700|||||||\u00bb text_text_color=\u00bb#606060&#8243; text_font_size=\u00bb17px\u00bb text_letter_spacing=\u00bb2px\u00bb custom_margin=\u00bb||15px|||\u00bb global_colors_info=\u00bb{}\u00bb]<\/p>\n<p style=\"text-align: center;\">\u00bfQUIERES ACCEDER A M\u00c1S ART\u00cdCULOS COMO \u00c9STE?<\/p>\n<p>[\/et_pb_text][et_pb_button button_url=\u00bbhttps:\/\/conectamutual.cl\/bienestar\/ex-ante\/\u00bb button_text=\u00bbSUSCR\u00cdBETE AQU\u00cd\u00bb button_alignment=\u00bbcenter\u00bb _builder_version=\u00bb4.16&#8243; custom_button=\u00bbon\u00bb button_text_size=\u00bb20px\u00bb button_text_color=\u00bb#ffffff\u00bb button_bg_color=\u00bb#c4d600&#8243; button_border_width=\u00bb8px\u00bb button_border_color=\u00bb#c4d600&#8243; button_border_radius=\u00bb0px\u00bb button_letter_spacing=\u00bb2px\u00bb button_font=\u00bbMontserrat|600||on|||||\u00bb button_icon=\u00bb&#x24;||divi||400&#8243; custom_margin=\u00bb10px|||\u00bb animation_style=\u00bbfade\u00bb global_colors_info=\u00bb{}\u00bb button_text_size__hover_enabled=\u00bboff\u00bb button_one_text_size__hover_enabled=\u00bboff\u00bb button_two_text_size__hover_enabled=\u00bboff\u00bb button_text_color__hover_enabled=\u00bboff\u00bb button_one_text_color__hover_enabled=\u00bboff\u00bb button_two_text_color__hover_enabled=\u00bboff\u00bb button_border_width__hover_enabled=\u00bboff\u00bb button_one_border_width__hover_enabled=\u00bboff\u00bb button_two_border_width__hover_enabled=\u00bboff\u00bb button_border_color__hover_enabled=\u00bboff\u00bb button_one_border_color__hover_enabled=\u00bboff\u00bb button_two_border_color__hover_enabled=\u00bboff\u00bb button_border_radius__hover_enabled=\u00bboff\u00bb button_one_border_radius__hover_enabled=\u00bboff\u00bb button_two_border_radius__hover_enabled=\u00bboff\u00bb button_letter_spacing__hover_enabled=\u00bboff\u00bb button_one_letter_spacing__hover_enabled=\u00bboff\u00bb button_two_letter_spacing__hover_enabled=\u00bboff\u00bb button_bg_color__hover_enabled=\u00bboff\u00bb button_one_bg_color__hover_enabled=\u00bboff\u00bb button_two_bg_color__hover_enabled=\u00bboff\u00bb][\/et_pb_button][\/et_pb_column][\/et_pb_row][et_pb_row disabled_on=\u00bbon|on|on\u00bb _builder_version=\u00bb4.27.0&#8243; _module_preset=\u00bbdefault\u00bb disabled=\u00bbon\u00bb global_colors_info=\u00bb{}\u00bb][et_pb_column type=\u00bb4_4&#8243; _builder_version=\u00bb4.20.2&#8243; _module_preset=\u00bbdefault\u00bb global_colors_info=\u00bb{}\u00bb][et_pb_divider divider_weight=\u00bb7px\u00bb _builder_version=\u00bb4.20.2&#8243; _module_preset=\u00bbdefault\u00bb custom_margin=\u00bb||-2px|||\u00bb global_colors_info=\u00bb{}\u00bb][\/et_pb_divider][et_pb_text _builder_version=\u00bb4.20.2&#8243; _module_preset=\u00bbdefault\u00bb text_text_color=\u00bb#5d5c61&#8243; text_font_size=\u00bb22px\u00bb global_colors_info=\u00bb{}\u00bb]<\/p>\n<p style=\"text-align: center;\"><strong>Te recomendamos m\u00e1s art\u00edculos de inter\u00e9s.<\/strong><\/p>\n<p>[\/et_pb_text][et_pb_blog fullwidth=\u00bboff\u00bb posts_number=\u00bb9&#8243; include_categories=\u00bball\u00bb excerpt_length=\u00bb150&#8243; show_more=\u00bbon\u00bb show_author=\u00bboff\u00bb show_date=\u00bboff\u00bb _builder_version=\u00bb4.20.2&#8243; _module_preset=\u00bbdefault\u00bb header_font=\u00bb|700|||||||\u00bb body_font_size=\u00bb13px\u00bb body_line_height=\u00bb2.2em\u00bb meta_font=\u00bb|600|||||||\u00bb meta_font_size=\u00bb12px\u00bb read_more_font=\u00bb|700|||||||\u00bb pagination_font_size=\u00bb17px\u00bb background_enable_color=\u00bboff\u00bb width=\u00bb82%\u00bb module_alignment=\u00bbcenter\u00bb link_option_url_new_window=\u00bbon\u00bb border_radii=\u00bbon|10px|10px|10px|10px\u00bb border_width_all=\u00bb0px\u00bb box_shadow_style=\u00bbpreset1&#8243; box_shadow_color=\u00bb#EAEAE1&#8243; global_colors_info=\u00bb{}\u00bb][\/et_pb_blog][\/et_pb_column][\/et_pb_row][\/et_pb_section]<\/p>\n","protected":false},"excerpt":{"rendered":"<p>La nueva normativa, que entr\u00f3 en vigencia el 1 de febrero de 2025, establece obligaciones claras tanto para trabajadores como empleadores, exigiendo mayor participaci\u00f3n y capacitaci\u00f3n en materias de seguridad y salud laboral, junto a nuevas exigencias como perspectiva de g\u00e9nero, personas especialmente sensibles y encargados de prevenci\u00f3n seg\u00fan la cantidad de trabajadores. A partir [&hellip;]<\/p>\n","protected":false},"author":7,"featured_media":13713,"comment_status":"closed","ping_status":"closed","sticky":false,"template":"","format":"standard","meta":{"_et_pb_use_builder":"on","_et_pb_old_content":"","_et_gb_content_width":"","footnotes":""},"categories":[419],"tags":[],"class_list":["post-13710","post","type-post","status-publish","format-standard","has-post-thumbnail","hentry","category-ex-ante","et-has-post-format-content","et_post_format-et-post-format-standard"],"_links":{"self":[{"href":"https:\/\/conectamutual.cl\/bienestar\/wp-json\/wp\/v2\/posts\/13710","targetHints":{"allow":["GET"]}}],"collection":[{"href":"https:\/\/conectamutual.cl\/bienestar\/wp-json\/wp\/v2\/posts"}],"about":[{"href":"https:\/\/conectamutual.cl\/bienestar\/wp-json\/wp\/v2\/types\/post"}],"author":[{"embeddable":true,"href":"https:\/\/conectamutual.cl\/bienestar\/wp-json\/wp\/v2\/users\/7"}],"replies":[{"embeddable":true,"href":"https:\/\/conectamutual.cl\/bienestar\/wp-json\/wp\/v2\/comments?post=13710"}],"version-history":[{"count":3,"href":"https:\/\/conectamutual.cl\/bienestar\/wp-json\/wp\/v2\/posts\/13710\/revisions"}],"predecessor-version":[{"id":13715,"href":"https:\/\/conectamutual.cl\/bienestar\/wp-json\/wp\/v2\/posts\/13710\/revisions\/13715"}],"wp:featuredmedia":[{"embeddable":true,"href":"https:\/\/conectamutual.cl\/bienestar\/wp-json\/wp\/v2\/media\/13713"}],"wp:attachment":[{"href":"https:\/\/conectamutual.cl\/bienestar\/wp-json\/wp\/v2\/media?parent=13710"}],"wp:term":[{"taxonomy":"category","embeddable":true,"href":"https:\/\/conectamutual.cl\/bienestar\/wp-json\/wp\/v2\/categories?post=13710"},{"taxonomy":"post_tag","embeddable":true,"href":"https:\/\/conectamutual.cl\/bienestar\/wp-json\/wp\/v2\/tags?post=13710"}],"curies":[{"name":"wp","href":"https:\/\/api.w.org\/{rel}","templated":true}]}}