{"id":13942,"date":"2025-04-11T19:20:16","date_gmt":"2025-04-11T23:20:16","guid":{"rendered":"https:\/\/conectamutual.cl\/bienestar\/?p=13942"},"modified":"2025-04-11T19:22:29","modified_gmt":"2025-04-11T23:22:29","slug":"cuidemonos-en-el-trabajo-como-prevenir-enfermedades-respiratorias-en-espacios-laborales","status":"publish","type":"post","link":"https:\/\/conectamutual.cl\/bienestar\/ex-ante\/cuidemonos-en-el-trabajo-como-prevenir-enfermedades-respiratorias-en-espacios-laborales\/","title":{"rendered":"Cuid\u00e9monos en el trabajo: C\u00f3mo prevenir enfermedades respiratorias en espacios laborales"},"content":{"rendered":"<p>[et_pb_section fb_built=\u00bb1&#8243; _builder_version=\u00bb4.16&#8243; custom_padding=\u00bb35px||0px|||\u00bb global_colors_info=\u00bb{}\u00bb][et_pb_row _builder_version=\u00bb4.16&#8243; custom_padding=\u00bb0px||5px|||\u00bb global_colors_info=\u00bb{}\u00bb][et_pb_column type=\u00bb4_4&#8243; _builder_version=\u00bb4.16&#8243; global_colors_info=\u00bb{}\u00bb][et_pb_image src=\u00bbhttps:\/\/conectamutual.cl\/bienestar\/wp-content\/uploads\/2019\/10\/cropped-Logo-Espacio-Mutuo-02.png\u00bb align=\u00bbcenter\u00bb _builder_version=\u00bb4.24.3&#8243; width=\u00bb28%\u00bb width_tablet=\u00bb\u00bb width_phone=\u00bb22%\u00bb width_last_edited=\u00bbon|phone\u00bb custom_margin=\u00bb0px||||false|false\u00bb global_colors_info=\u00bb{}\u00bb][\/et_pb_image][\/et_pb_column][\/et_pb_row][\/et_pb_section][et_pb_section fb_built=\u00bb1&#8243; _builder_version=\u00bb4.16&#8243; custom_padding=\u00bb15px||1px|||\u00bb global_colors_info=\u00bb{}\u00bb][et_pb_row _builder_version=\u00bb4.16&#8243; custom_padding=\u00bb3px||36px|||\u00bb global_colors_info=\u00bb{}\u00bb][et_pb_column type=\u00bb4_4&#8243; _builder_version=\u00bb4.16&#8243; global_colors_info=\u00bb{}\u00bb][et_pb_post_title comments=\u00bboff\u00bb featured_image=\u00bboff\u00bb _builder_version=\u00bb4.16&#8243; title_font=\u00bbMontserrat|700|||||||\u00bb title_text_align=\u00bbcenter\u00bb title_text_color=\u00bb#c4d600&#8243; title_font_size=\u00bb54px\u00bb title_line_height=\u00bb1.1em\u00bb meta_font=\u00bbMontserrat||||||||\u00bb meta_text_align=\u00bbcenter\u00bb meta_font_size=\u00bb12px\u00bb title_font_size_tablet=\u00bb\u00bb title_font_size_phone=\u00bb30px\u00bb title_font_size_last_edited=\u00bbon|phone\u00bb meta_font_size_tablet=\u00bb\u00bb meta_font_size_phone=\u00bb10px\u00bb meta_font_size_last_edited=\u00bbon|phone\u00bb global_colors_info=\u00bb{}\u00bb][\/et_pb_post_title][\/et_pb_column][\/et_pb_row][\/et_pb_section][et_pb_section fb_built=\u00bb1&#8243; fullwidth=\u00bbon\u00bb _builder_version=\u00bb4.16&#8243; global_colors_info=\u00bb{}\u00bb][et_pb_fullwidth_image src=\u00bbhttps:\/\/conectamutual.cl\/bienestar\/wp-content\/uploads\/2025\/04\/enfermedad.jpeg\u00bb title_text=\u00bbenfermedad\u00bb _builder_version=\u00bb4.27.4&#8243; custom_padding=\u00bb0px|||||\u00bb hover_enabled=\u00bb0&#8243; global_colors_info=\u00bb{}\u00bb sticky_enabled=\u00bb0&#8243;][\/et_pb_fullwidth_image][\/et_pb_section][et_pb_section fb_built=\u00bb1&#8243; _builder_version=\u00bb4.16&#8243; custom_padding=\u00bb||8px|||\u00bb global_colors_info=\u00bb{}\u00bb][et_pb_row _builder_version=\u00bb4.24.3&#8243; _module_preset=\u00bbdefault\u00bb custom_margin=\u00bb-15px|auto||auto||\u00bb custom_padding=\u00bb|60px||73px||\u00bb global_colors_info=\u00bb{}\u00bb][et_pb_column type=\u00bb4_4&#8243; _builder_version=\u00bb4.24.3&#8243; _module_preset=\u00bbdefault\u00bb global_colors_info=\u00bb{}\u00bb][et_pb_text _builder_version=\u00bb4.27.4&#8243; _module_preset=\u00bbdefault\u00bb ul_line_height=\u00bb2.2em\u00bb ol_line_height=\u00bb2.2em\u00bb hover_enabled=\u00bb0&#8243; global_colors_info=\u00bb{}\u00bb sticky_enabled=\u00bb0&#8243;]<\/p>\n<blockquote>\n<p><strong>Ambientes cerrados, variaciones de temperatura y la presencia simult\u00e1nea de muchas personas incrementan el riesgo de contagios en oficinas y lugares de trabajo. Fomentar la ventilaci\u00f3n, promover buenas pr\u00e1cticas de higiene y reforzar el autocuidado son pilares fundamentales para resguardar la salud en entornos laborales.<\/strong><\/p>\n<\/blockquote>\n<p><span style=\"font-weight: 400;\">Con la llegada del oto\u00f1o y la baja de las temperaturas, las enfermedades respiratorias comienzan a ser cada vez m\u00e1s comunes, afectando tanto la salud de los trabajadores como su productividad. <\/span><b>Oficinas, salas de reuniones y otros espacios cerrados se convierten en focos propicios para la propagaci\u00f3n de virus como la influenza o el resfriado com\u00fan<\/b><span style=\"font-weight: 400;\">. El uso de calefacci\u00f3n, aire acondicionado y la falta de ventilaci\u00f3n adecuada, son algunos de los factores responsables de este fen\u00f3meno.\u00a0<\/span><\/p>\n<p><span style=\"font-weight: 400;\">Este panorama representa un desaf\u00edo relevante para las empresas, que deben intensificar sus esfuerzos por adoptar estrategias efectivas que minimicen el riesgo de contagio en espacios compartidos.<\/span><\/p>\n<p><b>Rafael Borgo\u00f1o, Director M\u00e9dico<\/b><b> del Hospital Cl\u00ednico de Mutual de Seguridad<\/b><span style=\"font-weight: 400;\">, explica que \u201clos recintos cerrados y con alta densidad de personas son especialmente vulnerables a la propagaci\u00f3n de enfermedades respiratorias durante los meses m\u00e1s fr\u00edos. Por eso <\/span><b>es fundamental implementar medidas como una buena ventilaci\u00f3n, limpieza frecuente de superficies y manos, y contar con una buena alimentaci\u00f3n<\/b><span style=\"font-weight: 400;\">\u201d.<\/span><\/p>\n<p><span style=\"font-weight: 400;\">El experto a\u00f1ade que \u201cestas pr\u00e1cticas no solo favorecen ambientes m\u00e1s seguros, sino que tambi\u00e9n protegen a toda la comunidad laboral\u201d. Adem\u00e1s, recalca que la vacunaci\u00f3n cumple un rol clave en la prevenci\u00f3n, especialmente frente a virus como la influenza.<\/span><\/p>\n<p><span style=\"font-weight: 400;\">Frente a este contexto, <\/span><b>Mutual de Seguridad<\/b><span style=\"font-weight: 400;\"> entrega una serie de recomendaciones concretas para afrontar el invierno con responsabilidad. Muchas de estas acciones son simples de aplicar, pero pueden marcar la diferencia entre un lugar de trabajo protegido y otro vulnerable a la propagaci\u00f3n de enfermedades.<\/span><\/p>\n<h3><b>RECOMENDACIONES PARA PREVENIR ENFERMEDADES RESPIRATORIAS EN EL TRABAJO:<\/b><\/h3>\n<ul>\n<li style=\"font-weight: 400;\" aria-level=\"1\"><b>Vacunaci\u00f3n anual:<\/b><span style=\"font-weight: 400;\"> Es la principal herramienta de prevenci\u00f3n frente a virus como la influenza y Covid<\/span><span style=\"font-weight: 400;\">. Es importante que los trabajadores est\u00e9n atentos a que sus esquemas de vacunaci\u00f3n est\u00e9n al d\u00eda.\u00a0<\/span><span style=\"font-weight: 400;\"><\/span><\/li>\n<li style=\"font-weight: 400;\" aria-level=\"1\"><b>Identificar las v\u00edas de contagio:<\/b><span style=\"font-weight: 400;\"> Los virus respiratorios se propagan por contacto directo con <\/span><span style=\"font-weight: 400;\">superficies contaminadas (teclados, pasamanos, celulares). Por ello, es fundamental desinfectar estos objetos con regularidad y mantener una adecuada higiene de manos.<\/span><\/li>\n<li style=\"font-weight: 400;\" aria-level=\"1\"><b>Higiene y protecci\u00f3n personal:<\/b><span style=\"font-weight: 400;\"> Evitar tocar ojos, nariz o boca. En caso de s\u00edntomas, usar mascarilla, mantener dis<\/span><span style=\"font-weight: 400;\">tancia y extremar cuidados con grupos de riesgo, como adultos mayores y lactantes, que puedan tener contacto con los trabajadores.<\/span><\/li>\n<li style=\"font-weight: 400;\" aria-level=\"1\"><b>Ventilaci\u00f3n adecuada:<\/b><span style=\"font-weight: 400;\"> Abrir ventanas de forma regular para renovar el aire sin generar corrientes extremas. Mantener la temperatura entre 22\u202f\u00b0C y 24\u202f\u00b0C ayuda a un ambiente estable.<\/span><\/li>\n<li style=\"font-weight: 400;\" aria-level=\"1\"><b>Cuida tu alimentaci\u00f3n:<\/b><span style=\"font-weight: 400;\">\u00a0 Para combatir los efectos de los cambios de temperatura es necesario comer lo m\u00e1s sano, saludable y variado posible para aumentar la ingesta de vitaminas A, C Y D, las que encontramos en los alimentos c\u00edtricos, verduras de hoja, l\u00e1cteos, entre otros. <\/span><span style=\"font-weight: 400;\">\u00a0<\/span><\/li>\n<li style=\"font-weight: 400;\" aria-level=\"1\"><b>Humedad ambiental controlada: <\/b><span style=\"font-weight: 400;\">Mantener la humedad relativa entre 30% y 70% previene irritaciones. Las plantas naturales pueden ayudar a estabilizar el ambiente.<\/span><\/li>\n<\/ul>\n<p><span style=\"font-weight: 400;\">Con peque\u00f1as acciones diarias es posible evitar contagios, mantener un buen clima laboral y enfrentar de mejor manera la temporada de enfermedades respiratorias.<\/span><\/p>\n<p><b>Para m\u00e1s informaci\u00f3n y recursos, visita: <\/b><a href=\"http:\/\/www.mutual.cl\"><b>www.mutual.cl<\/b><\/a><\/p>\n<p>[\/et_pb_text][\/et_pb_column][\/et_pb_row][et_pb_row _builder_version=\u00bb4.16&#8243; custom_padding=\u00bb27px|||||\u00bb global_colors_info=\u00bb{}\u00bb][et_pb_column type=\u00bb4_4&#8243; _builder_version=\u00bb4.16&#8243; global_colors_info=\u00bb{}\u00bb][et_pb_text _builder_version=\u00bb4.16&#8243; text_font=\u00bb|700|||||||\u00bb text_text_color=\u00bb#606060&#8243; text_font_size=\u00bb17px\u00bb text_letter_spacing=\u00bb2px\u00bb custom_margin=\u00bb||15px|||\u00bb global_colors_info=\u00bb{}\u00bb]<\/p>\n<p style=\"text-align: center;\">\u00bfQUIERES ACCEDER A M\u00c1S ART\u00cdCULOS COMO \u00c9STE?<\/p>\n<p>[\/et_pb_text][et_pb_button button_url=\u00bbhttps:\/\/conectamutual.cl\/bienestar\/ex-ante\/\u00bb button_text=\u00bbSUSCR\u00cdBETE AQU\u00cd\u00bb button_alignment=\u00bbcenter\u00bb _builder_version=\u00bb4.16&#8243; custom_button=\u00bbon\u00bb button_text_size=\u00bb20px\u00bb button_text_color=\u00bb#ffffff\u00bb button_bg_color=\u00bb#c4d600&#8243; button_border_width=\u00bb8px\u00bb button_border_color=\u00bb#c4d600&#8243; button_border_radius=\u00bb0px\u00bb button_letter_spacing=\u00bb2px\u00bb button_font=\u00bbMontserrat|600||on|||||\u00bb button_icon=\u00bb&#x24;||divi||400&#8243; custom_margin=\u00bb10px|||\u00bb animation_style=\u00bbfade\u00bb global_colors_info=\u00bb{}\u00bb button_text_size__hover_enabled=\u00bboff\u00bb button_one_text_size__hover_enabled=\u00bboff\u00bb button_two_text_size__hover_enabled=\u00bboff\u00bb button_text_color__hover_enabled=\u00bboff\u00bb button_one_text_color__hover_enabled=\u00bboff\u00bb button_two_text_color__hover_enabled=\u00bboff\u00bb button_border_width__hover_enabled=\u00bboff\u00bb button_one_border_width__hover_enabled=\u00bboff\u00bb button_two_border_width__hover_enabled=\u00bboff\u00bb button_border_color__hover_enabled=\u00bboff\u00bb button_one_border_color__hover_enabled=\u00bboff\u00bb button_two_border_color__hover_enabled=\u00bboff\u00bb button_border_radius__hover_enabled=\u00bboff\u00bb button_one_border_radius__hover_enabled=\u00bboff\u00bb button_two_border_radius__hover_enabled=\u00bboff\u00bb button_letter_spacing__hover_enabled=\u00bboff\u00bb button_one_letter_spacing__hover_enabled=\u00bboff\u00bb button_two_letter_spacing__hover_enabled=\u00bboff\u00bb button_bg_color__hover_enabled=\u00bboff\u00bb button_one_bg_color__hover_enabled=\u00bboff\u00bb button_two_bg_color__hover_enabled=\u00bboff\u00bb][\/et_pb_button][\/et_pb_column][\/et_pb_row][et_pb_row disabled_on=\u00bbon|on|on\u00bb _builder_version=\u00bb4.27.0&#8243; _module_preset=\u00bbdefault\u00bb disabled=\u00bbon\u00bb global_colors_info=\u00bb{}\u00bb][et_pb_column type=\u00bb4_4&#8243; _builder_version=\u00bb4.20.2&#8243; _module_preset=\u00bbdefault\u00bb global_colors_info=\u00bb{}\u00bb][et_pb_divider divider_weight=\u00bb7px\u00bb _builder_version=\u00bb4.20.2&#8243; _module_preset=\u00bbdefault\u00bb custom_margin=\u00bb||-2px|||\u00bb global_colors_info=\u00bb{}\u00bb][\/et_pb_divider][et_pb_text _builder_version=\u00bb4.20.2&#8243; _module_preset=\u00bbdefault\u00bb text_text_color=\u00bb#5d5c61&#8243; text_font_size=\u00bb22px\u00bb global_colors_info=\u00bb{}\u00bb]<\/p>\n<p style=\"text-align: center;\"><strong>Te recomendamos m\u00e1s art\u00edculos de inter\u00e9s.<\/strong><\/p>\n<p>[\/et_pb_text][et_pb_blog fullwidth=\u00bboff\u00bb posts_number=\u00bb9&#8243; include_categories=\u00bball\u00bb excerpt_length=\u00bb150&#8243; show_more=\u00bbon\u00bb show_author=\u00bboff\u00bb show_date=\u00bboff\u00bb _builder_version=\u00bb4.20.2&#8243; _module_preset=\u00bbdefault\u00bb header_font=\u00bb|700|||||||\u00bb body_font_size=\u00bb13px\u00bb body_line_height=\u00bb2.2em\u00bb meta_font=\u00bb|600|||||||\u00bb meta_font_size=\u00bb12px\u00bb read_more_font=\u00bb|700|||||||\u00bb pagination_font_size=\u00bb17px\u00bb background_enable_color=\u00bboff\u00bb width=\u00bb82%\u00bb module_alignment=\u00bbcenter\u00bb link_option_url_new_window=\u00bbon\u00bb border_radii=\u00bbon|10px|10px|10px|10px\u00bb border_width_all=\u00bb0px\u00bb box_shadow_style=\u00bbpreset1&#8243; box_shadow_color=\u00bb#EAEAE1&#8243; global_colors_info=\u00bb{}\u00bb][\/et_pb_blog][\/et_pb_column][\/et_pb_row][\/et_pb_section]<\/p>\n","protected":false},"excerpt":{"rendered":"<p>Ambientes cerrados, variaciones de temperatura y la presencia simult\u00e1nea de muchas personas incrementan el riesgo de contagios en oficinas y lugares de trabajo. Fomentar la ventilaci\u00f3n, promover buenas pr\u00e1cticas de higiene y reforzar el autocuidado son pilares fundamentales para resguardar la salud en entornos laborales. Con la llegada del oto\u00f1o y la baja de las [&hellip;]<\/p>\n","protected":false},"author":7,"featured_media":13945,"comment_status":"closed","ping_status":"closed","sticky":false,"template":"","format":"standard","meta":{"_et_pb_use_builder":"on","_et_pb_old_content":"","_et_gb_content_width":"","footnotes":""},"categories":[419],"tags":[],"class_list":["post-13942","post","type-post","status-publish","format-standard","has-post-thumbnail","hentry","category-ex-ante","et-has-post-format-content","et_post_format-et-post-format-standard"],"_links":{"self":[{"href":"https:\/\/conectamutual.cl\/bienestar\/wp-json\/wp\/v2\/posts\/13942","targetHints":{"allow":["GET"]}}],"collection":[{"href":"https:\/\/conectamutual.cl\/bienestar\/wp-json\/wp\/v2\/posts"}],"about":[{"href":"https:\/\/conectamutual.cl\/bienestar\/wp-json\/wp\/v2\/types\/post"}],"author":[{"embeddable":true,"href":"https:\/\/conectamutual.cl\/bienestar\/wp-json\/wp\/v2\/users\/7"}],"replies":[{"embeddable":true,"href":"https:\/\/conectamutual.cl\/bienestar\/wp-json\/wp\/v2\/comments?post=13942"}],"version-history":[{"count":3,"href":"https:\/\/conectamutual.cl\/bienestar\/wp-json\/wp\/v2\/posts\/13942\/revisions"}],"predecessor-version":[{"id":13947,"href":"https:\/\/conectamutual.cl\/bienestar\/wp-json\/wp\/v2\/posts\/13942\/revisions\/13947"}],"wp:featuredmedia":[{"embeddable":true,"href":"https:\/\/conectamutual.cl\/bienestar\/wp-json\/wp\/v2\/media\/13945"}],"wp:attachment":[{"href":"https:\/\/conectamutual.cl\/bienestar\/wp-json\/wp\/v2\/media?parent=13942"}],"wp:term":[{"taxonomy":"category","embeddable":true,"href":"https:\/\/conectamutual.cl\/bienestar\/wp-json\/wp\/v2\/categories?post=13942"},{"taxonomy":"post_tag","embeddable":true,"href":"https:\/\/conectamutual.cl\/bienestar\/wp-json\/wp\/v2\/tags?post=13942"}],"curies":[{"name":"wp","href":"https:\/\/api.w.org\/{rel}","templated":true}]}}