{"id":14626,"date":"2025-10-21T15:54:54","date_gmt":"2025-10-21T18:54:54","guid":{"rendered":"https:\/\/conectamutual.cl\/bienestar\/?p=14626"},"modified":"2025-10-21T15:55:50","modified_gmt":"2025-10-21T18:55:50","slug":"mutual-de-seguridad-reafirma-su-liderazgo-en-sostenibilidad-con-la-renovacion-del-sello-huella-chile","status":"publish","type":"post","link":"https:\/\/conectamutual.cl\/bienestar\/ex-ante\/mutual-de-seguridad-reafirma-su-liderazgo-en-sostenibilidad-con-la-renovacion-del-sello-huella-chile\/","title":{"rendered":"Mutual de Seguridad reafirma su liderazgo en sostenibilidad con la renovaci\u00f3n del sello Huella Chile"},"content":{"rendered":"<p>[et_pb_section fb_built=\u00bb1&#8243; _builder_version=\u00bb4.16&#8243; custom_padding=\u00bb35px||0px|||\u00bb global_colors_info=\u00bb{}\u00bb][et_pb_row _builder_version=\u00bb4.16&#8243; custom_padding=\u00bb0px||5px|||\u00bb global_colors_info=\u00bb{}\u00bb][et_pb_column type=\u00bb4_4&#8243; _builder_version=\u00bb4.16&#8243; global_colors_info=\u00bb{}\u00bb][et_pb_image src=\u00bbhttps:\/\/conectamutual.cl\/bienestar\/wp-content\/uploads\/2019\/10\/cropped-Logo-Espacio-Mutuo-02.png\u00bb align=\u00bbcenter\u00bb _builder_version=\u00bb4.24.3&#8243; width=\u00bb28%\u00bb width_tablet=\u00bb\u00bb width_phone=\u00bb22%\u00bb width_last_edited=\u00bbon|phone\u00bb custom_margin=\u00bb0px||||false|false\u00bb global_colors_info=\u00bb{}\u00bb][\/et_pb_image][\/et_pb_column][\/et_pb_row][\/et_pb_section][et_pb_section fb_built=\u00bb1&#8243; _builder_version=\u00bb4.16&#8243; custom_padding=\u00bb15px||1px|||\u00bb global_colors_info=\u00bb{}\u00bb][et_pb_row _builder_version=\u00bb4.16&#8243; custom_padding=\u00bb3px||36px|||\u00bb global_colors_info=\u00bb{}\u00bb][et_pb_column type=\u00bb4_4&#8243; _builder_version=\u00bb4.16&#8243; global_colors_info=\u00bb{}\u00bb][et_pb_post_title comments=\u00bboff\u00bb featured_image=\u00bboff\u00bb _builder_version=\u00bb4.16&#8243; title_font=\u00bbMontserrat|700|||||||\u00bb title_text_align=\u00bbcenter\u00bb title_text_color=\u00bb#c4d600&#8243; title_font_size=\u00bb54px\u00bb title_line_height=\u00bb1.1em\u00bb meta_font=\u00bbMontserrat||||||||\u00bb meta_text_align=\u00bbcenter\u00bb meta_font_size=\u00bb12px\u00bb title_font_size_tablet=\u00bb\u00bb title_font_size_phone=\u00bb30px\u00bb title_font_size_last_edited=\u00bbon|phone\u00bb meta_font_size_tablet=\u00bb\u00bb meta_font_size_phone=\u00bb10px\u00bb meta_font_size_last_edited=\u00bbon|phone\u00bb global_colors_info=\u00bb{}\u00bb][\/et_pb_post_title][\/et_pb_column][\/et_pb_row][\/et_pb_section][et_pb_section fb_built=\u00bb1&#8243; fullwidth=\u00bbon\u00bb _builder_version=\u00bb4.16&#8243; global_colors_info=\u00bb{}\u00bb][et_pb_fullwidth_image src=\u00bbhttps:\/\/conectamutual.cl\/bienestar\/wp-content\/uploads\/2025\/10\/Sin-titulo-3.jpeg\u00bb title_text=\u00bbMedio Ambiente\u00bb _builder_version=\u00bb4.27.4&#8243; custom_padding=\u00bb0px|||||\u00bb hover_enabled=\u00bb0&#8243; global_colors_info=\u00bb{}\u00bb sticky_enabled=\u00bb0&#8243;][\/et_pb_fullwidth_image][\/et_pb_section][et_pb_section fb_built=\u00bb1&#8243; _builder_version=\u00bb4.16&#8243; custom_padding=\u00bb||8px|||\u00bb global_colors_info=\u00bb{}\u00bb][et_pb_row _builder_version=\u00bb4.24.3&#8243; _module_preset=\u00bbdefault\u00bb custom_margin=\u00bb-15px|auto||auto||\u00bb custom_padding=\u00bb|60px||73px||\u00bb global_colors_info=\u00bb{}\u00bb][et_pb_column type=\u00bb4_4&#8243; _builder_version=\u00bb4.24.3&#8243; _module_preset=\u00bbdefault\u00bb global_colors_info=\u00bb{}\u00bb][et_pb_text _builder_version=\u00bb4.27.4&#8243; _module_preset=\u00bbdefault\u00bb ul_line_height=\u00bb2.2em\u00bb ol_line_height=\u00bb2.2em\u00bb hover_enabled=\u00bb0&#8243; global_colors_info=\u00bb{}\u00bb sticky_enabled=\u00bb0&#8243;]<\/p>\n<blockquote>\n<p><strong>Por segundo a\u00f1o consecutivo, la organizaci\u00f3n obtuvo esta certificaci\u00f3n del Ministerio del Medio Ambiente, consolidando su compromiso con la medici\u00f3n transparente de emisiones y la gesti\u00f3n responsable del impacto ambiental.<\/strong><\/p>\n<\/blockquote>\n<p><b>Mutual de Seguridad<\/b><span style=\"font-weight: 400;\">, corporaci\u00f3n privada sin fines de lucro y que forma parte de las entidades administradoras del seguro social de accidentes del trabajo y enfermedades profesionales, establecido por la Ley 16.744, recibi\u00f3 nuevamente el sello Huella Chile, convirti\u00e9ndose en <\/span><b>la primera mutualidad del pa\u00eds en obtener y mantener esta certificaci\u00f3n de manera continua<\/b><span style=\"font-weight: 400;\">. Este reconocimiento, entregado por el Ministerio del Medio Ambiente, acredita que la organizaci\u00f3n ha medido de forma rigurosa sus emisiones de gases de efecto invernadero (GEI), reafirmando su compromiso con la sostenibilidad ambiental y la gesti\u00f3n responsable.<\/span><\/p>\n<p><span style=\"font-weight: 400;\">Huella Chile es la iniciativa oficial del Gobierno que permite a organizaciones p\u00fablicas y privadas medir, reportar y gestionar sus emisiones de GEI de manera voluntaria y gratuita. <\/span><b>M\u00e1s que una certificaci\u00f3n, este sello representa un est\u00e1ndar de transparencia y compromiso con la acci\u00f3n clim\u00e1tica, alineado con normas internacionales que fortalecen la reputaci\u00f3n y credibilidad de quienes lo obtienen<\/b><span style=\"font-weight: 400;\">.<\/span><\/p>\n<p><span style=\"font-weight: 400;\">En esta oportunidad, <\/span><b>Mutual de Seguridad<\/b><span style=\"font-weight: 400;\"> fue reconocida con el sello de cuantificaci\u00f3n, que certifica la medici\u00f3n precisa de sus emisiones, permitiendo identificar sus fuentes, alcances y oportunidades de mejora. Este a\u00f1o, la organizaci\u00f3n perfeccion\u00f3 su instrumento de medici\u00f3n, ampli\u00f3 las fuentes de emisi\u00f3n y revis\u00f3 sus procesos internos de reportabilidad, logrando una evaluaci\u00f3n m\u00e1s completa que incluye emisiones de Alcance 1, 2 y 3, es decir, tanto directas como indirectas.<\/span><\/p>\n<p><span style=\"font-weight: 400;\">\u201cEste reconocimiento es muestra de que nuestro compromiso con la sostenibilidad es real, tangible y medible, pero tambi\u00e9n nos impulsa como organizaci\u00f3n a seguir avanzando en una gesti\u00f3n sostenible, donde el bienestar de las personas y el cuidado del entorno son parte de una misma visi\u00f3n\u201d, se\u00f1al\u00f3 Mariana Alc\u00e9rreca, gerente de Asuntos Corporativos de <\/span><b>Mutual de Seguridad<\/b><span style=\"font-weight: 400;\">.<\/span><\/p>\n<p><span style=\"font-weight: 400;\">Este avance forma parte de la estrategia de sostenibilidad de <\/span><b>Mutual de Seguridad<\/b><span style=\"font-weight: 400;\">, que promueve la conciencia ambiental en todas sus operaciones. La medici\u00f3n rigurosa de emisiones no solo permite gestionar mejor los impactos, sino que tambi\u00e9n <\/span><b>abre camino a decisiones m\u00e1s responsables, eficientes y alineadas con los desaf\u00edos globales<\/b><span style=\"font-weight: 400;\">.<\/span><\/p>\n<p>&nbsp;<\/p>\n<p>[\/et_pb_text][\/et_pb_column][\/et_pb_row][et_pb_row _builder_version=\u00bb4.16&#8243; custom_padding=\u00bb27px|||||\u00bb global_colors_info=\u00bb{}\u00bb][et_pb_column type=\u00bb4_4&#8243; _builder_version=\u00bb4.16&#8243; global_colors_info=\u00bb{}\u00bb][et_pb_text _builder_version=\u00bb4.16&#8243; text_font=\u00bb|700|||||||\u00bb text_text_color=\u00bb#606060&#8243; text_font_size=\u00bb17px\u00bb text_letter_spacing=\u00bb2px\u00bb custom_margin=\u00bb||15px|||\u00bb global_colors_info=\u00bb{}\u00bb]<\/p>\n<p style=\"text-align: center;\">\u00bfQUIERES ACCEDER A M\u00c1S ART\u00cdCULOS COMO \u00c9STE?<\/p>\n<p>[\/et_pb_text][et_pb_button button_url=\u00bbhttps:\/\/conectamutual.cl\/bienestar\/ex-ante\/\u00bb button_text=\u00bbSUSCR\u00cdBETE AQU\u00cd\u00bb button_alignment=\u00bbcenter\u00bb _builder_version=\u00bb4.16&#8243; custom_button=\u00bbon\u00bb button_text_size=\u00bb20px\u00bb button_text_color=\u00bb#ffffff\u00bb button_bg_color=\u00bb#c4d600&#8243; button_border_width=\u00bb8px\u00bb button_border_color=\u00bb#c4d600&#8243; button_border_radius=\u00bb0px\u00bb button_letter_spacing=\u00bb2px\u00bb button_font=\u00bbMontserrat|600||on|||||\u00bb button_icon=\u00bb&#x24;||divi||400&#8243; custom_margin=\u00bb10px|||\u00bb animation_style=\u00bbfade\u00bb global_colors_info=\u00bb{}\u00bb button_text_size__hover_enabled=\u00bboff\u00bb button_one_text_size__hover_enabled=\u00bboff\u00bb button_two_text_size__hover_enabled=\u00bboff\u00bb button_text_color__hover_enabled=\u00bboff\u00bb button_one_text_color__hover_enabled=\u00bboff\u00bb button_two_text_color__hover_enabled=\u00bboff\u00bb button_border_width__hover_enabled=\u00bboff\u00bb button_one_border_width__hover_enabled=\u00bboff\u00bb button_two_border_width__hover_enabled=\u00bboff\u00bb button_border_color__hover_enabled=\u00bboff\u00bb button_one_border_color__hover_enabled=\u00bboff\u00bb button_two_border_color__hover_enabled=\u00bboff\u00bb button_border_radius__hover_enabled=\u00bboff\u00bb button_one_border_radius__hover_enabled=\u00bboff\u00bb button_two_border_radius__hover_enabled=\u00bboff\u00bb button_letter_spacing__hover_enabled=\u00bboff\u00bb button_one_letter_spacing__hover_enabled=\u00bboff\u00bb button_two_letter_spacing__hover_enabled=\u00bboff\u00bb button_bg_color__hover_enabled=\u00bboff\u00bb button_one_bg_color__hover_enabled=\u00bboff\u00bb button_two_bg_color__hover_enabled=\u00bboff\u00bb][\/et_pb_button][\/et_pb_column][\/et_pb_row][et_pb_row disabled_on=\u00bbon|on|on\u00bb _builder_version=\u00bb4.27.0&#8243; _module_preset=\u00bbdefault\u00bb disabled=\u00bbon\u00bb global_colors_info=\u00bb{}\u00bb][et_pb_column type=\u00bb4_4&#8243; _builder_version=\u00bb4.20.2&#8243; _module_preset=\u00bbdefault\u00bb global_colors_info=\u00bb{}\u00bb][et_pb_divider divider_weight=\u00bb7px\u00bb _builder_version=\u00bb4.20.2&#8243; _module_preset=\u00bbdefault\u00bb custom_margin=\u00bb||-2px|||\u00bb global_colors_info=\u00bb{}\u00bb][\/et_pb_divider][et_pb_text _builder_version=\u00bb4.20.2&#8243; _module_preset=\u00bbdefault\u00bb text_text_color=\u00bb#5d5c61&#8243; text_font_size=\u00bb22px\u00bb global_colors_info=\u00bb{}\u00bb]<\/p>\n<p style=\"text-align: center;\"><strong>Te recomendamos m\u00e1s art\u00edculos de inter\u00e9s.<\/strong><\/p>\n<p>[\/et_pb_text][et_pb_blog fullwidth=\u00bboff\u00bb posts_number=\u00bb9&#8243; include_categories=\u00bball\u00bb excerpt_length=\u00bb150&#8243; show_more=\u00bbon\u00bb show_author=\u00bboff\u00bb show_date=\u00bboff\u00bb _builder_version=\u00bb4.20.2&#8243; _module_preset=\u00bbdefault\u00bb header_font=\u00bb|700|||||||\u00bb body_font_size=\u00bb13px\u00bb body_line_height=\u00bb2.2em\u00bb meta_font=\u00bb|600|||||||\u00bb meta_font_size=\u00bb12px\u00bb read_more_font=\u00bb|700|||||||\u00bb pagination_font_size=\u00bb17px\u00bb background_enable_color=\u00bboff\u00bb width=\u00bb82%\u00bb module_alignment=\u00bbcenter\u00bb link_option_url_new_window=\u00bbon\u00bb border_radii=\u00bbon|10px|10px|10px|10px\u00bb border_width_all=\u00bb0px\u00bb box_shadow_style=\u00bbpreset1&#8243; box_shadow_color=\u00bb#EAEAE1&#8243; global_colors_info=\u00bb{}\u00bb][\/et_pb_blog][\/et_pb_column][\/et_pb_row][\/et_pb_section]<\/p>\n","protected":false},"excerpt":{"rendered":"<p>Por segundo a\u00f1o consecutivo, la organizaci\u00f3n obtuvo esta certificaci\u00f3n del Ministerio del Medio Ambiente, consolidando su compromiso con la medici\u00f3n transparente de emisiones y la gesti\u00f3n responsable del impacto ambiental. Mutual de Seguridad, corporaci\u00f3n privada sin fines de lucro y que forma parte de las entidades administradoras del seguro social de accidentes del trabajo y [&hellip;]<\/p>\n","protected":false},"author":7,"featured_media":14629,"comment_status":"closed","ping_status":"closed","sticky":false,"template":"","format":"standard","meta":{"_et_pb_use_builder":"on","_et_pb_old_content":"","_et_gb_content_width":"","footnotes":""},"categories":[419],"tags":[],"class_list":["post-14626","post","type-post","status-publish","format-standard","has-post-thumbnail","hentry","category-ex-ante","et-has-post-format-content","et_post_format-et-post-format-standard"],"_links":{"self":[{"href":"https:\/\/conectamutual.cl\/bienestar\/wp-json\/wp\/v2\/posts\/14626","targetHints":{"allow":["GET"]}}],"collection":[{"href":"https:\/\/conectamutual.cl\/bienestar\/wp-json\/wp\/v2\/posts"}],"about":[{"href":"https:\/\/conectamutual.cl\/bienestar\/wp-json\/wp\/v2\/types\/post"}],"author":[{"embeddable":true,"href":"https:\/\/conectamutual.cl\/bienestar\/wp-json\/wp\/v2\/users\/7"}],"replies":[{"embeddable":true,"href":"https:\/\/conectamutual.cl\/bienestar\/wp-json\/wp\/v2\/comments?post=14626"}],"version-history":[{"count":3,"href":"https:\/\/conectamutual.cl\/bienestar\/wp-json\/wp\/v2\/posts\/14626\/revisions"}],"predecessor-version":[{"id":14631,"href":"https:\/\/conectamutual.cl\/bienestar\/wp-json\/wp\/v2\/posts\/14626\/revisions\/14631"}],"wp:featuredmedia":[{"embeddable":true,"href":"https:\/\/conectamutual.cl\/bienestar\/wp-json\/wp\/v2\/media\/14629"}],"wp:attachment":[{"href":"https:\/\/conectamutual.cl\/bienestar\/wp-json\/wp\/v2\/media?parent=14626"}],"wp:term":[{"taxonomy":"category","embeddable":true,"href":"https:\/\/conectamutual.cl\/bienestar\/wp-json\/wp\/v2\/categories?post=14626"},{"taxonomy":"post_tag","embeddable":true,"href":"https:\/\/conectamutual.cl\/bienestar\/wp-json\/wp\/v2\/tags?post=14626"}],"curies":[{"name":"wp","href":"https:\/\/api.w.org\/{rel}","templated":true}]}}