{"id":1479,"date":"2020-02-03T16:30:36","date_gmt":"2020-02-03T19:30:36","guid":{"rendered":"https:\/\/conectamutual.cl\/bienestar\/?p=1479"},"modified":"2020-02-03T16:35:38","modified_gmt":"2020-02-03T19:35:38","slug":"guia-de-supervivencia-para-un-mundo-en-llamas","status":"publish","type":"post","link":"https:\/\/conectamutual.cl\/bienestar\/espacios-de-reflexion\/guia-de-supervivencia-para-un-mundo-en-llamas\/","title":{"rendered":"Gu\u00eda de supervivencia para un mundo en llamas"},"content":{"rendered":"<p>[et_pb_section fb_built=\u00bb1&#8243; _builder_version=\u00bb3.29.3&#8243; custom_padding=\u00bb4px||0px|||\u00bb fb_built=\u00bb1&#8243; _i=\u00bb0&#8243; _address=\u00bb0&#8243;][et_pb_row _builder_version=\u00bb3.29.3&#8243; min_height=\u00bb102px\u00bb custom_margin_phone=\u00bb20px||||false|false\u00bb custom_margin_last_edited=\u00bbon|phone\u00bb custom_padding=\u00bb34px||10px|||\u00bb _i=\u00bb0&#8243; _address=\u00bb0.0&#8243;][et_pb_column type=\u00bb4_4&#8243; _builder_version=\u00bb3.29.3&#8243; _i=\u00bb0&#8243; _address=\u00bb0.0.0&#8243;][et_pb_image src=\u00bbhttps:\/\/conectamutual.cl\/bienestar\/wp-content\/uploads\/2019\/12\/LOGOS-CATEGORIAS-01.png\u00bb align=\u00bbcenter\u00bb disabled_on=\u00bboff|off|off\u00bb _builder_version=\u00bb3.29.3&#8243; width=\u00bb58%\u00bb width_phone=\u00bb95%\u00bb width_last_edited=\u00bbon|phone\u00bb _i=\u00bb0&#8243; _address=\u00bb0.0.0.0&#8243;][\/et_pb_image][\/et_pb_column][\/et_pb_row][\/et_pb_section][et_pb_section fb_built=\u00bb1&#8243; _builder_version=\u00bb3.29.3&#8243; custom_padding=\u00bb1px||0px|||\u00bb fb_built=\u00bb1&#8243; _i=\u00bb1&#8243; _address=\u00bb1&#8243;][et_pb_row _builder_version=\u00bb3.29.3&#8243; custom_padding=\u00bb0px||5px|||\u00bb _i=\u00bb0&#8243; _address=\u00bb1.0&#8243;][et_pb_column type=\u00bb4_4&#8243; _builder_version=\u00bb3.29.3&#8243; _i=\u00bb0&#8243; _address=\u00bb1.0.0&#8243;][et_pb_image src=\u00bbhttps:\/\/conectamutual.cl\/bienestar\/wp-content\/uploads\/2019\/10\/Logo-Espacio-Mutuo-02.png\u00bb align=\u00bbcenter\u00bb _builder_version=\u00bb3.29.3&#8243; width=\u00bb13%\u00bb width_phone=\u00bb22%\u00bb width_last_edited=\u00bbon|phone\u00bb custom_margin=\u00bb0px||||false|false\u00bb _i=\u00bb0&#8243; _address=\u00bb1.0.0.0&#8243;][\/et_pb_image][\/et_pb_column][\/et_pb_row][\/et_pb_section][et_pb_section fb_built=\u00bb1&#8243; _builder_version=\u00bb3.29.3&#8243; custom_padding=\u00bb15px||1px|||\u00bb fb_built=\u00bb1&#8243; _i=\u00bb2&#8243; _address=\u00bb2&#8243;][et_pb_row _builder_version=\u00bb3.29.3&#8243; custom_padding=\u00bb3px||36px|||\u00bb _i=\u00bb0&#8243; _address=\u00bb2.0&#8243;][et_pb_column type=\u00bb4_4&#8243; _builder_version=\u00bb3.29.3&#8243; _i=\u00bb0&#8243; _address=\u00bb2.0.0&#8243;][et_pb_post_title comments=\u00bboff\u00bb featured_image=\u00bboff\u00bb _builder_version=\u00bb3.29.3&#8243; title_font=\u00bbMontserrat|700|||||||\u00bb title_text_align=\u00bbcenter\u00bb title_text_color=\u00bb#c4d600&#8243; title_font_size=\u00bb54px\u00bb title_line_height=\u00bb1.1em\u00bb meta_font=\u00bbMontserrat||||||||\u00bb meta_text_align=\u00bbcenter\u00bb meta_font_size=\u00bb12px\u00bb title_font_size_phone=\u00bb30px\u00bb title_font_size_last_edited=\u00bbon|phone\u00bb meta_font_size_phone=\u00bb10px\u00bb meta_font_size_last_edited=\u00bbon|phone\u00bb _i=\u00bb0&#8243; _address=\u00bb2.0.0.0&#8243;][\/et_pb_post_title][\/et_pb_column][\/et_pb_row][\/et_pb_section][et_pb_section fb_built=\u00bb1&#8243; fullwidth=\u00bbon\u00bb _builder_version=\u00bb3.29.3&#8243; fb_built=\u00bb1&#8243; _i=\u00bb3&#8243; _address=\u00bb3&#8243;][et_pb_fullwidth_image src=\u00bbhttps:\/\/conectamutual.cl\/bienestar\/wp-content\/uploads\/2020\/02\/night-fire-burning-sparks-110867.jpg\u00bb _builder_version=\u00bb3.29.3&#8243; hover_enabled=\u00bb0&#8243; _i=\u00bb0&#8243; _address=\u00bb3.0&#8243;][\/et_pb_fullwidth_image][\/et_pb_section][et_pb_section fb_built=\u00bb1&#8243; _builder_version=\u00bb3.29.3&#8243; custom_padding=\u00bb11px||8px|||\u00bb fb_built=\u00bb1&#8243; _i=\u00bb4&#8243; _address=\u00bb4&#8243;][et_pb_row _builder_version=\u00bb3.29.3&#8243; custom_padding=\u00bb9px|||||\u00bb _i=\u00bb0&#8243; _address=\u00bb4.0&#8243;][et_pb_column type=\u00bb4_4&#8243; _builder_version=\u00bb3.29.3&#8243; custom_padding=\u00bb|110px||110px|false|false\u00bb custom_padding_phone=\u00bb|10px||10px|false|false\u00bb custom_padding_last_edited=\u00bbon|phone\u00bb _i=\u00bb0&#8243; _address=\u00bb4.0.0&#8243;][et_pb_text _builder_version=\u00bb3.29.3&#8243; text_font_size=\u00bb17px\u00bb text_line_height=\u00bb2.1em\u00bb header_2_text_color=\u00bb#c4d600&#8243; custom_margin_last_edited=\u00bbon|phone\u00bb custom_padding=\u00bb36px|0px||0px|false|false\u00bb hover_enabled=\u00bb0&#8243; text_font_size_phone=\u00bb16px\u00bb text_font_size_last_edited=\u00bbon|phone\u00bb text_line_height_phone=\u00bb1.9em\u00bb text_line_height_last_edited=\u00bbon|phone\u00bb header_2_font_size_phone=\u00bb23px\u00bb header_2_font_size_last_edited=\u00bbon|phone\u00bb _i=\u00bb0&#8243; _address=\u00bb4.0.0.0&#8243;]<\/p>\n<blockquote>\n<p><span style=\"font-weight: 400;\">\u201cSi no est\u00e1s enojado o ansioso, entonces no est\u00e1s prestando atenci\u00f3n\u201d. Quiz\u00e1s sea cierto, quiz\u00e1s no, pero de todas formas pareciera ser una sensaci\u00f3n com\u00fan en el \u00faltimo tiempo. Y es que claro, es imposible ver las noticias sin sentirnos desesperanzados o asustados. Sin embargo, para la Dra. Kathleen Smith, es mucho m\u00e1s interesante el c\u00f3mo respondemos a estas emociones que el nivel de nuestro p\u00e1nico.\u00a0<\/span><\/p>\n<\/blockquote>\n<p><a href=\"https:\/\/www.psychologytoday.com\/intl\/blog\/everything-isnt-terrible\/202001\/instructions-living-in-world-fire\"><span style=\"font-weight: 400;\">En su art\u00edculo para Psychology Today<\/span><\/a><span style=\"font-weight: 400;\">, la Dra. Smith explica que cuando nos sentimos preocupados con respecto a la pol\u00edtica o al medioambiente, nuestras reacciones tienden a buscar aliviar la ansiedad que sentimos en ese preciso momento, en lugar de generar soluciones l\u00f3gicas y reflexivas frente a los problemas del mundo.\u00a0<\/span><\/p>\n<p><span style=\"font-weight: 400;\">Las respuestas r\u00e1pidas y emotivas pueden ser un gran agente de cambio, pero tambi\u00e9n son importantes las respuestas constantes y cotidianas ante problemas complejos. Es muy inc\u00f3modo descubrir que asistir a un par de manifestaciones o discutir con extra\u00f1os en Twitter no solucionar\u00e1 todo. Es tan inc\u00f3modo, de hecho, que resulta f\u00e1cil perder el foco y simplemente reaccionar a las noticias, en vez de mantenerte informado sobre el conflicto global, en su totalidad.\u00a0<\/span><\/p>\n<p><span style=\"font-weight: 400;\">Distinguir la diferencia entre reaccionar ansiosamente ante un problema o responder a \u00e9l de forma pensativa es clave para manejar los sentimientos negativos:<\/span><\/p>\n<p><b>Reaccionar<\/b><span style=\"font-weight: 400;\">: Revisar de manera compulsiva los ciclos noticiosos.\u00a0<\/span><\/p>\n<p><b>Responder<\/b><span style=\"font-weight: 400;\">: Definir tus valores y buscar oportunidades diarias para ponerlos en pr\u00e1ctica.\u00a0<\/span><\/p>\n<p><b>Reaccionar<\/b><span style=\"font-weight: 400;\">: Gritarle y luchar con los dem\u00e1s para cambiar su comportamiento<\/span><\/p>\n<p><b>Responder<\/b><span style=\"font-weight: 400;\">: Definir c\u00f3mo quieres funcionar y \u201cmodelarlo\u201d para los dem\u00e1s.\u00a0<\/span><\/p>\n<p><b>Reaccionar<\/b><span style=\"font-weight: 400;\">: Evitar ver noticias.\u00a0<\/span><\/p>\n<p><b>Responder<\/b><span style=\"font-weight: 400;\">: Involucrarte en un tema mediante la recolecci\u00f3n de datos.\u00a0<\/span><\/p>\n<p><b>Reaccionar<\/b><span style=\"font-weight: 400;\">: Rendirte porque tu contribuci\u00f3n pareciera no aportar.<\/span><\/p>\n<p><b>Responder<\/b><span style=\"font-weight: 400;\">: Confiar en que el buen razonamiento es contagioso si vives tus principios en paz.\u00a0<\/span><\/p>\n<p><span style=\"font-weight: 400;\">Reaccionar puede parecer efectivo porque calma la ansiedad del momento, aunque temporalmente. En cambio, responder requiere la voluntad de sentir la incomodidad que los cambios al largo plazo conllevan.\u00a0<\/span><\/p>\n<p><span style=\"font-weight: 400;\">Es imposible responder de manera l\u00f3gica a una crisis sin un plan. <\/span><b>Si la pol\u00edtica es importante para ti, \u00bfcu\u00e1l es tu plan como ciudadano? Si el cambio clim\u00e1tico es importante para ti, \u00bfc\u00f3mo planeas aplicar tus reflexiones y razonamientos?<\/b><span style=\"font-weight: 400;\"> Habr\u00e1 muchas oportunidades cada d\u00eda para reaccionar frente a crisis peque\u00f1as, pero \u00bfc\u00f3mo te mantendr\u00e1s al tanto del panorama completo?\u00a0<\/span><\/p>\n<p><span style=\"font-weight: 400;\">Hoy es un gran d\u00eda para definir tus propias instrucciones acerca de c\u00f3mo sobrevivir a un mundo en llamas. \u00bfQui\u00e9n vas a ser en los d\u00edas en que sientas que no hay suficiente dinero, gente o tiempo para resolver los problemas mundiales? \u00bfVas a alejarte del problema o vas a pelear con las personas hasta que maduren?\u00a0<\/span><\/p>\n<p><span style=\"font-weight: 400;\">O puedes ser la persona que sigue sus propias reglas, que tiene sus propias instrucciones como gu\u00eda para cuando el paisaje se vuelva oscuro. Claro, \u00e9stas pueden ir cambiando con el tiempo. Pero es mejor partir por algo que la alternativa: dejar que el p\u00e1nico y la ansiedad tomen el mando de la situaci\u00f3n.\u00a0<\/span><\/p>\n<p>[\/et_pb_text][et_pb_text _builder_version=\u00bb3.29.3&#8243; text_font_size=\u00bb13px\u00bb text_line_height=\u00bb0.6em\u00bb custom_margin=\u00bb-15px||||false|false\u00bb custom_padding=\u00bb34px|||||\u00bb text_font_size_phone=\u00bb11px\u00bb text_font_size_last_edited=\u00bbon|phone\u00bb _i=\u00bb1&#8243; _address=\u00bb4.0.0.1&#8243;]<\/p>\n<p style=\"text-align: center;\"><img loading=\"lazy\" decoding=\"async\" class=\"wp-image-608 alignnone size-full\" src=\"https:\/\/conectamutual.cl\/bienestar\/wp-content\/uploads\/2019\/10\/Imagen-equipo.png\" alt=\"\" width=\"91\" height=\"88\" \/><\/p>\n<p style=\"text-align: center;\"><strong>Por Equipo Espacio Mutuo<\/strong><\/p>\n<p style=\"text-align: center;\"><em>Mutual de Seguridad<\/em><\/p>\n<p>[\/et_pb_text][\/et_pb_column][\/et_pb_row][\/et_pb_section]<\/p>\n","protected":false},"excerpt":{"rendered":"<p>\u201cSi no est\u00e1s enojado o ansioso, entonces no est\u00e1s prestando atenci\u00f3n\u201d. Quiz\u00e1s sea cierto, quiz\u00e1s no, pero de todas formas pareciera ser una sensaci\u00f3n com\u00fan en el \u00faltimo tiempo. Y es que claro, es imposible ver las noticias sin sentirnos desesperanzados o asustados. Sin embargo, para la Dra. Kathleen Smith, es mucho m\u00e1s interesante el [&hellip;]<\/p>\n","protected":false},"author":2,"featured_media":1483,"comment_status":"open","ping_status":"open","sticky":false,"template":"","format":"standard","meta":{"_et_pb_use_builder":"on","_et_pb_old_content":"","_et_gb_content_width":"","footnotes":""},"categories":[27],"tags":[73,61,72,74,43],"class_list":["post-1479","post","type-post","status-publish","format-standard","has-post-thumbnail","hentry","category-espacios-de-reflexion","tag-ansiedad","tag-emociones","tag-instrucciones","tag-panico","tag-salud-mental","et-has-post-format-content","et_post_format-et-post-format-standard"],"_links":{"self":[{"href":"https:\/\/conectamutual.cl\/bienestar\/wp-json\/wp\/v2\/posts\/1479","targetHints":{"allow":["GET"]}}],"collection":[{"href":"https:\/\/conectamutual.cl\/bienestar\/wp-json\/wp\/v2\/posts"}],"about":[{"href":"https:\/\/conectamutual.cl\/bienestar\/wp-json\/wp\/v2\/types\/post"}],"author":[{"embeddable":true,"href":"https:\/\/conectamutual.cl\/bienestar\/wp-json\/wp\/v2\/users\/2"}],"replies":[{"embeddable":true,"href":"https:\/\/conectamutual.cl\/bienestar\/wp-json\/wp\/v2\/comments?post=1479"}],"version-history":[{"count":3,"href":"https:\/\/conectamutual.cl\/bienestar\/wp-json\/wp\/v2\/posts\/1479\/revisions"}],"predecessor-version":[{"id":1485,"href":"https:\/\/conectamutual.cl\/bienestar\/wp-json\/wp\/v2\/posts\/1479\/revisions\/1485"}],"wp:featuredmedia":[{"embeddable":true,"href":"https:\/\/conectamutual.cl\/bienestar\/wp-json\/wp\/v2\/media\/1483"}],"wp:attachment":[{"href":"https:\/\/conectamutual.cl\/bienestar\/wp-json\/wp\/v2\/media?parent=1479"}],"wp:term":[{"taxonomy":"category","embeddable":true,"href":"https:\/\/conectamutual.cl\/bienestar\/wp-json\/wp\/v2\/categories?post=1479"},{"taxonomy":"post_tag","embeddable":true,"href":"https:\/\/conectamutual.cl\/bienestar\/wp-json\/wp\/v2\/tags?post=1479"}],"curies":[{"name":"wp","href":"https:\/\/api.w.org\/{rel}","templated":true}]}}