{"id":1790,"date":"2020-03-23T19:27:39","date_gmt":"2020-03-23T22:27:39","guid":{"rendered":"https:\/\/conectamutual.cl\/bienestar\/?p=1790"},"modified":"2020-03-30T18:09:43","modified_gmt":"2020-03-30T21:09:43","slug":"trabajo-en-los-tiempos-del-coronavirus-8-estrategias-para-volver-tu-empresa-remota","status":"publish","type":"post","link":"https:\/\/conectamutual.cl\/bienestar\/empresas-que-cambian\/trabajo-en-los-tiempos-del-coronavirus-8-estrategias-para-volver-tu-empresa-remota\/","title":{"rendered":"Trabajo en los tiempos del Coronavirus: 8 estrategias para volver tu empresa \u201cremota\u201d"},"content":{"rendered":"<p>[et_pb_section fb_built=\u00bb1&#8243; _builder_version=\u00bb3.29.3&#8243; custom_padding=\u00bb4px||0px|||\u00bb fb_built=\u00bb1&#8243; _i=\u00bb0&#8243; _address=\u00bb0&#8243;][et_pb_row _builder_version=\u00bb3.29.3&#8243; min_height=\u00bb102px\u00bb custom_margin_phone=\u00bb20px||||false|false\u00bb custom_margin_last_edited=\u00bbon|phone\u00bb custom_padding=\u00bb34px||10px|||\u00bb _i=\u00bb0&#8243; _address=\u00bb0.0&#8243;][et_pb_column type=\u00bb4_4&#8243; _builder_version=\u00bb3.29.3&#8243; _i=\u00bb0&#8243; _address=\u00bb0.0.0&#8243;][et_pb_image src=\u00bbhttps:\/\/conectamutual.cl\/bienestar\/wp-content\/uploads\/2019\/12\/LOGOS-CATEGORIAS-04.png\u00bb align=\u00bbcenter\u00bb disabled_on=\u00bboff|off|off\u00bb _builder_version=\u00bb3.29.3&#8243; width=\u00bb58%\u00bb width_phone=\u00bb95%\u00bb width_last_edited=\u00bbon|phone\u00bb _i=\u00bb0&#8243; _address=\u00bb0.0.0.0&#8243;][\/et_pb_image][\/et_pb_column][\/et_pb_row][\/et_pb_section][et_pb_section fb_built=\u00bb1&#8243; _builder_version=\u00bb3.29.3&#8243; custom_padding=\u00bb1px||0px|||\u00bb fb_built=\u00bb1&#8243; _i=\u00bb1&#8243; _address=\u00bb1&#8243;][et_pb_row _builder_version=\u00bb3.29.3&#8243; custom_padding=\u00bb0px||5px|||\u00bb _i=\u00bb0&#8243; _address=\u00bb1.0&#8243;][et_pb_column type=\u00bb4_4&#8243; _builder_version=\u00bb3.29.3&#8243; _i=\u00bb0&#8243; _address=\u00bb1.0.0&#8243;][et_pb_image src=\u00bbhttps:\/\/conectamutual.cl\/bienestar\/wp-content\/uploads\/2019\/10\/Logo-Espacio-Mutuo-02.png\u00bb align=\u00bbcenter\u00bb _builder_version=\u00bb3.29.3&#8243; width=\u00bb13%\u00bb width_phone=\u00bb22%\u00bb width_last_edited=\u00bbon|phone\u00bb custom_margin=\u00bb0px||||false|false\u00bb _i=\u00bb0&#8243; _address=\u00bb1.0.0.0&#8243;][\/et_pb_image][\/et_pb_column][\/et_pb_row][\/et_pb_section][et_pb_section fb_built=\u00bb1&#8243; _builder_version=\u00bb3.29.3&#8243; custom_padding=\u00bb15px||1px|||\u00bb fb_built=\u00bb1&#8243; _i=\u00bb2&#8243; _address=\u00bb2&#8243;][et_pb_row _builder_version=\u00bb3.29.3&#8243; custom_padding=\u00bb3px||36px|||\u00bb _i=\u00bb0&#8243; _address=\u00bb2.0&#8243;][et_pb_column type=\u00bb4_4&#8243; _builder_version=\u00bb3.29.3&#8243; _i=\u00bb0&#8243; _address=\u00bb2.0.0&#8243;][et_pb_post_title comments=\u00bboff\u00bb featured_image=\u00bboff\u00bb _builder_version=\u00bb3.29.3&#8243; title_font=\u00bbMontserrat|700|||||||\u00bb title_text_align=\u00bbcenter\u00bb title_text_color=\u00bb#c4d600&#8243; title_font_size=\u00bb54px\u00bb title_line_height=\u00bb1.1em\u00bb meta_font=\u00bbMontserrat||||||||\u00bb meta_text_align=\u00bbcenter\u00bb meta_font_size=\u00bb12px\u00bb title_font_size_phone=\u00bb30px\u00bb title_font_size_last_edited=\u00bbon|phone\u00bb meta_font_size_phone=\u00bb10px\u00bb meta_font_size_last_edited=\u00bbon|phone\u00bb _i=\u00bb0&#8243; _address=\u00bb2.0.0.0&#8243;][\/et_pb_post_title][\/et_pb_column][\/et_pb_row][\/et_pb_section][et_pb_section fb_built=\u00bb1&#8243; fullwidth=\u00bbon\u00bb _builder_version=\u00bb3.29.3&#8243; fb_built=\u00bb1&#8243; _i=\u00bb3&#8243; _address=\u00bb3&#8243;][et_pb_fullwidth_image src=\u00bbhttps:\/\/conectamutual.cl\/bienestar\/wp-content\/uploads\/2020\/03\/bench-accounting-C3V88BOoRoM-unsplash.jpg\u00bb _builder_version=\u00bb3.29.3&#8243; _i=\u00bb0&#8243; _address=\u00bb3.0&#8243;][\/et_pb_fullwidth_image][\/et_pb_section][et_pb_section fb_built=\u00bb1&#8243; _builder_version=\u00bb3.29.3&#8243; custom_padding=\u00bb11px||8px|||\u00bb fb_built=\u00bb1&#8243; _i=\u00bb4&#8243; _address=\u00bb4&#8243;][et_pb_row _builder_version=\u00bb3.29.3&#8243; custom_padding=\u00bb9px|||||\u00bb _i=\u00bb0&#8243; _address=\u00bb4.0&#8243;][et_pb_column type=\u00bb4_4&#8243; _builder_version=\u00bb3.29.3&#8243; custom_padding=\u00bb|110px||110px|false|false\u00bb custom_padding_phone=\u00bb|10px||10px|false|false\u00bb custom_padding_last_edited=\u00bbon|phone\u00bb _i=\u00bb0&#8243; _address=\u00bb4.0.0&#8243;][et_pb_text _builder_version=\u00bb3.29.3&#8243; text_font_size=\u00bb17px\u00bb text_line_height=\u00bb2.1em\u00bb header_2_text_color=\u00bb#c4d600&#8243; custom_margin_last_edited=\u00bbon|phone\u00bb custom_padding=\u00bb36px|0px||0px|false|false\u00bb text_font_size_phone=\u00bb16px\u00bb text_font_size_last_edited=\u00bbon|phone\u00bb text_line_height_phone=\u00bb1.9em\u00bb text_line_height_last_edited=\u00bbon|phone\u00bb header_2_font_size_phone=\u00bb23px\u00bb header_2_font_size_last_edited=\u00bbon|phone\u00bb _i=\u00bb0&#8243; _address=\u00bb4.0.0.0&#8243;]<\/p>\n<blockquote>\n<p><span>Llev\u00e1bamos mucho tiempo hablando sobre los beneficios de la tecnolog\u00eda, del milagro de Internet, de la revoluci\u00f3n de las comunicaciones. Y, sin embargo, a pesar de la constante admiraci\u00f3n de los avances que esta Era Digital nos ha tra\u00eddo, nadie estaba preparado para lo que nos toca vivir ahora. <\/span><\/p>\n<\/blockquote>\n<p><strong><span>El COVID-19 se ha convertido en cierto modo en el <\/span><\/strong><span><a href=\"https:\/\/www.reasonwhy.es\/actualidad\/transformacion-digital-retos-teletrabajo-empresas-coronavirus-espana\"><strong>empuj\u00f3n que necesit\u00e1bamos. <\/strong><\/a>\u00a0<\/span><\/p>\n<p><span>Si hay un lado positivo de la actual pandemia y de la cuarentena forzada que \u00e9sta ha provocado, probablemente sea <strong>la necesidad de las empresas de abrirse a las alternativas m\u00e1s novedosas<\/strong> que la tecnolog\u00eda tiene para ofrecer, y descubrir as\u00ed <strong>m\u00e9todos m\u00e1s eficientes para continuar el trabajo, <\/strong><a href=\"https:\/\/www.fastcompany.com\/90330393\/the-surprising-history-of-working-from-home\"><strong>\u00a0a la distancia<\/strong><\/a><strong>. \u00a0<\/strong><\/span><\/p>\n<p><span>Y es que la alerta sanitaria requiere medidas extremas: <em>\u201cAyer, cambiamos nuestra empresa a un equipo totalmente remoto en respuesta a la amenaza COVID-19. Ahora soy el CEO de una compa\u00f1\u00eda donde veo cero personas en mi equipo. Todos los d\u00edas\u00bb,<\/em> <a href=\"https:\/\/www.fastcompany.com\/90475330\/8-strategies-to-set-up-remote-work-during-the-coronavirus-outbreak\">explica Marten Mickos, a cargo de la compa\u00f1\u00eda HackerOne,<\/a> convertido en uno de los l\u00edderes empresariales que han decidido tomar acci\u00f3n y proteger a sus empleados \u2013 todo mediante el teletrabajo. <\/span><\/p>\n<p><span>A continuaci\u00f3n, te entregamos las t\u00e9cnicas y consejos que Mickos sigui\u00f3 para mantener a una comunidad de 600.000 empleados trabajando desde sus casas.\u00a0<\/span><\/p>\n<h3><strong>PARTE DESDE ARRIBA<\/strong><\/h3>\n<p><span>Cuando la compa\u00f1\u00eda vea que su director ejecutivo se ha convertido totalmente remoto y digital, estar\u00e1n listos para seguirle. <strong>El l\u00edder de la organizaci\u00f3n debe ser el ejemplo,<\/strong> estando presente en diversas plataformas online y comunic\u00e1ndose proactivamente con su equipo. Tambi\u00e9n debe ser consecuente \u2013 si bien la cuarentena en s\u00ed ya es una medida de protecci\u00f3n, los y las jefas deben velar por proteger la salud mental de los y las empleadas, respetando los horarios adecuados y evitando el exceso de trabajo.\u00a0 \u00a0\u00a0<\/span><\/p>\n<h3><strong>VOLVER A LAS RA\u00cdCES<\/strong><\/h3>\n<p><span>Es una herramienta de coordinaci\u00f3n: cuando los empleados tienen una visi\u00f3n en com\u00fan, de la cual todos se sienten parte, <strong>es m\u00e1s f\u00e1cil alinearse sin importar la ubicaci\u00f3n de cada uno.<\/strong> As\u00ed que parte por ah\u00ed \u2013 <strong>refuerza la misi\u00f3n, el prop\u00f3sito y los valores de la empresa, escribe por qu\u00e9 existe la compa\u00f1\u00eda y qu\u00e9 pretende lograr, y desarrolla metas y objetivos tan detallados como sea posible.<\/strong><\/span><\/p>\n<h3><strong>NO HUYAS DEL FUEGO<\/strong><\/h3>\n<p><strong><span>La confianza es esencial<\/span><\/strong><span>, sobre todo al momento de intentar formar una cultura empresarial digital. Secretos, intriga u objetivos ocultos anular\u00e1n cualquier intento de cercan\u00eda y uni\u00f3n <em>online<\/em>. El l\u00edder debe mostrarse <strong>aut\u00e9ntico y abierto en todo canal de comunicaci\u00f3n \u2013 cort\u00e9s y diplom\u00e1tico, pero tambi\u00e9n compasivo:<\/strong> no te escondas de los temas complicados e inc\u00f3modos que tus empleados pueden traer a la mesa. \u201cCuando salgan asuntos sensibles, corre hacia el fuego, no huyas de \u00e9l\u201d, escribe Mickos. <strong>\u201cTu equipo manifestar\u00e1 los mismos ideales que t\u00fa\u201d.<\/strong><\/span><\/p>\n<h3><strong>PROMUEVE UNA CULTURA EMPRESARIAL (DIGITAL)<\/strong><\/h3>\n<p><span>La cultura empresarial y las relaciones interpersonales de una compa\u00f1\u00eda surgen espont\u00e1neamente en la oficina, el espacio f\u00edsico, mientras que las decisiones laborales ocurren en su mayor\u00eda en la nube, el espacio digital. Al convertir tu empresa al teletrabajo, <strong>debes buscar nuevas maneras de expresar esa cultura:<\/strong> <strong>chistes, celebraciones, felicitaciones, comunidad, familia<\/strong> \u2013 detr\u00e1s de cada trabajador profesional habita un ser humano, que tambi\u00e9n necesita atenci\u00f3n. Todos estos detalles tambi\u00e9n deben ser transportados al mundo digital, de manera que simule <strong>estos encuentros de distensi\u00f3n y espontaneidad.<\/strong><\/span><\/p>\n<h3><strong>USA LAS HERRAMIENTAS ADECUADAS, Y \u00daSALAS TODO EL TIEMPO<\/strong><\/h3>\n<p><span>La comunicaci\u00f3n es fundamental, y las v\u00edas son infinitas: mensajes de texto, los cl\u00e1sicos email, videoconferencias y chats de grupo son solo algunos de los m\u00e9todos que puedes elegir. Mientras algunas organizaciones seleccionan una \u00fanica plataforma para sostener toda comunicaci\u00f3n y trabajo, a modo de mantener el orden, para Marten Mickos, <strong>la clave del \u00e9xito est\u00e1 en la flexibilidad:<\/strong> <strong>\u201cDeja que cada persona use lo que m\u00e1s le acomode, para facilitar la discusi\u00f3n.<\/strong> Si es necesario, copia y pega la informaci\u00f3n en cada medio utilizado\u201d. De esa forma, todo el mundo se mantendr\u00e1 al tanto.<\/span><\/p>\n<h3><strong>PRIORIZA LO REMOTO<\/strong><\/h3>\n<p><strong><span>Pon en primer lugar al equipo \u201ca distancia\u201d, creando experiencias novedosas y \u00fatiles pensadas para el trabajo remoto.<\/span><\/strong><span> Primero, d\u00e1ndoles tranquilidad de poder estar conectados en un espacio laboral confiable. Para eso puedes usar herramientas como Microsoft <a href=\"https:\/\/products.office.com\/es-cl\/microsoft-teams\/group-chat-software\">Teams<\/a>, plataforma de trabajo que esta compa\u00f1\u00eda ha dispuesto gratuitamente por los pr\u00f3ximos seis meses. As\u00ed podr\u00e1s integrar a tus equipos para que trabajen en l\u00ednea. <\/span><\/p>\n<p><span>Crea un canal donde los empleados y empleadas puedan enviarse felicitaciones, como <a href=\"https:\/\/slack.com\/\">Slack<\/a>, y usa cuantos emoticones alegres puedas. Considera tambi\u00e9n otros recursos que permitan celebrar los cumplea\u00f1os, los ascensos o simplemente donde las personas puedan compartir reflexiones o pensamientos sobre el trabajo o sobre la vida. <\/span><\/p>\n<p><span>En definitva, si tienes un equipo presencial y otro remoto, <strong>piensa primero en las necesidades de los teletrabajadores<\/strong> \u2013 es m\u00e1s f\u00e1cil que a la inversa.<\/span><\/p>\n<h3><strong>PREP\u00c1RATE PARA LOS CONFLICTOS<\/strong><\/h3>\n<p><span>En el caso de que alguien presente un bajo rendimiento o problemas con el trabajo en equipo, en un entorno de oficina, se puede llamar a la persona a una habitaci\u00f3n para enfrentar la situaci\u00f3n cara a cara y lidiar con ella. \u00bfC\u00f3mo se hace eso si no cuentas con la posibilidad de la privacidad de una habitaci\u00f3n? <strong>\u00bfC\u00f3mo despides a alguien de forma remota? \u00bfC\u00f3mo se toman medidas disciplinarias?<\/strong><\/span><\/p>\n<p><span>Es dif\u00edcil, pero no es imposible. <strong>Solo se necesita m\u00e1s comunicaci\u00f3n y m\u00e1s tiempo. <\/strong>Se necesita <strong>escribir un guion detallado para la llamada<\/strong>, pensando en todas las posibles interpretaciones y malentendidos que puedan causar las declaraciones, tratando de adelantarse a ellas. El guion debe abordar la intenci\u00f3n de los involucrados, hablar sobre valores y pautas, y demostrar l\u00f3gicamente la conclusi\u00f3n a la que se ha llegado.<\/span><\/p>\n<h3><strong>RENUEVA TU COMPASI\u00d3N<\/strong><\/h3>\n<p><span>En la oficina, dado el car\u00e1cter presencial, es m\u00e1s f\u00e1cil mostrarse sensible con las necesidades de los compa\u00f1eros de trabajo. Ya sea ofreciendo ayuda para comprar el almuerzo a alguien que est\u00e1 muy ocupado, o brindar apoyo ordenando su espacio de trabajo, hay diversas formas de mostrarse cercano. En un ambiente 100% digital, sin embargo, <strong>estas demostraciones de cercan\u00eda pueden cambiar, pero no deben desaparecer. <\/strong>Ten la costumbre de enviar emails y mensajes de texto afectuosos, quiz\u00e1s hasta regalar flores o <em>giftcards<\/em> a quienes m\u00e1s lo merezcan o necesiten. <\/span><\/p>\n<p><span>A medida que apliques estas pautas, ver\u00e1s que el trabajo remoto no es un desaf\u00edo a superar, sino una pr\u00e1ctica con ventajas que conviene incorporar. Hoy todo el mundo est\u00e1 en l\u00ednea y cada vez tendremos m\u00e1s organizaciones funcionando en modo remoto, incluso mucho despu\u00e9s de que el brote de coronavirus retroceda. <\/span><\/p>\n<p><span>Por esto, es bueno entender que al no vincular el trabajo o la colaboraci\u00f3n a una ubicaci\u00f3n f\u00edsica particular, avanzamos tambi\u00e9n en democratizar las oportunidades y abrir un mundo de nuevas posibilidades para un trabajo m\u00e1s flexible.<\/span><\/p>\n<h3><strong><\/strong><\/h3>\n<h3><strong>Si quieres leer m\u00e1s de nuestro especial Trabajo en Casa&#8230;<\/strong><\/h3>\n<p><a href=\"https:\/\/conectamutual.cl\/bienestar\/empresas-que-cambian\/charla-ted-por-que-trabajar-desde-casa-es-bueno-para-los-negocios\/\"><span>Por qu\u00e9 trabajar desde casa es bueno para los Negocios<\/span><\/a><\/p>\n<p><a href=\"https:\/\/conectamutual.cl\/bienestar\/nuevas-miradas\/dime-que-necesitas-para-teletrabajar-y-te-dire-la-herramienta-digital-para-lograrlo\/\"><span>Dime qu\u00e9 necesitas para teletrabajar y te dir\u00e9 la herramienta digital para lograrlo<\/span><\/a><\/p>\n<p><a href=\"https:\/\/conectamutual.cl\/bienestar\/vivir-mejor\/cuarentena-motivacion-estamos-juntos-en-esto-pero-solos\/\"><span>Cuarentena &amp; Motivaci\u00f3n: \u00a1Estamos juntos en esto (pero solos)!<\/span><\/a><\/p>\n<p><a href=\"https:\/\/conectamutual.cl\/bienestar\/el-valor-de-vincularse\/ni-pijama-ni-multitasking-las-claves-para-una-reunion-virtual-productiva\/\"><span>Ni pijama ni multitasking: las claves para una reuni\u00f3n virtual productiva<\/span><\/a><\/p>\n<p><a href=\"https:\/\/conectamutual.cl\/bienestar\/espacios-de-reflexion\/cazadores-de-mitos-lo-cierto-y-lo-falso-del-teletrabajo\/\"><span>Cazadores de mitos: lo cierto y lo falso del teletrabajo<\/span><\/a><\/p>\n<p><a href=\"https:\/\/conectamutual.cl\/bienestar\/empresas-que-cambian\/como-trabajar-desde-tu-casa-y-no-enloquecer-en-el-intento\/\">C\u00f3mo trabajar desde tu casa y no enloquecer en el intento<\/a><\/p>\n<p>[\/et_pb_text][et_pb_text _builder_version=\u00bb3.29.3&#8243; text_font_size=\u00bb13px\u00bb text_line_height=\u00bb0.6em\u00bb custom_margin=\u00bb-15px||||false|false\u00bb custom_padding=\u00bb34px|||||\u00bb text_font_size_phone=\u00bb11px\u00bb text_font_size_last_edited=\u00bbon|phone\u00bb _i=\u00bb1&#8243; _address=\u00bb4.0.0.1&#8243;]<\/p>\n<p style=\"text-align: center;\"><img loading=\"lazy\" decoding=\"async\" class=\"wp-image-608 alignnone size-full\" src=\"https:\/\/conectamutual.cl\/bienestar\/wp-content\/uploads\/2019\/10\/Imagen-equipo.png\" alt=\"\" width=\"91\" height=\"88\" \/><\/p>\n<p style=\"text-align: center;\"><strong>Por Equipo Espacio Mutuo<\/strong><\/p>\n<p style=\"text-align: center;\"><em>Mutual de Seguridad<\/em><\/p>\n<p>[\/et_pb_text][\/et_pb_column][\/et_pb_row][\/et_pb_section]<\/p>\n","protected":false},"excerpt":{"rendered":"<p>Llev\u00e1bamos mucho tiempo hablando sobre los beneficios de la tecnolog\u00eda, del milagro de Internet, de la revoluci\u00f3n de las comunicaciones. Y, sin embargo, a pesar de la constante admiraci\u00f3n de los avances que esta Era Digital nos ha tra\u00eddo, nadie estaba preparado para lo que nos toca vivir ahora. El COVID-19 se ha convertido en [&hellip;]<\/p>\n","protected":false},"author":2,"featured_media":1864,"comment_status":"open","ping_status":"open","sticky":false,"template":"","format":"standard","meta":{"_et_pb_use_builder":"on","_et_pb_old_content":"","_et_gb_content_width":"","footnotes":""},"categories":[26,144],"tags":[138,139,68,137],"class_list":["post-1790","post","type-post","status-publish","format-standard","has-post-thumbnail","hentry","category-empresas-que-cambian","category-especial-trabajo-en-casa","tag-cuarentena","tag-cultura-empresarial-digital","tag-tecnologia","tag-teletrabajo","et-has-post-format-content","et_post_format-et-post-format-standard"],"_links":{"self":[{"href":"https:\/\/conectamutual.cl\/bienestar\/wp-json\/wp\/v2\/posts\/1790","targetHints":{"allow":["GET"]}}],"collection":[{"href":"https:\/\/conectamutual.cl\/bienestar\/wp-json\/wp\/v2\/posts"}],"about":[{"href":"https:\/\/conectamutual.cl\/bienestar\/wp-json\/wp\/v2\/types\/post"}],"author":[{"embeddable":true,"href":"https:\/\/conectamutual.cl\/bienestar\/wp-json\/wp\/v2\/users\/2"}],"replies":[{"embeddable":true,"href":"https:\/\/conectamutual.cl\/bienestar\/wp-json\/wp\/v2\/comments?post=1790"}],"version-history":[{"count":11,"href":"https:\/\/conectamutual.cl\/bienestar\/wp-json\/wp\/v2\/posts\/1790\/revisions"}],"predecessor-version":[{"id":1874,"href":"https:\/\/conectamutual.cl\/bienestar\/wp-json\/wp\/v2\/posts\/1790\/revisions\/1874"}],"wp:featuredmedia":[{"embeddable":true,"href":"https:\/\/conectamutual.cl\/bienestar\/wp-json\/wp\/v2\/media\/1864"}],"wp:attachment":[{"href":"https:\/\/conectamutual.cl\/bienestar\/wp-json\/wp\/v2\/media?parent=1790"}],"wp:term":[{"taxonomy":"category","embeddable":true,"href":"https:\/\/conectamutual.cl\/bienestar\/wp-json\/wp\/v2\/categories?post=1790"},{"taxonomy":"post_tag","embeddable":true,"href":"https:\/\/conectamutual.cl\/bienestar\/wp-json\/wp\/v2\/tags?post=1790"}],"curies":[{"name":"wp","href":"https:\/\/api.w.org\/{rel}","templated":true}]}}