{"id":2155,"date":"2020-04-18T18:52:56","date_gmt":"2020-04-18T22:52:56","guid":{"rendered":"https:\/\/conectamutual.cl\/bienestar\/?p=2155"},"modified":"2020-04-20T18:06:03","modified_gmt":"2020-04-20T22:06:03","slug":"en-tiempos-dificiles-como-empoderar-a-tus-hijos-a-ser-valientes","status":"publish","type":"post","link":"https:\/\/conectamutual.cl\/bienestar\/nuevas-miradas\/en-tiempos-dificiles-como-empoderar-a-tus-hijos-a-ser-valientes\/","title":{"rendered":"En tiempos dif\u00edciles: c\u00f3mo empoderar a tus hijos a ser valientes"},"content":{"rendered":"<p>[et_pb_section fb_built=\u00bb1&#8243; _builder_version=\u00bb3.29.3&#8243; custom_padding=\u00bb4px||0px|||\u00bb fb_built=\u00bb1&#8243; _i=\u00bb0&#8243; _address=\u00bb0&#8243;][et_pb_row _builder_version=\u00bb3.29.3&#8243; min_height=\u00bb102px\u00bb custom_margin_phone=\u00bb20px||||false|false\u00bb custom_margin_last_edited=\u00bbon|phone\u00bb custom_padding=\u00bb34px||10px|||\u00bb _i=\u00bb0&#8243; _address=\u00bb0.0&#8243;][et_pb_column type=\u00bb4_4&#8243; _builder_version=\u00bb3.29.3&#8243; _i=\u00bb0&#8243; _address=\u00bb0.0.0&#8243;][et_pb_image src=\u00bbhttps:\/\/conectamutual.cl\/bienestar\/wp-content\/uploads\/2019\/12\/LOGOS-CATEGORIAS-03.png\u00bb align=\u00bbcenter\u00bb disabled_on=\u00bboff|off|off\u00bb _builder_version=\u00bb3.29.3&#8243; width=\u00bb48%\u00bb width_phone=\u00bb95%\u00bb width_last_edited=\u00bbon|phone\u00bb _i=\u00bb0&#8243; _address=\u00bb0.0.0.0&#8243;][\/et_pb_image][\/et_pb_column][\/et_pb_row][\/et_pb_section][et_pb_section fb_built=\u00bb1&#8243; _builder_version=\u00bb3.29.3&#8243; custom_padding=\u00bb1px||0px|||\u00bb fb_built=\u00bb1&#8243; _i=\u00bb1&#8243; _address=\u00bb1&#8243;][et_pb_row _builder_version=\u00bb3.29.3&#8243; custom_padding=\u00bb0px||5px|||\u00bb _i=\u00bb0&#8243; _address=\u00bb1.0&#8243;][et_pb_column type=\u00bb4_4&#8243; _builder_version=\u00bb3.29.3&#8243; _i=\u00bb0&#8243; _address=\u00bb1.0.0&#8243;][et_pb_image src=\u00bbhttps:\/\/conectamutual.cl\/bienestar\/wp-content\/uploads\/2019\/10\/Logo-Espacio-Mutuo-02.png\u00bb align=\u00bbcenter\u00bb _builder_version=\u00bb3.29.3&#8243; width=\u00bb13%\u00bb width_phone=\u00bb22%\u00bb width_last_edited=\u00bbon|phone\u00bb custom_margin=\u00bb0px||||false|false\u00bb _i=\u00bb0&#8243; _address=\u00bb1.0.0.0&#8243;][\/et_pb_image][\/et_pb_column][\/et_pb_row][\/et_pb_section][et_pb_section fb_built=\u00bb1&#8243; _builder_version=\u00bb3.29.3&#8243; custom_padding=\u00bb15px||1px|||\u00bb fb_built=\u00bb1&#8243; _i=\u00bb2&#8243; _address=\u00bb2&#8243;][et_pb_row _builder_version=\u00bb3.29.3&#8243; custom_padding=\u00bb3px||36px|||\u00bb _i=\u00bb0&#8243; _address=\u00bb2.0&#8243;][et_pb_column type=\u00bb4_4&#8243; _builder_version=\u00bb3.29.3&#8243; _i=\u00bb0&#8243; _address=\u00bb2.0.0&#8243;][et_pb_post_title comments=\u00bboff\u00bb featured_image=\u00bboff\u00bb _builder_version=\u00bb3.29.3&#8243; title_font=\u00bbMontserrat|700|||||||\u00bb title_text_align=\u00bbcenter\u00bb title_text_color=\u00bb#c4d600&#8243; title_font_size=\u00bb54px\u00bb title_line_height=\u00bb1.1em\u00bb meta_font=\u00bbMontserrat||||||||\u00bb meta_text_align=\u00bbcenter\u00bb meta_font_size=\u00bb12px\u00bb title_font_size_phone=\u00bb30px\u00bb title_font_size_last_edited=\u00bbon|phone\u00bb meta_font_size_phone=\u00bb10px\u00bb meta_font_size_last_edited=\u00bbon|phone\u00bb _i=\u00bb0&#8243; _address=\u00bb2.0.0.0&#8243;][\/et_pb_post_title][\/et_pb_column][\/et_pb_row][\/et_pb_section][et_pb_section fb_built=\u00bb1&#8243; fullwidth=\u00bbon\u00bb _builder_version=\u00bb3.29.3&#8243; fb_built=\u00bb1&#8243; _i=\u00bb3&#8243; _address=\u00bb3&#8243;][et_pb_fullwidth_image src=\u00bbhttps:\/\/conectamutual.cl\/bienestar\/wp-content\/uploads\/2020\/04\/Armarse-de-Valor2.jpg\u00bb _builder_version=\u00bb3.29.3&#8243; custom_padding=\u00bb0px|||||\u00bb _i=\u00bb0&#8243; _address=\u00bb3.0&#8243;][\/et_pb_fullwidth_image][\/et_pb_section][et_pb_section fb_built=\u00bb1&#8243; _builder_version=\u00bb3.29.3&#8243; custom_padding=\u00bb||8px|||\u00bb fb_built=\u00bb1&#8243; _i=\u00bb4&#8243; _address=\u00bb4&#8243;][et_pb_row _builder_version=\u00bb3.29.3&#8243; custom_padding=\u00bb9px|||||\u00bb _i=\u00bb0&#8243; _address=\u00bb4.0&#8243;][et_pb_column type=\u00bb4_4&#8243; _builder_version=\u00bb3.29.3&#8243; custom_padding=\u00bb|110px||110px|false|false\u00bb custom_padding_phone=\u00bb|10px||10px|false|false\u00bb custom_padding_last_edited=\u00bbon|phone\u00bb _i=\u00bb0&#8243; _address=\u00bb4.0.0&#8243;][et_pb_text _builder_version=\u00bb3.29.3&#8243; text_font_size=\u00bb17px\u00bb text_line_height=\u00bb2.1em\u00bb header_2_text_color=\u00bb#c4d600&#8243; custom_margin_last_edited=\u00bbon|phone\u00bb custom_padding=\u00bb|0px||0px|false|false\u00bb text_font_size_phone=\u00bb16px\u00bb text_font_size_last_edited=\u00bbon|phone\u00bb text_line_height_phone=\u00bb1.9em\u00bb text_line_height_last_edited=\u00bbon|phone\u00bb header_2_font_size_phone=\u00bb23px\u00bb header_2_font_size_last_edited=\u00bbon|phone\u00bb _i=\u00bb0&#8243; _address=\u00bb4.0.0.0&#8243;]<\/p>\n<blockquote>\n<p><span style=\"font-weight: 400;\">Actualmente vivimos un momento hist\u00f3rico, con todas las complicaciones y los miedos que eso conlleva. Y si piensas que s\u00f3lo t\u00fa est\u00e1s preocupado, te equivocas. Incluso los m\u00e1s peque\u00f1os ni\u00f1os y ni\u00f1as est\u00e1n asustados por la pandemia. Claro, quiz\u00e1s no teman perder su trabajo ni tengan pesadillas sobre la debilitada econom\u00eda global, pero su ansiedad y su estr\u00e9s son expresados de distintas maneras.\u00a0<\/span><\/p>\n<\/blockquote>\n<p><span style=\"font-weight: 400;\">Incluso antes del Coronavirus, encontrar la mejor forma de ayudar a los ni\u00f1os a enfrentar la vida con confianza, aprendiendo a controlar sus temores e inseguridades, ya representaba un desaf\u00edo constante para los padres. <strong>Se denomina \u201cresiliencia\u201d al rasgo que exhiben ni\u00f1os que, a pesar de las circunstancias incre\u00edblemente dif\u00edciles que pudieran haber vivido durante su infancia, logran salir adelante exitosamente<\/strong>, incluso de manera sobresaliente.\u00a0<\/span><\/p>\n<p><span style=\"font-weight: 400;\">Sin embargo, la resiliencia presenta un desaf\u00edo incluso para los psic\u00f3logos. Si tienes la suerte de no experimentar ning\u00fan tipo de adversidad, no sabremos cu\u00e1n resistente eres. <strong>S\u00f3lo cuando un ni\u00f1o o ni\u00f1a enfrenta obst\u00e1culos, estr\u00e9s y otras amenazas ambientales surge la resiliencia, o la falta de ella<\/strong>. Es en contextos adversos que podemos <\/span><a href=\"https:\/\/www.newyorker.com\/science\/maria-konnikova\/the-secret-formula-for-resilience?\"><span style=\"font-weight: 400;\"><strong>identificar y potenciar los \u201cfactores protectores<\/strong>\u201d<\/span><\/a><span style=\"font-weight: 400;\"> presentes en la personalidad de los ni\u00f1os.<\/span><\/p>\n<p><b>\u00bfPor qu\u00e9 es especialmente necesario hoy que los ni\u00f1os y ni\u00f1as <\/b><a href=\"https:\/\/infoaboutkids.org\/blog\/empowering-children-to-approach-life-with-bravery\/\"><b>aprendan habilidades de resiliencia<\/b><\/a><b>? <\/b><span style=\"font-weight: 400;\">Porque si no, no aprender\u00e1n a lidiar con el miedo, las emociones negativas ni la incertidumbre, lo cual les impedir\u00e1 reconocer su fuerza, sus habilidades y su capacidad de dirigir su \u201cnave emocional\u201d a trav\u00e9s de aguas turbulentas, hasta llegar finalmente al destino ideal: sus objetivos y valores.\u00a0<\/span><\/p>\n<p><span style=\"font-weight: 400;\">Por supuesto, las siguientes estrategias no se tratan de que t\u00fa, como figura paternal, finjas que tampoco tienes miedo. Pero como ser humano, la idea es <\/span><strong><a href=\"https:\/\/nziwr.co.nz\/wp-content\/uploads\/2020\/03\/NZIWR_Real-time_Resilience_Coping_with_Coronavirus.pdf\">ser conscientes de la forma en que nuestros pensamientos y acciones pueden ayudar<\/a><\/strong><span style=\"font-weight: 400;\"> (o hundir) a quienes nos rodean, y a quienes m\u00e1s queremos. <\/span><b>Los eventos no son traum\u00e1ticos hasta que los experimentamos como traum\u00e1ticos<\/b><span style=\"font-weight: 400;\">, por lo que el camino es ayudar a los ni\u00f1os a conceptualizar (o interpretar psicol\u00f3gicamente) un evento potencialmente traum\u00e1tico (como la presente epidemia de COVID-19) como una <\/span><b>oportunidad para aprender y crecer<\/b><span style=\"font-weight: 400;\">.<\/span><\/p>\n<p><span style=\"font-weight: 400;\"><\/span><\/p>\n<h3><b>DEMUESTRA CONFIANZA Y SIGUE LA RUTINA DE SIEMPRE\u00a0<\/b><\/h3>\n<p><span style=\"font-weight: 400;\">Si estuvieras volando en avi\u00f3n y hubiera un poco de turbulencia, qu\u00e9 preferir\u00edas: \u00bfqu\u00e9 las azafatas se mantuvieran calmadas y continuaran repartiendo la comida, o que corrieran hacia ti con expresi\u00f3n preocupada, tomaran tu mano y te aseguraran que todo va a estar bien?\u00a0<\/span><\/p>\n<p><span style=\"font-weight: 400;\">Nuestro lenguaje corporal, expresiones faciales, proximidad, gestos y, por supuesto, lo que decimos, brindan informaci\u00f3n extensa a nuestros hijos sobre si una situaci\u00f3n debe considerarse segura o peligrosa. <\/span><b>\u00a1La ansiedad tambi\u00e9n es contagiosa! Por lo mismo, cuando tu comportamiento es tranquilo y confiado, es mucho m\u00e1s probable que tu hijo o hija perciba la situaci\u00f3n como segura<\/b><span style=\"font-weight: 400;\"> y est\u00e9 dispuesta a seguir con su vida, y avanzar a territorios nuevos.\u00a0<\/span><\/p>\n<p><span style=\"font-weight: 400;\"><\/span><\/p>\n<h3><b>ENS\u00c9\u00d1ALES A SER SUS PROPIOS DETECTIVES\u00a0<\/b><\/h3>\n<p><span style=\"font-weight: 400;\">En general, <\/span><b>la ansiedad se basa en miedo al futuro, por lo que los ni\u00f1os ansiosos tienden a recurrir a sus padres para buscar certeza<\/b><span style=\"font-weight: 400;\"> \u2013 en todo momento, constantemente, a cada minuto.\u00a0<\/span><\/p>\n<p><span style=\"font-weight: 400;\">Un ni\u00f1o ansioso por una inminente tormenta, por ejemplo, preguntar\u00e1 (una y otra vez) si el clima se pondr\u00e1 malo, cu\u00e1ndo empezar\u00e1 y qu\u00e9 debe hacer para estar preparado. Es tentador, pero resiste la necesidad de tranquilizar sus preguntas temerosas: <\/span><b>el alivio que tus respuestas pueden ofrecerle es fugaz, y pronto estar\u00e1 repitiendo las mismas dudas ansiosas<\/b><span style=\"font-weight: 400;\">. Sin siquiera darnos cuenta, estaremos reforzando comportamientos ansiosos, al prestar m\u00e1s atenci\u00f3n al miedo que a la valent\u00eda.\u00a0\u00a0<\/span><\/p>\n<p><span style=\"font-weight: 400;\">En lugar de eso, <\/span><b>valida la preocupaci\u00f3n de tu hijo<\/b><span style=\"font-weight: 400;\"> y ali\u00e9ntalo activamente a responder muchas de sus propias preguntas sobre el miedo. S\u00f3lo ay\u00fadalo a expresarlo, y recuerda: los buenos detectives buscan pistas y evidencia para resolver un problema.\u00a0<\/span><\/p>\n<p><b><i><\/i><\/b><\/p>\n<ul>\n<li><b><i>\u00bfQu\u00e9 <\/i><\/b><strong><i>pas\u00f3<\/i><\/strong><b><i> la \u00faltima vez que estabas preocupado por esto?\u00a0<\/i><\/b><\/li>\n<\/ul>\n<ul>\n<li><strong>\u00bfHa sucedido algo malo antes?<\/strong><\/li>\n<\/ul>\n<ul>\n<li><strong>\u00bfQu\u00e9 tan probable es que esto sea malo?<\/strong><\/li>\n<\/ul>\n<ul>\n<li><strong>\u00bfQu\u00e9 podr\u00edas hacer para controlarlo si sucediera?<\/strong><\/li>\n<\/ul>\n<p><span style=\"font-weight: 400;\">Preguntas as\u00ed ayudar\u00e1n a tus hijos a resolver sus propios problemas, desarrollando un lenguaje y las estrategias necesarias para enfrentar sus preocupaciones y buscarles una soluci\u00f3n.\u00a0\u00a0<\/span><\/p>\n<p><span style=\"font-weight: 400;\"><\/span><\/p>\n<h3><b>MARCA OBJETIVOS Y EVITA LA EVASI\u00d3N\u00a0<\/b><\/h3>\n<p><span style=\"font-weight: 400;\">A medida que ayudes a tu hijo a ascender en la \u201cescala de valent\u00eda\u201d, establece expectativas claras y razonables basadas en las capacidades del ni\u00f1o o ni\u00f1a. Por m\u00e1s dif\u00edcil que sea, evita acudir a su rescate demasiado r\u00e1pido \u2013 esto podr\u00eda ense\u00f1arle que su miedo estaba justificado o que no es suficientemente competente como para manejarse en esa situaci\u00f3n.\u00a0<\/span><\/p>\n<p><span style=\"font-weight: 400;\"><\/span><\/p>\n<h3><b>DA EL EJEMPLO\u00a0<\/b><\/h3>\n<p><span style=\"font-weight: 400;\">La vida es dura, sobre todo en tiempos como los de ahora. Nos enfrentamos a pruebas y tribulaciones y somos s\u00f3lo humanos, pero la forma en que manejamos la incertidumbre, el cambio y la dificultad sirve como modelo para nuestros hijos, <\/span><b>un modelo de cu\u00e1les son nuestros valores y nuestra manera de enfrentar los momentos dif\u00edciles como familia<\/b><span style=\"font-weight: 400;\">.<\/span><\/p>\n<p><span style=\"font-weight: 400;\">Cuando demostramos flexibilidad ante situaciones inciertas, inesperadas o no deseadas, les ense\u00f1amos a nuestros hijos que existen m\u00faltiples formas de resolver un problema. Cuando nos acercamos a situaciones que nos asustan, a pesar de la incomodidad, modelamos la fortaleza y \u200b\u200bla voluntad necesarias para experimentar emociones negativas y superarlas. Las emociones negativas se consideran tolerables, temporales y parte de la vida. Ya no son aspectos de la existencia humana que deben evitarse a toda costa \u2013 dirigimos este barco a trav\u00e9s de aguas inciertas y llegaremos a la otra orilla, juntos como familia.<\/span><\/p>\n<p><span style=\"font-weight: 400;\">Podemos ayudar a nuestros ni\u00f1os a sobrellevar la presente adversidad del COVID-19. Si nos concentramos en la epidemia como una amenaza traum\u00e1tica, se convertir\u00e1 en un problema duradero. Pero,\u00a0<\/span><b>si estimulamos a los ni\u00f1os a ver la adversidad como un desaf\u00edo, ellos se volver\u00e1n m\u00e1s flexibles y capaces de lidiar con ella, seguir adelante, aprender y crecer<\/b><span style=\"font-weight: 400;\">.<\/span><\/p>\n<p><b>Algunos <\/b><a href=\"https:\/\/nziwr.co.nz\/wp-content\/uploads\/2020\/03\/NZIWR_Real-time_Resilience_Coping_with_Coronavirus.pdf\"><b>consejos de Resiliencia<\/b><\/a><b> para madres y padres:<\/b><\/p>\n<p><b>1. Enfoca tu atenci\u00f3n en lo bueno: <\/b><span style=\"font-weight: 400;\">en los peores momentos, es m\u00e1s importante que nunca que nuestra salud psicol\u00f3gica se sintonice con lo que a\u00fan es bueno en su mundo. Los psic\u00f3logos llaman a esto \u00abhallazgo de beneficios\u00bb y es una habilidad de resiliencia clave.\u00a0<\/span><\/p>\n<p><b>2. Busca a las personas y cosas que te hacen feliz: <\/b><span style=\"font-weight: 400;\">identifica diez emociones positivas diferentes entre amor, alegr\u00eda, gratitud, serenidad, inter\u00e9s, esperanza, orgullo, diversi\u00f3n, inspiraci\u00f3n y asombro. As\u00f3cialas con personas o cosas que te ayudan a revivirlas y ver\u00e1s c\u00f3mo alimentas tus d\u00edas de emociones positivas. Mejor si lo acompa\u00f1as con una buena charla con esas personas.<\/span><\/p>\n<p><b>3. Conc\u00e9ntrate en lo que importa y lo que puedes controlar<\/b><span style=\"font-weight: 400;\">. Concentra toda su atenci\u00f3n y recursos (psicol\u00f3gicos, sociales, f\u00edsicos, emocionales) en las cosas que importan y en las que realmente puedes influir. Es verdad, es f\u00e1cil de escribir, dif\u00edcil de hacer. Pero preocuparse por cosas que no puedes cambiar s\u00f3lo te molestar\u00e1 y frustrar\u00e1 a\u00fan m\u00e1s.<\/span><\/p>\n<p><b>4. Dale a tu cerebro unas vacaciones de Coronavirus<\/b><span style=\"font-weight: 400;\">. Evita que tu mente pase demasiado ocupada en el mismo tema y dale un descanso. Participa de actividades que te distraigan: un crucigrama, una nueva pel\u00edcula, cocinar una nueva receta, baila, escucha m\u00fasica, lee, juega a disfrazarse con los ni\u00f1os, dibuja o medita. Esta es la mejor manera de apagar nuestras mentes rumiantes, que de otra manera pueden verse superadas por las preocupaciones.<\/span><\/p>\n<p>[\/et_pb_text][et_pb_text _builder_version=\u00bb3.29.3&#8243; text_font_size=\u00bb13px\u00bb text_line_height=\u00bb0.6em\u00bb custom_margin=\u00bb-15px||||false|false\u00bb custom_padding=\u00bb34px|||||\u00bb text_font_size_phone=\u00bb11px\u00bb text_font_size_last_edited=\u00bbon|phone\u00bb _i=\u00bb1&#8243; _address=\u00bb4.0.0.1&#8243;]<\/p>\n<p style=\"text-align: center;\"><img loading=\"lazy\" decoding=\"async\" class=\"wp-image-608 alignnone size-full\" src=\"https:\/\/conectamutual.cl\/bienestar\/wp-content\/uploads\/2019\/10\/Imagen-equipo.png\" alt=\"\" width=\"91\" height=\"88\" \/><\/p>\n<p style=\"text-align: center;\"><strong>Por Equipo Espacio Mutuo<\/strong><\/p>\n<p style=\"text-align: center;\"><em>Mutual de Seguridad<\/em><\/p>\n<p>[\/et_pb_text][\/et_pb_column][\/et_pb_row][\/et_pb_section]<\/p>\n","protected":false},"excerpt":{"rendered":"<p>Actualmente vivimos un momento hist\u00f3rico, con todas las complicaciones y los miedos que eso conlleva. Y si piensas que s\u00f3lo t\u00fa est\u00e1s preocupado, te equivocas. Incluso los m\u00e1s peque\u00f1os ni\u00f1os y ni\u00f1as est\u00e1n asustados por la pandemia. Claro, quiz\u00e1s no teman perder su trabajo ni tengan pesadillas sobre la debilitada econom\u00eda global, pero su ansiedad [&hellip;]<\/p>\n","protected":false},"author":2,"featured_media":2264,"comment_status":"closed","ping_status":"closed","sticky":false,"template":"","format":"standard","meta":{"_et_pb_use_builder":"on","_et_pb_old_content":"","_et_gb_content_width":"","footnotes":""},"categories":[37],"tags":[],"class_list":["post-2155","post","type-post","status-publish","format-standard","has-post-thumbnail","hentry","category-nuevas-miradas","et-has-post-format-content","et_post_format-et-post-format-standard"],"_links":{"self":[{"href":"https:\/\/conectamutual.cl\/bienestar\/wp-json\/wp\/v2\/posts\/2155","targetHints":{"allow":["GET"]}}],"collection":[{"href":"https:\/\/conectamutual.cl\/bienestar\/wp-json\/wp\/v2\/posts"}],"about":[{"href":"https:\/\/conectamutual.cl\/bienestar\/wp-json\/wp\/v2\/types\/post"}],"author":[{"embeddable":true,"href":"https:\/\/conectamutual.cl\/bienestar\/wp-json\/wp\/v2\/users\/2"}],"replies":[{"embeddable":true,"href":"https:\/\/conectamutual.cl\/bienestar\/wp-json\/wp\/v2\/comments?post=2155"}],"version-history":[{"count":10,"href":"https:\/\/conectamutual.cl\/bienestar\/wp-json\/wp\/v2\/posts\/2155\/revisions"}],"predecessor-version":[{"id":2266,"href":"https:\/\/conectamutual.cl\/bienestar\/wp-json\/wp\/v2\/posts\/2155\/revisions\/2266"}],"wp:featuredmedia":[{"embeddable":true,"href":"https:\/\/conectamutual.cl\/bienestar\/wp-json\/wp\/v2\/media\/2264"}],"wp:attachment":[{"href":"https:\/\/conectamutual.cl\/bienestar\/wp-json\/wp\/v2\/media?parent=2155"}],"wp:term":[{"taxonomy":"category","embeddable":true,"href":"https:\/\/conectamutual.cl\/bienestar\/wp-json\/wp\/v2\/categories?post=2155"},{"taxonomy":"post_tag","embeddable":true,"href":"https:\/\/conectamutual.cl\/bienestar\/wp-json\/wp\/v2\/tags?post=2155"}],"curies":[{"name":"wp","href":"https:\/\/api.w.org\/{rel}","templated":true}]}}