{"id":2302,"date":"2020-05-04T10:52:10","date_gmt":"2020-05-04T14:52:10","guid":{"rendered":"https:\/\/conectamutual.cl\/bienestar\/?p=2302"},"modified":"2024-04-13T15:26:54","modified_gmt":"2024-04-13T19:26:54","slug":"tiempos-de-pandemia","status":"publish","type":"post","link":"https:\/\/conectamutual.cl\/bienestar\/espacios-de-reflexion\/tiempos-de-pandemia\/","title":{"rendered":"Tiempos de Pandemia: \u00bfaprenderemos a cambiar nosotros mismos?"},"content":{"rendered":"<p>[et_pb_section fb_built=\u00bb1&#8243; _builder_version=\u00bb3.29.3&#8243; custom_padding=\u00bb4px||0px|||\u00bb fb_built=\u00bb1&#8243; _i=\u00bb0&#8243; _address=\u00bb0&#8243;][et_pb_row _builder_version=\u00bb3.29.3&#8243; min_height=\u00bb102px\u00bb custom_margin_phone=\u00bb20px||||false|false\u00bb custom_margin_last_edited=\u00bbon|phone\u00bb custom_padding=\u00bb34px||10px|||\u00bb _i=\u00bb0&#8243; _address=\u00bb0.0&#8243;][et_pb_column type=\u00bb4_4&#8243; _builder_version=\u00bb3.29.3&#8243; _i=\u00bb0&#8243; _address=\u00bb0.0.0&#8243;][et_pb_image src=\u00bbhttps:\/\/conectamutual.cl\/bienestar\/wp-content\/uploads\/2020\/04\/Reflexiones-Gerente-01.png\u00bb align=\u00bbcenter\u00bb disabled_on=\u00bboff|off|off\u00bb _builder_version=\u00bb3.29.3&#8243; width=\u00bb38%\u00bb width_phone=\u00bb95%\u00bb width_last_edited=\u00bbon|phone\u00bb custom_margin=\u00bb||20px||false|false\u00bb _i=\u00bb0&#8243; _address=\u00bb0.0.0.0&#8243;][\/et_pb_image][\/et_pb_column][\/et_pb_row][\/et_pb_section][et_pb_section fb_built=\u00bb1&#8243; _builder_version=\u00bb3.29.3&#8243; custom_padding=\u00bb1px||0px|||\u00bb fb_built=\u00bb1&#8243; _i=\u00bb1&#8243; _address=\u00bb1&#8243;][et_pb_row _builder_version=\u00bb3.29.3&#8243; custom_padding=\u00bb0px||1px|||\u00bb _i=\u00bb0&#8243; _address=\u00bb1.0&#8243;][et_pb_column type=\u00bb4_4&#8243; _builder_version=\u00bb3.29.3&#8243; _i=\u00bb0&#8243; _address=\u00bb1.0.0&#8243;][et_pb_image src=\u00bbhttps:\/\/conectamutual.cl\/bienestar\/wp-content\/uploads\/2020\/04\/Felipe-Bunster.png\u00bb align=\u00bbcenter\u00bb _builder_version=\u00bb3.29.3&#8243; width=\u00bb30%\u00bb width_phone=\u00bb22%\u00bb width_last_edited=\u00bbon|phone\u00bb custom_margin=\u00bb0px||||false|false\u00bb _i=\u00bb0&#8243; _address=\u00bb1.0.0.0&#8243;][\/et_pb_image][et_pb_text _builder_version=\u00bb3.29.3&#8243; text_font_size=\u00bb14px\u00bb custom_margin=\u00bb||21px|||\u00bb _i=\u00bb1&#8243; _address=\u00bb1.0.0.1&#8243;]<\/p>\n<p style=\"text-align: center;\"><strong>Felipe Bunster<\/strong> | <em>Gerente General Mutual de Seguridad<\/em><\/p>\n<p>[\/et_pb_text][\/et_pb_column][\/et_pb_row][\/et_pb_section][et_pb_section fb_built=\u00bb1&#8243; _builder_version=\u00bb3.29.3&#8243; custom_padding=\u00bb15px||1px|||\u00bb fb_built=\u00bb1&#8243; _i=\u00bb2&#8243; _address=\u00bb2&#8243;][et_pb_row _builder_version=\u00bb3.29.3&#8243; custom_padding=\u00bb3px||36px|||\u00bb _i=\u00bb0&#8243; _address=\u00bb2.0&#8243;][et_pb_column type=\u00bb4_4&#8243; _builder_version=\u00bb3.29.3&#8243; _i=\u00bb0&#8243; _address=\u00bb2.0.0&#8243;][et_pb_post_title comments=\u00bboff\u00bb featured_image=\u00bboff\u00bb _builder_version=\u00bb3.29.3&#8243; title_font=\u00bbMontserrat|700|||||||\u00bb title_text_align=\u00bbcenter\u00bb title_text_color=\u00bb#c4d600&#8243; title_font_size=\u00bb54px\u00bb title_line_height=\u00bb1.1em\u00bb meta_font=\u00bbMontserrat||||||||\u00bb meta_text_align=\u00bbcenter\u00bb meta_font_size=\u00bb12px\u00bb title_font_size_phone=\u00bb30px\u00bb title_font_size_last_edited=\u00bbon|phone\u00bb meta_font_size_phone=\u00bb10px\u00bb meta_font_size_last_edited=\u00bbon|phone\u00bb _i=\u00bb0&#8243; _address=\u00bb2.0.0.0&#8243;][\/et_pb_post_title][\/et_pb_column][\/et_pb_row][\/et_pb_section][et_pb_section fb_built=\u00bb1&#8243; _builder_version=\u00bb3.29.3&#8243; background_image=\u00bbhttps:\/\/conectamutual.cl\/bienestar\/wp-content\/uploads\/2020\/05\/adult-business.jpg\u00bb parallax=\u00bbon\u00bb custom_padding=\u00bb104px||107px|||\u00bb fb_built=\u00bb1&#8243; _i=\u00bb3&#8243; _address=\u00bb3&#8243;][et_pb_row _builder_version=\u00bb3.29.3&#8243; _i=\u00bb0&#8243; _address=\u00bb3.0&#8243;][et_pb_column type=\u00bb4_4&#8243; _builder_version=\u00bb3.29.3&#8243; _i=\u00bb0&#8243; _address=\u00bb3.0.0&#8243;][\/et_pb_column][\/et_pb_row][\/et_pb_section][et_pb_section fb_built=\u00bb1&#8243; _builder_version=\u00bb3.29.3&#8243; custom_padding=\u00bb11px||8px|||\u00bb fb_built=\u00bb1&#8243; _i=\u00bb4&#8243; _address=\u00bb4&#8243;][et_pb_row _builder_version=\u00bb3.29.3&#8243; custom_padding=\u00bb9px|||||\u00bb _i=\u00bb0&#8243; _address=\u00bb4.0&#8243;][et_pb_column type=\u00bb4_4&#8243; _builder_version=\u00bb3.29.3&#8243; custom_padding=\u00bb|110px||110px|false|false\u00bb custom_padding_phone=\u00bb|10px||10px|false|false\u00bb custom_padding_last_edited=\u00bbon|phone\u00bb _i=\u00bb0&#8243; _address=\u00bb4.0.0&#8243;][et_pb_text _builder_version=\u00bb3.29.3&#8243; text_font_size=\u00bb17px\u00bb text_line_height=\u00bb2.1em\u00bb header_2_text_color=\u00bb#c4d600&#8243; custom_margin_last_edited=\u00bbon|phone\u00bb custom_padding=\u00bb0px|0px||0px|false|false\u00bb text_font_size_phone=\u00bb16px\u00bb text_font_size_last_edited=\u00bbon|phone\u00bb text_line_height_phone=\u00bb1.9em\u00bb text_line_height_last_edited=\u00bbon|phone\u00bb header_2_font_size_phone=\u00bb23px\u00bb header_2_font_size_last_edited=\u00bbon|phone\u00bb _i=\u00bb0&#8243; _address=\u00bb4.0.0.0&#8243;]<\/p>\n<blockquote>\n<p><span style=\"font-weight: 400;\">Hoy estamos en medio de una pandemia y es deber de todos colaborar para vencerla. Por eso cada uno debe asumir responsabilidades, sin ver el beneficio pol\u00edtico o econ\u00f3mico que pueda tener. Por eso, me resulta triste ver c\u00f3mo algunos se desgastan en ataques y duras cr\u00edticas, en vez de <strong>contribuir arduamente a que como pa\u00eds bajemos la tasa de contagios y de paso ayudemos a salvar vidas<\/strong>, logrando as\u00ed controlar esta pandemia.\u00a0<\/span><\/p>\n<\/blockquote>\n<p><span style=\"font-weight: 400;\">Me parece a lo menos ins\u00f3lito que altas ex autoridades y pol\u00edticos hayan salido en defensa de aquellos que han vulnerado cuarentenas, siempre viendo la conveniencia. Y otros, antes de que la curva de contagios tienda a aplanarse ya est\u00e9n discutiendo el cronograma electoral, \u00bfSabr\u00e1n ellos qu\u00e9 va a pasar en nuestro pa\u00eds en los pr\u00f3ximos meses? \u00bftenemos el futuro asegurado?\u00a0<\/span><\/p>\n<p><b>Esta pandemia nos est\u00e1 ense\u00f1ando mucho<\/b><span style=\"font-weight: 400;\">, desde que era aplicable y productivo el trabajo remoto, que es factible la ayuda colaborativa entre pa\u00edses, empresas y partidos pol\u00edticos y tantas otras cosas positivas que, sin duda, debemos destacar y tener presente una vez finalizada esta contingencia. Pero tambi\u00e9n existe un lado negativo, ya que aprenderemos a conocer a los que predican y practican la irresponsabilidad, evidenciando que quienes gozan de la relativa comodidad de recibir un sueldo fijo cada 30 d\u00edas, no son capaces de entender las penurias de aquellos que d\u00eda a d\u00eda tienen que salir a trabajar para alimentar a los suyos, para sobrevivir.\u00a0<\/span><\/p>\n<p><span style=\"font-weight: 400;\">Para superar el Covid-19 debemos trabajar en conjunto todos, dejando atr\u00e1s credos y costumbres con el \u00fanico objetivo de vencer la pandemia. Dejemos las quejas y reclamos para despu\u00e9s. Las decisiones que se adoptan d\u00eda a d\u00eda en materia sanitaria ser\u00e1n complejas, porque al ser un virus reciente no gozamos de historia que nos entregue verdades absolutas. Estas decisiones deben ser valoradas y respetadas, porque son tomadas con responsabilidad, tras evaluar numerosas variables que han de considerarse antes de tomar decisiones complejas.\u00a0<\/span><\/p>\n<p><span style=\"font-weight: 400;\">Hoy m\u00e1s que nunca, <\/span><b>el bien com\u00fan consiste en resguardar nuestras vidas<\/b><span style=\"font-weight: 400;\"> y para ello debemos partir con la responsabilidad absoluta al interior de los hogares. Por una parte, se hace obligatorio que cada uno respete las medidas impuestas (cuarentenas, cordones sanitarios, toque de queda) y asuma la responsabilidad cuando deba salir para algo impostergable, sin usar los permisos temporales sin control. Estar en cuarentena o con distanciamiento f\u00edsico, nos obliga a quedarnos en nuestras casas y no visitar a los vecinos. Pero adem\u00e1s, existe la responsabilidad de decidir c\u00f3mo informarnos. Creer a ojos cerrados lo que nos muestran las redes sociales es sin duda un riesgo, pero tambi\u00e9n hay una tremenda responsabilidad en la labor de los medios de comunicaci\u00f3n para evitar predisponer a la opini\u00f3n p\u00fablica y opinar como expertos, cuando no necesariamente lo son, cuestionar decisiones sin contar con estudios o especialidad alguna. Todos, sin excepci\u00f3n, queremos que todo esto pase y que pase pronto.<\/span><\/p>\n<p><b>La OMS explic\u00f3 recientemente que la etapa que llegar\u00e1 en un par de semanas m\u00e1s, no se trata de una vuelta a la realidad que ten\u00edamos antes, sino que \u201cal mantenimiento de vigilancia epidemiol\u00f3gica, tests diagn\u00f3sticos, en fin,\u00a0 una serie de acciones para lograr que las olas siguientes puedan ser controladas y suaves\u201d<\/b><span style=\"font-weight: 400;\">. En esta misma l\u00ednea se\u00f1ala que es necesario empezar a tener presente que tendremos una \u201cnueva econom\u00eda mundial post Covid-19\u201d, marcada por la importante recesi\u00f3n econ\u00f3mica en la cual ya hay agencias financieras y econ\u00f3micas trabajando para que esta pandemia no se traduzca en hambruna, falta de medicamentos, falta de cuidados m\u00e9dicos, una baja importante en la calidad de vida, desempleo, entre otros; es decir, que los efectos de \u00e9sta sean lo menos agresivos posible.<\/span><\/p>\n<p><span style=\"font-weight: 400;\">Por todo lo anterior, la vida pre Covid-19 nos parece a veces algo lejano, que a\u00f1oramos profundamente y que en cierta medida no nos resignamos a perder. Lo que como pa\u00eds nos cuestionamos a partir del 18 de octubre,\u00a0 hoy en mayo pareciera que fue hace d\u00e9cadas. Pero, desde mi punto de vista, independiente de la fecha y forma en la cual vayamos retomando la vida, esta pandemia sin precedentes dejar\u00e1 huella. Nada pasar\u00e1 inadvertido. En estos cerca de 50 d\u00edas hemos adoptado de forma voluntaria o forzada nuevas costumbres y h\u00e1bitos, dejando de lado algunas actividades o pasatiempos. Buscaremos adoptar las medidas para no volver a recaer en la misma, o bien, si no logramos superarla del todo, hay cosas que se ven absolutamente imposibles de retomar.\u00a0<\/span><\/p>\n<p><span style=\"font-weight: 400;\">Aclaro que soy un convencido que en cualquier caso, como humanidad lograremos adaptarnos, cambiar y adecuarnos. Este cambio ser\u00e1 a todo nivel: personal, familiar, laboral y como sociedad. Sin \u00e1nimo de exagerar y sin ser jam\u00e1s pesimista respecto de lo que viene, el mundo a partir del Covid-19 cambiar\u00e1, pero por muy dolorosos que se vean en el corto plazo muchos de los cambios, siempre son para mejor. Muchas cosas que hasta ahora han sido posibles, quiz\u00e1s no lo ser\u00e1n m\u00e1s. Lo \u00fanico imposible es resistirse a los cambios, a no modificar nuestras conductas evolucionando o transformando nuestro d\u00eda a d\u00eda. <\/span><b>Este cambio necesario nos llevar\u00e1 a vivir la vida de otra forma y adem\u00e1s a verla desde otra perspectiva, valorando cosas que antes no ponder\u00e1bamos tanto<\/b><span style=\"font-weight: 400;\">, as\u00ed como dejar de perseguir cuestiones que nos produc\u00edan una falsa felicidad.\u00a0<\/span><\/p>\n<p><span style=\"font-weight: 400;\">Creo que hay pocas citas m\u00e1s indicadas para los tiempos que actualmente estamos viviendo tanto en Chile como en el Mundo, como la del autor austriaco, Viktor Frankl que en su obra \u201cEl hombre en busca de sentido\u201d, se\u00f1ala que <\/span><b>\u201ccuando ya no somos capaces de cambiar una situaci\u00f3n, nos encontramos ante el desaf\u00edo de cambiarnos a nosotros mismos\u201d<\/b><span style=\"font-weight: 400;\">.<\/span><\/p>\n<p>&nbsp;<\/p>\n<p>[\/et_pb_text][\/et_pb_column][\/et_pb_row][\/et_pb_section]<\/p>\n","protected":false},"excerpt":{"rendered":"<p>Felipe Bunster | Gerente General Mutual de Seguridad Hoy estamos en medio de una pandemia y es deber de todos colaborar para vencerla. Por eso cada uno debe asumir responsabilidades, sin ver el beneficio pol\u00edtico o econ\u00f3mico que pueda tener. Por eso, me resulta triste ver c\u00f3mo algunos se desgastan en ataques y duras cr\u00edticas, [&hellip;]<\/p>\n","protected":false},"author":2,"featured_media":2459,"comment_status":"closed","ping_status":"closed","sticky":false,"template":"","format":"standard","meta":{"_et_pb_use_builder":"on","_et_pb_old_content":"","_et_gb_content_width":"","footnotes":""},"categories":[27,699],"tags":[],"class_list":["post-2302","post","type-post","status-publish","format-standard","has-post-thumbnail","hentry","category-espacios-de-reflexion","category-opinion-experta","et-has-post-format-content","et_post_format-et-post-format-standard"],"_links":{"self":[{"href":"https:\/\/conectamutual.cl\/bienestar\/wp-json\/wp\/v2\/posts\/2302","targetHints":{"allow":["GET"]}}],"collection":[{"href":"https:\/\/conectamutual.cl\/bienestar\/wp-json\/wp\/v2\/posts"}],"about":[{"href":"https:\/\/conectamutual.cl\/bienestar\/wp-json\/wp\/v2\/types\/post"}],"author":[{"embeddable":true,"href":"https:\/\/conectamutual.cl\/bienestar\/wp-json\/wp\/v2\/users\/2"}],"replies":[{"embeddable":true,"href":"https:\/\/conectamutual.cl\/bienestar\/wp-json\/wp\/v2\/comments?post=2302"}],"version-history":[{"count":21,"href":"https:\/\/conectamutual.cl\/bienestar\/wp-json\/wp\/v2\/posts\/2302\/revisions"}],"predecessor-version":[{"id":2456,"href":"https:\/\/conectamutual.cl\/bienestar\/wp-json\/wp\/v2\/posts\/2302\/revisions\/2456"}],"wp:featuredmedia":[{"embeddable":true,"href":"https:\/\/conectamutual.cl\/bienestar\/wp-json\/wp\/v2\/media\/2459"}],"wp:attachment":[{"href":"https:\/\/conectamutual.cl\/bienestar\/wp-json\/wp\/v2\/media?parent=2302"}],"wp:term":[{"taxonomy":"category","embeddable":true,"href":"https:\/\/conectamutual.cl\/bienestar\/wp-json\/wp\/v2\/categories?post=2302"},{"taxonomy":"post_tag","embeddable":true,"href":"https:\/\/conectamutual.cl\/bienestar\/wp-json\/wp\/v2\/tags?post=2302"}],"curies":[{"name":"wp","href":"https:\/\/api.w.org\/{rel}","templated":true}]}}