{"id":2876,"date":"2020-06-05T09:26:02","date_gmt":"2020-06-05T13:26:02","guid":{"rendered":"https:\/\/conectamutual.cl\/bienestar\/?p=2876"},"modified":"2020-06-07T16:27:35","modified_gmt":"2020-06-07T20:27:35","slug":"fatiga-zoom-la-lucha-entre-hiperactividad-y-descanso-durante-el-confinamiento","status":"publish","type":"post","link":"https:\/\/conectamutual.cl\/bienestar\/empresas-que-cambian\/fatiga-zoom-la-lucha-entre-hiperactividad-y-descanso-durante-el-confinamiento\/","title":{"rendered":"\u00abFatiga Zoom\u00bb: La lucha entre hiperactividad y descanso durante el confinamiento."},"content":{"rendered":"<p>[et_pb_section fb_built=\u00bb1&#8243; _builder_version=\u00bb3.29.3&#8243; custom_padding=\u00bb4px||0px|||\u00bb fb_built=\u00bb1&#8243; _i=\u00bb0&#8243; _address=\u00bb0&#8243;][et_pb_row _builder_version=\u00bb3.29.3&#8243; min_height=\u00bb102px\u00bb custom_margin_phone=\u00bb20px||||false|false\u00bb custom_margin_last_edited=\u00bbon|phone\u00bb custom_padding=\u00bb34px||10px|||\u00bb _i=\u00bb0&#8243; _address=\u00bb0.0&#8243;][et_pb_column type=\u00bb4_4&#8243; _builder_version=\u00bb3.29.3&#8243; _i=\u00bb0&#8243; _address=\u00bb0.0.0&#8243;][et_pb_image src=\u00bbhttps:\/\/conectamutual.cl\/bienestar\/wp-content\/uploads\/2019\/12\/LOGOS-CATEGORIAS-04.png\u00bb align=\u00bbcenter\u00bb disabled_on=\u00bboff|off|off\u00bb _builder_version=\u00bb3.29.3&#8243; width=\u00bb56%\u00bb width_phone=\u00bb95%\u00bb width_last_edited=\u00bbon|phone\u00bb hover_enabled=\u00bb0&#8243; _i=\u00bb0&#8243; _address=\u00bb0.0.0.0&#8243;][\/et_pb_image][\/et_pb_column][\/et_pb_row][\/et_pb_section][et_pb_section fb_built=\u00bb1&#8243; _builder_version=\u00bb3.29.3&#8243; custom_padding=\u00bb1px||0px|||\u00bb fb_built=\u00bb1&#8243; _i=\u00bb1&#8243; _address=\u00bb1&#8243;][et_pb_row _builder_version=\u00bb3.29.3&#8243; custom_padding=\u00bb0px||5px|||\u00bb _i=\u00bb0&#8243; _address=\u00bb1.0&#8243;][et_pb_column type=\u00bb4_4&#8243; _builder_version=\u00bb3.29.3&#8243; _i=\u00bb0&#8243; _address=\u00bb1.0.0&#8243;][et_pb_image src=\u00bbhttps:\/\/conectamutual.cl\/bienestar\/wp-content\/uploads\/2019\/10\/Logo-Espacio-Mutuo-02.png\u00bb align=\u00bbcenter\u00bb _builder_version=\u00bb3.29.3&#8243; width=\u00bb13%\u00bb width_phone=\u00bb22%\u00bb width_last_edited=\u00bbon|phone\u00bb custom_margin=\u00bb0px||||false|false\u00bb _i=\u00bb0&#8243; _address=\u00bb1.0.0.0&#8243;][\/et_pb_image][\/et_pb_column][\/et_pb_row][\/et_pb_section][et_pb_section fb_built=\u00bb1&#8243; _builder_version=\u00bb3.29.3&#8243; custom_padding=\u00bb15px||1px|||\u00bb fb_built=\u00bb1&#8243; _i=\u00bb2&#8243; _address=\u00bb2&#8243;][et_pb_row _builder_version=\u00bb3.29.3&#8243; custom_padding=\u00bb3px||36px|||\u00bb _i=\u00bb0&#8243; _address=\u00bb2.0&#8243;][et_pb_column type=\u00bb4_4&#8243; _builder_version=\u00bb3.29.3&#8243; _i=\u00bb0&#8243; _address=\u00bb2.0.0&#8243;][et_pb_post_title comments=\u00bboff\u00bb featured_image=\u00bboff\u00bb _builder_version=\u00bb3.29.3&#8243; title_font=\u00bbMontserrat|700|||||||\u00bb title_text_align=\u00bbcenter\u00bb title_text_color=\u00bb#c4d600&#8243; title_font_size=\u00bb54px\u00bb title_line_height=\u00bb1.1em\u00bb meta_font=\u00bbMontserrat||||||||\u00bb meta_text_align=\u00bbcenter\u00bb meta_font_size=\u00bb12px\u00bb title_font_size_phone=\u00bb30px\u00bb title_font_size_last_edited=\u00bbon|phone\u00bb meta_font_size_phone=\u00bb10px\u00bb meta_font_size_last_edited=\u00bbon|phone\u00bb _i=\u00bb0&#8243; _address=\u00bb2.0.0.0&#8243;][\/et_pb_post_title][\/et_pb_column][\/et_pb_row][\/et_pb_section][et_pb_section fb_built=\u00bb1&#8243; fullwidth=\u00bbon\u00bb _builder_version=\u00bb3.29.3&#8243; fb_built=\u00bb1&#8243; _i=\u00bb3&#8243; _address=\u00bb3&#8243;][et_pb_fullwidth_image src=\u00bbhttps:\/\/conectamutual.cl\/bienestar\/wp-content\/uploads\/2020\/06\/woman-leaning-on-her-table-4064174.jpg\u00bb _builder_version=\u00bb3.29.3&#8243; custom_padding=\u00bb0px|||||\u00bb _i=\u00bb0&#8243; _address=\u00bb3.0&#8243;][\/et_pb_fullwidth_image][\/et_pb_section][et_pb_section fb_built=\u00bb1&#8243; _builder_version=\u00bb3.29.3&#8243; custom_padding=\u00bb||8px|||\u00bb fb_built=\u00bb1&#8243; _i=\u00bb4&#8243; _address=\u00bb4&#8243;][et_pb_row _builder_version=\u00bb3.29.3&#8243; custom_padding=\u00bb9px|||||\u00bb _i=\u00bb0&#8243; _address=\u00bb4.0&#8243;][et_pb_column type=\u00bb4_4&#8243; _builder_version=\u00bb3.29.3&#8243; custom_padding=\u00bb|110px||110px|false|false\u00bb custom_padding_phone=\u00bb|10px||10px|false|false\u00bb custom_padding_last_edited=\u00bbon|phone\u00bb _i=\u00bb0&#8243; _address=\u00bb4.0.0&#8243;][et_pb_text _builder_version=\u00bb3.29.3&#8243; text_font_size=\u00bb17px\u00bb text_line_height=\u00bb2.1em\u00bb header_2_text_color=\u00bb#c4d600&#8243; custom_margin_last_edited=\u00bbon|phone\u00bb custom_padding=\u00bb|0px||0px|false|false\u00bb text_font_size_phone=\u00bb16px\u00bb text_font_size_last_edited=\u00bbon|phone\u00bb text_line_height_phone=\u00bb1.9em\u00bb text_line_height_last_edited=\u00bbon|phone\u00bb header_2_font_size_phone=\u00bb23px\u00bb header_2_font_size_last_edited=\u00bbon|phone\u00bb _i=\u00bb0&#8243; _address=\u00bb4.0.0.0&#8243;]<\/p>\n<blockquote><p>La pandemia del coronavirus y los extensos confinamientos a nivel nacional, especialmente en la Regi\u00f3n Metropolitana, generaron un brusco cambio en la realidad de miles de personas que pasaron de una rutina ya establecida, de trabajo y conexi\u00f3n presencial, a una nueva modalidad donde la vida personal \u2013ver a nuestros seres queridos y amigos\u2013 y el trabajo remoto, nos llev\u00f3 a usar las videollamadas como principal herramienta para conectarnos con el mundo.<\/p><\/blockquote>\n<p>Sin embargo, despu\u00e9s de varias semanas de tener una pantalla como el \u00fanico punto de conexi\u00f3n con la realidad, las personas comienzan a evidenciar un nuevo tipo de cansancio que se ha comenzado a denominar <strong>la \u00abfatiga Zoom\u00bb: el agotamiento frente a la hiperconectividad y que puede derivar en la alteraci\u00f3n del sue\u00f1o y la sensaci\u00f3n de falta de descanso. <\/strong><\/p>\n<p>Y es que <strong>no est\u00e1bamos preparados para esto.<\/strong> La pandemia nos empuj\u00f3 a cambiar lo presencial por lo remoto para protegernos del Covid-19 y quienes no han avanzado en ajustar sus rutinas, se pueden ver afectados por los problemas derivados del manejo del tiempo y el uso de pantallas.<\/p>\n<p>Seg\u00fan un estudio realizado por Mutual de Seguridad junto a Cadem, un 63% de los trabajadores, valora la oportunidad de hacer teletrabajo en momentos de una crisis de esta magnitud, pero tambi\u00e9n la mitad de los entrevistados tiene <strong>la percepci\u00f3n de realizar m\u00e1s tareas desde la casa que en su lugar de trabajo habitual. <\/strong><\/p>\n<p>En ese sentido, estudios como el realizado por la Asociaci\u00f3n Americana de Psicolog\u00eda (APA por sus siglas en ingl\u00e9s), agregan que <strong>una conectividad mal encausada, puede generar consecuencias negativas, como sentirnos \u00abatados al trabajo\u00bb<\/strong> o percibir que, aunque hagamos las mismas tareas que antes, al no descansar bien, las cargas se sienten m\u00e1s pesadas.<\/p>\n<p>Adem\u00e1s, hoy en d\u00eda las videollamadas tambi\u00e9n se extendieron a la hora de socializar con amigos o comunicarse con seres queridos, generando una presi\u00f3n sobre las personas en t\u00e9rminos digitales.<\/p>\n<p>Tomando en cuenta esos antecedentes, y que se estima que continuaremos al menos por varias semanas m\u00e1s viviendo este contexto debido al avance de la pandemia, <strong>Mutual de Seguridad entrega una orientaci\u00f3n para regular la forma en que podemos vincularnos con otros en forma virtual y, sobre todo, reducir los efectos nocivos en el sue\u00f1o que provoca la hiperconectividad.<\/strong> As\u00ed mantendremos el bienestar psicol\u00f3gico que necesitamos hasta salir todos juntos de esto.<\/p>\n<h2><strong>El secreto est\u00e1 en dosificar la exposici\u00f3n a la luz <\/strong><\/h2>\n<p>\u00bfExiste una relaci\u00f3n entre la sobre exposici\u00f3n a las pantallas y la percepci\u00f3n de cansancio? As\u00ed es. La Escuela de Medicina de Harvard identific\u00f3 que la<strong> luz azul que emiten las pantallas suprime la s\u00edntesis de melatonina, que es la hormona del sue\u00f1o.<\/strong> Si bien esta luz azul tiene efectos positivos como aumentar la atenci\u00f3n, los tiempos de reacci\u00f3n y el estado de \u00e1nimo, exponerse m\u00e1s de 6,5 horas, puede provocar insomnio. Eso es lo que muchos estamos experimentando en estos tiempos de Covid, con s\u00edntomas como cansancio durante el d\u00eda, mal humor e irritabilidad, m\u00e1s ahora que estamos en cuarentena.<\/p>\n<p>Frente a esto, es importante tener conciencia de cu\u00e1ntas horas pasamos expuestos a esta luz de las pantallas, de manera de <strong>establecer pausas de 10 minutos por cada hora<\/strong> y usar opciones como el ajuste de la opci\u00f3n de \u00abmodo nocturno\u00bb.<\/p>\n<h2><strong>Diversifica los canales de comunicaci\u00f3n <\/strong><\/h2>\n<p>No todos tienen la misma tolerancia a los cambios de rutina, pero debemos intentarlo, conscientes de que esto nos ayudar\u00e1 a reducir la ansiedad natural que nos provoca esta pandemia, sobre todo en la exposici\u00f3n a las pantallas. <strong>Para eso, considera ir alternando las plataformas tecnol\u00f3gicas que usas. No todo tiene que ser una videollamada,<\/strong> ya que puedes llamar por tel\u00e9fono, pararte del lugar en que est\u00e1s trabajando y aprovechar de distender la posici\u00f3n de tu cuerpo. Un estudio encontr\u00f3 que, durante una llamada de solo voz, los participantes transmitieron informaci\u00f3n de manera m\u00e1s precisa que durante una llamada de video. Las personas reparan en explicar mejor, sin la presi\u00f3n que provoca verse expuesto a mostrar su imagen a otros.<\/p>\n<h2><strong>M\u00e1s orden en la alimentaci\u00f3n<\/strong><\/h2>\n<p>La alteraci\u00f3n de la melatonina que provocan las pantallas tambi\u00e9n afecta la sensaci\u00f3n de estar satisfechos al alimentarnos y si se desbalancea, dan ganas de comer. Es por eso que no descansar bien puede, en extremo, llevarnos a desarrollar sobrepeso y hasta diabetes y por eso <strong>es clave tener horarios de alimentaci\u00f3n definidos,<\/strong> evitar la cafe\u00edna durante la tarde y realizar tu \u00faltima comida del d\u00eda dos horas antes de irte a dormir.<\/p>\n<h2><strong>Preparaci\u00f3n consciente del momento de dormir<\/strong><\/h2>\n<p><strong>Una hora y media antes de ir a la cama puedes hacer actividades m\u00e1s relajantes,<\/strong> lejos de herramientas tecnol\u00f3gicas, usando luz m\u00e1s baja, idealmente c\u00e1lida, leer, darte un ba\u00f1o, o escuchar m\u00fasica de relajaci\u00f3n. Vuelve a usar las llamadas telef\u00f3nicas para ponerte al tanto de lo que pasa con tus familiares y amigos y cuando vayas a dormir, recuerda apartar tu celular y busca que, idealmente, la habitaci\u00f3n est\u00e9 en completa oscuridad.<\/p>\n<p><a href=\"https:\/\/www.emol.com\/noticias\/Tendencias\/2020\/06\/04\/988191\/fatiga-zoom-cuarentena-consejos-mutual.html\"><strong>Art\u00edculo de Emol.com<\/strong><\/a> <strong>publicado en colaboraci\u00f3n con Espacio Mutuo.<\/strong><br \/>\n[\/et_pb_text][et_pb_text _builder_version=\u00bb3.29.3&#8243; text_font_size=\u00bb13px\u00bb text_line_height=\u00bb0.6em\u00bb custom_margin=\u00bb-15px||||false|false\u00bb custom_padding=\u00bb34px|||||\u00bb text_font_size_phone=\u00bb11px\u00bb text_font_size_last_edited=\u00bbon|phone\u00bb _i=\u00bb1&#8243; _address=\u00bb4.0.0.1&#8243;]<\/p>\n<p style=\"text-align: center;\"><img loading=\"lazy\" decoding=\"async\" class=\"wp-image-608 alignnone size-full\" src=\"https:\/\/conectamutual.cl\/bienestar\/wp-content\/uploads\/2019\/10\/Imagen-equipo.png\" alt=\"\" width=\"91\" height=\"88\" \/><\/p>\n<p style=\"text-align: center;\"><strong>Por Equipo Espacio Mutuo<\/strong><\/p>\n<p style=\"text-align: center;\"><em>Mutual de Seguridad<\/em><\/p>\n<p>[\/et_pb_text][\/et_pb_column][\/et_pb_row][\/et_pb_section]<\/p>\n","protected":false},"excerpt":{"rendered":"<p>La pandemia del coronavirus y los extensos confinamientos a nivel nacional, especialmente en la Regi\u00f3n Metropolitana, generaron un brusco cambio en la realidad de miles de personas que pasaron de una rutina ya establecida, de trabajo y conexi\u00f3n presencial, a una nueva modalidad donde la vida personal \u2013ver a nuestros seres queridos y amigos\u2013 y [&hellip;]<\/p>\n","protected":false},"author":2,"featured_media":2879,"comment_status":"closed","ping_status":"closed","sticky":false,"template":"","format":"standard","meta":{"_et_pb_use_builder":"on","_et_pb_old_content":"","_et_gb_content_width":"","footnotes":""},"categories":[26],"tags":[],"class_list":["post-2876","post","type-post","status-publish","format-standard","has-post-thumbnail","hentry","category-empresas-que-cambian","et-has-post-format-content","et_post_format-et-post-format-standard"],"_links":{"self":[{"href":"https:\/\/conectamutual.cl\/bienestar\/wp-json\/wp\/v2\/posts\/2876","targetHints":{"allow":["GET"]}}],"collection":[{"href":"https:\/\/conectamutual.cl\/bienestar\/wp-json\/wp\/v2\/posts"}],"about":[{"href":"https:\/\/conectamutual.cl\/bienestar\/wp-json\/wp\/v2\/types\/post"}],"author":[{"embeddable":true,"href":"https:\/\/conectamutual.cl\/bienestar\/wp-json\/wp\/v2\/users\/2"}],"replies":[{"embeddable":true,"href":"https:\/\/conectamutual.cl\/bienestar\/wp-json\/wp\/v2\/comments?post=2876"}],"version-history":[{"count":6,"href":"https:\/\/conectamutual.cl\/bienestar\/wp-json\/wp\/v2\/posts\/2876\/revisions"}],"predecessor-version":[{"id":2886,"href":"https:\/\/conectamutual.cl\/bienestar\/wp-json\/wp\/v2\/posts\/2876\/revisions\/2886"}],"wp:featuredmedia":[{"embeddable":true,"href":"https:\/\/conectamutual.cl\/bienestar\/wp-json\/wp\/v2\/media\/2879"}],"wp:attachment":[{"href":"https:\/\/conectamutual.cl\/bienestar\/wp-json\/wp\/v2\/media?parent=2876"}],"wp:term":[{"taxonomy":"category","embeddable":true,"href":"https:\/\/conectamutual.cl\/bienestar\/wp-json\/wp\/v2\/categories?post=2876"},{"taxonomy":"post_tag","embeddable":true,"href":"https:\/\/conectamutual.cl\/bienestar\/wp-json\/wp\/v2\/tags?post=2876"}],"curies":[{"name":"wp","href":"https:\/\/api.w.org\/{rel}","templated":true}]}}