{"id":4218,"date":"2020-09-28T11:13:12","date_gmt":"2020-09-28T14:13:12","guid":{"rendered":"https:\/\/conectamutual.cl\/bienestar\/?p=4218"},"modified":"2020-10-03T00:00:21","modified_gmt":"2020-10-03T03:00:21","slug":"huilo-huilo-nacio-desde-la-admiracion-del-amor-profundo-por-el-territorio","status":"publish","type":"post","link":"https:\/\/conectamutual.cl\/bienestar\/nuevas-miradas\/huilo-huilo-nacio-desde-la-admiracion-del-amor-profundo-por-el-territorio\/","title":{"rendered":"Huilo Huilo naci\u00f3 desde la admiraci\u00f3n del amor profundo por el territorio"},"content":{"rendered":"<p>[et_pb_section fb_built=\u00bb1&#8243; _builder_version=\u00bb3.29.3&#8243; custom_padding=\u00bb4px||0px|||\u00bb fb_built=\u00bb1&#8243; _i=\u00bb0&#8243; _address=\u00bb0&#8243;][et_pb_row _builder_version=\u00bb3.29.3&#8243; min_height=\u00bb102px\u00bb custom_margin_phone=\u00bb20px||||false|false\u00bb custom_margin_last_edited=\u00bbon|phone\u00bb custom_padding=\u00bb34px||10px|||\u00bb _i=\u00bb0&#8243; _address=\u00bb0.0&#8243;][et_pb_column type=\u00bb4_4&#8243; _builder_version=\u00bb3.29.3&#8243; _i=\u00bb0&#8243; _address=\u00bb0.0.0&#8243;][et_pb_image src=\u00bbhttps:\/\/conectamutual.cl\/bienestar\/wp-content\/uploads\/2019\/12\/LOGOS-CATEGORIAS-03.png\u00bb align=\u00bbcenter\u00bb _builder_version=\u00bb3.29.3&#8243; width=\u00bb50%\u00bb width_phone=\u00bb95%\u00bb width_last_edited=\u00bbon|phone\u00bb disabled_on=\u00bboff|off|off\u00bb _i=\u00bb0&#8243; _address=\u00bb0.0.0.0&#8243;][\/et_pb_image][\/et_pb_column][\/et_pb_row][\/et_pb_section][et_pb_section fb_built=\u00bb1&#8243; _builder_version=\u00bb3.29.3&#8243; custom_padding=\u00bb1px||0px|||\u00bb fb_built=\u00bb1&#8243; _i=\u00bb1&#8243; _address=\u00bb1&#8243;][et_pb_row _builder_version=\u00bb3.29.3&#8243; custom_padding=\u00bb0px||5px|||\u00bb _i=\u00bb0&#8243; _address=\u00bb1.0&#8243;][et_pb_column type=\u00bb4_4&#8243; _builder_version=\u00bb3.29.3&#8243; _i=\u00bb0&#8243; _address=\u00bb1.0.0&#8243;][et_pb_image src=\u00bbhttps:\/\/conectamutual.cl\/bienestar\/wp-content\/uploads\/2019\/10\/Logo-Espacio-Mutuo-02.png\u00bb align=\u00bbcenter\u00bb _builder_version=\u00bb3.29.3&#8243; width=\u00bb13%\u00bb width_phone=\u00bb22%\u00bb width_last_edited=\u00bbon|phone\u00bb custom_margin=\u00bb0px||||false|false\u00bb _i=\u00bb0&#8243; _address=\u00bb1.0.0.0&#8243;][\/et_pb_image][\/et_pb_column][\/et_pb_row][\/et_pb_section][et_pb_section fb_built=\u00bb1&#8243; _builder_version=\u00bb3.29.3&#8243; custom_padding=\u00bb15px||1px|||\u00bb fb_built=\u00bb1&#8243; _i=\u00bb2&#8243; _address=\u00bb2&#8243;][et_pb_row _builder_version=\u00bb3.29.3&#8243; custom_padding=\u00bb3px||36px|||\u00bb _i=\u00bb0&#8243; _address=\u00bb2.0&#8243;][et_pb_column type=\u00bb4_4&#8243; _builder_version=\u00bb3.29.3&#8243; _i=\u00bb0&#8243; _address=\u00bb2.0.0&#8243;][et_pb_post_title comments=\u00bboff\u00bb featured_image=\u00bboff\u00bb _builder_version=\u00bb3.29.3&#8243; title_font=\u00bbMontserrat|700|||||||\u00bb title_text_align=\u00bbcenter\u00bb title_text_color=\u00bb#c4d600&#8243; title_font_size=\u00bb54px\u00bb title_line_height=\u00bb1.1em\u00bb meta_font=\u00bbMontserrat||||||||\u00bb meta_text_align=\u00bbcenter\u00bb meta_font_size=\u00bb12px\u00bb title_font_size_phone=\u00bb30px\u00bb title_font_size_last_edited=\u00bbon|phone\u00bb meta_font_size_phone=\u00bb10px\u00bb meta_font_size_last_edited=\u00bbon|phone\u00bb _i=\u00bb0&#8243; _address=\u00bb2.0.0.0&#8243;][\/et_pb_post_title][\/et_pb_column][\/et_pb_row][\/et_pb_section][et_pb_section fb_built=\u00bb1&#8243; _builder_version=\u00bb3.29.3&#8243; background_color=\u00bb#f4f4f4&#8243; custom_padding=\u00bb23px||7px|||\u00bb fb_built=\u00bb1&#8243; _i=\u00bb3&#8243; _address=\u00bb3&#8243;][et_pb_row column_structure=\u00bb1_2,1_2&#8243; _builder_version=\u00bb3.29.3&#8243; custom_margin=\u00bb||||false|false\u00bb custom_padding=\u00bb|||0px|false|false\u00bb _i=\u00bb0&#8243; _address=\u00bb3.0&#8243;][et_pb_column type=\u00bb1_2&#8243; _builder_version=\u00bb3.29.3&#8243; _i=\u00bb0&#8243; _address=\u00bb3.0.0&#8243;][et_pb_text _builder_version=\u00bb3.29.3&#8243; header_3_font=\u00bb||||||||\u00bb header_3_text_color=\u00bb#666666&#8243; header_3_font_size=\u00bb17px\u00bb custom_margin=\u00bb||||false|false\u00bb custom_padding=\u00bb|||120px|false|false\u00bb _i=\u00bb0&#8243; _address=\u00bb3.0.0.0&#8243;]<\/p>\n<h3 style=\"text-align: right;\">Contenido de El Mercurio en colaboraci\u00f3n con Espacio Mutuo<\/h3>\n<p>[\/et_pb_text][\/et_pb_column][et_pb_column type=\u00bb1_2&#8243; _builder_version=\u00bb3.29.3&#8243; _i=\u00bb1&#8243; _address=\u00bb3.0.1&#8243;][et_pb_image src=\u00bbhttps:\/\/conectamutual.cl\/bienestar\/wp-content\/uploads\/2020\/07\/logo-innovacio\u0301n-con-isotipo-v2-outline.png\u00bb _builder_version=\u00bb3.29.3&#8243; width=\u00bb61%\u00bb _i=\u00bb0&#8243; _address=\u00bb3.0.1.0&#8243;][\/et_pb_image][\/et_pb_column][\/et_pb_row][\/et_pb_section][et_pb_section fb_built=\u00bb1&#8243; fullwidth=\u00bbon\u00bb _builder_version=\u00bb3.29.3&#8243; fb_built=\u00bb1&#8243; _i=\u00bb4&#8243; _address=\u00bb4&#8243;][et_pb_fullwidth_image src=\u00bbhttps:\/\/conectamutual.cl\/bienestar\/wp-content\/uploads\/2020\/09\/50553442-Ivonne-Reifschneider-22_09_2020-14.58.29.jpg\u00bb _builder_version=\u00bb3.29.3&#8243; _i=\u00bb0&#8243; _address=\u00bb4.0&#8243;][\/et_pb_fullwidth_image][\/et_pb_section][et_pb_section fb_built=\u00bb1&#8243; _builder_version=\u00bb3.29.3&#8243; custom_padding=\u00bb11px||8px|||\u00bb fb_built=\u00bb1&#8243; _i=\u00bb5&#8243; _address=\u00bb5&#8243;][et_pb_row _builder_version=\u00bb3.29.3&#8243; custom_padding=\u00bb9px|||||\u00bb _i=\u00bb0&#8243; _address=\u00bb5.0&#8243;][et_pb_column type=\u00bb4_4&#8243; _builder_version=\u00bb3.29.3&#8243; custom_padding=\u00bb|110px||110px|false|false\u00bb custom_padding_phone=\u00bb|10px||10px|false|false\u00bb custom_padding_last_edited=\u00bbon|phone\u00bb _i=\u00bb0&#8243; _address=\u00bb5.0.0&#8243;][et_pb_text _builder_version=\u00bb3.29.3&#8243; text_font_size=\u00bb17px\u00bb text_line_height=\u00bb2.1em\u00bb header_2_text_color=\u00bb#c4d600&#8243; header_3_line_height=\u00bb1.6em\u00bb custom_margin_last_edited=\u00bbon|phone\u00bb custom_padding=\u00bb36px|0px||0px|false|false\u00bb text_font_size_phone=\u00bb16px\u00bb text_font_size_last_edited=\u00bbon|phone\u00bb text_line_height_phone=\u00bb1.9em\u00bb text_line_height_last_edited=\u00bbon|phone\u00bb header_2_font_size_phone=\u00bb23px\u00bb header_2_font_size_last_edited=\u00bbon|phone\u00bb _i=\u00bb0&#8243; _address=\u00bb5.0.0.0&#8243;]<\/p>\n<p><span style=\"font-weight: 400;\">Como un proyecto familiar y con el desaf\u00edo de proteger el patrimonio, <\/span><b>V\u00edctor Petermann e Ivonne Reifschneider crearon en 1999 la Reserva Biol\u00f3gica Huilo Huilo<\/b><span style=\"font-weight: 400;\">, un \u00e1rea natural protegida que se ubica en medio de Los Andes Patag\u00f3nicos en la zona de Neltume, Regi\u00f3n de Los R\u00edos.<\/span><\/p>\n<p><span style=\"font-weight: 400;\">Unos a\u00f1os despu\u00e9s y tras varias expediciones que realizaron con personas con conocimientos de la naturaleza, cient\u00edficos y otras disciplinas relacionadas para reconocer el valor del territorio, <\/span><b>decidieron crear en 2004 la Fundaci\u00f3n Huilo Huilo, con el objetivo de conservar este patrimonio, integrando a las comunidades cercanas e incentivando tambi\u00e9n el desarrollo de un futuro sustentable<\/b><span style=\"font-weight: 400;\">.<\/span><\/p>\n<p><span style=\"font-weight: 400;\">\u201cDesde sus inicios Huilo Huilo nos cautiv\u00f3 y me atrevo a decir que lo mismo pasa hoy con quien tiene la oportunidad de recorrer estos maravillosos paisajes, conocer a su gente y sentirse inmerso en esta exuberante selva de Los Andes Patag\u00f3nicos. Por eso, para m\u00ed <\/span><b>la reserva Huilo Huilo naci\u00f3 desde la admiraci\u00f3n del amor profundo por el territorio. Este sentimiento lo comparten los habitantes locales y los visitantes que vienen a\u00f1o a a\u00f1o cada vez m\u00e1<\/b><span style=\"font-weight: 400;\">s\u201d, dice Ivonne Reifschneider, fundadora y presidenta de la Fundaci\u00f3n Huilo-Huilo, quien agrega que en estos 16 a\u00f1os de funcionamiento como fundaci\u00f3n han desarrollado m\u00faltiples actividades cient\u00edficas, de conservaci\u00f3n, restauraci\u00f3n y protecci\u00f3n de la naturaleza y de los ecosistemas del bosque nativo, \u201clo que <\/span><b>incluye nuestro emblem\u00e1tico y exitoso proyecto de reproducci\u00f3n y reintroducci\u00f3n del huemul del sur en cautiverio<\/b><span style=\"font-weight: 400;\">.\u00a0<\/span><\/p>\n<p><span style=\"font-weight: 400;\">En otros aspectos, <\/span><b>hemos apoyado constantemente el desarrollo educacional, cultural, social y econ\u00f3mico de los habitantes de los sectores aleda\u00f1os<\/b><span style=\"font-weight: 400;\"> a trav\u00e9s de la realizaci\u00f3n de talleres de oficio y emprendimientos, diversos festivales culturales y actividades afines, para promover el turismo que sustente el desarrollo del lugar, protegiendo a la naturaleza y su conservaci\u00f3n\u201d, afirma.<\/span><\/p>\n<p><span style=\"font-weight: 400;\">Hoy, cuenta Ivonne, la reserva est\u00e1 <\/span><b>enfocada al turismo sostenible, la conservaci\u00f3n y el trabajo con la cultura local<\/b><span style=\"font-weight: 400;\">, y agrega que la fundaci\u00f3n para no sufrir tan fuertemente los efectos de la pandemia, tuvo que reinventarse y crearon el sitio de comercio online \u201cTienda del Bosque\u201d, donde se venden distintos productos como libros, juegos did\u00e1cticos, artesan\u00edas, entre otros. <\/span><b>Esto los ayuda a mantener los proyectos de conservaci\u00f3n y, al mismo tiempo, a difundir y educar sobre este patrimonio local<\/b><span style=\"font-weight: 400;\">. Adem\u00e1s, dice que ya abrieron de manera gradual el pasado 12 de septiembre y que siguen trabajando para ampliar sus proyectos de fauna con el huemul, guanaco, Ranita de Darwin, entre otros, lo que les permitir\u00e1 ir restaurando el ecosistema del bosque. Adem\u00e1s, indica que est\u00e1n creando una escuela de monta\u00f1a que empezar\u00e1 a realizar cursos que permitan certificarse en acciones de conservaci\u00f3n y turismo sustentable.<\/span><\/p>\n<p><span style=\"font-weight: 400;\"><\/span><\/p>\n<h2><b>Impacto local<\/b><\/h2>\n<p><span style=\"font-weight: 400;\">Ivonne Reifschneider cuenta que desde muy peque\u00f1a su padre y madre la llevaban a subir cerros, panoramas que para ella son experiencias de vida claves para entender el valor de la naturaleza. \u201c<\/span><b>Evidentemente tienes que cuidar el territorio, pero tambi\u00e9n tienes que permitir que los ni\u00f1os m\u00e1s chicos tengan esa experiencia de vida de estar en el bosque<\/b><span style=\"font-weight: 400;\">. (&#8230;) Si analizas, Chile entero de norte a sur tiene todo ese potencial. Hay islas maravillosas como Juan Fern\u00e1ndez o Rapa Nui, pero casi no las vemos o hay que ir a Europa para que alguien nos hable de ellas. Entonces, <\/span><b>por eso tenemos que valorarnos m\u00e1s como chilenos. A m\u00ed me ha tocado escuchar este desarraigo por lo nuestro, pero ves gente que viene de afuera y ama lo que hay aqu\u00ed y ama tambi\u00e9n a su gente y ve todas las cosas buenas o malas. En cambio aqu\u00ed no existe esa percepci\u00f3n, todo es malo<\/b><span style=\"font-weight: 400;\">\u201d, afirma Ivonne.\u00a0<\/span><\/p>\n<p><span style=\"font-weight: 400;\">Sin embargo, ella dice que igual es optimista. \u201cLas mayores dificultades han tenido que ver con mostrar la importancia de estos ecosistemas, que inicialmente nadie la ve\u00eda, porque se percib\u00eda como un bosque oscuro, h\u00famedo y sin ning\u00fan valor. Pero <\/span><b>solo se miraba desde una visi\u00f3n forestal, que para los inicios de la reserva ten\u00eda poco valor. No obstante, poco a poco se ha ido poniendo valor en la importancia de este bosque y, en general, en todo el patrimonio local<\/b><span style=\"font-weight: 400;\">\u201d. En ese sentido, agrega que \u201cme ha tocado encontrar mucha gente profunda, buena e interesada en las cosas que tienen que ver con sus ra\u00edces, m\u00e1s de lo que uno se imagina. Por supuesto que hay personas que est\u00e1n en contra de todo y que te van a atacar, pero son las pocas\u201d, finaliza.<\/span><\/p>\n<p>[\/et_pb_text][\/et_pb_column][\/et_pb_row][et_pb_row _builder_version=\u00bb3.29.3&#8243; background_color=\u00bbrgba(0,0,0,0)\u00bb _i=\u00bb1&#8243; _address=\u00bb5.1&#8243;][et_pb_column type=\u00bb4_4&#8243; _builder_version=\u00bb3.29.3&#8243; transform_scale_linked=\u00bboff\u00bb transform_translate=\u00bb-4px|10px\u00bb transform_translate_linked=\u00bboff\u00bb custom_padding=\u00bb5px|0px|5px|0px|false|true\u00bb animation_style=\u00bbzoom\u00bb animation_duration=\u00bb500ms\u00bb border_radii=\u00bboff||||\u00bb border_color_all=\u00bb#cde002&#8243; border_width_top=\u00bb1px\u00bb border_color_top=\u00bb#e09900&#8243; border_style_top=\u00bbdotted\u00bb border_width_bottom=\u00bb1px\u00bb border_color_bottom=\u00bb#e09900&#8243; border_style_bottom=\u00bbdotted\u00bb _i=\u00bb0&#8243; _address=\u00bb5.1.0&#8243;][et_pb_code admin_label=\u00bbRating Art\u00edculo\u00bb _builder_version=\u00bb3.29.3&#8243; transform_scale=\u00bb110%|110%\u00bb transform_translate=\u00bb424px|5px\u00bb transform_translate_linked=\u00bboff\u00bb hover_enabled=\u00bb0&#8243; _i=\u00bb0&#8243; _address=\u00bb5.1.0.0&#8243;]<a class=\"typeform-share button\" href=\"https:\/\/singularmktg.typeform.com\/to\/COMq1XCs#art=222\" data-mode=\"drawer_right\" style=\"display:inline-block;text-decoration:none;background-color:#CDE002;color:white;cursor:pointer;font-family:Helvetica,Arial,sans-serif;font-size:20px;line-height:50px;text-align:center;margin:0;height:50px;padding:0px 33px;border-radius:12px;max-width:100%;white-space:nowrap;overflow:hidden;text-overflow:ellipsis;font-weight:bold;-webkit-font-smoothing:antialiased;-moz-osx-font-smoothing:grayscale;\" data-hide-headers=true data-hide-footer=true data-submit-close-delay=\"2\" target=\"_blank\" rel=\"noopener noreferrer\">Eval\u00faa este art\u00edculo <\/a> <script> (function() { var qs,js,q,s,d=document, gi=d.getElementById, ce=d.createElement, gt=d.getElementsByTagName, id=\"typef_orm_share\", b=\"https:\/\/embed.typeform.com\/\"; if(!gi.call(d,id)){ js=ce.call(d,\"script\"); js.id=id; js.src=b+\"embed.js\"; q=gt.call(d,\"script\")[0]; q.parentNode.insertBefore(js,q) } })() <\/script>[\/et_pb_code][\/et_pb_column][\/et_pb_row][et_pb_row _builder_version=\u00bb3.29.3&#8243; _i=\u00bb2&#8243; _address=\u00bb5.2&#8243;][et_pb_column type=\u00bb4_4&#8243; _builder_version=\u00bb3.29.3&#8243; custom_padding_phone=\u00bb40px||||false|false\u00bb custom_padding_last_edited=\u00bbon|phone\u00bb _i=\u00bb0&#8243; _address=\u00bb5.2.0&#8243;][et_pb_posts_carousel_agsdcm category_id=\u00bb37&#8243; max_title_characters=\u00bb150&#8243; heading_style=\u00bbcustom\u00bb heading_primary=\u00bb\u00daltimos Art\u00edculos\u00bb heading_sub=\u00bbNuevas Miradas\u00bb posts_filter_any=\u00bbon\u00bb _builder_version=\u00bb3.29.3&#8243; header_font=\u00bbMontserrat||||||||\u00bb header_text_color=\u00bb#757575&#8243; header_font_size=\u00bb19px\u00bb subheader_text_color=\u00bb#828282&#8243; title_font=\u00bbMontserrat|700|||||||\u00bb title_text_color=\u00bb#acc601&#8243; border_color_all=\u00bb#cde002&#8243; _i=\u00bb0&#8243; _address=\u00bb5.2.0.0&#8243;][\/et_pb_posts_carousel_agsdcm][\/et_pb_column][\/et_pb_row][\/et_pb_section]<\/p>\n","protected":false},"excerpt":{"rendered":"<p>Contenido de El Mercurio en colaboraci\u00f3n con Espacio MutuoComo un proyecto familiar y con el desaf\u00edo de proteger el patrimonio, V\u00edctor Petermann e Ivonne Reifschneider crearon en 1999 la Reserva Biol\u00f3gica Huilo Huilo, un \u00e1rea natural protegida que se ubica en medio de Los Andes Patag\u00f3nicos en la zona de Neltume, Regi\u00f3n de Los R\u00edos. [&hellip;]<\/p>\n","protected":false},"author":2,"featured_media":4221,"comment_status":"closed","ping_status":"closed","sticky":false,"template":"","format":"standard","meta":{"_et_pb_use_builder":"on","_et_pb_old_content":"","_et_gb_content_width":"","footnotes":""},"categories":[37],"tags":[],"class_list":["post-4218","post","type-post","status-publish","format-standard","has-post-thumbnail","hentry","category-nuevas-miradas","et-has-post-format-content","et_post_format-et-post-format-standard"],"_links":{"self":[{"href":"https:\/\/conectamutual.cl\/bienestar\/wp-json\/wp\/v2\/posts\/4218","targetHints":{"allow":["GET"]}}],"collection":[{"href":"https:\/\/conectamutual.cl\/bienestar\/wp-json\/wp\/v2\/posts"}],"about":[{"href":"https:\/\/conectamutual.cl\/bienestar\/wp-json\/wp\/v2\/types\/post"}],"author":[{"embeddable":true,"href":"https:\/\/conectamutual.cl\/bienestar\/wp-json\/wp\/v2\/users\/2"}],"replies":[{"embeddable":true,"href":"https:\/\/conectamutual.cl\/bienestar\/wp-json\/wp\/v2\/comments?post=4218"}],"version-history":[{"count":4,"href":"https:\/\/conectamutual.cl\/bienestar\/wp-json\/wp\/v2\/posts\/4218\/revisions"}],"predecessor-version":[{"id":4268,"href":"https:\/\/conectamutual.cl\/bienestar\/wp-json\/wp\/v2\/posts\/4218\/revisions\/4268"}],"wp:featuredmedia":[{"embeddable":true,"href":"https:\/\/conectamutual.cl\/bienestar\/wp-json\/wp\/v2\/media\/4221"}],"wp:attachment":[{"href":"https:\/\/conectamutual.cl\/bienestar\/wp-json\/wp\/v2\/media?parent=4218"}],"wp:term":[{"taxonomy":"category","embeddable":true,"href":"https:\/\/conectamutual.cl\/bienestar\/wp-json\/wp\/v2\/categories?post=4218"},{"taxonomy":"post_tag","embeddable":true,"href":"https:\/\/conectamutual.cl\/bienestar\/wp-json\/wp\/v2\/tags?post=4218"}],"curies":[{"name":"wp","href":"https:\/\/api.w.org\/{rel}","templated":true}]}}