{"id":4362,"date":"2020-10-13T10:20:58","date_gmt":"2020-10-13T13:20:58","guid":{"rendered":"https:\/\/conectamutual.cl\/bienestar\/?p=4362"},"modified":"2024-04-13T15:26:38","modified_gmt":"2024-04-13T19:26:38","slug":"la-clave-para-volver-es-hacerlo-protegidos","status":"publish","type":"post","link":"https:\/\/conectamutual.cl\/bienestar\/espacios-de-reflexion\/la-clave-para-volver-es-hacerlo-protegidos\/","title":{"rendered":"La clave para volver, es hacerlo protegidos"},"content":{"rendered":"<p>[et_pb_section fb_built=\u00bb1&#8243; _builder_version=\u00bb3.29.3&#8243; custom_padding=\u00bb4px||0px|||\u00bb fb_built=\u00bb1&#8243; _i=\u00bb0&#8243; _address=\u00bb0&#8243;][et_pb_row _builder_version=\u00bb3.29.3&#8243; min_height=\u00bb102px\u00bb custom_margin_phone=\u00bb20px||||false|false\u00bb custom_margin_last_edited=\u00bbon|phone\u00bb custom_padding=\u00bb34px||10px|||\u00bb _i=\u00bb0&#8243; _address=\u00bb0.0&#8243;][et_pb_column type=\u00bb4_4&#8243; _builder_version=\u00bb3.29.3&#8243; _i=\u00bb0&#8243; _address=\u00bb0.0.0&#8243;][et_pb_image src=\u00bbhttps:\/\/conectamutual.cl\/bienestar\/wp-content\/uploads\/2019\/12\/LOGOS-CATEGORIAS-01.png\u00bb align=\u00bbcenter\u00bb disabled_on=\u00bboff|off|off\u00bb _builder_version=\u00bb3.29.3&#8243; width=\u00bb52%\u00bb width_phone=\u00bb95%\u00bb width_last_edited=\u00bbon|phone\u00bb custom_margin=\u00bb||20px||false|false\u00bb hover_enabled=\u00bb0&#8243; _i=\u00bb0&#8243; _address=\u00bb0.0.0.0&#8243;][\/et_pb_image][\/et_pb_column][\/et_pb_row][\/et_pb_section][et_pb_section fb_built=\u00bb1&#8243; _builder_version=\u00bb3.29.3&#8243; custom_padding=\u00bb1px||0px|||\u00bb fb_built=\u00bb1&#8243; _i=\u00bb1&#8243; _address=\u00bb1&#8243;][et_pb_row _builder_version=\u00bb3.29.3&#8243; custom_padding=\u00bb0px||1px|||\u00bb _i=\u00bb0&#8243; _address=\u00bb1.0&#8243;][et_pb_column type=\u00bb4_4&#8243; _builder_version=\u00bb3.29.3&#8243; _i=\u00bb0&#8243; _address=\u00bb1.0.0&#8243;][et_pb_image src=\u00bbhttps:\/\/conectamutual.cl\/bienestar\/wp-content\/uploads\/2020\/04\/Felipe-Bunster.png\u00bb align=\u00bbcenter\u00bb _builder_version=\u00bb3.29.3&#8243; width=\u00bb24%\u00bb width_phone=\u00bb22%\u00bb width_last_edited=\u00bbon|phone\u00bb custom_margin=\u00bb0px||||false|false\u00bb hover_enabled=\u00bb0&#8243; _i=\u00bb0&#8243; _address=\u00bb1.0.0.0&#8243;][\/et_pb_image][et_pb_text _builder_version=\u00bb3.29.3&#8243; text_font_size=\u00bb14px\u00bb custom_margin=\u00bb||21px|||\u00bb _i=\u00bb1&#8243; _address=\u00bb1.0.0.1&#8243;]<\/p>\n<p style=\"text-align: center;\"><strong>Felipe Bunster<\/strong> | <em>Gerente General Mutual de Seguridad<\/em><\/p>\n<p>[\/et_pb_text][\/et_pb_column][\/et_pb_row][\/et_pb_section][et_pb_section fb_built=\u00bb1&#8243; _builder_version=\u00bb3.29.3&#8243; custom_padding=\u00bb15px||1px|||\u00bb fb_built=\u00bb1&#8243; _i=\u00bb2&#8243; _address=\u00bb2&#8243;][et_pb_row _builder_version=\u00bb3.29.3&#8243; custom_padding=\u00bb3px||36px|||\u00bb _i=\u00bb0&#8243; _address=\u00bb2.0&#8243;][et_pb_column type=\u00bb4_4&#8243; _builder_version=\u00bb3.29.3&#8243; _i=\u00bb0&#8243; _address=\u00bb2.0.0&#8243;][et_pb_post_title comments=\u00bboff\u00bb featured_image=\u00bboff\u00bb _builder_version=\u00bb3.29.3&#8243; title_font=\u00bbMontserrat|700|||||||\u00bb title_text_align=\u00bbcenter\u00bb title_text_color=\u00bb#c4d600&#8243; title_font_size=\u00bb54px\u00bb title_line_height=\u00bb1.1em\u00bb meta_font=\u00bbMontserrat||||||||\u00bb meta_text_align=\u00bbcenter\u00bb meta_font_size=\u00bb12px\u00bb title_font_size_phone=\u00bb30px\u00bb title_font_size_last_edited=\u00bbon|phone\u00bb meta_font_size_phone=\u00bb10px\u00bb meta_font_size_last_edited=\u00bbon|phone\u00bb _i=\u00bb0&#8243; _address=\u00bb2.0.0.0&#8243;][\/et_pb_post_title][\/et_pb_column][\/et_pb_row][\/et_pb_section][et_pb_section fb_built=\u00bb1&#8243; _builder_version=\u00bb3.29.3&#8243; background_image=\u00bbhttps:\/\/conectamutual.cl\/bienestar\/wp-content\/uploads\/2020\/10\/pexels-andrea-piacquadio-3881247.jpg\u00bb parallax=\u00bbon\u00bb custom_padding=\u00bb104px||107px|||\u00bb hover_enabled=\u00bb0&#8243; fb_built=\u00bb1&#8243; _i=\u00bb3&#8243; _address=\u00bb3&#8243;][et_pb_row _builder_version=\u00bb3.29.3&#8243; _i=\u00bb0&#8243; _address=\u00bb3.0&#8243;][et_pb_column type=\u00bb4_4&#8243; _builder_version=\u00bb3.29.3&#8243; _i=\u00bb0&#8243; _address=\u00bb3.0.0&#8243;][\/et_pb_column][\/et_pb_row][\/et_pb_section][et_pb_section fb_built=\u00bb1&#8243; _builder_version=\u00bb3.29.3&#8243; custom_padding=\u00bb11px||8px|||\u00bb fb_built=\u00bb1&#8243; _i=\u00bb4&#8243; _address=\u00bb4&#8243;][et_pb_row _builder_version=\u00bb3.29.3&#8243; custom_padding=\u00bb9px|||||\u00bb _i=\u00bb0&#8243; _address=\u00bb4.0&#8243;][et_pb_column type=\u00bb4_4&#8243; _builder_version=\u00bb3.29.3&#8243; custom_padding=\u00bb|110px||110px|false|false\u00bb custom_padding_phone=\u00bb|10px||10px|false|false\u00bb custom_padding_last_edited=\u00bbon|phone\u00bb _i=\u00bb0&#8243; _address=\u00bb4.0.0&#8243;][et_pb_text _builder_version=\u00bb3.29.3&#8243; text_font_size=\u00bb17px\u00bb text_line_height=\u00bb2.1em\u00bb header_2_text_color=\u00bb#c4d600&#8243; custom_margin_last_edited=\u00bbon|phone\u00bb custom_padding=\u00bb0px|0px||0px|false|false\u00bb hover_enabled=\u00bb0&#8243; text_font_size_phone=\u00bb16px\u00bb text_font_size_last_edited=\u00bbon|phone\u00bb text_line_height_phone=\u00bb1.9em\u00bb text_line_height_last_edited=\u00bbon|phone\u00bb header_2_font_size_phone=\u00bb23px\u00bb header_2_font_size_last_edited=\u00bbon|phone\u00bb _i=\u00bb0&#8243; _address=\u00bb4.0.0.0&#8243;]<\/p>\n<blockquote>\n<p><span style=\"font-weight: 400;\">Nuestras ciudades y nuestras vidas comienzan a retomar su ritmo, aunque sin perder de vista que estamos conviviendo con el coronavirus y, por lo tanto, <\/span><b>no podemos descuidar las medidas preventivas<\/b><span style=\"font-weight: 400;\"> que nos han llevado a lograr recuperar algo de normalidad.<\/span><\/p>\n<\/blockquote>\n<p><span style=\"font-weight: 400;\">Despu\u00e9s de la experiencia de m\u00e1s de ocho meses podemos asegurar que <\/span><b>Vivir y Trabajar con el Coronavirus s\u00ed es posible<\/b><span style=\"font-weight: 400;\">, en la medida que gestionemos el virus como un riesgo importante de nuestra vida cotidiana. Lo anterior, nos exige sostener las medidas sanitarias que hemos utilizado en este tiempo como el <\/span><b>uso de mascarillas, el lavado frecuente de manos y el distanciamiento f\u00edsico<\/b><span style=\"font-weight: 400;\">.\u00a0<\/span><\/p>\n<p><span style=\"font-weight: 400;\">En este sentido, si somos responsables, podremos retomar parte de nuestras vidas, a la espera de la tan ansiada vacuna.<\/span><\/p>\n<p><span style=\"font-weight: 400;\">Hoy, casi todas las empresas que han vuelto a abrir sus puertas lo han hecho con estrictos protocolos sanitarios, en muchas ocasiones implementando medidas por sobre las exigidas en el Plan Paso a Paso Laboral. A su vez, <\/span><b>miles de trabajadores a lo largo del pa\u00eds han comenzado a retornar a sus trabajos presenciales asumiendo de forma responsable y activa su responsabilidad<\/b><span style=\"font-weight: 400;\">, cuid\u00e1ndose a si mismo y a las personas con quienes conviven.\u00a0<\/span><\/p>\n<p><span style=\"font-weight: 400;\">As\u00ed, disminuye el temor y el miedo al contagio, porque <\/span><b>hemos tomado conciencia que somos la primera l\u00ednea de defensa frente al coronavirus<\/b><span style=\"font-weight: 400;\">, ya que el virus para vivir necesita pasar de una persona a otra, con las medidas implementadas impedimos la transmisi\u00f3n del mismo.<\/span><\/p>\n<p><span style=\"font-weight: 400;\">Al recorrer Santiago y las distintas ciudades del pa\u00eds, vemos el compromiso que han tenido las empresas en adoptar medidas eficientes para efectos de retomar la normalidad de sus funciones: controles de temperatura al ingreso, entrega de todo tipo de elementos de protecci\u00f3n personal, protocolos propios y otros, y la verdad que en los mismos estudios que hemos realizado los trabajadores lo agradecen y lo valoran.<\/span><\/p>\n<p><span style=\"font-weight: 400;\">Ahora bien, qu\u00e9 pasa cuando no estamos trabajando, en nuestro d\u00eda a d\u00eda, cuando vamos a visitar a la familia, nos juntamos con amigos, celebramos algo, salimos a hacer deporte, vamos a comprar, usamos el transporte p\u00fablico u otro: <\/span><b>parece que no tenemos el mismo rigor y cuidado que en nuestros lugares de trabajo, no implementamos medidas ni cercanas a lo que hacemos en nuestros lugares de trabajo<\/b><span style=\"font-weight: 400;\"> o bien que le exigimos a nuestros empleadores.\u00a0<\/span><\/p>\n<p><span style=\"font-weight: 400;\">Pues bien, eso a fin de cuenta atenta contra nosotros mismos, los que queremos y tambi\u00e9n nuestros lugares de trabajo. El covid19 es un enemigo invisible que esta presente en cada espacio de nuestro d\u00eda a d\u00eda, no s\u00f3lo es un riesgo laboral, nuestra invitaci\u00f3n como Mutual de Seguridad es tomar conciencia de esto, que la tarea de cuidarnos del coronavirus es 24\/7, por eso nuestra propuesta es vivir y trabajar con Covid.<\/span><\/p>\n<p><span style=\"font-weight: 400;\">Por lo mismo, y con la experiencia de las distintas organizaciones y trabajadores que han podido durante estos meses a vivir y trabajar con el Covid circulando, es que <\/span><b>podemos afirmar con seguridad que podemos volver, pero conscientes y protegidos<\/b><span style=\"font-weight: 400;\">.<\/span><\/p>\n<p>[\/et_pb_text][\/et_pb_column][\/et_pb_row][\/et_pb_section]<\/p>\n","protected":false},"excerpt":{"rendered":"<p>Felipe Bunster | Gerente General Mutual de Seguridad Nuestras ciudades y nuestras vidas comienzan a retomar su ritmo, aunque sin perder de vista que estamos conviviendo con el coronavirus y, por lo tanto, no podemos descuidar las medidas preventivas que nos han llevado a lograr recuperar algo de normalidad. Despu\u00e9s de la experiencia de m\u00e1s [&hellip;]<\/p>\n","protected":false},"author":2,"featured_media":2310,"comment_status":"closed","ping_status":"closed","sticky":false,"template":"","format":"standard","meta":{"_et_pb_use_builder":"on","_et_pb_old_content":"","_et_gb_content_width":"","footnotes":""},"categories":[27,699],"tags":[],"class_list":["post-4362","post","type-post","status-publish","format-standard","has-post-thumbnail","hentry","category-espacios-de-reflexion","category-opinion-experta","et-has-post-format-content","et_post_format-et-post-format-standard"],"_links":{"self":[{"href":"https:\/\/conectamutual.cl\/bienestar\/wp-json\/wp\/v2\/posts\/4362","targetHints":{"allow":["GET"]}}],"collection":[{"href":"https:\/\/conectamutual.cl\/bienestar\/wp-json\/wp\/v2\/posts"}],"about":[{"href":"https:\/\/conectamutual.cl\/bienestar\/wp-json\/wp\/v2\/types\/post"}],"author":[{"embeddable":true,"href":"https:\/\/conectamutual.cl\/bienestar\/wp-json\/wp\/v2\/users\/2"}],"replies":[{"embeddable":true,"href":"https:\/\/conectamutual.cl\/bienestar\/wp-json\/wp\/v2\/comments?post=4362"}],"version-history":[{"count":3,"href":"https:\/\/conectamutual.cl\/bienestar\/wp-json\/wp\/v2\/posts\/4362\/revisions"}],"predecessor-version":[{"id":4368,"href":"https:\/\/conectamutual.cl\/bienestar\/wp-json\/wp\/v2\/posts\/4362\/revisions\/4368"}],"wp:featuredmedia":[{"embeddable":true,"href":"https:\/\/conectamutual.cl\/bienestar\/wp-json\/wp\/v2\/media\/2310"}],"wp:attachment":[{"href":"https:\/\/conectamutual.cl\/bienestar\/wp-json\/wp\/v2\/media?parent=4362"}],"wp:term":[{"taxonomy":"category","embeddable":true,"href":"https:\/\/conectamutual.cl\/bienestar\/wp-json\/wp\/v2\/categories?post=4362"},{"taxonomy":"post_tag","embeddable":true,"href":"https:\/\/conectamutual.cl\/bienestar\/wp-json\/wp\/v2\/tags?post=4362"}],"curies":[{"name":"wp","href":"https:\/\/api.w.org\/{rel}","templated":true}]}}