{"id":4479,"date":"2020-10-26T13:36:01","date_gmt":"2020-10-26T16:36:01","guid":{"rendered":"https:\/\/conectamutual.cl\/bienestar\/?p=4479"},"modified":"2020-10-26T17:30:38","modified_gmt":"2020-10-26T20:30:38","slug":"fractal-apuesta-por-descontaminar-el-aire-usando-nanotecnologia-para-replicar-la-fotosintesis","status":"publish","type":"post","link":"https:\/\/conectamutual.cl\/bienestar\/nuevas-miradas\/fractal-apuesta-por-descontaminar-el-aire-usando-nanotecnologia-para-replicar-la-fotosintesis\/","title":{"rendered":"Fractal apuesta por descontaminar el aire usando nanotecnolog\u00eda para replicar la fotos\u00edntesis"},"content":{"rendered":"<p>[et_pb_section fb_built=\u00bb1&#8243; _builder_version=\u00bb3.29.3&#8243; custom_padding=\u00bb4px||0px|||\u00bb fb_built=\u00bb1&#8243; _i=\u00bb0&#8243; _address=\u00bb0&#8243;][et_pb_row _builder_version=\u00bb3.29.3&#8243; min_height=\u00bb102px\u00bb custom_margin_phone=\u00bb20px||||false|false\u00bb custom_margin_last_edited=\u00bbon|phone\u00bb custom_padding=\u00bb34px||10px|||\u00bb _i=\u00bb0&#8243; _address=\u00bb0.0&#8243;][et_pb_column type=\u00bb4_4&#8243; _builder_version=\u00bb3.29.3&#8243; _i=\u00bb0&#8243; _address=\u00bb0.0.0&#8243;][et_pb_image src=\u00bbhttps:\/\/conectamutual.cl\/bienestar\/wp-content\/uploads\/2019\/12\/LOGOS-CATEGORIAS-03.png\u00bb align=\u00bbcenter\u00bb disabled_on=\u00bboff|off|off\u00bb _builder_version=\u00bb3.29.3&#8243; width=\u00bb50%\u00bb width_phone=\u00bb95%\u00bb width_last_edited=\u00bbon|phone\u00bb _i=\u00bb0&#8243; _address=\u00bb0.0.0.0&#8243;][\/et_pb_image][\/et_pb_column][\/et_pb_row][\/et_pb_section][et_pb_section fb_built=\u00bb1&#8243; _builder_version=\u00bb3.29.3&#8243; custom_padding=\u00bb1px||0px|||\u00bb fb_built=\u00bb1&#8243; _i=\u00bb1&#8243; _address=\u00bb1&#8243;][et_pb_row _builder_version=\u00bb3.29.3&#8243; custom_padding=\u00bb0px||5px|||\u00bb _i=\u00bb0&#8243; _address=\u00bb1.0&#8243;][et_pb_column type=\u00bb4_4&#8243; _builder_version=\u00bb3.29.3&#8243; _i=\u00bb0&#8243; _address=\u00bb1.0.0&#8243;][et_pb_image src=\u00bbhttps:\/\/conectamutual.cl\/bienestar\/wp-content\/uploads\/2019\/10\/Logo-Espacio-Mutuo-02.png\u00bb align=\u00bbcenter\u00bb _builder_version=\u00bb3.29.3&#8243; width=\u00bb13%\u00bb width_phone=\u00bb22%\u00bb width_last_edited=\u00bbon|phone\u00bb custom_margin=\u00bb0px||||false|false\u00bb _i=\u00bb0&#8243; _address=\u00bb1.0.0.0&#8243;][\/et_pb_image][\/et_pb_column][\/et_pb_row][\/et_pb_section][et_pb_section fb_built=\u00bb1&#8243; _builder_version=\u00bb3.29.3&#8243; custom_padding=\u00bb15px||1px|||\u00bb fb_built=\u00bb1&#8243; _i=\u00bb2&#8243; _address=\u00bb2&#8243;][et_pb_row _builder_version=\u00bb3.29.3&#8243; custom_padding=\u00bb3px||36px|||\u00bb _i=\u00bb0&#8243; _address=\u00bb2.0&#8243;][et_pb_column type=\u00bb4_4&#8243; _builder_version=\u00bb3.29.3&#8243; _i=\u00bb0&#8243; _address=\u00bb2.0.0&#8243;][et_pb_post_title comments=\u00bboff\u00bb featured_image=\u00bboff\u00bb _builder_version=\u00bb3.29.3&#8243; title_font=\u00bbMontserrat|700|||||||\u00bb title_text_align=\u00bbcenter\u00bb title_text_color=\u00bb#c4d600&#8243; title_font_size=\u00bb54px\u00bb title_line_height=\u00bb1.1em\u00bb meta_font=\u00bbMontserrat||||||||\u00bb meta_text_align=\u00bbcenter\u00bb meta_font_size=\u00bb12px\u00bb title_font_size_phone=\u00bb30px\u00bb title_font_size_last_edited=\u00bbon|phone\u00bb meta_font_size_phone=\u00bb10px\u00bb meta_font_size_last_edited=\u00bbon|phone\u00bb _i=\u00bb0&#8243; _address=\u00bb2.0.0.0&#8243;][\/et_pb_post_title][\/et_pb_column][\/et_pb_row][\/et_pb_section][et_pb_section fb_built=\u00bb1&#8243; _builder_version=\u00bb3.29.3&#8243; background_color=\u00bb#f4f4f4&#8243; custom_padding=\u00bb23px||7px|||\u00bb fb_built=\u00bb1&#8243; _i=\u00bb3&#8243; _address=\u00bb3&#8243;][et_pb_row column_structure=\u00bb1_2,1_2&#8243; _builder_version=\u00bb3.29.3&#8243; custom_margin=\u00bb||||false|false\u00bb custom_padding=\u00bb|||0px|false|false\u00bb _i=\u00bb0&#8243; _address=\u00bb3.0&#8243;][et_pb_column type=\u00bb1_2&#8243; _builder_version=\u00bb3.29.3&#8243; _i=\u00bb0&#8243; _address=\u00bb3.0.0&#8243;][et_pb_text _builder_version=\u00bb3.29.3&#8243; header_3_font=\u00bb||||||||\u00bb header_3_text_color=\u00bb#666666&#8243; header_3_font_size=\u00bb17px\u00bb custom_margin=\u00bb||||false|false\u00bb custom_padding=\u00bb|||120px|false|false\u00bb _i=\u00bb0&#8243; _address=\u00bb3.0.0.0&#8243;]<\/p>\n<h3 style=\"text-align: right;\">Contenido de El Mercurio en colaboraci\u00f3n con Espacio Mutuo<\/h3>\n<p>[\/et_pb_text][\/et_pb_column][et_pb_column type=\u00bb1_2&#8243; _builder_version=\u00bb3.29.3&#8243; _i=\u00bb1&#8243; _address=\u00bb3.0.1&#8243;][et_pb_image src=\u00bbhttps:\/\/conectamutual.cl\/bienestar\/wp-content\/uploads\/2020\/07\/logo-innovacio\u0301n-con-isotipo-v2-outline.png\u00bb _builder_version=\u00bb3.29.3&#8243; width=\u00bb61%\u00bb _i=\u00bb0&#8243; _address=\u00bb3.0.1.0&#8243;][\/et_pb_image][\/et_pb_column][\/et_pb_row][\/et_pb_section][et_pb_section fb_built=\u00bb1&#8243; fullwidth=\u00bbon\u00bb _builder_version=\u00bb3.29.3&#8243; fb_built=\u00bb1&#8243; _i=\u00bb4&#8243; _address=\u00bb4&#8243;][et_pb_fullwidth_image src=\u00bbhttps:\/\/conectamutual.cl\/bienestar\/wp-content\/uploads\/2020\/10\/fractal.jpg\u00bb _builder_version=\u00bb3.29.3&#8243; _i=\u00bb0&#8243; _address=\u00bb4.0&#8243;][\/et_pb_fullwidth_image][\/et_pb_section][et_pb_section fb_built=\u00bb1&#8243; _builder_version=\u00bb3.29.3&#8243; custom_padding=\u00bb11px||8px|||\u00bb fb_built=\u00bb1&#8243; _i=\u00bb5&#8243; _address=\u00bb5&#8243;][et_pb_row _builder_version=\u00bb3.29.3&#8243; custom_padding=\u00bb9px|||||\u00bb _i=\u00bb0&#8243; _address=\u00bb5.0&#8243;][et_pb_column type=\u00bb4_4&#8243; _builder_version=\u00bb3.29.3&#8243; custom_padding=\u00bb|110px||110px|false|false\u00bb custom_padding_phone=\u00bb|10px||10px|false|false\u00bb custom_padding_last_edited=\u00bbon|phone\u00bb _i=\u00bb0&#8243; _address=\u00bb5.0.0&#8243;][et_pb_text _builder_version=\u00bb3.29.3&#8243; text_font_size=\u00bb17px\u00bb text_line_height=\u00bb2.1em\u00bb header_2_text_color=\u00bb#c4d600&#8243; header_3_line_height=\u00bb1.6em\u00bb custom_margin_last_edited=\u00bbon|phone\u00bb custom_padding=\u00bb36px|0px||0px|false|false\u00bb text_font_size_phone=\u00bb16px\u00bb text_font_size_last_edited=\u00bbon|phone\u00bb text_line_height_phone=\u00bb1.9em\u00bb text_line_height_last_edited=\u00bbon|phone\u00bb header_2_font_size_phone=\u00bb23px\u00bb header_2_font_size_last_edited=\u00bbon|phone\u00bb _i=\u00bb0&#8243; _address=\u00bb5.0.0.0&#8243;]<\/p>\n<blockquote>\n<p><span style=\"font-weight: 400;\">Cuando el Ingeniero Civil en Minas Jaime Rovegno lleg\u00f3 al laboratorio en mayo del a\u00f1o 2017 todo estaba a punto de cambiar para \u00e9l y su compa\u00f1ero de investigaci\u00f3n, Mat\u00edas Moya. Temprano ese d\u00eda el ingeniero <\/span><b>mantuvo una conversaci\u00f3n con una minera que le abri\u00f3 los ojos a una problem\u00e1tica del sector que decidieron convertir en el norte de su trabajo acad\u00e9mico<\/b><span style=\"font-weight: 400;\"> y que, finalmente, llev\u00f3 a los dos investigadores a convertirse en emprendedores. En 2019 ambos fundaron Fractal, startup bajo la cual desarrollaron un producto que usa <\/span><b>nanotecnolog\u00eda para replicar la fotos\u00edntesis de los \u00e1rboles<\/b><span style=\"font-weight: 400;\">, de cara a descontaminar el aire de gases de efecto invernadero<\/span><\/p>\n<\/blockquote>\n<p><span style=\"font-weight: 400;\">\u201cA Jaime le lleg\u00f3 el comentario de que una faena minera ten\u00eda problemas relacionados a la contaminaci\u00f3n, donde se genera como un mini Santiago por todo el polvo y poca visibilidad, pr\u00e1cticamente se simula el smog. Ah\u00ed empezamos a buscar una soluci\u00f3n a este inconveniente\u201d, dice Moya, quien tambi\u00e9n es Ingeniero Civil en Minas y CEO de Fractal.<\/span><\/p>\n<p><span style=\"font-weight: 400;\">En ese camino, relata que se toparon con la limitaci\u00f3n de qu\u00e9 soluci\u00f3n desarrollar para enfrentar el problema, ya que <\/span><b>las condiciones de la mina no permit\u00edan colocar infraestructuras para promover la circulaci\u00f3n del viento o bien desplegar \u00e1rboles para que estos absorbieran los gases trav\u00e9s de la fotos\u00edntesis<\/b><span style=\"font-weight: 400;\">. En esto \u00faltimo, sin embargo, vieron una respuesta: si no pod\u00edan disponer de estos, pod\u00edan intentar imitar el proceso con tecnolog\u00eda. \u201cNo pod\u00edamos plantar \u00e1rboles, ten\u00edamos que buscar algo que no fuera invasivo y <\/span><b>llegamos a las reacciones que simulan el proceso de fotos\u00edntesis con nanotecnolog\u00eda<\/b><span style=\"font-weight: 400;\">\u201d, indica.<\/span><\/p>\n<p><span style=\"font-weight: 400;\">As\u00ed, tras cuatro meses investigando sobre c\u00f3mo degradar los gases contaminantes como el di\u00f3xido de carbono (C02) o metano, encontraron la respuesta en la nanotecnolog\u00eda. En esa rama tecnol\u00f3gica se dieron cuenta de que exist\u00edan unas nanopart\u00edculas con propiedades fotoqu\u00edmicas, con las que comenzaron a trabajar y dar forma a un producto final, que en 2018 llamaron <\/span><b>Photio, l\u00edquido que contiene nanopart\u00edculas que al estar en presencia de radiaci\u00f3n UV \u2014natural o artificial\u2014 se activan y generan una fotos\u00edntesis artificial que transforma los gases contaminantes en inertes<\/b><span style=\"font-weight: 400;\">, por lo que no generan impacto negativo en la salud de las personas o medioambiente.\u00a0<\/span><\/p>\n<p><span style=\"font-weight: 400;\">\u201c<\/span><b>La palabra m\u00e1gica es transformar<\/b><span style=\"font-weight: 400;\">, no los eliminamos sino que una porci\u00f3n de estos gases se transforman en otro tipo, que var\u00eda seg\u00fan el gas original que se est\u00e1 buscando atacar, y la otra fracci\u00f3n se convierte en material como sustratos o nitratos que no generan problemas\u201d, explica Rovegno, quien hoy es COO de Fractal.\u00a0<\/span><\/p>\n<p><span style=\"font-weight: 400;\">Actualmente, <\/span><b>Photio ataca 10 tipos diferentes de gases<\/b><span style=\"font-weight: 400;\"> y est\u00e1 en fase de validaci\u00f3n. Los emprendedores apuntan a que este se aplique como aditivo en otros productos, como pinturas o mezcla de asfaltos. De esta forma cuando la superficie, que contiene el desarrollo de la startup toma contacto con la radiaci\u00f3n solar, se genera un proceso de degradaci\u00f3n de los gases contaminantes.\u00a0<\/span><\/p>\n<p><span style=\"font-weight: 400;\">Moya se\u00f1ala que <\/span><b>un m2 de Photio equivale a plantar cuatro \u00e1rboles en relaci\u00f3n con la capacidad de estos de remover gases contaminantes<\/b><span style=\"font-weight: 400;\">. \u201cEl producto resuelve una problem\u00e1tica mayor a nivel mundial, porque nueve de cada diez personas respira aire contaminado y seg\u00fan la OMS siete millones de personas mueren a causa de la contaminaci\u00f3n. En Chile, se generan gastos en el sector salud de US$ 670 millones\u201d, dice Moya. En ese escenario, tambi\u00e9n apuntan a que la soluci\u00f3n sea aplicada en aquellas ciudades con altos niveles de contaminaci\u00f3n atmosf\u00e9rica, como Temuco y Padre Las Casas. \u201cBuscamos ser una soluci\u00f3n a los problemas que actualmente tiene Quinteros, por ejemplo\u201d, agrega.\u00a0<\/span><\/p>\n<h2><b>Pilotos, comercio y exterior<\/b><\/h2>\n<p><span style=\"font-weight: 400;\">La firma est\u00e1 ad portas de iniciar sus primeros pilotos de validaci\u00f3n \u2014ya lo probaron en laboratorio\u2014 con compa\u00f1\u00edas mineras, uno de los principales mercados a los que apuntan. En ese sentido, <\/span><b>buscan aplicar el l\u00edquido en purificadores de aire dentro de las faenas<\/b><span style=\"font-weight: 400;\"> y para revestir infraestructuras en procesos que generan gases contaminantes y material particulado, como la fundici\u00f3n, la tronadura subterr\u00e1nea y el transporte de materiales.\u00a0\u00a0<\/span><\/p>\n<p><span style=\"font-weight: 400;\">Tambi\u00e9n iniciar\u00e1n pilotos a fines de este a\u00f1o con cinco empresas de industrias como de elaboraci\u00f3n de pintura, inmobiliarias y concesionarias viales. \u201c<\/span><b>Estamos validando la tecnolog\u00eda con una de las empresas de pinturas m\u00e1s grandes en Chile y a principios del pr\u00f3ximo a\u00f1o esperamos que llegue al mercado, con Photio en el gal\u00f3n de pintura<\/b><span style=\"font-weight: 400;\">\u201d, se\u00f1ala Moya, quien explica que la cantidad del aditivo var\u00eda seg\u00fan el producto al que se le quiere a\u00f1adir, por ejemplo, para un gal\u00f3n de pintura se requieren 50 gramos para generar el efecto de degradaci\u00f3n de los gases contaminantes.\u00a0<\/span><\/p>\n<p><span style=\"font-weight: 400;\">En paralelo a estos planes, el CEO del emprendimiento cuenta que <\/span><b>fueron una de las cuatro empresas ganadoras del programa Ignition del hub local Know Hub<\/b><span style=\"font-weight: 400;\">. Con esto, los emprendedores se adjudicaron cerca de $60 millones y un viaje a California, Estados Unidos, para hacer un softlanding con posibles inversionistas para 2021. Adem\u00e1s, est\u00e1n en el proceso de obtenci\u00f3n de patente a nivel global.\u00a0\u00a0\u00a0<\/span><\/p>\n<p><span style=\"font-weight: 400;\">\u00a0<\/span><\/p>\n<p>[\/et_pb_text][\/et_pb_column][\/et_pb_row][et_pb_row _builder_version=\u00bb3.29.3&#8243; background_color=\u00bbrgba(0,0,0,0)\u00bb _i=\u00bb1&#8243; _address=\u00bb5.1&#8243;][et_pb_column type=\u00bb4_4&#8243; _builder_version=\u00bb3.29.3&#8243; transform_scale_linked=\u00bboff\u00bb transform_translate=\u00bb-4px|10px\u00bb transform_translate_linked=\u00bboff\u00bb custom_padding=\u00bb5px|0px|5px|0px|false|true\u00bb animation_style=\u00bbzoom\u00bb animation_duration=\u00bb500ms\u00bb border_radii=\u00bboff||||\u00bb border_color_all=\u00bb#cde002&#8243; border_width_top=\u00bb1px\u00bb border_color_top=\u00bb#e09900&#8243; border_style_top=\u00bbdotted\u00bb border_width_bottom=\u00bb1px\u00bb border_color_bottom=\u00bb#e09900&#8243; border_style_bottom=\u00bbdotted\u00bb _i=\u00bb0&#8243; _address=\u00bb5.1.0&#8243;][et_pb_code admin_label=\u00bbRating Art\u00edculo\u00bb _builder_version=\u00bb3.29.3&#8243; transform_scale=\u00bb110%|110%\u00bb transform_translate=\u00bb424px|5px\u00bb transform_translate_linked=\u00bboff\u00bb hover_enabled=\u00bb0&#8243; _i=\u00bb0&#8243; _address=\u00bb5.1.0.0&#8243;]<a class=\"typeform-share button\" href=\"https:\/\/singularmktg.typeform.com\/to\/COMq1XCs#art=244\" data-mode=\"drawer_right\" style=\"display:inline-block;text-decoration:none;background-color:#CDE002;color:white;cursor:pointer;font-family:Helvetica,Arial,sans-serif;font-size:20px;line-height:50px;text-align:center;margin:0;height:50px;padding:0px 33px;border-radius:12px;max-width:100%;white-space:nowrap;overflow:hidden;text-overflow:ellipsis;font-weight:bold;-webkit-font-smoothing:antialiased;-moz-osx-font-smoothing:grayscale;\" data-hide-headers=true data-hide-footer=true data-submit-close-delay=\"2\" target=\"_blank\" rel=\"noopener noreferrer\">Eval\u00faa este art\u00edculo <\/a> <script> (function() { var qs,js,q,s,d=document, gi=d.getElementById, ce=d.createElement, gt=d.getElementsByTagName, id=\"typef_orm_share\", b=\"https:\/\/embed.typeform.com\/\"; if(!gi.call(d,id)){ js=ce.call(d,\"script\"); js.id=id; js.src=b+\"embed.js\"; q=gt.call(d,\"script\")[0]; q.parentNode.insertBefore(js,q) } })() <\/script>[\/et_pb_code][\/et_pb_column][\/et_pb_row][et_pb_row _builder_version=\u00bb3.29.3&#8243; _i=\u00bb2&#8243; _address=\u00bb5.2&#8243;][et_pb_column type=\u00bb4_4&#8243; _builder_version=\u00bb3.29.3&#8243; custom_padding_phone=\u00bb40px||||false|false\u00bb custom_padding_last_edited=\u00bbon|phone\u00bb _i=\u00bb0&#8243; _address=\u00bb5.2.0&#8243;][et_pb_posts_carousel_agsdcm category_id=\u00bb37&#8243; max_title_characters=\u00bb150&#8243; heading_style=\u00bbcustom\u00bb heading_primary=\u00bb\u00daltimos Art\u00edculos\u00bb heading_sub=\u00bbNuevas Miradas\u00bb posts_filter_any=\u00bbon\u00bb _builder_version=\u00bb3.29.3&#8243; header_font=\u00bbMontserrat||||||||\u00bb header_text_color=\u00bb#757575&#8243; header_font_size=\u00bb19px\u00bb subheader_text_color=\u00bb#828282&#8243; title_font=\u00bbMontserrat|700|||||||\u00bb title_text_color=\u00bb#acc601&#8243; border_color_all=\u00bb#cde002&#8243; _i=\u00bb0&#8243; _address=\u00bb5.2.0.0&#8243;][\/et_pb_posts_carousel_agsdcm][\/et_pb_column][\/et_pb_row][\/et_pb_section]<\/p>\n","protected":false},"excerpt":{"rendered":"<p>Contenido de El Mercurio en colaboraci\u00f3n con Espacio Mutuo Cuando el Ingeniero Civil en Minas Jaime Rovegno lleg\u00f3 al laboratorio en mayo del a\u00f1o 2017 todo estaba a punto de cambiar para \u00e9l y su compa\u00f1ero de investigaci\u00f3n, Mat\u00edas Moya. Temprano ese d\u00eda el ingeniero mantuvo una conversaci\u00f3n con una minera que le abri\u00f3 los [&hellip;]<\/p>\n","protected":false},"author":2,"featured_media":4482,"comment_status":"closed","ping_status":"closed","sticky":false,"template":"","format":"standard","meta":{"_et_pb_use_builder":"on","_et_pb_old_content":"","_et_gb_content_width":"","footnotes":""},"categories":[37],"tags":[],"class_list":["post-4479","post","type-post","status-publish","format-standard","has-post-thumbnail","hentry","category-nuevas-miradas","et-has-post-format-content","et_post_format-et-post-format-standard"],"_links":{"self":[{"href":"https:\/\/conectamutual.cl\/bienestar\/wp-json\/wp\/v2\/posts\/4479","targetHints":{"allow":["GET"]}}],"collection":[{"href":"https:\/\/conectamutual.cl\/bienestar\/wp-json\/wp\/v2\/posts"}],"about":[{"href":"https:\/\/conectamutual.cl\/bienestar\/wp-json\/wp\/v2\/types\/post"}],"author":[{"embeddable":true,"href":"https:\/\/conectamutual.cl\/bienestar\/wp-json\/wp\/v2\/users\/2"}],"replies":[{"embeddable":true,"href":"https:\/\/conectamutual.cl\/bienestar\/wp-json\/wp\/v2\/comments?post=4479"}],"version-history":[{"count":4,"href":"https:\/\/conectamutual.cl\/bienestar\/wp-json\/wp\/v2\/posts\/4479\/revisions"}],"predecessor-version":[{"id":4499,"href":"https:\/\/conectamutual.cl\/bienestar\/wp-json\/wp\/v2\/posts\/4479\/revisions\/4499"}],"wp:featuredmedia":[{"embeddable":true,"href":"https:\/\/conectamutual.cl\/bienestar\/wp-json\/wp\/v2\/media\/4482"}],"wp:attachment":[{"href":"https:\/\/conectamutual.cl\/bienestar\/wp-json\/wp\/v2\/media?parent=4479"}],"wp:term":[{"taxonomy":"category","embeddable":true,"href":"https:\/\/conectamutual.cl\/bienestar\/wp-json\/wp\/v2\/categories?post=4479"},{"taxonomy":"post_tag","embeddable":true,"href":"https:\/\/conectamutual.cl\/bienestar\/wp-json\/wp\/v2\/tags?post=4479"}],"curies":[{"name":"wp","href":"https:\/\/api.w.org\/{rel}","templated":true}]}}