{"id":4580,"date":"2020-11-09T16:15:51","date_gmt":"2020-11-09T19:15:51","guid":{"rendered":"https:\/\/conectamutual.cl\/bienestar\/?p=4580"},"modified":"2020-11-09T18:57:31","modified_gmt":"2020-11-09T21:57:31","slug":"como-disenar-el-regreso-a-la-oficina-de-manera-segura-con-las-limitaciones-de-espacio-un-desafio-casi-imposible-salvo-para-la-inteligencia-artificial","status":"publish","type":"post","link":"https:\/\/conectamutual.cl\/bienestar\/nuevas-miradas\/como-disenar-el-regreso-a-la-oficina-de-manera-segura-con-las-limitaciones-de-espacio-un-desafio-casi-imposible-salvo-para-la-inteligencia-artificial\/","title":{"rendered":"\u00bfC\u00f3mo dise\u00f1ar el regreso a la oficina de manera segura con las limitaciones de espacio? Este es un desaf\u00edo para la Inteligencia Artificial."},"content":{"rendered":"<p>[et_pb_section fb_built=\u00bb1&#8243; _builder_version=\u00bb3.29.3&#8243; custom_padding=\u00bb4px||0px|||\u00bb fb_built=\u00bb1&#8243; _i=\u00bb0&#8243; _address=\u00bb0&#8243;][et_pb_row _builder_version=\u00bb3.29.3&#8243; min_height=\u00bb102px\u00bb custom_margin_phone=\u00bb20px||||false|false\u00bb custom_margin_last_edited=\u00bbon|phone\u00bb custom_padding=\u00bb34px||10px|||\u00bb _i=\u00bb0&#8243; _address=\u00bb0.0&#8243;][et_pb_column type=\u00bb4_4&#8243; _builder_version=\u00bb3.29.3&#8243; _i=\u00bb0&#8243; _address=\u00bb0.0.0&#8243;][et_pb_image src=\u00bbhttps:\/\/conectamutual.cl\/bienestar\/wp-content\/uploads\/2019\/12\/LOGOS-CATEGORIAS-03.png\u00bb align=\u00bbcenter\u00bb disabled_on=\u00bboff|off|off\u00bb _builder_version=\u00bb3.29.3&#8243; width=\u00bb48%\u00bb width_phone=\u00bb95%\u00bb width_last_edited=\u00bbon|phone\u00bb _i=\u00bb0&#8243; _address=\u00bb0.0.0.0&#8243;][\/et_pb_image][\/et_pb_column][\/et_pb_row][\/et_pb_section][et_pb_section fb_built=\u00bb1&#8243; _builder_version=\u00bb3.29.3&#8243; custom_padding=\u00bb1px||0px|||\u00bb fb_built=\u00bb1&#8243; _i=\u00bb1&#8243; _address=\u00bb1&#8243;][et_pb_row _builder_version=\u00bb3.29.3&#8243; custom_padding=\u00bb0px||5px|||\u00bb _i=\u00bb0&#8243; _address=\u00bb1.0&#8243;][et_pb_column type=\u00bb4_4&#8243; _builder_version=\u00bb3.29.3&#8243; _i=\u00bb0&#8243; _address=\u00bb1.0.0&#8243;][et_pb_image src=\u00bbhttps:\/\/conectamutual.cl\/bienestar\/wp-content\/uploads\/2019\/10\/Logo-Espacio-Mutuo-02.png\u00bb align=\u00bbcenter\u00bb _builder_version=\u00bb3.29.3&#8243; width=\u00bb13%\u00bb width_phone=\u00bb22%\u00bb width_last_edited=\u00bbon|phone\u00bb custom_margin=\u00bb0px||||false|false\u00bb _i=\u00bb0&#8243; _address=\u00bb1.0.0.0&#8243;][\/et_pb_image][\/et_pb_column][\/et_pb_row][\/et_pb_section][et_pb_section fb_built=\u00bb1&#8243; _builder_version=\u00bb3.29.3&#8243; custom_padding=\u00bb15px||1px|||\u00bb fb_built=\u00bb1&#8243; _i=\u00bb2&#8243; _address=\u00bb2&#8243;][et_pb_row _builder_version=\u00bb3.29.3&#8243; custom_padding=\u00bb3px||36px|||\u00bb _i=\u00bb0&#8243; _address=\u00bb2.0&#8243;][et_pb_column type=\u00bb4_4&#8243; _builder_version=\u00bb3.29.3&#8243; _i=\u00bb0&#8243; _address=\u00bb2.0.0&#8243;][et_pb_post_title comments=\u00bboff\u00bb featured_image=\u00bboff\u00bb _builder_version=\u00bb3.29.3&#8243; title_font=\u00bbMontserrat|700|||||||\u00bb title_text_align=\u00bbcenter\u00bb title_text_color=\u00bb#c4d600&#8243; title_font_size=\u00bb54px\u00bb title_line_height=\u00bb1.1em\u00bb meta_font=\u00bbMontserrat||||||||\u00bb meta_text_align=\u00bbcenter\u00bb meta_font_size=\u00bb12px\u00bb title_font_size_phone=\u00bb30px\u00bb title_font_size_last_edited=\u00bbon|phone\u00bb meta_font_size_phone=\u00bb10px\u00bb meta_font_size_last_edited=\u00bbon|phone\u00bb _i=\u00bb0&#8243; _address=\u00bb2.0.0.0&#8243;][\/et_pb_post_title][\/et_pb_column][\/et_pb_row][\/et_pb_section][et_pb_section fb_built=\u00bb1&#8243; fullwidth=\u00bbon\u00bb _builder_version=\u00bb3.29.3&#8243; fb_built=\u00bb1&#8243; _i=\u00bb3&#8243; _address=\u00bb3&#8243;][et_pb_fullwidth_image src=\u00bbhttps:\/\/conectamutual.cl\/bienestar\/wp-content\/uploads\/2020\/11\/pexels-markus-spiske-1936299.jpg\u00bb _builder_version=\u00bb3.29.3&#8243; custom_padding=\u00bb0px|||||\u00bb _i=\u00bb0&#8243; _address=\u00bb3.0&#8243;][\/et_pb_fullwidth_image][\/et_pb_section][et_pb_section fb_built=\u00bb1&#8243; _builder_version=\u00bb3.29.3&#8243; custom_padding=\u00bb||8px|||\u00bb fb_built=\u00bb1&#8243; _i=\u00bb4&#8243; _address=\u00bb4&#8243;][et_pb_row _builder_version=\u00bb3.29.3&#8243; custom_padding=\u00bb9px|||||\u00bb _i=\u00bb0&#8243; _address=\u00bb4.0&#8243;][et_pb_column type=\u00bb4_4&#8243; _builder_version=\u00bb3.29.3&#8243; custom_padding=\u00bb|110px||110px|false|false\u00bb custom_padding_phone=\u00bb|10px||10px|false|false\u00bb custom_padding_last_edited=\u00bbon|phone\u00bb _i=\u00bb0&#8243; _address=\u00bb4.0.0&#8243;][et_pb_text _builder_version=\u00bb3.29.3&#8243; text_font_size=\u00bb17px\u00bb text_line_height=\u00bb2.1em\u00bb header_2_text_color=\u00bb#c4d600&#8243; custom_margin_last_edited=\u00bbon|phone\u00bb custom_padding=\u00bb|0px||0px|false|false\u00bb text_font_size_phone=\u00bb16px\u00bb text_font_size_last_edited=\u00bbon|phone\u00bb text_line_height_phone=\u00bb1.9em\u00bb text_line_height_last_edited=\u00bbon|phone\u00bb header_2_font_size_phone=\u00bb23px\u00bb header_2_font_size_last_edited=\u00bbon|phone\u00bb _i=\u00bb0&#8243; _address=\u00bb4.0.0.0&#8243;]<\/p>\n<blockquote>\n<p><span>SquareFoot es una empresa, localizada en Nueva York, dedicada a encontrar espacios de trabajo y oficinas para sus clientes alrededor del mundo. Hoy, sin embargo, la compa\u00f1\u00eda ha debido enfrentar retos nuevos: con 60 empleados y empleadas, pero una oficina en Manhattan que s\u00f3lo permite 27 personas con las medidas sanitarias pertinentes.<\/span><\/p>\n<\/blockquote>\n<p><span>Por supuesto, SquareFoot no es la \u00fanica empresa con el mismo conflicto: <a href=\"https:\/\/www.businessinsider.com\/companies-asking-employees-to-work-from-home-due-to-coronavirus-2020#earlier-this-summer-outdoor-retailer-rei-announced-that-it-is-selling-its-brand-new-unused-8-acre-corporate-campus-in-bellevue-washington-in-an-august-12-statement-ceo-eric-artz-said-the-company-will-lean-into-remote-working-as-an-engrained-supported-and-\">algunas ya han extendido<\/a> las <strong>pol\u00edticas de trabajo remoto para los empleados no esenciales hasta 2021<\/strong>, mientras que otras han anunciado <a href=\"https:\/\/www.cnn.com\/2020\/08\/13\/business\/rei-sell-campus-coronavirus-trnd\/index.html\">recortes permanentes<\/a> en el espacio f\u00edsico de oficinas. Muchas compa\u00f1\u00edas est\u00e1n adoptando un <a href=\"https:\/\/www.bbc.com\/worklife\/article\/20200824-why-the-future-of-work-might-be-hybrid\">modelo \u00abh\u00edbrido\u00bb<\/a> de uso de la oficina, en el que <strong>los empleados dividen su tiempo entre el trabajo desde casa y el presencial.<\/strong><\/span><\/p>\n<p><span>Pero el modelo exige respuestas sobre qu\u00e9 es m\u00e1s importante: \u00bfpermitir que s\u00f3lo los equipos tengan tiempo juntos en persona o exponerse a colegas de otras partes de la empresa? \u00bfc\u00f3mo ajustan los gerentes los horarios a medida que diferentes personas comienzan y terminan proyectos grupales? \u00bftodos tienen el mismo acceso al tiempo con el jefe y al tipo de visibilidad que generalmente conduce a promociones y reconocimiento?<\/span><\/p>\n<p><span>S\u00ed, SquareFoot no es la \u00fanica empresa que se enfrenta al desaf\u00edo. <strong>Pero s\u00ed es capaz de dise\u00f1ar un modelo de trabajo \u00f3ptimo para estos tiempos de pandemia, <\/strong><a href=\"https:\/\/www.bbc.com\/worklife\/article\/20201002-the-algorithm-tackling-the-office-space-crunch\"><strong>con la ayuda de Inteligencia Artificial.<\/strong><\/a> <\/span><\/p>\n<h3><strong><span>EL ALGORTIMO QUE PODR\u00cdA CAMBIARLO TODO<\/span><\/strong><\/h3>\n<p><span>El negocio de SquareFoot consiste en desarrollar herramientas digitales para ayudar a los clientes a encontrar espacio para oficinas en ciudades concurridas. Ahora, esas mismas herramientas est\u00e1n siendo utilizadas para encontrar una soluci\u00f3n viable a su propia crisis de espacio. \u00bfLa clave? Han creado un <strong>algoritmo que pretende asignar los recursos de la oficina de la manera que mejor se adapte a las necesidades de las personas, los departamentos y la empresa en general.<\/strong><\/span><\/p>\n<p><span>La empresa comenz\u00f3 encuestando a los jefes de departamento sobre las necesidades espec\u00edficas de cada sector del negocio, centradas en <strong>4 \u00e1reas clave: comodidades, ubicaci\u00f3n, comunicaci\u00f3n y desarrollo personal.<\/strong> Se sumergieron en los detalles, haciendo un inventario de las herramientas f\u00edsicas que cada equipo necesitaba para realizar su trabajo, desde Internet de alta velocidad y softwares de licencia limitada hasta pizarras y acceso al transporte p\u00fablico.<\/span><\/p>\n<p><span>\u00a0<\/span><span>A su vez, <strong>investigaron<\/strong> <strong>el estilo de comunicaci\u00f3n de cada departamento y la composici\u00f3n del personal<\/strong>, contando la cantidad de interacciones en persona e informaci\u00f3n pasiva que cada equipo requer\u00eda, as\u00ed como tambi\u00e9n la necesidad de proporcionar m\u00e1s capacitaci\u00f3n y construcci\u00f3n de relaciones con los miembros individuales.<\/span><\/p>\n<p><span>Con esos datos en la mano, SquareFoot construy\u00f3 la <a href=\"https:\/\/www.bbc.com\/worklife\/article\/20201002-the-algorithm-tackling-the-office-space-crunch\">herramienta de Inteligencia Artificial (IA)<\/a> que determina su calendario: <strong>los empleados que desean tiempo de oficina env\u00edan una solicitud al sistema con al menos 24 horas de anticipaci\u00f3n.<\/strong> Si m\u00e1s personas quieren usar la oficina de lo que permite el espacio, el sistema <strong>eval\u00faa cada solicitud en funci\u00f3n de ciertos factores<\/strong>, como la labor del empleado y la cantidad de tiempo de oficina que ha tenido durante esa misma semana.<\/span><\/p>\n<p><strong><span>El algoritmo es reactivo; responde a las solicitudes individuales de tiempo de oficina de los empleados<\/span><\/strong><span>, en lugar de llamar a personas o departamentos particulares a trabajar. Tambi\u00e9n est\u00e1 dise\u00f1ado para situaciones en las que la demanda de uso de la oficina excede la oferta, aunque a\u00fan no hay mucha gente lista para volver. <\/span><\/p>\n<h3><strong><span>RETORNO, JUSTO Y SEGURO<\/span><\/strong><\/h3>\n<p><span>\u201cLa parte m\u00e1s dif\u00edcil es <strong>conciliar las perspectivas de todos los empleados sobre lo que significa estar &#8216;seguro&#8217; <\/strong>cuando tenemos informaci\u00f3n limitada y contradictoria acerca de la transmisi\u00f3n del virus en el entorno de la oficina\u201d, dice Michael Colacino, gerente de SquareFoot. \u201cCuando se hayan completado los estudios que correlacionan la transmisi\u00f3n del COVID-19 y el dise\u00f1o de la oficina, tendremos al menos alguna base para tomar decisiones. En este momento, se trata principalmente de: <strong>\u00abhaz lo que te sientas c\u00f3modo haciendo\u00bb,<\/strong> e incluso con una gran fuerza laboral (como la nuestra), no puedes administrar un negocio completamente a trav\u00e9s del criterio personal de cada uno\u201d.<\/span><\/p>\n<p><span>Alex Alonso, psic\u00f3logo organizacional y director de la <em>Society for Human Resource Management<\/em> (SHRM) en Estados Unidos, dice que la pregunta m\u00e1s popular en este momento por parte de los gerentes de recursos humanos es <strong>c\u00f3mo hacer que todos regresen a la oficina de una manera segura y justa. <\/strong><\/span><\/p>\n<p><span>Pues, no hay respuestas correctas: la soluci\u00f3n se ver\u00e1 diferente para cada empresa, siendo esencial la innovaci\u00f3n. \u201c<strong>Si la intenci\u00f3n es restablecer lo que se ten\u00eda, encontrar\u00e1s que eso es oro de tontos, porque no existe<\/strong>\u00ab, dice Alonso. \u201cLo que hacen las personas que prosperan en este entorno es preguntarse: <strong><em>&#8216;\u00bfc\u00f3mo puedo hacer que mi cultura tenga \u00e9xito para poder reinventar mi empresa?'\u00bb<\/em><\/strong><\/span><\/p>\n<p><span>Dejando de lado los algoritmos, el experto sugiere que una opci\u00f3n es ofrecer incentivos a quienes est\u00e9n dispuestos a trabajar en horarios \u201cescalonados\u201d o no tradicionales. Y si el horario no puede ser flexible, <strong>las empresas tambi\u00e9n podr\u00edan considerar ser creativas con el espacio:<\/strong> despu\u00e9s de meses de videollamadas de Zoom, una reuni\u00f3n al aire libre -con mascarillas y distancia social- podr\u00eda ser una bienvenida alternativa al trabajo virtual.<\/span><\/p>\n<h3><strong><span>QUE NADIE SE QUEDE ATR\u00c1S<\/span><\/strong><\/h3>\n<p><span>Como se\u00f1ala Colacino, dejar que los mismos empleados decidan qu\u00e9 funciona mejor para ellos puede, al largo plazo, no ser el resultado ideal para las empresas. <strong>Dejar la decisi\u00f3n de venir a la oficina completamente a cargo del personal podr\u00eda generar consecuencias no deseadas, como el aumento de las desigualdades en el trabajo. <\/strong><\/span><\/p>\n<p><span>Pi\u00e9nsalo: si los ni\u00f1os no pueden ir a la escuela, uno de los padres tiene que quedarse en casa con ellos, una tarea que ha <a href=\"https:\/\/www.census.gov\/library\/stories\/2020\/08\/parents-juggle-work-and-child-care-during-pandemic.html\">reca\u00eddo desproporcionadamente sobre las mujeres en la pandemia<\/a>. Si se les dice a los empleados de grupos de riesgo que se queden en casa, <strong>est\u00e1s afectando de manera desproporcionada a los trabajadores mayores y los inmigrantes.<\/strong> Y, sin embargo, el tiempo en persona en la oficina contin\u00faa asoci\u00e1ndose a mayor reconocimiento, promociones y ascensos. <\/span><\/p>\n<p><span>Las empresas que est\u00e1n lidiando con c\u00f3mo repartir un espacio de oficina limitado, deben asegurarse de que cualquier sistema que se les ocurra cuente con la <strong>participaci\u00f3n de todos los grupos de empleados a los que podr\u00eda afectar<\/strong>, dice Karen Mangia, autora del libro \u201c<em>Working From Home: Hacer que la nueva normalidad funcione para usted\u201d<\/em>. Con las cosas cambiando tan r\u00e1pidamente, Mangia recomienda <strong>reevaluar las pol\u00edticas cada trimestre, para que sean m\u00e1s flexibles<\/strong>. \u00abLo que es de vital importancia es tener una <strong>variedad de voces en la mesa que ayuden a dise\u00f1ar esos programas\u00bb<\/strong>, dice Mangia. <strong>\u00abIncluso con las mejores intenciones, s\u00f3lo resolvemos lo que sabemos\u00bb.<\/strong><\/span><\/p>\n<p><span>En SquareFoot, el algoritmo sigue siendo una obra en progreso. \u201cNos estar\u00edamos enga\u00f1ando a nosotros mismos si pens\u00e1ramos que podemos dise\u00f1ar esto a priori para que sea perfecto. As\u00ed que nos reuniremos cada 2 semanas como equipo de gesti\u00f3n para reevaluar y reequilibrar seg\u00fan sea necesario\u201d, dice Colacino. \u00abLa belleza de este sistema es que la ponderaci\u00f3n puede cambiar sin que el algoritmo tenga que cambiar\u00bb.<\/span><\/p>\n<p><span>Con todo el cambio que las empresas y los empleados han soportado este a\u00f1o, la certeza sobre cualquier cosa -incluso si s\u00f3lo se trata de saber cu\u00e1ndo un escritorio est\u00e1 desocupado-, podr\u00eda ser un beneficio adicional que se agradece. \u201cLos trabajadores est\u00e1n admitiendo que <strong>los niveles de estr\u00e9s son m\u00e1s altos que nunca porque no saben cu\u00e1ndo regresar\u00e1n y c\u00f3mo ser\u00e1 cuando regresen<\/strong>\u201d, dice Alonso. \u00abEs un <a href=\"https:\/\/conectamutual.cl\/bienestar\/espacios-de-reflexion\/ni-horoscopos-ni-asesores-7-formas-de-enfrentar-en-persona-la-incertidumbre\/\">nivel de tolerancia a la ambig\u00fcedad<\/a> con el que, sinceramente, no hemos tenido que lidiar en bastante tiempo\u00bb. Y es que <strong>por m\u00e1s que la paciencia sea una virtud que se aprende y se practica, un algoritmo que ofrezca respuestas simples ser\u00e1 siempre bienvenido<\/strong>. <\/span><\/p>\n<p>[\/et_pb_text][et_pb_text _builder_version=\u00bb3.29.3&#8243; text_font_size=\u00bb13px\u00bb text_line_height=\u00bb0.6em\u00bb custom_margin=\u00bb-15px||||false|false\u00bb custom_padding=\u00bb34px|||||\u00bb text_font_size_phone=\u00bb11px\u00bb text_font_size_last_edited=\u00bbon|phone\u00bb _i=\u00bb1&#8243; _address=\u00bb4.0.0.1&#8243;]<\/p>\n<p style=\"text-align: center;\"><img loading=\"lazy\" decoding=\"async\" class=\"wp-image-608 alignnone size-full\" src=\"https:\/\/conectamutual.cl\/bienestar\/wp-content\/uploads\/2019\/10\/Imagen-equipo.png\" alt=\"\" width=\"91\" height=\"88\" \/><\/p>\n<p style=\"text-align: center;\"><strong>Por Equipo Espacio Mutuo<\/strong><\/p>\n<p style=\"text-align: center;\"><em>Mutual de Seguridad<\/em><\/p>\n<p>[\/et_pb_text][\/et_pb_column][\/et_pb_row][et_pb_row _builder_version=\u00bb3.29.3&#8243; background_color=\u00bbrgba(0,0,0,0)\u00bb _i=\u00bb1&#8243; _address=\u00bb4.1&#8243;][et_pb_column type=\u00bb4_4&#8243; _builder_version=\u00bb3.29.3&#8243; transform_scale_linked=\u00bboff\u00bb transform_translate=\u00bb-4px|10px\u00bb transform_translate_linked=\u00bboff\u00bb custom_padding=\u00bb5px|0px|5px|0px|false|true\u00bb animation_style=\u00bbzoom\u00bb animation_duration=\u00bb500ms\u00bb border_radii=\u00bboff||||\u00bb border_color_all=\u00bb#cde002&#8243; border_width_top=\u00bb1px\u00bb border_color_top=\u00bb#e09900&#8243; border_style_top=\u00bbdotted\u00bb border_width_bottom=\u00bb1px\u00bb border_color_bottom=\u00bb#e09900&#8243; border_style_bottom=\u00bbdotted\u00bb _i=\u00bb0&#8243; _address=\u00bb4.1.0&#8243;][et_pb_code admin_label=\u00bbRating Art\u00edculo\u00bb _builder_version=\u00bb3.29.3&#8243; transform_scale=\u00bb110%|110%\u00bb transform_translate=\u00bb424px|5px\u00bb transform_translate_linked=\u00bboff\u00bb _i=\u00bb0&#8243; _address=\u00bb4.1.0.0&#8243;]<a class=\"typeform-share button\" href=\"https:\/\/singularmktg.typeform.com\/to\/COMq1XCs#art=251\" data-mode=\"drawer_right\" style=\"display:inline-block;text-decoration:none;background-color:#CDE002;color:white;cursor:pointer;font-family:Helvetica,Arial,sans-serif;font-size:20px;line-height:50px;text-align:center;margin:0;height:50px;padding:0px 33px;border-radius:12px;max-width:100%;white-space:nowrap;overflow:hidden;text-overflow:ellipsis;font-weight:bold;-webkit-font-smoothing:antialiased;-moz-osx-font-smoothing:grayscale;\" data-hide-headers=true data-hide-footer=true data-submit-close-delay=\"2\" target=\"_blank\" rel=\"noopener noreferrer\">Eval\u00faa este art\u00edculo <\/a> <script> (function() { var qs,js,q,s,d=document, gi=d.getElementById, ce=d.createElement, gt=d.getElementsByTagName, id=\"typef_orm_share\", b=\"https:\/\/embed.typeform.com\/\"; if(!gi.call(d,id)){ js=ce.call(d,\"script\"); js.id=id; js.src=b+\"embed.js\"; q=gt.call(d,\"script\")[0]; q.parentNode.insertBefore(js,q) } })() <\/script>[\/et_pb_code][\/et_pb_column][\/et_pb_row][et_pb_row _builder_version=\u00bb3.29.3&#8243; _i=\u00bb2&#8243; _address=\u00bb4.2&#8243;][et_pb_column type=\u00bb4_4&#8243; _builder_version=\u00bb3.29.3&#8243; custom_padding_phone=\u00bb40px||||false|false\u00bb custom_padding_last_edited=\u00bbon|phone\u00bb _i=\u00bb0&#8243; _address=\u00bb4.2.0&#8243;][et_pb_posts_carousel_agsdcm category_id=\u00bb37&#8243; max_title_characters=\u00bb150&#8243; heading_style=\u00bbcustom\u00bb heading_primary=\u00bb\u00daltimos Art\u00edculos\u00bb heading_sub=\u00bbNuevas Miradas\u00bb posts_filter_any=\u00bbon\u00bb _builder_version=\u00bb3.29.3&#8243; header_font=\u00bbMontserrat||||||||\u00bb header_text_color=\u00bb#757575&#8243; header_font_size=\u00bb19px\u00bb subheader_text_color=\u00bb#828282&#8243; title_font=\u00bbMontserrat|700|||||||\u00bb title_text_color=\u00bb#acc601&#8243; border_color_all=\u00bb#cde002&#8243; _i=\u00bb0&#8243; _address=\u00bb4.2.0.0&#8243;][\/et_pb_posts_carousel_agsdcm][\/et_pb_column][\/et_pb_row][\/et_pb_section]<\/p>\n","protected":false},"excerpt":{"rendered":"<p>SquareFoot es una empresa, localizada en Nueva York, dedicada a encontrar espacios de trabajo y oficinas para sus clientes alrededor del mundo. Hoy, sin embargo, la compa\u00f1\u00eda ha debido enfrentar retos nuevos: con 60 empleados y empleadas, pero una oficina en Manhattan que s\u00f3lo permite 27 personas con las medidas sanitarias pertinentes. Por supuesto, SquareFoot [&hellip;]<\/p>\n","protected":false},"author":2,"featured_media":4583,"comment_status":"closed","ping_status":"closed","sticky":false,"template":"","format":"standard","meta":{"_et_pb_use_builder":"on","_et_pb_old_content":"","_et_gb_content_width":"","footnotes":""},"categories":[37],"tags":[184,150,209,208,89],"class_list":["post-4580","post","type-post","status-publish","format-standard","has-post-thumbnail","hentry","category-nuevas-miradas","tag-oficina","tag-pandemia","tag-retorno","tag-trabajo-presencial","tag-vida-laboral","et-has-post-format-content","et_post_format-et-post-format-standard"],"_links":{"self":[{"href":"https:\/\/conectamutual.cl\/bienestar\/wp-json\/wp\/v2\/posts\/4580","targetHints":{"allow":["GET"]}}],"collection":[{"href":"https:\/\/conectamutual.cl\/bienestar\/wp-json\/wp\/v2\/posts"}],"about":[{"href":"https:\/\/conectamutual.cl\/bienestar\/wp-json\/wp\/v2\/types\/post"}],"author":[{"embeddable":true,"href":"https:\/\/conectamutual.cl\/bienestar\/wp-json\/wp\/v2\/users\/2"}],"replies":[{"embeddable":true,"href":"https:\/\/conectamutual.cl\/bienestar\/wp-json\/wp\/v2\/comments?post=4580"}],"version-history":[{"count":7,"href":"https:\/\/conectamutual.cl\/bienestar\/wp-json\/wp\/v2\/posts\/4580\/revisions"}],"predecessor-version":[{"id":4601,"href":"https:\/\/conectamutual.cl\/bienestar\/wp-json\/wp\/v2\/posts\/4580\/revisions\/4601"}],"wp:featuredmedia":[{"embeddable":true,"href":"https:\/\/conectamutual.cl\/bienestar\/wp-json\/wp\/v2\/media\/4583"}],"wp:attachment":[{"href":"https:\/\/conectamutual.cl\/bienestar\/wp-json\/wp\/v2\/media?parent=4580"}],"wp:term":[{"taxonomy":"category","embeddable":true,"href":"https:\/\/conectamutual.cl\/bienestar\/wp-json\/wp\/v2\/categories?post=4580"},{"taxonomy":"post_tag","embeddable":true,"href":"https:\/\/conectamutual.cl\/bienestar\/wp-json\/wp\/v2\/tags?post=4580"}],"curies":[{"name":"wp","href":"https:\/\/api.w.org\/{rel}","templated":true}]}}