{"id":4828,"date":"2020-12-07T17:34:18","date_gmt":"2020-12-07T20:34:18","guid":{"rendered":"https:\/\/conectamutual.cl\/bienestar\/?p=4828"},"modified":"2020-12-07T21:02:22","modified_gmt":"2020-12-08T00:02:22","slug":"lazarillo-la-app-para-personas-ciegas-que-entrega-indicaciones-a-traves-de-un-asistente-de-voz","status":"publish","type":"post","link":"https:\/\/conectamutual.cl\/bienestar\/nuevas-miradas\/lazarillo-la-app-para-personas-ciegas-que-entrega-indicaciones-a-traves-de-un-asistente-de-voz\/","title":{"rendered":"Lazarillo, la app para personas ciegas, que entrega indicaciones a trav\u00e9s de un asistente de voz"},"content":{"rendered":"<p>[et_pb_section fb_built=\u00bb1&#8243; _builder_version=\u00bb3.29.3&#8243; custom_padding=\u00bb4px||0px|||\u00bb fb_built=\u00bb1&#8243; _i=\u00bb0&#8243; _address=\u00bb0&#8243;][et_pb_row _builder_version=\u00bb3.29.3&#8243; min_height=\u00bb102px\u00bb custom_margin_phone=\u00bb20px||||false|false\u00bb custom_margin_last_edited=\u00bbon|phone\u00bb custom_padding=\u00bb34px||10px|||\u00bb _i=\u00bb0&#8243; _address=\u00bb0.0&#8243;][et_pb_column type=\u00bb4_4&#8243; _builder_version=\u00bb3.29.3&#8243; _i=\u00bb0&#8243; _address=\u00bb0.0.0&#8243;][et_pb_image src=\u00bbhttps:\/\/conectamutual.cl\/bienestar\/wp-content\/uploads\/2019\/12\/LOGOS-CATEGORIAS-03.png\u00bb align=\u00bbcenter\u00bb disabled_on=\u00bboff|off|off\u00bb _builder_version=\u00bb3.29.3&#8243; width=\u00bb50%\u00bb width_phone=\u00bb95%\u00bb width_last_edited=\u00bbon|phone\u00bb _i=\u00bb0&#8243; _address=\u00bb0.0.0.0&#8243;][\/et_pb_image][\/et_pb_column][\/et_pb_row][\/et_pb_section][et_pb_section fb_built=\u00bb1&#8243; _builder_version=\u00bb3.29.3&#8243; custom_padding=\u00bb1px||0px|||\u00bb fb_built=\u00bb1&#8243; _i=\u00bb1&#8243; _address=\u00bb1&#8243;][et_pb_row _builder_version=\u00bb3.29.3&#8243; custom_padding=\u00bb0px||5px|||\u00bb _i=\u00bb0&#8243; _address=\u00bb1.0&#8243;][et_pb_column type=\u00bb4_4&#8243; _builder_version=\u00bb3.29.3&#8243; _i=\u00bb0&#8243; _address=\u00bb1.0.0&#8243;][et_pb_image src=\u00bbhttps:\/\/conectamutual.cl\/bienestar\/wp-content\/uploads\/2019\/10\/Logo-Espacio-Mutuo-02.png\u00bb align=\u00bbcenter\u00bb _builder_version=\u00bb3.29.3&#8243; width=\u00bb13%\u00bb width_phone=\u00bb22%\u00bb width_last_edited=\u00bbon|phone\u00bb custom_margin=\u00bb0px||||false|false\u00bb _i=\u00bb0&#8243; _address=\u00bb1.0.0.0&#8243;][\/et_pb_image][\/et_pb_column][\/et_pb_row][\/et_pb_section][et_pb_section fb_built=\u00bb1&#8243; _builder_version=\u00bb3.29.3&#8243; custom_padding=\u00bb15px||1px|||\u00bb fb_built=\u00bb1&#8243; _i=\u00bb2&#8243; _address=\u00bb2&#8243;][et_pb_row _builder_version=\u00bb3.29.3&#8243; custom_padding=\u00bb3px||36px|||\u00bb _i=\u00bb0&#8243; _address=\u00bb2.0&#8243;][et_pb_column type=\u00bb4_4&#8243; _builder_version=\u00bb3.29.3&#8243; _i=\u00bb0&#8243; _address=\u00bb2.0.0&#8243;][et_pb_post_title comments=\u00bboff\u00bb featured_image=\u00bboff\u00bb _builder_version=\u00bb3.29.3&#8243; title_font=\u00bbMontserrat|700|||||||\u00bb title_text_align=\u00bbcenter\u00bb title_text_color=\u00bb#c4d600&#8243; title_font_size=\u00bb54px\u00bb title_line_height=\u00bb1.1em\u00bb meta_font=\u00bbMontserrat||||||||\u00bb meta_text_align=\u00bbcenter\u00bb meta_font_size=\u00bb12px\u00bb title_font_size_phone=\u00bb30px\u00bb title_font_size_last_edited=\u00bbon|phone\u00bb meta_font_size_phone=\u00bb10px\u00bb meta_font_size_last_edited=\u00bbon|phone\u00bb _i=\u00bb0&#8243; _address=\u00bb2.0.0.0&#8243;][\/et_pb_post_title][\/et_pb_column][\/et_pb_row][\/et_pb_section][et_pb_section fb_built=\u00bb1&#8243; _builder_version=\u00bb3.29.3&#8243; background_color=\u00bb#f4f4f4&#8243; custom_padding=\u00bb23px||7px|||\u00bb fb_built=\u00bb1&#8243; _i=\u00bb3&#8243; _address=\u00bb3&#8243;][et_pb_row column_structure=\u00bb1_2,1_2&#8243; _builder_version=\u00bb3.29.3&#8243; custom_margin=\u00bb||||false|false\u00bb custom_padding=\u00bb|||0px|false|false\u00bb _i=\u00bb0&#8243; _address=\u00bb3.0&#8243;][et_pb_column type=\u00bb1_2&#8243; _builder_version=\u00bb3.29.3&#8243; _i=\u00bb0&#8243; _address=\u00bb3.0.0&#8243;][et_pb_text _builder_version=\u00bb3.29.3&#8243; header_3_font=\u00bb||||||||\u00bb header_3_text_color=\u00bb#666666&#8243; header_3_font_size=\u00bb17px\u00bb custom_margin=\u00bb||||false|false\u00bb custom_padding=\u00bb|||120px|false|false\u00bb _i=\u00bb0&#8243; _address=\u00bb3.0.0.0&#8243;]<\/p>\n<h3 style=\"text-align: right;\">Contenido de El Mercurio en colaboraci\u00f3n con Espacio Mutuo<\/h3>\n<p>[\/et_pb_text][\/et_pb_column][et_pb_column type=\u00bb1_2&#8243; _builder_version=\u00bb3.29.3&#8243; _i=\u00bb1&#8243; _address=\u00bb3.0.1&#8243;][et_pb_image src=\u00bbhttps:\/\/conectamutual.cl\/bienestar\/wp-content\/uploads\/2020\/07\/logo-innovacio\u0301n-con-isotipo-v2-outline.png\u00bb _builder_version=\u00bb3.29.3&#8243; width=\u00bb61%\u00bb _i=\u00bb0&#8243; _address=\u00bb3.0.1.0&#8243;][\/et_pb_image][\/et_pb_column][\/et_pb_row][\/et_pb_section][et_pb_section fb_built=\u00bb1&#8243; fullwidth=\u00bbon\u00bb _builder_version=\u00bb3.29.3&#8243; fb_built=\u00bb1&#8243; _i=\u00bb4&#8243; _address=\u00bb4&#8243;][et_pb_fullwidth_image src=\u00bbhttps:\/\/conectamutual.cl\/bienestar\/wp-content\/uploads\/2020\/12\/51335230-Rene\u0301-Espinoza-fundador-de-Lazarillo-27_11_2020-13.28.57.jpg\u00bb _builder_version=\u00bb3.29.3&#8243; _i=\u00bb0&#8243; _address=\u00bb4.0&#8243;][\/et_pb_fullwidth_image][\/et_pb_section][et_pb_section fb_built=\u00bb1&#8243; _builder_version=\u00bb3.29.3&#8243; custom_padding=\u00bb11px||8px|||\u00bb fb_built=\u00bb1&#8243; _i=\u00bb5&#8243; _address=\u00bb5&#8243;][et_pb_row _builder_version=\u00bb3.29.3&#8243; custom_padding=\u00bb9px|||||\u00bb _i=\u00bb0&#8243; _address=\u00bb5.0&#8243;][et_pb_column type=\u00bb4_4&#8243; _builder_version=\u00bb3.29.3&#8243; custom_padding=\u00bb|110px||110px|false|false\u00bb custom_padding_phone=\u00bb|10px||10px|false|false\u00bb custom_padding_last_edited=\u00bbon|phone\u00bb _i=\u00bb0&#8243; _address=\u00bb5.0.0&#8243;][et_pb_text _builder_version=\u00bb3.29.3&#8243; text_font_size=\u00bb17px\u00bb text_line_height=\u00bb2.1em\u00bb header_2_text_color=\u00bb#c4d600&#8243; header_3_line_height=\u00bb1.6em\u00bb custom_margin_last_edited=\u00bbon|phone\u00bb custom_padding=\u00bb36px|0px||0px|false|false\u00bb text_font_size_phone=\u00bb16px\u00bb text_font_size_last_edited=\u00bbon|phone\u00bb text_line_height_phone=\u00bb1.9em\u00bb text_line_height_last_edited=\u00bbon|phone\u00bb header_2_font_size_phone=\u00bb23px\u00bb header_2_font_size_last_edited=\u00bbon|phone\u00bb _i=\u00bb0&#8243; _address=\u00bb5.0.0.0&#8243;]<\/p>\n<blockquote>\n<p><span style=\"font-weight: 400;\">Podr\u00eda haber estado en una minera o una empresa de telecomunicaciones, espacios de trabajo m\u00e1s comunes para los ingenieros civiles electr\u00f3nicos, sin embargo, en 2014 el entonces estudiante universitario <\/span><b>Ren\u00e9 Espinoza, apost\u00f3 por un centro m\u00e9dico para personas con trastornos de movimiento, como una de sus primera incursiones laborales<\/b><span style=\"font-weight: 400;\">. \u201cEl centro trabajaba con el Servicio Nacional de la Discapacidad (Senadis) y me toc\u00f3 estar en una iniciativa para personas ciegas, en la cual aprend\u00ed a desarrollar una app. <\/span><b>Interactu\u00e9 con m\u00e1s de 30 personas con discapacidades visuales, desde baja visi\u00f3n hasta ceguera total, empatice con sus problemas, muchos depend\u00edan de familiares y extra\u00f1os para saber cu\u00e1ndo bajarse de la micro<\/b><span style=\"font-weight: 400;\">\u201d, cuenta Espinoza.\u00a0\u00a0<\/span><\/p>\n<\/blockquote>\n<p><span style=\"font-weight: 400;\">Sin presagiarlo, esa experiencia sigui\u00f3 al ingeniero hasta el d\u00eda de hoy. En su \u00faltimo a\u00f1o de universidad apost\u00f3 por continuar con el desarrollo de la app como su proyecto de tesis y luego en 2016 convirti\u00f3 la idea en un emprendimiento: <\/span><b>Lazarillo, startup con la que dio el vamos a la creaci\u00f3n oficial de la plataforma m\u00f3vil<\/b><span style=\"font-weight: 400;\">, que finalmente vio la luz en septiembre de ese a\u00f1o y que hoy, debido a la pandemia, se ha expandido a nuevas problem\u00e1ticas.\u00a0<\/span><\/p>\n<p><span style=\"font-weight: 400;\">La innovaci\u00f3n est\u00e1 conectada a mapas del mundo y tiene un asistente de voz que le <\/span><b>va entregando indicaciones a las personas a medida que se van desplazando por la ciudad<\/b><span style=\"font-weight: 400;\">, por ejemplo, el nombre de las calles, qu\u00e9 instituciones est\u00e1n cerca o las paradas de bus. Adem\u00e1s, contempla un men\u00fa principal en que un lector de pantalla (software) va leyendo e identificando lo que se visualiza, para que el usuario seleccione lo que necesita. \u201c<\/span><b>Buscamos que las personas puedan ser m\u00e1s independientes, que no tengan que depender de otros<\/b><span style=\"font-weight: 400;\">\u201d, afirma el emprendedor, quien cuenta que la piedra angular de todo lo que hacen est\u00e1 en el constante contacto con la comunidad de personas ciegas. <\/span><b>Hoy la app tiene 180 mil usuarios de 45 pa\u00edses, como Estados Unidos, M\u00e9xico, Espa\u00f1a, Chile e India<\/b><span style=\"font-weight: 400;\">.<\/span><\/p>\n<p><span style=\"font-weight: 400;\">Siguiendo ese norte y en l\u00ednea con el desplazamiento, en 2017 Espinoza decidi\u00f3 expandir el campo de llegada de la app ya no solo para que entregara indicaciones en espacio p\u00fablicos, sino que tambi\u00e9n en lugares cerrados, en donde no funciona el GPS. Para eso, <\/span><b>la startup desarroll\u00f3 un sistema que usa se\u00f1ales del celular, como el Bluetooth, el que ofrecen como un servicio a empresas e instituciones que quieran volver m\u00e1s accesibles sus dependencias<\/b><span style=\"font-weight: 400;\">, lo que se convirti\u00f3 en el modelo de negocio de Lazarrillo. Hoy est\u00e1n con 14 instituciones, como universidades, museos y bancos.\u00a0<\/span><\/p>\n<p><span style=\"font-weight: 400;\">\u201cPueden dar una atenci\u00f3n m\u00e1s inclusiva, se hace un mapeo de los puntos de inter\u00e9s de la instituci\u00f3n\u201d, dice. De cara a robustecer la accesibilidad de los espacios, el emprendedor plantea que las organizaciones deben estar en contacto directo con personas con capacidades diferentes en la creaci\u00f3n de nuevos productos, para que estos sean pensados inclusivamente. \u201c<\/span><b>La mayor\u00eda de las personas no saben lo que es la accesibilidad digital y son profesionales de tecnolog\u00eda<\/b><span style=\"font-weight: 400;\">, que son los que desarrollan los servicios digitales. Hay una falencia, un desconocimiento gigante y para eso se tiene que trabajar con los usuarios. Lazarillo hace esta conexi\u00f3n y da herramientas para atenderlos, nuestro rol es ser un canal. Tambi\u00e9n el tener equipos de trabajo diversos aporta mucho, hay gente ciega que es programadora\u201d, dice Espinoza, que el a\u00f1o pasado fue seleccionado por el MIT Technology Review como uno de los innovadores menores de 35 a\u00f1os m\u00e1s prometedores del mundo.<\/span><\/p>\n<h3><b>E-commerce inclusivo<\/b><\/h3>\n<p><span style=\"font-weight: 400;\">La incorporaci\u00f3n de nuevas funciones vivi\u00f3 un hito este a\u00f1o, ya que <\/span><b>la pandemia dej\u00f3 entrever nuevos espacios digitales que no estaban siendo concebidos como inclusivos y en donde Lazarillo decidi\u00f3 actuar<\/b><span style=\"font-weight: 400;\">. Uno de estos fue el aumento de informaci\u00f3n de utilidad p\u00fablica que comenz\u00f3 a surgir, relacionada, por ejemplo, a los nuevos protocolos de las tiendas. As\u00ed, en mayo Lazarillo pas\u00f3 a convertirse en un canal de comunicaci\u00f3n para las personas ciegas, que las empresas \u2014v\u00eda un pago\u2014 pueden usar para dar a conocer informaci\u00f3n a trav\u00e9s de audio.\u00a0<\/span><\/p>\n<p><span style=\"font-weight: 400;\">\u201c<\/span><b>La forma en que llegamos a estos servicios fue a trav\u00e9s de los usuarios, les preguntamos cu\u00e1les eran las nuevas necesidades<\/b><span style=\"font-weight: 400;\">. El coronavirus hizo que la gente se quedara en sus casas, las instituciones empezaron a mandar datos en formato no accesible, o las instituciones p\u00fablicas sub\u00edan solo im\u00e1genes, por ejemplo, de d\u00f3nde estaban poniendo vacunas contra la influenza o d\u00f3nde estaban entregando cajas de alimento\u201c, indica el emprendedor. Este nuevo producto ya est\u00e1 siendo usado por siete organizaciones como Senadis y empresas locales como Banco de Chile y Red Salud UC Christus.\u00a0<\/span><\/p>\n<p><span style=\"font-weight: 400;\">Adem\u00e1s, est\u00e1n debutando con un nuevo servicio que apunta a volver m\u00e1s inclusivo otro aspecto que la pandemia masific\u00f3: el e-commerce. Para ello, lanzaron una funci\u00f3n donde <\/span><b>conectan a las empresas con la comunidad de Lazarillo, para que puedan comprar m\u00e1s f\u00e1cilmente<\/b><span style=\"font-weight: 400;\">. Esto lo logran incorporando un bot\u00f3n en la app, que al presionarlo conecta al usuario con un vendedor de la tienda a trav\u00e9s de una videollamada. \u201c<\/span><b>El usuario no usa el e-commerce, sino que est\u00e1 en la app y el vendedor le va armando el carrito de compra en la p\u00e1gina web. Luego le da opciones de pago<\/b><span style=\"font-weight: 400;\">\u201d, cuenta Espinoza, quien se\u00f1ala que este servicio actualmente est\u00e1 siendo usado por Sodimac y est\u00e1n en conversaciones con empresas de Estados Unidos.\u00a0<\/span><\/p>\n<p><span style=\"font-weight: 400;\">Para fortalecer estas nuevas l\u00edneas de negocios, Espinoza cuenta que est\u00e1n en proceso de levantar capital por US$ 1 mill\u00f3n a trav\u00e9s de una ronda con inversionistas locales y extranjeros. La operaci\u00f3n est\u00e1 prevista para fines de este mes, y espera que se concrete en los primeros meses de 2021.<\/span><\/p>\n<p><span style=\"font-weight: 400;\">El emprendedor agrega que esta es la primera ronda con inversionistas privados. <\/span><b>A la fecha han apalancado $220 millones a trav\u00e9s de Corfo<\/b><span style=\"font-weight: 400;\">.<\/span><\/p>\n<p>[\/et_pb_text][\/et_pb_column][\/et_pb_row][et_pb_row _builder_version=\u00bb3.29.3&#8243; background_color=\u00bbrgba(0,0,0,0)\u00bb _i=\u00bb1&#8243; _address=\u00bb5.1&#8243;][et_pb_column type=\u00bb4_4&#8243; _builder_version=\u00bb3.29.3&#8243; transform_scale_linked=\u00bboff\u00bb transform_translate=\u00bb-4px|10px\u00bb transform_translate_linked=\u00bboff\u00bb custom_padding=\u00bb5px|0px|5px|0px|false|true\u00bb animation_style=\u00bbzoom\u00bb animation_duration=\u00bb500ms\u00bb border_radii=\u00bboff||||\u00bb border_color_all=\u00bb#cde002&#8243; border_width_top=\u00bb1px\u00bb border_color_top=\u00bb#e09900&#8243; border_style_top=\u00bbdotted\u00bb border_width_bottom=\u00bb1px\u00bb border_color_bottom=\u00bb#e09900&#8243; border_style_bottom=\u00bbdotted\u00bb _i=\u00bb0&#8243; _address=\u00bb5.1.0&#8243;][et_pb_code admin_label=\u00bbRating Art\u00edculo\u00bb _builder_version=\u00bb3.29.3&#8243; transform_scale=\u00bb110%|110%\u00bb transform_translate=\u00bb424px|5px\u00bb transform_translate_linked=\u00bboff\u00bb _i=\u00bb0&#8243; _address=\u00bb5.1.0.0&#8243;]<a class=\"typeform-share button\" href=\"https:\/\/singularmktg.typeform.com\/to\/COMq1XCs#art=277\" data-mode=\"drawer_right\" style=\"display:inline-block;text-decoration:none;background-color:#CDE002;color:white;cursor:pointer;font-family:Helvetica,Arial,sans-serif;font-size:20px;line-height:50px;text-align:center;margin:0;height:50px;padding:0px 33px;border-radius:12px;max-width:100%;white-space:nowrap;overflow:hidden;text-overflow:ellipsis;font-weight:bold;-webkit-font-smoothing:antialiased;-moz-osx-font-smoothing:grayscale;\" data-hide-headers=true data-hide-footer=true data-submit-close-delay=\"2\" target=\"_blank\" rel=\"noopener noreferrer\">Eval\u00faa este art\u00edculo <\/a> <script> (function() { var qs,js,q,s,d=document, gi=d.getElementById, ce=d.createElement, gt=d.getElementsByTagName, id=\"typef_orm_share\", b=\"https:\/\/embed.typeform.com\/\"; if(!gi.call(d,id)){ js=ce.call(d,\"script\"); js.id=id; js.src=b+\"embed.js\"; q=gt.call(d,\"script\")[0]; q.parentNode.insertBefore(js,q) } })() <\/script>[\/et_pb_code][\/et_pb_column][\/et_pb_row][et_pb_row _builder_version=\u00bb3.29.3&#8243; _i=\u00bb2&#8243; _address=\u00bb5.2&#8243;][et_pb_column type=\u00bb4_4&#8243; _builder_version=\u00bb3.29.3&#8243; custom_padding_phone=\u00bb40px||||false|false\u00bb custom_padding_last_edited=\u00bbon|phone\u00bb _i=\u00bb0&#8243; _address=\u00bb5.2.0&#8243;][et_pb_posts_carousel_agsdcm category_id=\u00bb37&#8243; max_title_characters=\u00bb150&#8243; heading_style=\u00bbcustom\u00bb heading_primary=\u00bb\u00daltimos Art\u00edculos\u00bb heading_sub=\u00bbNuevas Miradas\u00bb posts_filter_any=\u00bbon\u00bb _builder_version=\u00bb3.29.3&#8243; header_font=\u00bbMontserrat||||||||\u00bb header_text_color=\u00bb#757575&#8243; header_font_size=\u00bb19px\u00bb subheader_text_color=\u00bb#828282&#8243; title_font=\u00bbMontserrat|700|||||||\u00bb title_text_color=\u00bb#acc601&#8243; border_color_all=\u00bb#cde002&#8243; _i=\u00bb0&#8243; _address=\u00bb5.2.0.0&#8243;][\/et_pb_posts_carousel_agsdcm][\/et_pb_column][\/et_pb_row][\/et_pb_section]<\/p>\n","protected":false},"excerpt":{"rendered":"<p>Contenido de El Mercurio en colaboraci\u00f3n con Espacio Mutuo Podr\u00eda haber estado en una minera o una empresa de telecomunicaciones, espacios de trabajo m\u00e1s comunes para los ingenieros civiles electr\u00f3nicos, sin embargo, en 2014 el entonces estudiante universitario Ren\u00e9 Espinoza, apost\u00f3 por un centro m\u00e9dico para personas con trastornos de movimiento, como una de sus [&hellip;]<\/p>\n","protected":false},"author":2,"featured_media":4831,"comment_status":"closed","ping_status":"closed","sticky":false,"template":"","format":"standard","meta":{"_et_pb_use_builder":"on","_et_pb_old_content":"","_et_gb_content_width":"","footnotes":""},"categories":[37],"tags":[],"class_list":["post-4828","post","type-post","status-publish","format-standard","has-post-thumbnail","hentry","category-nuevas-miradas","et-has-post-format-content","et_post_format-et-post-format-standard"],"_links":{"self":[{"href":"https:\/\/conectamutual.cl\/bienestar\/wp-json\/wp\/v2\/posts\/4828","targetHints":{"allow":["GET"]}}],"collection":[{"href":"https:\/\/conectamutual.cl\/bienestar\/wp-json\/wp\/v2\/posts"}],"about":[{"href":"https:\/\/conectamutual.cl\/bienestar\/wp-json\/wp\/v2\/types\/post"}],"author":[{"embeddable":true,"href":"https:\/\/conectamutual.cl\/bienestar\/wp-json\/wp\/v2\/users\/2"}],"replies":[{"embeddable":true,"href":"https:\/\/conectamutual.cl\/bienestar\/wp-json\/wp\/v2\/comments?post=4828"}],"version-history":[{"count":6,"href":"https:\/\/conectamutual.cl\/bienestar\/wp-json\/wp\/v2\/posts\/4828\/revisions"}],"predecessor-version":[{"id":4875,"href":"https:\/\/conectamutual.cl\/bienestar\/wp-json\/wp\/v2\/posts\/4828\/revisions\/4875"}],"wp:featuredmedia":[{"embeddable":true,"href":"https:\/\/conectamutual.cl\/bienestar\/wp-json\/wp\/v2\/media\/4831"}],"wp:attachment":[{"href":"https:\/\/conectamutual.cl\/bienestar\/wp-json\/wp\/v2\/media?parent=4828"}],"wp:term":[{"taxonomy":"category","embeddable":true,"href":"https:\/\/conectamutual.cl\/bienestar\/wp-json\/wp\/v2\/categories?post=4828"},{"taxonomy":"post_tag","embeddable":true,"href":"https:\/\/conectamutual.cl\/bienestar\/wp-json\/wp\/v2\/tags?post=4828"}],"curies":[{"name":"wp","href":"https:\/\/api.w.org\/{rel}","templated":true}]}}