{"id":4928,"date":"2020-12-21T13:25:37","date_gmt":"2020-12-21T16:25:37","guid":{"rendered":"https:\/\/conectamutual.cl\/bienestar\/?p=4928"},"modified":"2021-01-16T11:00:57","modified_gmt":"2021-01-16T14:00:57","slug":"hoy-sin-tecnologia-e-innovacion-no-es-posible-crecer","status":"publish","type":"post","link":"https:\/\/conectamutual.cl\/bienestar\/jardin-de-las-buenas-ideas\/hoy-sin-tecnologia-e-innovacion-no-es-posible-crecer\/","title":{"rendered":"\u00abHoy sin tecnolog\u00eda e innovaci\u00f3n no es posible crecer\u00bb."},"content":{"rendered":"<p>[et_pb_section fb_built=\u00bb1&#8243; _builder_version=\u00bb3.29.3&#8243; custom_margin=\u00bb||-50px||false|false\u00bb custom_margin_phone=\u00bb||0px||false|false\u00bb custom_margin_last_edited=\u00bbon|phone\u00bb custom_padding=\u00bb11px||0px||false|false\u00bb fb_built=\u00bb1&#8243; _i=\u00bb0&#8243; _address=\u00bb0&#8243;][et_pb_row column_structure=\u00bb1_3,1_3,1_3&#8243; disabled_on=\u00bbon|on|off\u00bb _builder_version=\u00bb3.29.3&#8243; min_height=\u00bb269px\u00bb custom_margin=\u00bb-15px|auto|-190px|auto|false|false\u00bb custom_margin_last_edited=\u00bbon|phone\u00bb custom_padding=\u00bb||0px||false|false\u00bb _i=\u00bb0&#8243; _address=\u00bb0.0&#8243;][et_pb_column type=\u00bb1_3&#8243; _builder_version=\u00bb3.29.3&#8243; _i=\u00bb0&#8243; _address=\u00bb0.0.0&#8243;][\/et_pb_column][et_pb_column type=\u00bb1_3&#8243; _builder_version=\u00bb3.29.3&#8243; _i=\u00bb1&#8243; _address=\u00bb0.0.1&#8243;][et_pb_image src=\u00bbhttps:\/\/conectamutual.cl\/bienestar\/wp-content\/uploads\/2019\/10\/Logo-Espacio-Mutuo-02.png\u00bb align=\u00bbcenter\u00bb _builder_version=\u00bb3.29.3&#8243; width=\u00bb83%\u00bb width_phone=\u00bb22%\u00bb width_last_edited=\u00bbon|phone\u00bb custom_margin=\u00bb15px||||false|false\u00bb _i=\u00bb0&#8243; _address=\u00bb0.0.1.0&#8243;][\/et_pb_image][\/et_pb_column][et_pb_column type=\u00bb1_3&#8243; _builder_version=\u00bb3.29.3&#8243; _i=\u00bb2&#8243; _address=\u00bb0.0.2&#8243;][et_pb_image src=\u00bbhttps:\/\/conectamutual.cl\/bienestar\/wp-content\/uploads\/2021\/01\/Captura-de-Pantalla-2021-01-16-a-las-10.07.37.png\u00bb align=\u00bbright\u00bb _builder_version=\u00bb3.29.3&#8243; width=\u00bb72%\u00bb width_phone=\u00bb41%\u00bb width_last_edited=\u00bbon|phone\u00bb custom_margin=\u00bb45px||45px||true|false\u00bb custom_margin_phone=\u00bb10px||60px||false|false\u00bb custom_margin_last_edited=\u00bbon|phone\u00bb _i=\u00bb0&#8243; _address=\u00bb0.0.2.0&#8243;][\/et_pb_image][\/et_pb_column][\/et_pb_row][et_pb_row column_structure=\u00bb1_3,1_3,1_3&#8243; disabled_on=\u00bboff|off|on\u00bb _builder_version=\u00bb3.29.3&#8243; min_height=\u00bb269px\u00bb custom_margin=\u00bb-15px|auto|-20px|auto|false|false\u00bb custom_margin_last_edited=\u00bbon|phone\u00bb custom_padding=\u00bb||||false|false\u00bb _i=\u00bb1&#8243; _address=\u00bb0.1&#8243;][et_pb_column type=\u00bb1_3&#8243; _builder_version=\u00bb3.29.3&#8243; _i=\u00bb0&#8243; _address=\u00bb0.1.0&#8243;][\/et_pb_column][et_pb_column type=\u00bb1_3&#8243; _builder_version=\u00bb3.29.3&#8243; _i=\u00bb1&#8243; _address=\u00bb0.1.1&#8243;][et_pb_image src=\u00bbhttps:\/\/conectamutual.cl\/bienestar\/wp-content\/uploads\/2019\/10\/Logo-Espacio-Mutuo-01.png\u00bb align=\u00bbcenter\u00bb force_fullwidth=\u00bbon\u00bb _builder_version=\u00bb3.29.3&#8243; min_height=\u00bb170px\u00bb min_height_phone=\u00bb187px\u00bb min_height_last_edited=\u00bbon|phone\u00bb height=\u00bb100px\u00bb max_height=\u00bb1000px\u00bb custom_margin=\u00bb-14px||8px|||\u00bb _i=\u00bb0&#8243; _address=\u00bb0.1.1.0&#8243;][\/et_pb_image][\/et_pb_column][et_pb_column type=\u00bb1_3&#8243; _builder_version=\u00bb3.29.3&#8243; _i=\u00bb2&#8243; _address=\u00bb0.1.2&#8243;][et_pb_image src=\u00bbhttps:\/\/conectamutual.cl\/bienestar\/wp-content\/uploads\/2021\/01\/Captura-de-Pantalla-2021-01-16-a-las-10.07.37.png\u00bb align=\u00bbcenter\u00bb _builder_version=\u00bb3.29.3&#8243; width=\u00bb94%\u00bb width_phone=\u00bb65%\u00bb width_last_edited=\u00bbon|phone\u00bb module_alignment=\u00bbcenter\u00bb custom_margin=\u00bb45px||45px||true|false\u00bb custom_margin_phone=\u00bb10px||60px||false|false\u00bb custom_margin_last_edited=\u00bbon|phone\u00bb _i=\u00bb0&#8243; _address=\u00bb0.1.2.0&#8243;][\/et_pb_image][\/et_pb_column][\/et_pb_row][\/et_pb_section][et_pb_section fb_built=\u00bb1&#8243; _builder_version=\u00bb3.29.3&#8243; custom_padding=\u00bb4px||0px|||\u00bb fb_built=\u00bb1&#8243; _i=\u00bb1&#8243; _address=\u00bb1&#8243;][et_pb_row _builder_version=\u00bb3.29.3&#8243; min_height=\u00bb102px\u00bb custom_margin_phone=\u00bb20px||||false|false\u00bb custom_margin_last_edited=\u00bbon|phone\u00bb custom_padding=\u00bb34px||23px|||\u00bb _i=\u00bb0&#8243; _address=\u00bb1.0&#8243;][et_pb_column type=\u00bb4_4&#8243; _builder_version=\u00bb3.29.3&#8243; _i=\u00bb0&#8243; _address=\u00bb1.0.0&#8243;][et_pb_image src=\u00bbhttps:\/\/conectamutual.cl\/bienestar\/wp-content\/uploads\/2020\/11\/Huincha-Jardin-IDEAS-01.png\u00bb align=\u00bbcenter\u00bb disabled_on=\u00bboff|off|off\u00bb _builder_version=\u00bb3.29.3&#8243; width=\u00bb76%\u00bb width_phone=\u00bb95%\u00bb width_last_edited=\u00bbon|phone\u00bb _i=\u00bb0&#8243; _address=\u00bb1.0.0.0&#8243;][\/et_pb_image][\/et_pb_column][\/et_pb_row][\/et_pb_section][et_pb_section fb_built=\u00bb1&#8243; _builder_version=\u00bb3.29.3&#8243; custom_padding=\u00bb15px||1px|||\u00bb fb_built=\u00bb1&#8243; _i=\u00bb2&#8243; _address=\u00bb2&#8243;][et_pb_row _builder_version=\u00bb3.29.3&#8243; custom_padding=\u00bb3px||36px|||\u00bb _i=\u00bb0&#8243; _address=\u00bb2.0&#8243;][et_pb_column type=\u00bb4_4&#8243; _builder_version=\u00bb3.29.3&#8243; _i=\u00bb0&#8243; _address=\u00bb2.0.0&#8243;][et_pb_post_title comments=\u00bboff\u00bb featured_image=\u00bboff\u00bb _builder_version=\u00bb3.29.3&#8243; title_font=\u00bbMontserrat|700|||||||\u00bb title_text_align=\u00bbcenter\u00bb title_text_color=\u00bb#c4d600&#8243; title_font_size=\u00bb54px\u00bb title_line_height=\u00bb1.1em\u00bb meta_font=\u00bbMontserrat||||||||\u00bb meta_text_align=\u00bbcenter\u00bb meta_font_size=\u00bb12px\u00bb title_font_size_phone=\u00bb30px\u00bb title_font_size_last_edited=\u00bbon|phone\u00bb meta_font_size_phone=\u00bb10px\u00bb meta_font_size_last_edited=\u00bbon|phone\u00bb _i=\u00bb0&#8243; _address=\u00bb2.0.0.0&#8243;][\/et_pb_post_title][\/et_pb_column][\/et_pb_row][\/et_pb_section][et_pb_section fb_built=\u00bb1&#8243; fullwidth=\u00bbon\u00bb _builder_version=\u00bb3.29.3&#8243; fb_built=\u00bb1&#8243; _i=\u00bb3&#8243; _address=\u00bb3&#8243;][et_pb_fullwidth_image src=\u00bbhttps:\/\/conectamutual.cl\/bienestar\/wp-content\/uploads\/2020\/12\/Cristobal-Vergara-SAP-01.jpg\u00bb _builder_version=\u00bb3.29.3&#8243; _i=\u00bb0&#8243; _address=\u00bb3.0&#8243;][\/et_pb_fullwidth_image][\/et_pb_section][et_pb_section fb_built=\u00bb1&#8243; custom_padding_last_edited=\u00bbon|phone\u00bb _builder_version=\u00bb3.29.3&#8243; custom_padding=\u00bb29px||8px|||\u00bb custom_padding_phone=\u00bb50px||||false|false\u00bb fb_built=\u00bb1&#8243; _i=\u00bb4&#8243; _address=\u00bb4&#8243;][et_pb_row _builder_version=\u00bb3.29.3&#8243; _i=\u00bb0&#8243; _address=\u00bb4.0&#8243;][et_pb_column type=\u00bb4_4&#8243; _builder_version=\u00bb3.29.3&#8243; _i=\u00bb0&#8243; _address=\u00bb4.0.0&#8243;][et_pb_text _builder_version=\u00bb3.29.3&#8243; text_font_size=\u00bb19px\u00bb text_letter_spacing=\u00bb2px\u00bb custom_margin=\u00bb||2px|||\u00bb text_font_size_phone=\u00bb13px\u00bb text_font_size_last_edited=\u00bbon|desktop\u00bb text_letter_spacing_last_edited=\u00bbon|phone\u00bb text_line_height_phone=\u00bb1.6em\u00bb text_line_height_last_edited=\u00bbon|phone\u00bb _i=\u00bb0&#8243; _address=\u00bb4.0.0.0&#8243;]<\/p>\n<p style=\"text-align: center;\">EL JARDINERO DE BUENAS IDEAS DE HOY<\/p>\n<p>[\/et_pb_text][et_pb_text _builder_version=\u00bb3.29.3&#8243; text_font_size=\u00bb19px\u00bb text_letter_spacing=\u00bb2px\u00bb header_2_font=\u00bb|700|||||||\u00bb header_2_font_size=\u00bb48px\u00bb header_2_letter_spacing=\u00bb-1px\u00bb custom_margin=\u00bb||-4px|||\u00bb text_font_size_phone=\u00bb13px\u00bb text_font_size_last_edited=\u00bbon|desktop\u00bb text_letter_spacing_last_edited=\u00bbon|phone\u00bb text_line_height_phone=\u00bb1.6em\u00bb text_line_height_last_edited=\u00bbon|phone\u00bb header_2_font_size_phone=\u00bb38px\u00bb header_2_font_size_last_edited=\u00bbon|desktop\u00bb _i=\u00bb1&#8243; _address=\u00bb4.0.0.1&#8243;]<\/p>\n<h2 style=\"text-align: center;\"><strong>Crist\u00f3bal Vergara<\/strong><\/h2>\n<p>[\/et_pb_text][et_pb_text _builder_version=\u00bb3.29.3&#8243; text_font_size=\u00bb25px\u00bb header_2_font=\u00bb|700|||||||\u00bb header_2_font_size=\u00bb57px\u00bb header_2_letter_spacing=\u00bb-1px\u00bb custom_margin=\u00bb||15px|||\u00bb text_font_size_phone=\u00bb17px\u00bb text_font_size_last_edited=\u00bbon|phone\u00bb text_letter_spacing_last_edited=\u00bbon|phone\u00bb text_line_height_phone=\u00bb1.6em\u00bb text_line_height_last_edited=\u00bbon|phone\u00bb header_2_font_size_phone=\u00bb38px\u00bb header_2_font_size_last_edited=\u00bbon|desktop\u00bb _i=\u00bb2&#8243; _address=\u00bb4.0.0.2&#8243;]<\/p>\n<p style=\"text-align: center;\"><strong>Gerente General de SAP Chile<\/strong><\/p>\n<p>[\/et_pb_text][et_pb_image src=\u00bbhttps:\/\/conectamutual.cl\/bienestar\/wp-content\/uploads\/2020\/12\/1024px-SAP_2011_logo.svg_.png\u00bb _builder_version=\u00bb3.29.3&#8243; width=\u00bb20%\u00bb module_alignment=\u00bbcenter\u00bb _i=\u00bb3&#8243; _address=\u00bb4.0.0.3&#8243;][\/et_pb_image][\/et_pb_column][\/et_pb_row][\/et_pb_section][et_pb_section fb_built=\u00bb1&#8243; _builder_version=\u00bb3.29.3&#8243; custom_padding=\u00bb31px||8px|||\u00bb fb_built=\u00bb1&#8243; _i=\u00bb5&#8243; _address=\u00bb5&#8243;][et_pb_row column_structure=\u00bb1_2,1_2&#8243; _builder_version=\u00bb3.29.3&#8243; background_color=\u00bb#f7f7f7&#8243; custom_padding=\u00bb9px|0px|0px|||\u00bb _i=\u00bb0&#8243; _address=\u00bb5.0&#8243;][et_pb_column type=\u00bb1_2&#8243; _builder_version=\u00bb3.29.3&#8243; background_color=\u00bb#00c7dd\u00bb custom_padding=\u00bb||160px||false|false\u00bb custom_padding_phone=\u00bb||0px||false|false\u00bb custom_padding_last_edited=\u00bbon|phone\u00bb _i=\u00bb0&#8243; _address=\u00bb5.0.0&#8243;][et_pb_image src=\u00bbhttps:\/\/conectamutual.cl\/bienestar\/wp-content\/uploads\/2020\/11\/Iconos-Jardin-Ideas-02.png\u00bb _builder_version=\u00bb3.29.3&#8243; background_enable_color=\u00bboff\u00bb width=\u00bb65%\u00bb max_width=\u00bb100%\u00bb module_alignment=\u00bbcenter\u00bb custom_padding=\u00bb44px|58px|44px|54px|true|false\u00bb _i=\u00bb0&#8243; _address=\u00bb5.0.0.0&#8243;][\/et_pb_image][et_pb_text _builder_version=\u00bb3.29.3&#8243; header_2_text_color=\u00bb#ffffff\u00bb header_2_font_size=\u00bb33px\u00bb custom_padding=\u00bb0px|50px|118px|80px|false|false\u00bb custom_padding_phone=\u00bb|||30px|false|false\u00bb custom_padding_last_edited=\u00bbon|phone\u00bb header_2_font_size_phone=\u00bb28px\u00bb header_2_font_size_last_edited=\u00bbon|phone\u00bb _i=\u00bb1&#8243; _address=\u00bb5.0.0.1&#8243;]<\/p>\n<h2><strong>\u00bfPor qu\u00e9 elegiste plantar las semillas de tu empresa? \u00bfc\u00f3mo surgi\u00f3 la idea?<\/strong><\/h2>\n<p>[\/et_pb_text][\/et_pb_column][et_pb_column type=\u00bb1_2&#8243; _builder_version=\u00bb3.29.3&#8243; custom_padding=\u00bb|110px||110px|false|false\u00bb custom_padding_phone=\u00bb|10px||10px|false|false\u00bb custom_padding_last_edited=\u00bbon|phone\u00bb _i=\u00bb1&#8243; _address=\u00bb5.0.1&#8243;][et_pb_text _builder_version=\u00bb3.29.3&#8243; text_font=\u00bb||||||||\u00bb text_line_height=\u00bb2.1em\u00bb custom_margin=\u00bb40px|||-90px|false|false\u00bb custom_margin_phone=\u00bb|||0px|false|false\u00bb custom_margin_last_edited=\u00bbon|desktop\u00bb custom_padding=\u00bb0px|0px|40px||false|false\u00bb _i=\u00bb0&#8243; _address=\u00bb5.0.1.0&#8243;]<\/p>\n<p><span style=\"font-weight: 400;\">Hace 50 a\u00f1os SAP, que lleva cerca de 25 a\u00f1os en Chile, <\/span><b>naci\u00f3 con la idea de hacer m\u00e1s eficiente a las empresas<\/b><span style=\"font-weight: 400;\">. La g\u00e9nesis de esto es doble. Una tiene que ver con la primera semilla que SAP planta bajo la \u00f3ptica de <\/span><b>apoyar con tecnolog\u00eda a las empresas para que ellas materialicen y potencien sus ideas con nuestra ayuda<\/b><span style=\"font-weight: 400;\">, convirti\u00e9ndose en mejores compa\u00f1\u00edas. Esta visi\u00f3n sembrada por SAP es lo que la ha hecho tan exitosa.<\/span><\/p>\n<p><span style=\"font-weight: 400;\">En Chile, nosotros tomamos esta herencia convirti\u00e9ndonos en jardineros para regar y cuidar esta semilla, pero tambi\u00e9n las otras plantadas por nuestros clientes, para que en sus terrenos f\u00e9rtiles ellos puedan optimizar sus ideas y llevarlas a la plenitud. Porque <\/span><b>hoy sin tecnolog\u00eda e innovaci\u00f3n no es posible crecer<\/b><span style=\"font-weight: 400;\">. Por lo tanto, hay una semilla primigenia de SAP que est\u00e1 siendo cuidada por nosotros, pero tambi\u00e9n estamos constantemente desarrollando la capacidad de ser jardineros de la semilla de nuestros clientes, que son sus empresas. Nosotros ponemos el agua y\u00a0 el abono para que esta germine y\u00a0 termine transformando a esa compa\u00f1\u00eda en un \u00e1rbol gigantesco.<\/span><\/p>\n<p>[\/et_pb_text][\/et_pb_column][\/et_pb_row][et_pb_row column_structure=\u00bb1_2,1_2&#8243; _builder_version=\u00bb3.29.3&#8243; custom_padding=\u00bb9px|0px|0px|||\u00bb _i=\u00bb1&#8243; _address=\u00bb5.1&#8243;][et_pb_column type=\u00bb1_2&#8243; _builder_version=\u00bb3.29.3&#8243; background_color=\u00bbrgba(139,90,206,0.91)\u00bb custom_padding=\u00bb||230px||false|false\u00bb custom_padding_phone=\u00bb||0px||false|false\u00bb custom_padding_last_edited=\u00bbon|phone\u00bb _i=\u00bb0&#8243; _address=\u00bb5.1.0&#8243;][et_pb_image src=\u00bbhttps:\/\/conectamutual.cl\/bienestar\/wp-content\/uploads\/2020\/11\/Iconos-Jardin-Ideas_Mesa-de-trabajo-1.png\u00bb _builder_version=\u00bb3.29.3&#8243; background_enable_color=\u00bboff\u00bb width=\u00bb65%\u00bb max_width=\u00bb100%\u00bb module_alignment=\u00bbcenter\u00bb custom_padding=\u00bb32px|58px|0px|54px|false|false\u00bb _i=\u00bb0&#8243; _address=\u00bb5.1.0.0&#8243;][\/et_pb_image][et_pb_text _builder_version=\u00bb3.29.3&#8243; header_2_text_color=\u00bb#ffffff\u00bb header_2_font_size=\u00bb33px\u00bb custom_padding=\u00bb0px|50px|75px|80px|false|false\u00bb custom_padding_phone=\u00bb|||30px|false|false\u00bb custom_padding_last_edited=\u00bbon|phone\u00bb header_2_font_size_phone=\u00bb28px\u00bb header_2_font_size_last_edited=\u00bbon|phone\u00bb _i=\u00bb1&#8243; _address=\u00bb5.1.0.1&#8243;]<\/p>\n<h2><strong>\u00bfQu\u00e9 barreras o dificultades tuviste para encontrar el terreno f\u00e9rtil que hiciera crecer la empresa? <\/strong><\/h2>\n<p>[\/et_pb_text][\/et_pb_column][et_pb_column type=\u00bb1_2&#8243; _builder_version=\u00bb3.29.3&#8243; custom_padding=\u00bb|110px||110px|false|false\u00bb custom_padding_phone=\u00bb|10px||10px|false|false\u00bb custom_padding_last_edited=\u00bbon|phone\u00bb _i=\u00bb1&#8243; _address=\u00bb5.1.1&#8243;][et_pb_text _builder_version=\u00bb3.29.3&#8243; text_font=\u00bb||||||||\u00bb text_line_height=\u00bb2.1em\u00bb custom_margin=\u00bb||38px|-90px|false|false\u00bb custom_margin_phone=\u00bb|||0px|false|false\u00bb custom_margin_last_edited=\u00bbon|phone\u00bb custom_padding=\u00bb22px|0px||||\u00bb _i=\u00bb0&#8243; _address=\u00bb5.1.1.0&#8243;]<\/p>\n<p><span style=\"font-weight: 400;\">La verdad es que, en Chile, SAP encontr\u00f3 un terreno f\u00e9rtil desde el principio, puesto que las empresas adoptaron nuestras soluciones de manera transversal. Sin embargo, <\/span><b>hace 25 a\u00f1os hab\u00eda un poco m\u00e1s de temor natural al cambio o a la evoluci\u00f3n<\/b><span style=\"font-weight: 400;\">, sobre todo porque nuestros clientes siempre han sido muy exitosos. Entonces, <\/span><b>la barrera natural era m\u00e1s bien la tendencia a preservar y dejar las cosas como estaban<\/b><span style=\"font-weight: 400;\"> para mantener ese \u00e9xito, sin hacer ninguna modificaci\u00f3n.\u00a0<\/span><\/p>\n<p><span style=\"font-weight: 400;\">Luchamos tambi\u00e9n contra el desconocimiento que exist\u00eda sobre las tecnolog\u00edas de la informaci\u00f3n y la tecnologizaci\u00f3n, lo que generaba una suerte de desconfianza o temor en quienes toman las decisiones al interior de una compa\u00f1\u00eda, no siendo tan f\u00e1cil plantar la semilla.\u00a0<\/span><\/p>\n<p><span style=\"font-weight: 400;\">Y tambi\u00e9n otro obst\u00e1culo era la velocidad, pues <\/span><b>por lo general las personas prefer\u00edan observar el camino del resto y ver los resultados, antes de tomar decisiones<\/b><span style=\"font-weight: 400;\">. Y claro, no hab\u00eda apuro para gestar ese cambio, pero hoy es cada vez m\u00e1s evidente la urgencia de la transformaci\u00f3n tecnol\u00f3gica. <\/span><\/p>\n<p>[\/et_pb_text][\/et_pb_column][\/et_pb_row][et_pb_row column_structure=\u00bb1_2,1_2&#8243; _builder_version=\u00bb3.29.3&#8243; background_color=\u00bb#f7f7f7&#8243; custom_padding=\u00bb9px|0px|0px|||\u00bb _i=\u00bb2&#8243; _address=\u00bb5.2&#8243;][et_pb_column type=\u00bb1_2&#8243; _builder_version=\u00bb3.29.3&#8243; background_color=\u00bb#eda425&#8243; _i=\u00bb0&#8243; _address=\u00bb5.2.0&#8243;][et_pb_image src=\u00bbhttps:\/\/conectamutual.cl\/bienestar\/wp-content\/uploads\/2020\/11\/Iconos-Jardin-Ideas-06.png\u00bb _builder_version=\u00bb3.29.3&#8243; background_enable_color=\u00bboff\u00bb width=\u00bb65%\u00bb max_width=\u00bb100%\u00bb module_alignment=\u00bbcenter\u00bb custom_padding=\u00bb54px|58px|0px|54px|false|false\u00bb _i=\u00bb0&#8243; _address=\u00bb5.2.0.0&#8243;][\/et_pb_image][et_pb_text _builder_version=\u00bb3.29.3&#8243; header_2_text_color=\u00bb#ffffff\u00bb header_2_font_size=\u00bb33px\u00bb custom_padding=\u00bb0px|50px|86px|80px|false|false\u00bb custom_padding_phone=\u00bb|||30px|false|false\u00bb custom_padding_last_edited=\u00bbon|phone\u00bb header_2_font_size_phone=\u00bb28px\u00bb header_2_font_size_last_edited=\u00bbon|phone\u00bb _i=\u00bb1&#8243; _address=\u00bb5.2.0.1&#8243;]<\/p>\n<h2><strong>\u00bfCu\u00e1les fueron esos peque\u00f1os brotes que se\u00f1alaron con claridad que estabas haciendo las cosas bien?<\/strong><\/h2>\n<p>[\/et_pb_text][\/et_pb_column][et_pb_column type=\u00bb1_2&#8243; _builder_version=\u00bb3.29.3&#8243; custom_padding=\u00bb|110px||110px|false|false\u00bb custom_padding_phone=\u00bb|10px||10px|false|false\u00bb custom_padding_last_edited=\u00bbon|phone\u00bb _i=\u00bb1&#8243; _address=\u00bb5.2.1&#8243;][et_pb_text _builder_version=\u00bb3.29.3&#8243; text_font=\u00bb||||||||\u00bb text_line_height=\u00bb2.1em\u00bb custom_margin=\u00bb|||-90px|false|false\u00bb custom_margin_phone=\u00bb|||0px|false|false\u00bb custom_margin_last_edited=\u00bbon|phone\u00bb custom_padding=\u00bb58px|0px||||\u00bb _i=\u00bb0&#8243; _address=\u00bb5.2.1.0&#8243;]<\/p>\n<p><span style=\"font-weight: 400;\">Yo visualizo dos como principales. Uno es la recepci\u00f3n del mercado, es decir, cuando tienes clientes que te buscan, te necesitan y hacen que su operaci\u00f3n dependa de ti. Este respaldo de los clientes es un brote verde por todos lados, que adem\u00e1s ocurri\u00f3 tempranamente. <\/span><b>Hubo una adopci\u00f3n y una conciencia de que este camino hab\u00eda que recorrerlo<\/b><span style=\"font-weight: 400;\">.<\/span><\/p>\n<p><span style=\"font-weight: 400;\">Otro es el ecosistema. Cuando cada vez m\u00e1s empresas quieren trabajar contigo, se produce un c\u00edrculo virtuoso: aumenta la demanda y en paralelo se va formando un equipo de trabajo motivado para responder a esa demanda.<\/span><\/p>\n<p>[\/et_pb_text][\/et_pb_column][\/et_pb_row][et_pb_row column_structure=\u00bb1_2,1_2&#8243; _builder_version=\u00bb3.29.3&#8243; custom_margin=\u00bb|auto|28px|auto||\u00bb custom_padding=\u00bb33px|0px|0px|||\u00bb _i=\u00bb3&#8243; _address=\u00bb5.3&#8243;][et_pb_column type=\u00bb1_2&#8243; _builder_version=\u00bb3.29.3&#8243; background_color=\u00bbrgba(76,173,111,0.91)\u00bb _i=\u00bb0&#8243; _address=\u00bb5.3.0&#8243;][et_pb_image src=\u00bbhttps:\/\/conectamutual.cl\/bienestar\/wp-content\/uploads\/2020\/11\/Iconos-Jardin-Ideas-04.png\u00bb _builder_version=\u00bb3.29.3&#8243; background_enable_color=\u00bboff\u00bb width=\u00bb65%\u00bb max_width=\u00bb100%\u00bb module_alignment=\u00bbcenter\u00bb custom_padding=\u00bb32px|58px|0px|54px|false|false\u00bb _i=\u00bb0&#8243; _address=\u00bb5.3.0.0&#8243;][\/et_pb_image][et_pb_text _builder_version=\u00bb3.29.3&#8243; header_2_text_color=\u00bb#ffffff\u00bb header_2_font_size=\u00bb33px\u00bb custom_padding=\u00bb0px|50px|98px|80px|false|false\u00bb custom_padding_phone=\u00bb|||30px|false|false\u00bb custom_padding_last_edited=\u00bbon|phone\u00bb header_2_font_size_phone=\u00bb28px\u00bb header_2_font_size_last_edited=\u00bbon|phone\u00bb _i=\u00bb1&#8243; _address=\u00bb5.3.0.1&#8243;]<\/p>\n<h2><strong>\u00bfCu\u00e1l ha sido el logro m\u00e1s significativo que has cosechado hasta ahora?<\/strong><\/h2>\n<p>[\/et_pb_text][\/et_pb_column][et_pb_column type=\u00bb1_2&#8243; _builder_version=\u00bb3.29.3&#8243; custom_padding=\u00bb|110px||110px|false|false\u00bb custom_padding_phone=\u00bb|10px||10px|false|false\u00bb custom_padding_last_edited=\u00bbon|phone\u00bb _i=\u00bb1&#8243; _address=\u00bb5.3.1&#8243;][et_pb_text _builder_version=\u00bb3.29.3&#8243; text_font=\u00bb||||||||\u00bb text_line_height=\u00bb2.1em\u00bb custom_margin=\u00bb|||-90px|false|false\u00bb custom_margin_phone=\u00bb|||0px|false|false\u00bb custom_margin_last_edited=\u00bbon|desktop\u00bb custom_padding=\u00bb150px|0px|||false|false\u00bb custom_padding_phone=\u00bb0px||||false|false\u00bb custom_padding_last_edited=\u00bbon|desktop\u00bb _i=\u00bb0&#8243; _address=\u00bb5.3.1.0&#8243;]<\/p>\n<p><span style=\"font-weight: 400;\">Si yo tuviera que optar por uno, dir\u00eda que es <\/span><b>contar con un excelente equipo humano, que comparte el objetivo de apoyar a los clientes a materializar sus estrategias<\/b><span style=\"font-weight: 400;\">. Los equipos son quienes ganan los partidos y obtienen los logros, y, en nuestro caso, contamos con uno que est\u00e1 altamente comprometido con los objetivos.\u00a0<\/span><\/p>\n<p>[\/et_pb_text][\/et_pb_column][\/et_pb_row][et_pb_row column_structure=\u00bb1_2,1_2&#8243; _builder_version=\u00bb3.29.3&#8243; background_color=\u00bb#f7f7f7&#8243; custom_padding=\u00bb9px|0px|0px|||\u00bb _i=\u00bb4&#8243; _address=\u00bb5.4&#8243;][et_pb_column type=\u00bb1_2&#8243; _builder_version=\u00bb3.29.3&#8243; background_color=\u00bbrgba(239,67,107,0.8)\u00bb _i=\u00bb0&#8243; _address=\u00bb5.4.0&#8243;][et_pb_image src=\u00bbhttps:\/\/conectamutual.cl\/bienestar\/wp-content\/uploads\/2020\/11\/Iconos-Jardin-Ideas-05.png\u00bb _builder_version=\u00bb3.29.3&#8243; background_enable_color=\u00bboff\u00bb width=\u00bb65%\u00bb max_width=\u00bb100%\u00bb module_alignment=\u00bbcenter\u00bb custom_padding=\u00bb54px|58px|0px|54px|false|false\u00bb _i=\u00bb0&#8243; _address=\u00bb5.4.0.0&#8243;][\/et_pb_image][et_pb_text _builder_version=\u00bb3.29.3&#8243; header_2_text_color=\u00bb#ffffff\u00bb header_2_font_size=\u00bb33px\u00bb custom_padding=\u00bb0px|50px|86px|80px|false|false\u00bb custom_padding_phone=\u00bb|||30px|false|false\u00bb custom_padding_last_edited=\u00bbon|phone\u00bb header_2_font_size_phone=\u00bb28px\u00bb header_2_font_size_last_edited=\u00bbon|phone\u00bb _i=\u00bb1&#8243; _address=\u00bb5.4.0.1&#8243;]<\/p>\n<h2><strong>\u00bfQu\u00e9 frutos inesperados te han hecho so\u00f1ar con lograr un impacto mucho mayor que el que te imaginaste al principio?<\/strong><\/h2>\n<p>[\/et_pb_text][\/et_pb_column][et_pb_column type=\u00bb1_2&#8243; _builder_version=\u00bb3.29.3&#8243; custom_padding=\u00bb|110px||110px|false|false\u00bb custom_padding_phone=\u00bb|10px||10px|false|false\u00bb custom_padding_last_edited=\u00bbon|phone\u00bb _i=\u00bb1&#8243; _address=\u00bb5.4.1&#8243;][et_pb_text _builder_version=\u00bb3.29.3&#8243; text_font=\u00bb||||||||\u00bb text_line_height=\u00bb2.1em\u00bb custom_margin=\u00bb|||-90px|false|false\u00bb custom_margin_phone=\u00bb|||0px|false|false\u00bb custom_margin_last_edited=\u00bbon|phone\u00bb custom_padding=\u00bb58px|0px||||\u00bb _i=\u00bb0&#8243; _address=\u00bb5.4.1.0&#8243;]<\/p>\n<p><b>SAP no busca s\u00f3lo un resultado econ\u00f3mico, sino generar un impacto social y medioambiental<\/b><span style=\"font-weight: 400;\">. Que las soluciones, por ejemplo, permitan un mundo m\u00e1s sustentable y eso se traduce en ayudar a una empresa a ahorrar sus recursos para impactar de manera positiva al planeta. O cuidar a los empleados de alguna compa\u00f1\u00eda durante una pandemia.\u00a0<\/span><\/p>\n<p><b>Cuando los clientes usan las soluciones de SAP se vuelven m\u00e1s transparentes, mejoran la eficiencia energ\u00e9tica, protegen a sus trabajadores de accidentes o identifican riesgos<\/b><span style=\"font-weight: 400;\"> en la cadena de suministros, por lo tanto llevan la sustentabilidad a acciones concretas que benefician a empleados, comunidades, el medio ambiente y a las personas a lo largo del mundo.\u00a0<\/span><\/p>\n<p><span style=\"font-weight: 400;\">Por lo tanto, la sustentabilidad es un fruto que nos enorgullece porque mejoramos el bienestar de todo el ecosistema.\u00a0<\/span><\/p>\n<p>[\/et_pb_text][\/et_pb_column][\/et_pb_row][et_pb_row column_structure=\u00bb1_2,1_2&#8243; _builder_version=\u00bb3.29.3&#8243; custom_margin=\u00bb|auto|28px|auto||\u00bb custom_padding=\u00bb33px|0px|0px|||\u00bb _i=\u00bb5&#8243; _address=\u00bb5.5&#8243;][et_pb_column type=\u00bb1_2&#8243; _builder_version=\u00bb3.29.3&#8243; background_color=\u00bbrgba(76,173,111,0.91)\u00bb _i=\u00bb0&#8243; _address=\u00bb5.5.0&#8243;][et_pb_image src=\u00bbhttps:\/\/conectamutual.cl\/bienestar\/wp-content\/uploads\/2020\/11\/Iconos-Jardin-Ideas-03.png\u00bb _builder_version=\u00bb3.29.3&#8243; background_enable_color=\u00bboff\u00bb width=\u00bb65%\u00bb max_width=\u00bb100%\u00bb module_alignment=\u00bbcenter\u00bb custom_padding=\u00bb32px|58px|0px|54px|false|false\u00bb _i=\u00bb0&#8243; _address=\u00bb5.5.0.0&#8243;][\/et_pb_image][et_pb_text _builder_version=\u00bb3.29.3&#8243; header_2_text_color=\u00bb#ffffff\u00bb header_2_font_size=\u00bb28px\u00bb custom_padding=\u00bb0px|50px|66px|80px|false|false\u00bb custom_padding_phone=\u00bb|||30px|false|false\u00bb custom_padding_last_edited=\u00bbon|phone\u00bb header_2_font_size_phone=\u00bb28px\u00bb header_2_font_size_last_edited=\u00bbon|phone\u00bb _i=\u00bb1&#8243; _address=\u00bb5.5.0.1&#8243;]<\/p>\n<h2><strong>Aprovechando tu experiencia y aprendizajes, \u00bfqu\u00e9 consejos le dar\u00edas a alguien que hoy est\u00e1 reci\u00e9n partiendo para evitar las malas hierbas que simbolizan nuestros miedos, inseguridades y dudas?<\/strong><\/h2>\n<p>[\/et_pb_text][\/et_pb_column][et_pb_column type=\u00bb1_2&#8243; _builder_version=\u00bb3.29.3&#8243; custom_padding=\u00bb|110px||110px|false|false\u00bb custom_padding_phone=\u00bb|10px||10px|false|false\u00bb custom_padding_last_edited=\u00bbon|phone\u00bb _i=\u00bb1&#8243; _address=\u00bb5.5.1&#8243;][et_pb_text _builder_version=\u00bb3.29.3&#8243; text_font=\u00bb||||||||\u00bb text_line_height=\u00bb2.1em\u00bb custom_margin=\u00bb|||-90px|false|false\u00bb custom_margin_phone=\u00bb|||0px|false|false\u00bb custom_margin_last_edited=\u00bbon|phone\u00bb custom_padding=\u00bb200px|0px|||false|false\u00bb custom_padding_phone=\u00bb0px||||false|false\u00bb custom_padding_last_edited=\u00bbon|desktop\u00bb _i=\u00bb0&#8243; _address=\u00bb5.5.1.0&#8243;]<\/p>\n<p><span style=\"font-weight: 400;\">El consejo ser\u00eda no evitar las malas hierbas. Aprender de ellas, ser firmes cuando aparecen, enfrentarlas y sacarlas sin miedo, porque en eso siempre hay un aprendizaje. <\/span><b>Las malas hierbas son la prescripci\u00f3n que la naturaleza nos da para crecer, as\u00ed es que es al rev\u00e9s, \u00a1aprov\u00e9chenla!<\/b><\/p>\n<p>[\/et_pb_text][\/et_pb_column][\/et_pb_row][et_pb_row _builder_version=\u00bb3.29.3&#8243; background_color=\u00bbrgba(0,0,0,0)\u00bb collapsed=\u00bboff\u00bb _i=\u00bb6&#8243; _address=\u00bb5.6&#8243;][et_pb_column type=\u00bb4_4&#8243; _builder_version=\u00bb3.29.3&#8243; transform_scale_linked=\u00bboff\u00bb transform_translate=\u00bb-4px|10px\u00bb transform_translate_linked=\u00bboff\u00bb custom_padding=\u00bb5px|0px|5px|0px|false|true\u00bb animation_style=\u00bbzoom\u00bb animation_duration=\u00bb500ms\u00bb border_radii=\u00bboff||||\u00bb border_color_all=\u00bb#cde002&#8243; border_width_top=\u00bb1px\u00bb border_color_top=\u00bb#e09900&#8243; border_style_top=\u00bbdotted\u00bb border_width_bottom=\u00bb1px\u00bb border_color_bottom=\u00bb#e09900&#8243; border_style_bottom=\u00bbdotted\u00bb _i=\u00bb0&#8243; _address=\u00bb5.6.0&#8243;][et_pb_code admin_label=\u00bbRating Art\u00edculo\u00bb _builder_version=\u00bb3.29.3&#8243; transform_scale=\u00bb110%|110%\u00bb transform_translate=\u00bb424px|5px\u00bb transform_translate_linked=\u00bboff\u00bb saved_tabs=\u00bball\u00bb _i=\u00bb0&#8243; _address=\u00bb5.6.0.0&#8243;]<a class=\"typeform-share button\" href=\"https:\/\/singularmktg.typeform.com\/to\/COMq1XCs#art=283\" data-mode=\"drawer_right\" style=\"display:inline-block;text-decoration:none;background-color:#CDE002;color:white;cursor:pointer;font-family:Helvetica,Arial,sans-serif;font-size:20px;line-height:50px;text-align:center;margin:0;height:50px;padding:0px 33px;border-radius:12px;max-width:100%;white-space:nowrap;overflow:hidden;text-overflow:ellipsis;font-weight:bold;-webkit-font-smoothing:antialiased;-moz-osx-font-smoothing:grayscale;\" data-hide-headers=true data-hide-footer=true data-submit-close-delay=\"2\" target=\"_blank\" rel=\"noopener noreferrer\">Eval\u00faa este art\u00edculo <\/a> <script> (function() { var qs,js,q,s,d=document, gi=d.getElementById, ce=d.createElement, gt=d.getElementsByTagName, id=\"typef_orm_share\", b=\"https:\/\/embed.typeform.com\/\"; if(!gi.call(d,id)){ js=ce.call(d,\"script\"); js.id=id; js.src=b+\"embed.js\"; q=gt.call(d,\"script\")[0]; q.parentNode.insertBefore(js,q) } })() <\/script>[\/et_pb_code][\/et_pb_column][\/et_pb_row][et_pb_row _builder_version=\u00bb3.29.3&#8243; custom_padding=\u00bb63px|||||\u00bb _i=\u00bb7&#8243; _address=\u00bb5.7&#8243;][et_pb_column type=\u00bb4_4&#8243; _builder_version=\u00bb3.29.3&#8243; custom_padding_phone=\u00bb40px||||false|false\u00bb custom_padding_last_edited=\u00bbon|phone\u00bb _i=\u00bb0&#8243; _address=\u00bb5.7.0&#8243;][et_pb_posts_carousel_agsdcm category_id=\u00bb210&#8243; max_title_characters=\u00bb150&#8243; heading_style=\u00bbcustom\u00bb heading_primary=\u00bb\u00daltimos Art\u00edculos\u00bb heading_sub=\u00bbJard\u00edn de las Buenas Ideas\u00bb posts_filter_any=\u00bbon\u00bb _builder_version=\u00bb3.29.3&#8243; header_font=\u00bbMontserrat||||||||\u00bb header_text_color=\u00bb#757575&#8243; header_font_size=\u00bb19px\u00bb subheader_text_color=\u00bb#828282&#8243; title_font=\u00bbMontserrat|700|||||||\u00bb title_text_color=\u00bb#acc601&#8243; border_color_all=\u00bb#cde002&#8243; _i=\u00bb0&#8243; _address=\u00bb5.7.0.0&#8243;][\/et_pb_posts_carousel_agsdcm][\/et_pb_column][\/et_pb_row][\/et_pb_section]<\/p>\n","protected":false},"excerpt":{"rendered":"<p>EL JARDINERO DE BUENAS IDEAS DE HOYCrist\u00f3bal VergaraGerente General de SAP Chile\u00bfPor qu\u00e9 elegiste plantar las semillas de tu empresa? \u00bfc\u00f3mo surgi\u00f3 la idea?Hace 50 a\u00f1os SAP, que lleva cerca de 25 a\u00f1os en Chile, naci\u00f3 con la idea de hacer m\u00e1s eficiente a las empresas. La g\u00e9nesis de esto es doble. Una tiene que [&hellip;]<\/p>\n","protected":false},"author":2,"featured_media":4931,"comment_status":"closed","ping_status":"closed","sticky":false,"template":"","format":"standard","meta":{"_et_pb_use_builder":"on","_et_pb_old_content":"","_et_gb_content_width":"","footnotes":""},"categories":[210],"tags":[],"class_list":["post-4928","post","type-post","status-publish","format-standard","has-post-thumbnail","hentry","category-jardin-de-las-buenas-ideas","et-has-post-format-content","et_post_format-et-post-format-standard"],"_links":{"self":[{"href":"https:\/\/conectamutual.cl\/bienestar\/wp-json\/wp\/v2\/posts\/4928","targetHints":{"allow":["GET"]}}],"collection":[{"href":"https:\/\/conectamutual.cl\/bienestar\/wp-json\/wp\/v2\/posts"}],"about":[{"href":"https:\/\/conectamutual.cl\/bienestar\/wp-json\/wp\/v2\/types\/post"}],"author":[{"embeddable":true,"href":"https:\/\/conectamutual.cl\/bienestar\/wp-json\/wp\/v2\/users\/2"}],"replies":[{"embeddable":true,"href":"https:\/\/conectamutual.cl\/bienestar\/wp-json\/wp\/v2\/comments?post=4928"}],"version-history":[{"count":15,"href":"https:\/\/conectamutual.cl\/bienestar\/wp-json\/wp\/v2\/posts\/4928\/revisions"}],"predecessor-version":[{"id":5326,"href":"https:\/\/conectamutual.cl\/bienestar\/wp-json\/wp\/v2\/posts\/4928\/revisions\/5326"}],"wp:featuredmedia":[{"embeddable":true,"href":"https:\/\/conectamutual.cl\/bienestar\/wp-json\/wp\/v2\/media\/4931"}],"wp:attachment":[{"href":"https:\/\/conectamutual.cl\/bienestar\/wp-json\/wp\/v2\/media?parent=4928"}],"wp:term":[{"taxonomy":"category","embeddable":true,"href":"https:\/\/conectamutual.cl\/bienestar\/wp-json\/wp\/v2\/categories?post=4928"},{"taxonomy":"post_tag","embeddable":true,"href":"https:\/\/conectamutual.cl\/bienestar\/wp-json\/wp\/v2\/tags?post=4928"}],"curies":[{"name":"wp","href":"https:\/\/api.w.org\/{rel}","templated":true}]}}