{"id":5164,"date":"2021-01-04T18:45:44","date_gmt":"2021-01-04T21:45:44","guid":{"rendered":"https:\/\/conectamutual.cl\/bienestar\/?p=5164"},"modified":"2021-01-04T18:47:17","modified_gmt":"2021-01-04T21:47:17","slug":"con-una-plataforma-y-sensores-emprendedora-chilena-busca-volver-smart-el-proceso-de-reciclaje","status":"publish","type":"post","link":"https:\/\/conectamutual.cl\/bienestar\/nuevas-miradas\/con-una-plataforma-y-sensores-emprendedora-chilena-busca-volver-smart-el-proceso-de-reciclaje\/","title":{"rendered":"Con una plataforma y sensores emprendedora chilena busca volver \u201csmart\u201d el proceso de reciclaje"},"content":{"rendered":"<p>[et_pb_section fb_built=\u00bb1&#8243; _builder_version=\u00bb3.29.3&#8243; custom_padding=\u00bb4px||0px|||\u00bb fb_built=\u00bb1&#8243; _i=\u00bb0&#8243; _address=\u00bb0&#8243;][et_pb_row _builder_version=\u00bb3.29.3&#8243; min_height=\u00bb102px\u00bb custom_margin_phone=\u00bb20px||||false|false\u00bb custom_margin_last_edited=\u00bbon|phone\u00bb custom_padding=\u00bb34px||10px|||\u00bb _i=\u00bb0&#8243; _address=\u00bb0.0&#8243;][et_pb_column type=\u00bb4_4&#8243; _builder_version=\u00bb3.29.3&#8243; _i=\u00bb0&#8243; _address=\u00bb0.0.0&#8243;][et_pb_image src=\u00bbhttps:\/\/conectamutual.cl\/bienestar\/wp-content\/uploads\/2019\/12\/LOGOS-CATEGORIAS-03.png\u00bb align=\u00bbcenter\u00bb disabled_on=\u00bboff|off|off\u00bb _builder_version=\u00bb3.29.3&#8243; width=\u00bb50%\u00bb width_phone=\u00bb95%\u00bb width_last_edited=\u00bbon|phone\u00bb _i=\u00bb0&#8243; _address=\u00bb0.0.0.0&#8243;][\/et_pb_image][\/et_pb_column][\/et_pb_row][\/et_pb_section][et_pb_section fb_built=\u00bb1&#8243; _builder_version=\u00bb3.29.3&#8243; custom_padding=\u00bb1px||0px|||\u00bb fb_built=\u00bb1&#8243; _i=\u00bb1&#8243; _address=\u00bb1&#8243;][et_pb_row _builder_version=\u00bb3.29.3&#8243; custom_padding=\u00bb0px||5px|||\u00bb _i=\u00bb0&#8243; _address=\u00bb1.0&#8243;][et_pb_column type=\u00bb4_4&#8243; _builder_version=\u00bb3.29.3&#8243; _i=\u00bb0&#8243; _address=\u00bb1.0.0&#8243;][et_pb_image src=\u00bbhttps:\/\/conectamutual.cl\/bienestar\/wp-content\/uploads\/2019\/10\/Logo-Espacio-Mutuo-02.png\u00bb align=\u00bbcenter\u00bb _builder_version=\u00bb3.29.3&#8243; width=\u00bb13%\u00bb width_phone=\u00bb22%\u00bb width_last_edited=\u00bbon|phone\u00bb custom_margin=\u00bb0px||||false|false\u00bb _i=\u00bb0&#8243; _address=\u00bb1.0.0.0&#8243;][\/et_pb_image][\/et_pb_column][\/et_pb_row][\/et_pb_section][et_pb_section fb_built=\u00bb1&#8243; _builder_version=\u00bb3.29.3&#8243; custom_padding=\u00bb15px||1px|||\u00bb fb_built=\u00bb1&#8243; _i=\u00bb2&#8243; _address=\u00bb2&#8243;][et_pb_row _builder_version=\u00bb3.29.3&#8243; custom_padding=\u00bb3px||36px|||\u00bb _i=\u00bb0&#8243; _address=\u00bb2.0&#8243;][et_pb_column type=\u00bb4_4&#8243; _builder_version=\u00bb3.29.3&#8243; _i=\u00bb0&#8243; _address=\u00bb2.0.0&#8243;][et_pb_post_title comments=\u00bboff\u00bb featured_image=\u00bboff\u00bb _builder_version=\u00bb3.29.3&#8243; title_font=\u00bbMontserrat|700|||||||\u00bb title_text_align=\u00bbcenter\u00bb title_text_color=\u00bb#c4d600&#8243; title_font_size=\u00bb54px\u00bb title_line_height=\u00bb1.1em\u00bb meta_font=\u00bbMontserrat||||||||\u00bb meta_text_align=\u00bbcenter\u00bb meta_font_size=\u00bb12px\u00bb title_font_size_phone=\u00bb30px\u00bb title_font_size_last_edited=\u00bbon|phone\u00bb meta_font_size_phone=\u00bb10px\u00bb meta_font_size_last_edited=\u00bbon|phone\u00bb _i=\u00bb0&#8243; _address=\u00bb2.0.0.0&#8243;][\/et_pb_post_title][\/et_pb_column][\/et_pb_row][\/et_pb_section][et_pb_section fb_built=\u00bb1&#8243; _builder_version=\u00bb3.29.3&#8243; background_color=\u00bb#f4f4f4&#8243; custom_padding=\u00bb23px||7px|||\u00bb fb_built=\u00bb1&#8243; _i=\u00bb3&#8243; _address=\u00bb3&#8243;][et_pb_row column_structure=\u00bb1_2,1_2&#8243; _builder_version=\u00bb3.29.3&#8243; custom_margin=\u00bb||||false|false\u00bb custom_padding=\u00bb|||0px|false|false\u00bb _i=\u00bb0&#8243; _address=\u00bb3.0&#8243;][et_pb_column type=\u00bb1_2&#8243; _builder_version=\u00bb3.29.3&#8243; _i=\u00bb0&#8243; _address=\u00bb3.0.0&#8243;][et_pb_text _builder_version=\u00bb3.29.3&#8243; header_3_font=\u00bb||||||||\u00bb header_3_text_color=\u00bb#666666&#8243; header_3_font_size=\u00bb17px\u00bb custom_margin=\u00bb||||false|false\u00bb custom_padding=\u00bb|||120px|false|false\u00bb _i=\u00bb0&#8243; _address=\u00bb3.0.0.0&#8243;]<\/p>\n<h3 style=\"text-align: right;\">Contenido de El Mercurio en colaboraci\u00f3n con Espacio Mutuo<\/h3>\n<p>[\/et_pb_text][\/et_pb_column][et_pb_column type=\u00bb1_2&#8243; _builder_version=\u00bb3.29.3&#8243; _i=\u00bb1&#8243; _address=\u00bb3.0.1&#8243;][et_pb_image src=\u00bbhttps:\/\/conectamutual.cl\/bienestar\/wp-content\/uploads\/2020\/07\/logo-innovacio\u0301n-con-isotipo-v2-outline.png\u00bb _builder_version=\u00bb3.29.3&#8243; width=\u00bb61%\u00bb _i=\u00bb0&#8243; _address=\u00bb3.0.1.0&#8243;][\/et_pb_image][\/et_pb_column][\/et_pb_row][\/et_pb_section][et_pb_section fb_built=\u00bb1&#8243; fullwidth=\u00bbon\u00bb _builder_version=\u00bb3.29.3&#8243; fb_built=\u00bb1&#8243; _i=\u00bb4&#8243; _address=\u00bb4&#8243;][et_pb_fullwidth_image src=\u00bbhttps:\/\/conectamutual.cl\/bienestar\/wp-content\/uploads\/2021\/01\/Paulina-Cataldo-fundador-de-Accio\u0301n-Circular-28_12_2020-10.51.50.jpg\u00bb _builder_version=\u00bb3.29.3&#8243; hover_enabled=\u00bb0&#8243; _i=\u00bb0&#8243; _address=\u00bb4.0&#8243;][\/et_pb_fullwidth_image][\/et_pb_section][et_pb_section fb_built=\u00bb1&#8243; _builder_version=\u00bb3.29.3&#8243; custom_padding=\u00bb11px||8px|||\u00bb fb_built=\u00bb1&#8243; _i=\u00bb5&#8243; _address=\u00bb5&#8243;][et_pb_row _builder_version=\u00bb3.29.3&#8243; custom_padding=\u00bb9px|||||\u00bb _i=\u00bb0&#8243; _address=\u00bb5.0&#8243;][et_pb_column type=\u00bb4_4&#8243; _builder_version=\u00bb3.29.3&#8243; custom_padding=\u00bb|110px||110px|false|false\u00bb custom_padding_phone=\u00bb|10px||10px|false|false\u00bb custom_padding_last_edited=\u00bbon|phone\u00bb _i=\u00bb0&#8243; _address=\u00bb5.0.0&#8243;][et_pb_text _builder_version=\u00bb3.29.3&#8243; text_font_size=\u00bb17px\u00bb text_line_height=\u00bb2.1em\u00bb header_2_text_color=\u00bb#c4d600&#8243; header_3_line_height=\u00bb1.6em\u00bb custom_margin_last_edited=\u00bbon|phone\u00bb custom_padding=\u00bb36px|0px||0px|false|false\u00bb hover_enabled=\u00bb0&#8243; text_font_size_phone=\u00bb16px\u00bb text_font_size_last_edited=\u00bbon|phone\u00bb text_line_height_phone=\u00bb1.9em\u00bb text_line_height_last_edited=\u00bbon|phone\u00bb header_2_font_size_phone=\u00bb23px\u00bb header_2_font_size_last_edited=\u00bbon|phone\u00bb _i=\u00bb0&#8243; _address=\u00bb5.0.0.0&#8243;]<\/p>\n<blockquote>\n<p><span style=\"font-weight: 400;\">Con una plataforma de internet de las cosas (IoT), la <\/span><b>ingeniera civil industrial Paulina Cataldo<\/b><span style=\"font-weight: 400;\"> busca transformar una industria en la que a\u00fan el papel y l\u00e1piz son norma: la del reciclaje. Y es que sus cuatro a\u00f1os como consultora en una agencia de sustentabilidad la llevaron a ver de cerca la baja digitalizaci\u00f3n del sector. \u201cVi que hab\u00eda un cuello de botella importante, todav\u00eda se trabaja de forma muy r\u00fastica, por ejemplo, <\/span><b>las empresas que retiran los residuos hacen el agendamiento a mano, todo con llamados telef\u00f3nicos<\/b><span style=\"font-weight: 400;\">. Por el lado de las empresas que quieren reciclar, me fui dando cuenta de las trabas que ten\u00edan, tienen que contratar a un reciclador de vidrio por una parte y, por otra, al gestor de residuos peligrosos, etc. Son muchos proveedores diferentes lo que es tedioso. Producto de esto, el reciclaje es muy costoso e ineficiente\u201d, dice Cataldo, quien agrega que el alto costo por transportar los materiales hacia las plantas recicladoras es otro \u201cdolor de cabeza\u201d que existe en la industria.\u00a0<\/span><\/p>\n<\/blockquote>\n<p><span style=\"font-weight: 400;\">A partir de eso, en 2019 decidi\u00f3 dar luz verde a Acci\u00f3n Circular, startup con la que busca <\/span><b>digitalizar la industria del reciclaje, a trav\u00e9s de una plataforma colaborativa<\/b><span style=\"font-weight: 400;\"> que conecta a los diversos actores involucrados en el proceso. Por una parte, est\u00e1 dirigida a grandes empresas \u2014a las que ofrecen la innovaci\u00f3n como <\/span><b>Software como Servicio\u2014, donde estas pueden contratar servicios de reciclado que se ajustan a sus necesidades<\/b><span style=\"font-weight: 400;\">. Para esto, cada vez que necesitan reciclar, suben una foto de los residuos y seleccionan el tipo de material, informaci\u00f3n que la plataforma \u201csubasta\u201d autom\u00e1ticamente de forma interna a los diferentes transportistas conectados para que retiren el material y lo lleven a las plantas de reciclaje que tambi\u00e9n tienen acceso a la herramienta.<\/span><\/p>\n<p><span style=\"font-weight: 400;\">Adem\u00e1s de grandes empresas, Cataldo se\u00f1ala que la plataforma apunta a las pymes, ya que debido a los altos costos asociados al transporte de los residuos, est\u00e1n \u201cexcluidas del servicio de reciclaje tradicional, generalmente <\/span><b>las cafeter\u00edas o restaurantes que quieren reciclar van a puntos verdes y la gente de las municipalidades los retan porque llenan un lugar que es para los vecinos<\/b><span style=\"font-weight: 400;\">\u201d. En ese sentido, la startup est\u00e1 conectada con veh\u00edculos de diversos tama\u00f1os y ubicados en distintos puntos de la ciudad, para as\u00ed evitar las largas distancias que encarecen el reciclado.<\/span><\/p>\n<h3><b>RECOLECCI\u00d3N INTELIGENTE<\/b><\/h3>\n<p><span style=\"font-weight: 400;\">En paralelo, la firma est\u00e1 dando un paso m\u00e1s all\u00e1 de cara a hacer smart (inteligente) el proceso, ya que ofrece una soluci\u00f3n complementaria a las empresas, en la que incorpora sensores con IoT en los contenedores donde se disponen los residuos a reutilizar. As\u00ed, <\/span><b>una vez que el basurero est\u00e1 lleno, el sensor gatilla autom\u00e1ticamente una alerta para que un transportista que est\u00e9 cerca vaya a retirar los residuos<\/b><span style=\"font-weight: 400;\">. \u201cLas empresas ven un mapa con puntos de colores rojo, amarillo y verde, que indican el estado de llenado del contenedor\u201d, dice Cataldo. Adem\u00e1s, <\/span><b>la tecnolog\u00eda permite que las empresas tengan trazabilidad de sus desechos y sepan cuando llegan a manos de la compa\u00f1\u00eda recicladora<\/b><span style=\"font-weight: 400;\">. Esto, a\u00f1ade, viene a reemplazar los informes que mensualmente las empresas deben elaborar manualmente \u2014por una exigencia del Ministerio de Medio Ambiente\u2014, con informaci\u00f3n, por ejemplo, sobre el n\u00famero de material generado y el lugar en el que fue dispuesto, si es un vertedero o una planta recicladora. \u201c<\/span><b>Tambi\u00e9n se generan reportes de eco equivalencia, el impacto ambiental traducido del reciclaje, por ejemplo, cu\u00e1nto CO2 se dej\u00f3 de producir por dejar de disponer basura en un relleno sanitario<\/b><span style=\"font-weight: 400;\">\u201d, explica Cataldo y se\u00f1ala que hoy la Ley REP tambi\u00e9n obliga a las empresas fabricantes de productos envasados a hacerse cargo de estos al final de su vida \u00fatil.\u00a0<\/span><\/p>\n<p><span style=\"font-weight: 400;\">Por eso, la emprendedora enfatiza que <\/span><b>la industria necesita comenzar a digitalizarse, ya que esto abarata costos y evita trabajos mec\u00e1nicos, lo que podr\u00eda impulsar que m\u00e1s empresas reciclen<\/b><span style=\"font-weight: 400;\">, lo que se traduce en un mayor impacto positivo en el medioambiente: \u201cUn sistema de reciclaje que est\u00e1 acompa\u00f1ado de tecnolog\u00eda permite que esto deje ser un trabajo con esfuerzos demasiado grandes. A\u00fan falta que se digitalice la industria del reciclaje, porque hoy se trabaja muy r\u00fastico, lo que hace perder tiempo en tareas mec\u00e1nicas\u201d, afirma.\u00a0<\/span><\/p>\n<p><span style=\"font-weight: 400;\">Sobre sus clientes, <\/span><b>hoy 25 empresas \u201415 de ellas pymes\u2014 que buscan disponer sus residuos usan la soluci\u00f3n de la startup, como CasaIdeas, el Hotel Bidasoa y Oxxo<\/b><span style=\"font-weight: 400;\">. Con esta \u00faltima, cuenta la emprendedora, dar\u00e1n el vamos a un piloto con los sensores que dispondr\u00e1n en tres tiendas de Santiago, en un proyecto que durar\u00e1 cuatro meses. Por el lado de las firmas de reciclaje, est\u00e1n trabajando con 15. Adem\u00e1s, para efectuar el retiro de los materiales, cuentan con cerca de 18 recolectores de base, que se dedican de forma independiente a las actividades de recolecci\u00f3n y que generan sus ingresos a partir de la venta de lo que re\u00fanen en un d\u00eda, para lo cual hacen largas rutas. En ese sentido, la plataforma les permite evitar esto, ya que los conecta directamente con una empresa, evitando que deban pasearse en busca de residuos.<\/span><\/p>\n<h3><b>EXPANSI\u00d3N EN 2021<\/b><\/h3>\n<p><span style=\"font-weight: 400;\">Para julio del pr\u00f3ximo a\u00f1o, <\/span><b>Acci\u00f3n Circular busca completar un piloto que inici\u00f3 en octubre de este a\u00f1o, donde dispuso 150 sensores en contenedores de reciclaje de 30 edificios residenciales de Santiago<\/b><span style=\"font-weight: 400;\">. Esta iniciativa la est\u00e1n llevando a cabo a partir de una alianza con otras dos startups, Camio \u2014app que re\u00fane a transportistas y que es la que retira los materiales\u2014 y Edipro \u2014plataforma para la gesti\u00f3n de comunidades de edificios, a la que los administradores acceden para visualizar los reportes y trazabilidad\u2014. \u201cLa meta es capturar 200 condominios y despu\u00e9s sacar resultados, empaquetar el servicio y hacerlo con las municipalidades\u201d, se\u00f1ala Cataldo, para lo cual indica que est\u00e1n en conversaciones con algunos municipios para aplicar los sensores, lo que buscan se formalice en 2021.\u00a0<\/span><\/p>\n<p><span style=\"font-weight: 400;\">Tambi\u00e9n apunta a levantar US$ 150 mil, para lo cual ya est\u00e1n en conversaciones con inversionistas \u00e1ngeles, para entrar a M\u00e9xico y Colombia. En julio de este a\u00f1o el emprendimiento, que es parte del portafolio de ChileGlobal Ventures, \u00e1rea de capital de riesgo de Fundaci\u00f3n Chile, debut\u00f3 con la plataforma y el IoT en una de las empresas de reciclaje m\u00e1s grandes de Ecuador.<\/span><\/p>\n<p>[\/et_pb_text][\/et_pb_column][\/et_pb_row][et_pb_row _builder_version=\u00bb3.29.3&#8243; background_color=\u00bbrgba(0,0,0,0)\u00bb _i=\u00bb1&#8243; _address=\u00bb5.1&#8243;][et_pb_column type=\u00bb4_4&#8243; _builder_version=\u00bb3.29.3&#8243; transform_scale_linked=\u00bboff\u00bb transform_translate=\u00bb-4px|10px\u00bb transform_translate_linked=\u00bboff\u00bb custom_padding=\u00bb5px|0px|5px|0px|false|true\u00bb animation_style=\u00bbzoom\u00bb animation_duration=\u00bb500ms\u00bb border_radii=\u00bboff||||\u00bb border_color_all=\u00bb#cde002&#8243; border_width_top=\u00bb1px\u00bb border_color_top=\u00bb#e09900&#8243; border_style_top=\u00bbdotted\u00bb border_width_bottom=\u00bb1px\u00bb border_color_bottom=\u00bb#e09900&#8243; border_style_bottom=\u00bbdotted\u00bb _i=\u00bb0&#8243; _address=\u00bb5.1.0&#8243;][et_pb_code admin_label=\u00bbRating Art\u00edculo\u00bb _builder_version=\u00bb3.29.3&#8243; transform_scale=\u00bb110%|110%\u00bb transform_translate=\u00bb424px|5px\u00bb transform_translate_linked=\u00bboff\u00bb hover_enabled=\u00bb0&#8243; _i=\u00bb0&#8243; _address=\u00bb5.1.0.0&#8243;]<a class=\"typeform-share button\" href=\"https:\/\/singularmktg.typeform.com\/to\/COMq1XCs#art=302\" data-mode=\"drawer_right\" style=\"display:inline-block;text-decoration:none;background-color:#CDE002;color:white;cursor:pointer;font-family:Helvetica,Arial,sans-serif;font-size:20px;line-height:50px;text-align:center;margin:0;height:50px;padding:0px 33px;border-radius:12px;max-width:100%;white-space:nowrap;overflow:hidden;text-overflow:ellipsis;font-weight:bold;-webkit-font-smoothing:antialiased;-moz-osx-font-smoothing:grayscale;\" data-hide-headers=true data-hide-footer=true data-submit-close-delay=\"2\" target=\"_blank\" rel=\"noopener noreferrer\">Eval\u00faa este art\u00edculo <\/a> <script> (function() { var qs,js,q,s,d=document, gi=d.getElementById, ce=d.createElement, gt=d.getElementsByTagName, id=\"typef_orm_share\", b=\"https:\/\/embed.typeform.com\/\"; if(!gi.call(d,id)){ js=ce.call(d,\"script\"); js.id=id; js.src=b+\"embed.js\"; q=gt.call(d,\"script\")[0]; q.parentNode.insertBefore(js,q) } })() <\/script>[\/et_pb_code][\/et_pb_column][\/et_pb_row][et_pb_row _builder_version=\u00bb3.29.3&#8243; _i=\u00bb2&#8243; _address=\u00bb5.2&#8243;][et_pb_column type=\u00bb4_4&#8243; _builder_version=\u00bb3.29.3&#8243; custom_padding_phone=\u00bb40px||||false|false\u00bb custom_padding_last_edited=\u00bbon|phone\u00bb _i=\u00bb0&#8243; _address=\u00bb5.2.0&#8243;][et_pb_posts_carousel_agsdcm category_id=\u00bb37&#8243; max_title_characters=\u00bb150&#8243; heading_style=\u00bbcustom\u00bb heading_primary=\u00bb\u00daltimos Art\u00edculos\u00bb heading_sub=\u00bbNuevas Miradas\u00bb posts_filter_any=\u00bbon\u00bb _builder_version=\u00bb3.29.3&#8243; header_font=\u00bbMontserrat||||||||\u00bb header_text_color=\u00bb#757575&#8243; header_font_size=\u00bb19px\u00bb subheader_text_color=\u00bb#828282&#8243; title_font=\u00bbMontserrat|700|||||||\u00bb title_text_color=\u00bb#acc601&#8243; border_color_all=\u00bb#cde002&#8243; _i=\u00bb0&#8243; _address=\u00bb5.2.0.0&#8243;][\/et_pb_posts_carousel_agsdcm][\/et_pb_column][\/et_pb_row][\/et_pb_section]<\/p>\n","protected":false},"excerpt":{"rendered":"<p>Contenido de El Mercurio en colaboraci\u00f3n con Espacio Mutuo Con una plataforma de internet de las cosas (IoT), la ingeniera civil industrial Paulina Cataldo busca transformar una industria en la que a\u00fan el papel y l\u00e1piz son norma: la del reciclaje. Y es que sus cuatro a\u00f1os como consultora en una agencia de sustentabilidad la [&hellip;]<\/p>\n","protected":false},"author":2,"featured_media":5167,"comment_status":"closed","ping_status":"closed","sticky":false,"template":"","format":"standard","meta":{"_et_pb_use_builder":"on","_et_pb_old_content":"","_et_gb_content_width":"","footnotes":""},"categories":[37],"tags":[],"class_list":["post-5164","post","type-post","status-publish","format-standard","has-post-thumbnail","hentry","category-nuevas-miradas","et-has-post-format-content","et_post_format-et-post-format-standard"],"_links":{"self":[{"href":"https:\/\/conectamutual.cl\/bienestar\/wp-json\/wp\/v2\/posts\/5164","targetHints":{"allow":["GET"]}}],"collection":[{"href":"https:\/\/conectamutual.cl\/bienestar\/wp-json\/wp\/v2\/posts"}],"about":[{"href":"https:\/\/conectamutual.cl\/bienestar\/wp-json\/wp\/v2\/types\/post"}],"author":[{"embeddable":true,"href":"https:\/\/conectamutual.cl\/bienestar\/wp-json\/wp\/v2\/users\/2"}],"replies":[{"embeddable":true,"href":"https:\/\/conectamutual.cl\/bienestar\/wp-json\/wp\/v2\/comments?post=5164"}],"version-history":[{"count":3,"href":"https:\/\/conectamutual.cl\/bienestar\/wp-json\/wp\/v2\/posts\/5164\/revisions"}],"predecessor-version":[{"id":5170,"href":"https:\/\/conectamutual.cl\/bienestar\/wp-json\/wp\/v2\/posts\/5164\/revisions\/5170"}],"wp:featuredmedia":[{"embeddable":true,"href":"https:\/\/conectamutual.cl\/bienestar\/wp-json\/wp\/v2\/media\/5167"}],"wp:attachment":[{"href":"https:\/\/conectamutual.cl\/bienestar\/wp-json\/wp\/v2\/media?parent=5164"}],"wp:term":[{"taxonomy":"category","embeddable":true,"href":"https:\/\/conectamutual.cl\/bienestar\/wp-json\/wp\/v2\/categories?post=5164"},{"taxonomy":"post_tag","embeddable":true,"href":"https:\/\/conectamutual.cl\/bienestar\/wp-json\/wp\/v2\/tags?post=5164"}],"curies":[{"name":"wp","href":"https:\/\/api.w.org\/{rel}","templated":true}]}}