{"id":5416,"date":"2021-02-01T14:16:23","date_gmt":"2021-02-01T17:16:23","guid":{"rendered":"https:\/\/conectamutual.cl\/bienestar\/?p=5416"},"modified":"2021-02-01T15:22:07","modified_gmt":"2021-02-01T18:22:07","slug":"familias-enfrentadas-a-la-pandemia-saldran-fortalecidas","status":"publish","type":"post","link":"https:\/\/conectamutual.cl\/bienestar\/nuevas-miradas\/familias-enfrentadas-a-la-pandemia-saldran-fortalecidas\/","title":{"rendered":"Familias enfrentadas a la pandemia: \u00bfsaldr\u00e1n fortalecidas?"},"content":{"rendered":"<p>[et_pb_section fb_built=\u00bb1&#8243; _builder_version=\u00bb3.29.3&#8243; custom_margin=\u00bb||-50px||false|false\u00bb custom_margin_phone=\u00bb||0px||false|false\u00bb custom_margin_last_edited=\u00bbon|phone\u00bb custom_padding=\u00bb11px||0px||false|false\u00bb fb_built=\u00bb1&#8243; _i=\u00bb0&#8243; _address=\u00bb0&#8243;][et_pb_row column_structure=\u00bb1_3,1_3,1_3&#8243; disabled_on=\u00bbon|on|off\u00bb _builder_version=\u00bb3.29.3&#8243; min_height=\u00bb269px\u00bb custom_margin=\u00bb-15px|auto|-190px|auto|false|false\u00bb custom_margin_last_edited=\u00bbon|phone\u00bb custom_padding=\u00bb||0px||false|false\u00bb _i=\u00bb0&#8243; _address=\u00bb0.0&#8243;][et_pb_column type=\u00bb1_3&#8243; _builder_version=\u00bb3.29.3&#8243; _i=\u00bb0&#8243; _address=\u00bb0.0.0&#8243;][\/et_pb_column][et_pb_column type=\u00bb1_3&#8243; _builder_version=\u00bb3.29.3&#8243; _i=\u00bb1&#8243; _address=\u00bb0.0.1&#8243;][et_pb_image src=\u00bbhttps:\/\/conectamutual.cl\/bienestar\/wp-content\/uploads\/2019\/10\/Logo-Espacio-Mutuo-02.png\u00bb align=\u00bbcenter\u00bb _builder_version=\u00bb3.29.3&#8243; width=\u00bb83%\u00bb width_phone=\u00bb22%\u00bb width_last_edited=\u00bbon|phone\u00bb custom_margin=\u00bb15px||||false|false\u00bb _i=\u00bb0&#8243; _address=\u00bb0.0.1.0&#8243;][\/et_pb_image][\/et_pb_column][et_pb_column type=\u00bb1_3&#8243; _builder_version=\u00bb3.29.3&#8243; _i=\u00bb2&#8243; _address=\u00bb0.0.2&#8243;][et_pb_image src=\u00bbhttps:\/\/conectamutual.cl\/bienestar\/wp-content\/uploads\/2021\/01\/Captura-de-Pantalla-2021-01-16-a-las-10.07.37.png\u00bb align=\u00bbright\u00bb _builder_version=\u00bb3.29.3&#8243; width=\u00bb72%\u00bb width_phone=\u00bb41%\u00bb width_last_edited=\u00bbon|phone\u00bb custom_margin=\u00bb45px||45px||true|false\u00bb custom_margin_phone=\u00bb10px||60px||false|false\u00bb custom_margin_last_edited=\u00bbon|phone\u00bb _i=\u00bb0&#8243; _address=\u00bb0.0.2.0&#8243;][\/et_pb_image][\/et_pb_column][\/et_pb_row][et_pb_row column_structure=\u00bb1_3,1_3,1_3&#8243; disabled_on=\u00bboff|off|on\u00bb _builder_version=\u00bb3.29.3&#8243; min_height=\u00bb269px\u00bb custom_margin=\u00bb-15px|auto|-20px|auto|false|false\u00bb custom_margin_last_edited=\u00bbon|phone\u00bb custom_padding=\u00bb||||false|false\u00bb _i=\u00bb1&#8243; _address=\u00bb0.1&#8243;][et_pb_column type=\u00bb1_3&#8243; _builder_version=\u00bb3.29.3&#8243; _i=\u00bb0&#8243; _address=\u00bb0.1.0&#8243;][\/et_pb_column][et_pb_column type=\u00bb1_3&#8243; _builder_version=\u00bb3.29.3&#8243; _i=\u00bb1&#8243; _address=\u00bb0.1.1&#8243;][et_pb_image src=\u00bbhttps:\/\/conectamutual.cl\/bienestar\/wp-content\/uploads\/2019\/10\/Logo-Espacio-Mutuo-01.png\u00bb align=\u00bbcenter\u00bb force_fullwidth=\u00bbon\u00bb _builder_version=\u00bb3.29.3&#8243; min_height=\u00bb170px\u00bb min_height_phone=\u00bb187px\u00bb min_height_last_edited=\u00bbon|phone\u00bb height=\u00bb100px\u00bb max_height=\u00bb1000px\u00bb custom_margin=\u00bb-14px||8px|||\u00bb _i=\u00bb0&#8243; _address=\u00bb0.1.1.0&#8243;][\/et_pb_image][\/et_pb_column][et_pb_column type=\u00bb1_3&#8243; _builder_version=\u00bb3.29.3&#8243; _i=\u00bb2&#8243; _address=\u00bb0.1.2&#8243;][et_pb_image src=\u00bbhttps:\/\/conectamutual.cl\/bienestar\/wp-content\/uploads\/2021\/01\/Captura-de-Pantalla-2021-01-16-a-las-10.07.37.png\u00bb align=\u00bbcenter\u00bb _builder_version=\u00bb3.29.3&#8243; width=\u00bb94%\u00bb width_phone=\u00bb65%\u00bb width_last_edited=\u00bbon|phone\u00bb module_alignment=\u00bbcenter\u00bb custom_margin=\u00bb45px||45px||true|false\u00bb custom_margin_phone=\u00bb10px||60px||false|false\u00bb custom_margin_last_edited=\u00bbon|phone\u00bb _i=\u00bb0&#8243; _address=\u00bb0.1.2.0&#8243;][\/et_pb_image][\/et_pb_column][\/et_pb_row][\/et_pb_section][et_pb_section fb_built=\u00bb1&#8243; _builder_version=\u00bb3.29.3&#8243; custom_padding=\u00bb4px||0px|||\u00bb fb_built=\u00bb1&#8243; _i=\u00bb1&#8243; _address=\u00bb1&#8243;][et_pb_row _builder_version=\u00bb3.29.3&#8243; min_height=\u00bb102px\u00bb custom_margin_phone=\u00bb20px||||false|false\u00bb custom_margin_last_edited=\u00bbon|phone\u00bb custom_padding=\u00bb34px||10px|||\u00bb _i=\u00bb0&#8243; _address=\u00bb1.0&#8243;][et_pb_column type=\u00bb4_4&#8243; _builder_version=\u00bb3.29.3&#8243; _i=\u00bb0&#8243; _address=\u00bb1.0.0&#8243;][et_pb_image src=\u00bbhttps:\/\/conectamutual.cl\/bienestar\/wp-content\/uploads\/2019\/12\/LOGOS-CATEGORIAS-03.png\u00bb align=\u00bbcenter\u00bb disabled_on=\u00bboff|off|off\u00bb _builder_version=\u00bb3.29.3&#8243; width=\u00bb48%\u00bb width_phone=\u00bb95%\u00bb width_last_edited=\u00bbon|phone\u00bb _i=\u00bb0&#8243; _address=\u00bb1.0.0.0&#8243;][\/et_pb_image][\/et_pb_column][\/et_pb_row][\/et_pb_section][et_pb_section fb_built=\u00bb1&#8243; _builder_version=\u00bb3.29.3&#8243; custom_padding=\u00bb27px||1px|||\u00bb fb_built=\u00bb1&#8243; _i=\u00bb2&#8243; _address=\u00bb2&#8243;][et_pb_row _builder_version=\u00bb3.29.3&#8243; custom_padding=\u00bb3px||36px|||\u00bb _i=\u00bb0&#8243; _address=\u00bb2.0&#8243;][et_pb_column type=\u00bb4_4&#8243; _builder_version=\u00bb3.29.3&#8243; _i=\u00bb0&#8243; _address=\u00bb2.0.0&#8243;][et_pb_post_title comments=\u00bboff\u00bb featured_image=\u00bboff\u00bb _builder_version=\u00bb3.29.3&#8243; title_font=\u00bbMontserrat|700|||||||\u00bb title_text_align=\u00bbcenter\u00bb title_text_color=\u00bb#c4d600&#8243; title_font_size=\u00bb54px\u00bb title_line_height=\u00bb1.1em\u00bb meta_font=\u00bbMontserrat||||||||\u00bb meta_text_align=\u00bbcenter\u00bb meta_font_size=\u00bb12px\u00bb title_font_size_phone=\u00bb30px\u00bb title_font_size_last_edited=\u00bbon|phone\u00bb meta_font_size_phone=\u00bb10px\u00bb meta_font_size_last_edited=\u00bbon|phone\u00bb _i=\u00bb0&#8243; _address=\u00bb2.0.0.0&#8243;][\/et_pb_post_title][\/et_pb_column][\/et_pb_row][\/et_pb_section][et_pb_section fb_built=\u00bb1&#8243; fullwidth=\u00bbon\u00bb _builder_version=\u00bb3.29.3&#8243; fb_built=\u00bb1&#8243; _i=\u00bb3&#8243; _address=\u00bb3&#8243;][et_pb_fullwidth_image src=\u00bbhttps:\/\/conectamutual.cl\/bienestar\/wp-content\/uploads\/2021\/02\/pexels-gustavo-fring-4127449.jpg\u00bb _builder_version=\u00bb3.29.3&#8243; custom_padding=\u00bb0px|||||\u00bb hover_enabled=\u00bb0&#8243; _i=\u00bb0&#8243; _address=\u00bb3.0&#8243;][\/et_pb_fullwidth_image][\/et_pb_section][et_pb_section fb_built=\u00bb1&#8243; _builder_version=\u00bb3.29.3&#8243; custom_padding=\u00bb||8px|||\u00bb fb_built=\u00bb1&#8243; _i=\u00bb4&#8243; _address=\u00bb4&#8243;][et_pb_row _builder_version=\u00bb3.29.3&#8243; custom_padding=\u00bb9px|||||\u00bb _i=\u00bb0&#8243; _address=\u00bb4.0&#8243;][et_pb_column type=\u00bb4_4&#8243; _builder_version=\u00bb3.29.3&#8243; custom_padding=\u00bb|110px||110px|false|false\u00bb custom_padding_phone=\u00bb|10px||10px|false|false\u00bb custom_padding_last_edited=\u00bbon|phone\u00bb _i=\u00bb0&#8243; _address=\u00bb4.0.0&#8243;][et_pb_text _builder_version=\u00bb3.29.3&#8243; text_font_size=\u00bb17px\u00bb text_line_height=\u00bb2.1em\u00bb header_2_text_color=\u00bb#c4d600&#8243; custom_margin_last_edited=\u00bbon|phone\u00bb custom_padding=\u00bb|0px||0px|false|false\u00bb hover_enabled=\u00bb0&#8243; text_font_size_phone=\u00bb16px\u00bb text_font_size_last_edited=\u00bbon|phone\u00bb text_line_height_phone=\u00bb1.9em\u00bb text_line_height_last_edited=\u00bbon|phone\u00bb header_2_font_size_phone=\u00bb23px\u00bb header_2_font_size_last_edited=\u00bbon|phone\u00bb _i=\u00bb0&#8243; _address=\u00bb4.0.0.0&#8243;]<\/p>\n<blockquote>\n<p><span style=\"font-weight: 400;\">En esta pandemia, el coronavirus no es la \u00fanica amenaza a la que se enfrenta la poblaci\u00f3n: <\/span><b>la soledad y el estr\u00e9s son tan da\u00f1inos y contagiosos como el COVID-19.<\/b><span style=\"font-weight: 400;\"> La cura, al menos, pareciera estar clara \u2013 <\/span><b>un grupo familiar que brinde apoyo, contenci\u00f3n emocional y conexi\u00f3n.\u00a0<\/b><\/p>\n<\/blockquote>\n<p><span style=\"font-weight: 400;\">Sin embargo, para muchas personas, <\/span><b>el desaf\u00edo del d\u00eda a d\u00eda no termina a puertas cerradas<\/b><span style=\"font-weight: 400;\">. Los efectos del confinamiento, adem\u00e1s de la p\u00e9rdida de empleo y la crisis econ\u00f3mica, <\/span><b>han golpeado con una fuerza particular a los hogares, especialmente los unipersonales y los que cuentan con hijos.<\/b><span style=\"font-weight: 400;\">\u00a0<\/span><\/p>\n<h3><b>LOS PRIMEROS S\u00cdNTOMAS<\/b><\/h3>\n<p><span style=\"font-weight: 400;\">Si bien las cuarentenas y el distanciamiento social no han sido f\u00e1ciles para nadie, <\/span><b>la vivencia de la soledad ha tenido consecuencias muy duras para quienes &#8211; adem\u00e1s &#8211; viven solos.<\/b><span style=\"font-weight: 400;\"> Por si fuera poco, aquellas personas que <\/span><b>requieren cuidados especiales<\/b><span style=\"font-weight: 400;\"> se han enfrentado la suspensi\u00f3n de sus servicios de atenci\u00f3n, ya sean centros de d\u00eda o la ayuda a domicilio. <\/span><b>En muchos casos, la experiencia del miedo y el aislamiento han acelerado el deterioro cognitivo.<\/b><span style=\"font-weight: 400;\">\u00a0<\/span><\/p>\n<p><i><span style=\"font-weight: 400;\">\u00bfMejor estar acompa\u00f1ados? <\/span><\/i><span style=\"font-weight: 400;\">Pues, no necesariamente. <\/span><b>El estr\u00e9s de los hogares con hijos ha alcanzado niveles sin precedentes <\/b><span style=\"font-weight: 400;\">durante el confinamiento, siendo incluso m\u00e1s altos en los hogares monoparentales.\u00a0<\/span><\/p>\n<p><span style=\"font-weight: 400;\">Estas familias debieron transformarse de la noche a la ma\u00f1ana para funcionar como colegios y oficinas, <\/span><b>sin contar con el apoyo fundamental de las guarder\u00edas, jardines infantiles ni escuelas<\/b><span style=\"font-weight: 400;\"> \u2013 mucho menos con la ayuda de los abuelos, piezas clave en la conciliaci\u00f3n de la vida laboral y familiar.\u00a0<\/span><\/p>\n<h3><b>LO QUE HEMOS APRENDIDO\u00a0<\/b><\/h3>\n<p><span style=\"font-weight: 400;\">En tiempos tan inciertos, resulta satisfactorio y tranquilizador revisar aquello que sabemos con certeza. \u00bfQu\u00e9 <\/span><a href=\"https:\/\/theconversation.com\/salen-las-familias-reforzadas-de-la-pandemia-149949\"><span style=\"font-weight: 400;\">lecciones<\/span><\/a><span style=\"font-weight: 400;\"> nos ha dejado la pandemia hasta ahora respecto a la vida familiar en la \u201cnueva normalidad\u201d?<\/span><\/p>\n<p><b>1. El teletrabajo y la ense\u00f1anza en l\u00ednea son modalidades que perdurar\u00e1n<\/b><span style=\"font-weight: 400;\">, incluso cuando se permita mayor movilidad en el futuro.\u00a0<\/span><\/p>\n<p><b>2. La flexibilidad laboral es un factor clave que facilita los cuidados de ni\u00f1os y de personas mayores<\/b><span style=\"font-weight: 400;\">, por lo que debe ser considerado una prioridad.\u00a0<\/span><\/p>\n<p><span style=\"font-weight: 400;\">3. En el caso de familias con hijos mayores, <\/span><b>la edad de emancipaci\u00f3n<\/b><i><span style=\"font-weight: 400;\"> (es decir, cuando se van de la casa para vivir por su cuenta) <\/span><\/i><b>va a retrasarse a\u00fan m\u00e1s<\/b><span style=\"font-weight: 400;\">: un <\/span><a href=\"http:\/\/www.cje.org\/es\/sala-de-prensa\/notas-de-prensa\/la-pandemia-hunde-la-emancipacion-juvenil-solo-el-173-de-las-personas-jovenes-viven-emancipadas-el-peor-dato-desde-el-ano-2001\/\"><span style=\"font-weight: 400;\">reciente estudio<\/span><\/a><span style=\"font-weight: 400;\"> del Consejo de la Juventud de Espa\u00f1a indic\u00f3 que la pandemia ha enlentecido la independizaci\u00f3n juvenil, con s\u00f3lo un 17,3% de los j\u00f3venes del pa\u00eds viviendo de manera aut\u00f3noma.\u00a0<\/span><\/p>\n<p><b>4. El sentimiento de agobio y frustraci\u00f3n con el que viven muchos padres es comprensible<\/b><span style=\"font-weight: 400;\">. La pandemia ha puesto en juego nuestras estructuras sociales, econ\u00f3micas y asistenciales, dejando al descubierto las debilidades del sistema \u2013 sin siquiera haber terminado a\u00fan.\u00a0<\/span><\/p>\n<h3><b>CURAS Y SOLUCIONES<\/b><\/h3>\n<p><span style=\"font-weight: 400;\">Reconstruir nuestras vidas ser\u00e1 tarea de cada uno\u2026 pero no deber\u00eda emprenderse sin antes reflexionar respecto a las carencias que evidenci\u00f3 el virus.\u00a0<\/span><\/p>\n<h4><b>1. MEDIDAS DE CONCILIACI\u00d3N<span style=\"font-weight: 400;\">\u00a0<\/span><\/b><\/h4>\n<p><span style=\"font-weight: 400;\">De ahora en adelante, las medidas de conciliaci\u00f3n deben articularse con un enfoque m\u00e1s amplio y flexible<\/span><b>. <\/b><span style=\"font-weight: 400;\">Es necesario comprender que <\/span><b>las responsabilidades familiares van m\u00e1s all\u00e1 del nacimiento de los hijos, y han de cubrir eventualidades muy diversas<\/b><span style=\"font-weight: 400;\"> \u2013 con especial atenci\u00f3n a las personas mayores y dependientes. <\/span><b>La consolidaci\u00f3n del teletrabajo puede ser una buena herramienta a futuro para este prop\u00f3sito.\u00a0\u00a0<\/b><\/p>\n<h4><b>2. REVALORIZAR EL CUIDADO\u00a0<\/b><\/h4>\n<p>\u00a0Dignificar y revalorizar las tareas de cuidado para ofrecer servicios de calidad, garantizar el bienestar de quienes se encuentren m\u00e1s desvalidos y conceder libertad de elecci\u00f3n a las familias es primordial. <b>Mejores prestaciones por hijo a cargo y el ingreso m\u00ednimo pueden ser v\u00edas para reconocer parte de ese trabajo no retribuido, pero a\u00fan as\u00ed indispensable para nuestra sociedad.\u00a0<\/b><\/p>\n<h4><b>3. CORRESPONSABILIDAD<\/b><\/h4>\n<p>Definitivamente, \u00e9sta es la asignatura pendiente. Si bien algunos de los estudios sobre el confinamiento detectan una\u00a0<a href=\"https:\/\/theconversation.com\/teletrabajo-y-conciliacion-el-estres-se-ceba-con-las-mujeres-137023\">mayor disposici\u00f3n de los hombres a hacer tareas de las que antes no se ocupaban<\/a>\u00a0(como lavar ropa, cocinar, hacer las compras) y la experiencia de una intensa convivencia familiar ha permitido relaciones m\u00e1s estrechas y equilibradas, el ritmo es lento. Incluso en confinamiento, <b>las madres han sido las m\u00e1s dedicadas a los cuidados<\/b>, y <a href=\"https:\/\/www.ilo.org\/global\/publications\/books\/WCMS_674751\/lang--es\/index.htm\">la Organizaci\u00f3n Mundial del Trabajo (OIT) estima<\/a>\u00a0que <b>la brecha de g\u00e9nero en t\u00e9rminos de tiempo dedicado al trabajo de cuidados no remunerado no se cerrar\u00e1 hasta el a\u00f1o 2228 (s\u00ed\u2026 2228)<\/b>. La sobrecarga que sufren las mujeres tiene consecuencias f\u00edsicas y emocionales que, por supuesto, <b>suponen un obst\u00e1culo determinante para sus carreras profesionales.<\/b><\/p>\n<p>Si bien las familias del mundo -en todos sus formatos y composiciones- se han visto afectadas por la pandemia, <b>contin\u00faan siendo el sustento y referente principal de los individuos<\/b>. M\u00e1s a\u00fan \u2013 tiempos de crisis como los actuales <b>brindan una oportunidad \u00fanica para fortalecer esos v\u00ednculos, tan esenciales para el desarrollo humano:<\/b> mayor implicaci\u00f3n de los padres en la educaci\u00f3n de sus hijos, m\u00e1s tiempo para convivir y compartir en el hogar, y el reconocimiento de la vulnerabilidad de las personas mayores y sus necesidades.\u00a0<\/p>\n<p><span style=\"font-weight: 400;\">Una vez que el virus desaparezca, las familias no habr\u00e1n desaparecido: <\/span><b>resurgir\u00e1n m\u00e1s unidas y equilibradas que nunca<\/b><span style=\"font-weight: 400;\">, consolid\u00e1ndose una vez m\u00e1s como el n\u00facleo central de la vida en sociedad. <\/span><\/p>\n<p>[\/et_pb_text][et_pb_text _builder_version=\u00bb3.29.3&#8243; text_font_size=\u00bb13px\u00bb text_line_height=\u00bb0.6em\u00bb custom_margin=\u00bb-15px||||false|false\u00bb custom_padding=\u00bb34px|||||\u00bb text_font_size_phone=\u00bb11px\u00bb text_font_size_last_edited=\u00bbon|phone\u00bb _i=\u00bb1&#8243; _address=\u00bb4.0.0.1&#8243;]<\/p>\n<p style=\"text-align: center;\"><img loading=\"lazy\" decoding=\"async\" class=\"wp-image-608 alignnone size-full\" src=\"https:\/\/conectamutual.cl\/bienestar\/wp-content\/uploads\/2019\/10\/Imagen-equipo.png\" alt=\"\" width=\"91\" height=\"88\" \/><\/p>\n<p style=\"text-align: center;\"><strong>Por Equipo Espacio Mutuo<\/strong><\/p>\n<p style=\"text-align: center;\"><em>Mutual de Seguridad<\/em><\/p>\n<p>[\/et_pb_text][\/et_pb_column][\/et_pb_row][et_pb_row _builder_version=\u00bb3.29.3&#8243; background_color=\u00bbrgba(0,0,0,0)\u00bb _i=\u00bb1&#8243; _address=\u00bb4.1&#8243;][et_pb_column type=\u00bb4_4&#8243; _builder_version=\u00bb3.29.3&#8243; transform_scale_linked=\u00bboff\u00bb transform_translate=\u00bb-4px|10px\u00bb transform_translate_linked=\u00bboff\u00bb custom_padding=\u00bb5px|0px|5px|0px|false|true\u00bb animation_style=\u00bbzoom\u00bb animation_duration=\u00bb500ms\u00bb border_radii=\u00bboff||||\u00bb border_color_all=\u00bb#cde002&#8243; border_width_top=\u00bb1px\u00bb border_color_top=\u00bb#e09900&#8243; border_style_top=\u00bbdotted\u00bb border_width_bottom=\u00bb1px\u00bb border_color_bottom=\u00bb#e09900&#8243; border_style_bottom=\u00bbdotted\u00bb _i=\u00bb0&#8243; _address=\u00bb4.1.0&#8243;][et_pb_code admin_label=\u00bbRating Art\u00edculo\u00bb _builder_version=\u00bb3.29.3&#8243; transform_scale=\u00bb110%|110%\u00bb transform_translate=\u00bb424px|5px\u00bb transform_translate_linked=\u00bboff\u00bb hover_enabled=\u00bb0&#8243; _i=\u00bb0&#8243; _address=\u00bb4.1.0.0&#8243;]<a class=\"typeform-share button\" href=\"https:\/\/singularmktg.typeform.com\/to\/COMq1XCs#art=317\" data-mode=\"drawer_right\" style=\"display:inline-block;text-decoration:none;background-color:#CDE002;color:white;cursor:pointer;font-family:Helvetica,Arial,sans-serif;font-size:20px;line-height:50px;text-align:center;margin:0;height:50px;padding:0px 33px;border-radius:12px;max-width:100%;white-space:nowrap;overflow:hidden;text-overflow:ellipsis;font-weight:bold;-webkit-font-smoothing:antialiased;-moz-osx-font-smoothing:grayscale;\" data-hide-headers=true data-hide-footer=true data-submit-close-delay=\"2\" target=\"_blank\" rel=\"noopener noreferrer\">Eval\u00faa este art\u00edculo <\/a> <script> (function() { var qs,js,q,s,d=document, gi=d.getElementById, ce=d.createElement, gt=d.getElementsByTagName, id=\"typef_orm_share\", b=\"https:\/\/embed.typeform.com\/\"; if(!gi.call(d,id)){ js=ce.call(d,\"script\"); js.id=id; js.src=b+\"embed.js\"; q=gt.call(d,\"script\")[0]; q.parentNode.insertBefore(js,q) } })() <\/script>[\/et_pb_code][\/et_pb_column][\/et_pb_row][et_pb_row _builder_version=\u00bb3.29.3&#8243; _i=\u00bb2&#8243; _address=\u00bb4.2&#8243;][et_pb_column type=\u00bb4_4&#8243; _builder_version=\u00bb3.29.3&#8243; custom_padding_phone=\u00bb40px||||false|false\u00bb custom_padding_last_edited=\u00bbon|phone\u00bb _i=\u00bb0&#8243; _address=\u00bb4.2.0&#8243;][et_pb_posts_carousel_agsdcm category_id=\u00bb37&#8243; max_title_characters=\u00bb150&#8243; heading_style=\u00bbcustom\u00bb heading_primary=\u00bb\u00daltimos Art\u00edculos\u00bb heading_sub=\u00bbNuevas Miradas\u00bb posts_filter_any=\u00bbon\u00bb _builder_version=\u00bb3.29.3&#8243; header_font=\u00bbMontserrat||||||||\u00bb header_text_color=\u00bb#757575&#8243; header_font_size=\u00bb19px\u00bb subheader_text_color=\u00bb#828282&#8243; title_font=\u00bbMontserrat|700|||||||\u00bb title_text_color=\u00bb#acc601&#8243; border_color_all=\u00bb#cde002&#8243; _i=\u00bb0&#8243; _address=\u00bb4.2.0.0&#8243;][\/et_pb_posts_carousel_agsdcm][\/et_pb_column][\/et_pb_row][\/et_pb_section]<\/p>\n","protected":false},"excerpt":{"rendered":"<p>En esta pandemia, el coronavirus no es la \u00fanica amenaza a la que se enfrenta la poblaci\u00f3n: la soledad y el estr\u00e9s son tan da\u00f1inos y contagiosos como el COVID-19. La cura, al menos, pareciera estar clara \u2013 un grupo familiar que brinde apoyo, contenci\u00f3n emocional y conexi\u00f3n.\u00a0 Sin embargo, para muchas personas, el desaf\u00edo [&hellip;]<\/p>\n","protected":false},"author":2,"featured_media":5419,"comment_status":"closed","ping_status":"closed","sticky":false,"template":"","format":"standard","meta":{"_et_pb_use_builder":"on","_et_pb_old_content":"","_et_gb_content_width":"","footnotes":""},"categories":[37],"tags":[],"class_list":["post-5416","post","type-post","status-publish","format-standard","has-post-thumbnail","hentry","category-nuevas-miradas","et-has-post-format-content","et_post_format-et-post-format-standard"],"_links":{"self":[{"href":"https:\/\/conectamutual.cl\/bienestar\/wp-json\/wp\/v2\/posts\/5416","targetHints":{"allow":["GET"]}}],"collection":[{"href":"https:\/\/conectamutual.cl\/bienestar\/wp-json\/wp\/v2\/posts"}],"about":[{"href":"https:\/\/conectamutual.cl\/bienestar\/wp-json\/wp\/v2\/types\/post"}],"author":[{"embeddable":true,"href":"https:\/\/conectamutual.cl\/bienestar\/wp-json\/wp\/v2\/users\/2"}],"replies":[{"embeddable":true,"href":"https:\/\/conectamutual.cl\/bienestar\/wp-json\/wp\/v2\/comments?post=5416"}],"version-history":[{"count":3,"href":"https:\/\/conectamutual.cl\/bienestar\/wp-json\/wp\/v2\/posts\/5416\/revisions"}],"predecessor-version":[{"id":5422,"href":"https:\/\/conectamutual.cl\/bienestar\/wp-json\/wp\/v2\/posts\/5416\/revisions\/5422"}],"wp:featuredmedia":[{"embeddable":true,"href":"https:\/\/conectamutual.cl\/bienestar\/wp-json\/wp\/v2\/media\/5419"}],"wp:attachment":[{"href":"https:\/\/conectamutual.cl\/bienestar\/wp-json\/wp\/v2\/media?parent=5416"}],"wp:term":[{"taxonomy":"category","embeddable":true,"href":"https:\/\/conectamutual.cl\/bienestar\/wp-json\/wp\/v2\/categories?post=5416"},{"taxonomy":"post_tag","embeddable":true,"href":"https:\/\/conectamutual.cl\/bienestar\/wp-json\/wp\/v2\/tags?post=5416"}],"curies":[{"name":"wp","href":"https:\/\/api.w.org\/{rel}","templated":true}]}}