{"id":5452,"date":"2021-02-08T16:10:33","date_gmt":"2021-02-08T19:10:33","guid":{"rendered":"https:\/\/conectamutual.cl\/bienestar\/?p=5452"},"modified":"2021-02-08T16:15:05","modified_gmt":"2021-02-08T19:15:05","slug":"camina-y-fortalece-tu-salud-fisica-y-mental","status":"publish","type":"post","link":"https:\/\/conectamutual.cl\/bienestar\/vivir-mejor\/camina-y-fortalece-tu-salud-fisica-y-mental\/","title":{"rendered":"\u00a1Camina y fortalece tu salud f\u00edsica y mental!"},"content":{"rendered":"<p>[et_pb_section fb_built=\u00bb1&#8243; _builder_version=\u00bb3.29.3&#8243; custom_margin=\u00bb||-50px||false|false\u00bb custom_margin_phone=\u00bb||0px||false|false\u00bb custom_margin_last_edited=\u00bbon|phone\u00bb custom_padding=\u00bb11px||0px||false|false\u00bb fb_built=\u00bb1&#8243; _i=\u00bb0&#8243; _address=\u00bb0&#8243;][et_pb_row column_structure=\u00bb1_3,1_3,1_3&#8243; disabled_on=\u00bbon|on|off\u00bb _builder_version=\u00bb3.29.3&#8243; min_height=\u00bb269px\u00bb custom_margin=\u00bb-15px|auto|-190px|auto|false|false\u00bb custom_margin_last_edited=\u00bbon|phone\u00bb custom_padding=\u00bb||0px||false|false\u00bb _i=\u00bb0&#8243; _address=\u00bb0.0&#8243;][et_pb_column type=\u00bb1_3&#8243; _builder_version=\u00bb3.29.3&#8243; _i=\u00bb0&#8243; _address=\u00bb0.0.0&#8243;][\/et_pb_column][et_pb_column type=\u00bb1_3&#8243; _builder_version=\u00bb3.29.3&#8243; _i=\u00bb1&#8243; _address=\u00bb0.0.1&#8243;][et_pb_image src=\u00bbhttps:\/\/conectamutual.cl\/bienestar\/wp-content\/uploads\/2019\/10\/Logo-Espacio-Mutuo-02.png\u00bb align=\u00bbcenter\u00bb _builder_version=\u00bb3.29.3&#8243; width=\u00bb83%\u00bb width_phone=\u00bb22%\u00bb width_last_edited=\u00bbon|phone\u00bb custom_margin=\u00bb15px||||false|false\u00bb _i=\u00bb0&#8243; _address=\u00bb0.0.1.0&#8243;][\/et_pb_image][\/et_pb_column][et_pb_column type=\u00bb1_3&#8243; _builder_version=\u00bb3.29.3&#8243; _i=\u00bb2&#8243; _address=\u00bb0.0.2&#8243;][et_pb_image src=\u00bbhttps:\/\/conectamutual.cl\/bienestar\/wp-content\/uploads\/2021\/01\/Captura-de-Pantalla-2021-01-16-a-las-10.07.37.png\u00bb align=\u00bbright\u00bb _builder_version=\u00bb3.29.3&#8243; width=\u00bb72%\u00bb width_phone=\u00bb41%\u00bb width_last_edited=\u00bbon|phone\u00bb custom_margin=\u00bb45px||45px||true|false\u00bb custom_margin_phone=\u00bb10px||60px||false|false\u00bb custom_margin_last_edited=\u00bbon|phone\u00bb _i=\u00bb0&#8243; _address=\u00bb0.0.2.0&#8243;][\/et_pb_image][\/et_pb_column][\/et_pb_row][et_pb_row column_structure=\u00bb1_3,1_3,1_3&#8243; disabled_on=\u00bboff|off|on\u00bb _builder_version=\u00bb3.29.3&#8243; min_height=\u00bb269px\u00bb custom_margin=\u00bb-15px|auto|-20px|auto|false|false\u00bb custom_margin_last_edited=\u00bbon|phone\u00bb custom_padding=\u00bb||||false|false\u00bb _i=\u00bb1&#8243; _address=\u00bb0.1&#8243;][et_pb_column type=\u00bb1_3&#8243; _builder_version=\u00bb3.29.3&#8243; _i=\u00bb0&#8243; _address=\u00bb0.1.0&#8243;][\/et_pb_column][et_pb_column type=\u00bb1_3&#8243; _builder_version=\u00bb3.29.3&#8243; _i=\u00bb1&#8243; _address=\u00bb0.1.1&#8243;][et_pb_image src=\u00bbhttps:\/\/conectamutual.cl\/bienestar\/wp-content\/uploads\/2019\/10\/Logo-Espacio-Mutuo-01.png\u00bb align=\u00bbcenter\u00bb force_fullwidth=\u00bbon\u00bb _builder_version=\u00bb3.29.3&#8243; min_height=\u00bb170px\u00bb min_height_phone=\u00bb187px\u00bb min_height_last_edited=\u00bbon|phone\u00bb height=\u00bb100px\u00bb max_height=\u00bb1000px\u00bb custom_margin=\u00bb-14px||8px|||\u00bb _i=\u00bb0&#8243; _address=\u00bb0.1.1.0&#8243;][\/et_pb_image][\/et_pb_column][et_pb_column type=\u00bb1_3&#8243; _builder_version=\u00bb3.29.3&#8243; _i=\u00bb2&#8243; _address=\u00bb0.1.2&#8243;][et_pb_image src=\u00bbhttps:\/\/conectamutual.cl\/bienestar\/wp-content\/uploads\/2021\/01\/Captura-de-Pantalla-2021-01-16-a-las-10.07.37.png\u00bb align=\u00bbcenter\u00bb _builder_version=\u00bb3.29.3&#8243; width=\u00bb94%\u00bb width_phone=\u00bb65%\u00bb width_last_edited=\u00bbon|phone\u00bb module_alignment=\u00bbcenter\u00bb custom_margin=\u00bb45px||45px||true|false\u00bb custom_margin_phone=\u00bb10px||60px||false|false\u00bb custom_margin_last_edited=\u00bbon|phone\u00bb _i=\u00bb0&#8243; _address=\u00bb0.1.2.0&#8243;][\/et_pb_image][\/et_pb_column][\/et_pb_row][\/et_pb_section][et_pb_section fb_built=\u00bb1&#8243; _builder_version=\u00bb3.29.3&#8243; custom_padding=\u00bb4px||0px|||\u00bb fb_built=\u00bb1&#8243; _i=\u00bb1&#8243; _address=\u00bb1&#8243;][et_pb_row _builder_version=\u00bb3.29.3&#8243; min_height=\u00bb102px\u00bb custom_margin_phone=\u00bb20px||||false|false\u00bb custom_margin_last_edited=\u00bbon|phone\u00bb custom_padding=\u00bb34px||10px|||\u00bb _i=\u00bb0&#8243; _address=\u00bb1.0&#8243;][et_pb_column type=\u00bb4_4&#8243; _builder_version=\u00bb3.29.3&#8243; _i=\u00bb0&#8243; _address=\u00bb1.0.0&#8243;][et_pb_image src=\u00bbhttps:\/\/conectamutual.cl\/bienestar\/wp-content\/uploads\/2019\/12\/LOGOS-CATEGORIAS-05.png\u00bb align=\u00bbcenter\u00bb disabled_on=\u00bboff|off|off\u00bb _builder_version=\u00bb3.29.3&#8243; width=\u00bb41%\u00bb width_phone=\u00bb95%\u00bb width_last_edited=\u00bbon|phone\u00bb _i=\u00bb0&#8243; _address=\u00bb1.0.0.0&#8243;][\/et_pb_image][\/et_pb_column][\/et_pb_row][\/et_pb_section][et_pb_section fb_built=\u00bb1&#8243; _builder_version=\u00bb3.29.3&#8243; custom_padding=\u00bb15px||1px|||\u00bb fb_built=\u00bb1&#8243; _i=\u00bb2&#8243; _address=\u00bb2&#8243;][et_pb_row _builder_version=\u00bb3.29.3&#8243; custom_padding=\u00bb3px||36px|||\u00bb _i=\u00bb0&#8243; _address=\u00bb2.0&#8243;][et_pb_column type=\u00bb4_4&#8243; _builder_version=\u00bb3.29.3&#8243; _i=\u00bb0&#8243; _address=\u00bb2.0.0&#8243;][et_pb_post_title comments=\u00bboff\u00bb featured_image=\u00bboff\u00bb _builder_version=\u00bb3.29.3&#8243; title_font=\u00bbMontserrat|700|||||||\u00bb title_text_align=\u00bbcenter\u00bb title_text_color=\u00bb#c4d600&#8243; title_font_size=\u00bb54px\u00bb title_line_height=\u00bb1.1em\u00bb meta_font=\u00bbMontserrat||||||||\u00bb meta_text_align=\u00bbcenter\u00bb meta_font_size=\u00bb12px\u00bb title_font_size_phone=\u00bb30px\u00bb title_font_size_last_edited=\u00bbon|phone\u00bb meta_font_size_phone=\u00bb10px\u00bb meta_font_size_last_edited=\u00bbon|phone\u00bb _i=\u00bb0&#8243; _address=\u00bb2.0.0.0&#8243;][\/et_pb_post_title][\/et_pb_column][\/et_pb_row][\/et_pb_section][et_pb_section fb_built=\u00bb1&#8243; _builder_version=\u00bb3.29.3&#8243; background_color=\u00bb#f4f4f4&#8243; custom_padding=\u00bb23px||7px|||\u00bb fb_built=\u00bb1&#8243; _i=\u00bb3&#8243; _address=\u00bb3&#8243;][et_pb_row column_structure=\u00bb1_2,1_2&#8243; _builder_version=\u00bb3.29.3&#8243; custom_margin=\u00bb||||false|false\u00bb custom_padding=\u00bb|||0px|false|false\u00bb _i=\u00bb0&#8243; _address=\u00bb3.0&#8243;][et_pb_column type=\u00bb1_2&#8243; _builder_version=\u00bb3.29.3&#8243; _i=\u00bb0&#8243; _address=\u00bb3.0.0&#8243;][et_pb_text _builder_version=\u00bb3.29.3&#8243; header_2_font=\u00bb|700|||||||\u00bb header_2_text_align=\u00bbright\u00bb header_2_text_color=\u00bb#707070&#8243; header_2_font_size=\u00bb31px\u00bb custom_margin=\u00bb||-2px|||\u00bb _i=\u00bb0&#8243; _address=\u00bb3.0.0.0&#8243;]<\/p>\n<h2>Estimulando el bienestar<\/h2>\n<p>[\/et_pb_text][et_pb_text _builder_version=\u00bb3.29.3&#8243; header_3_font=\u00bb||||||||\u00bb header_3_text_color=\u00bb#666666&#8243; header_3_font_size=\u00bb17px\u00bb custom_margin=\u00bb||||false|false\u00bb custom_padding=\u00bb|||120px|false|false\u00bb _i=\u00bb1&#8243; _address=\u00bb3.0.0.1&#8243;]<\/p>\n<h3 style=\"text-align: right;\">Contenido de expertos en colaboraci\u00f3n con Espacio Mutuo<\/h3>\n<p>[\/et_pb_text][\/et_pb_column][et_pb_column type=\u00bb1_2&#8243; _builder_version=\u00bb3.29.3&#8243; _i=\u00bb1&#8243; _address=\u00bb3.0.1&#8243;][et_pb_image src=\u00bbhttps:\/\/conectamutual.cl\/bienestar\/wp-content\/uploads\/2020\/11\/bf-logo-slogan-blue-hor@2x-8.png\u00bb _builder_version=\u00bb3.29.3&#8243; width=\u00bb57%\u00bb _i=\u00bb0&#8243; _address=\u00bb3.0.1.0&#8243;][\/et_pb_image][\/et_pb_column][\/et_pb_row][\/et_pb_section][et_pb_section fb_built=\u00bb1&#8243; fullwidth=\u00bbon\u00bb _builder_version=\u00bb3.29.3&#8243; fb_built=\u00bb1&#8243; _i=\u00bb4&#8243; _address=\u00bb4&#8243;][et_pb_fullwidth_image src=\u00bbhttps:\/\/conectamutual.cl\/bienestar\/wp-content\/uploads\/2021\/02\/pexels-sebastian-voortman-663437.jpg\u00bb _builder_version=\u00bb3.29.3&#8243; custom_padding=\u00bb0px|||||\u00bb _i=\u00bb0&#8243; _address=\u00bb4.0&#8243;][\/et_pb_fullwidth_image][\/et_pb_section][et_pb_section fb_built=\u00bb1&#8243; _builder_version=\u00bb3.29.3&#8243; custom_padding=\u00bb||8px|||\u00bb fb_built=\u00bb1&#8243; _i=\u00bb5&#8243; _address=\u00bb5&#8243;][et_pb_row _builder_version=\u00bb3.29.3&#8243; custom_padding=\u00bb9px|||||\u00bb _i=\u00bb0&#8243; _address=\u00bb5.0&#8243;][et_pb_column type=\u00bb4_4&#8243; _builder_version=\u00bb3.29.3&#8243; custom_padding=\u00bb|110px||110px|false|false\u00bb custom_padding_phone=\u00bb|10px||10px|false|false\u00bb custom_padding_last_edited=\u00bbon|phone\u00bb _i=\u00bb0&#8243; _address=\u00bb5.0.0&#8243;][et_pb_text _builder_version=\u00bb3.29.3&#8243; text_font_size=\u00bb17px\u00bb text_line_height=\u00bb2.1em\u00bb header_2_text_color=\u00bb#c4d600&#8243; custom_margin_last_edited=\u00bbon|phone\u00bb custom_padding=\u00bb|0px||0px|false|false\u00bb text_font_size_phone=\u00bb16px\u00bb text_font_size_last_edited=\u00bbon|phone\u00bb text_line_height_phone=\u00bb1.9em\u00bb text_line_height_last_edited=\u00bbon|phone\u00bb header_2_font_size_phone=\u00bb23px\u00bb header_2_font_size_last_edited=\u00bbon|phone\u00bb _i=\u00bb0&#8243; _address=\u00bb5.0.0.0&#8243;]<\/p>\n<blockquote>\n<p><span style=\"font-weight: 400;\">\u00bfSab\u00edas que puedes mejorar tu salud al caminar 15 minutos al d\u00eda?\u00a0<\/span><\/p>\n<p><span style=\"font-weight: 400;\">Realizar caminatas tiene grandes beneficios para el bienestar. \u00bfQuieres saber cu\u00e1les son y c\u00f3mo adoptar este h\u00e1bito? El Dr. Sim\u00f3n Sabattin de TeleDoc tiene las respuestas.<\/span><\/p>\n<\/blockquote>\n<p><span style=\"font-weight: 400;\">Resulta un poco extra\u00f1o pensar que caminar se considera un ejercicio. Pero lo es. <\/span><b>Seg\u00fan la Organizaci\u00f3n Mundial de la Salud, la caminata es una actividad f\u00edsica moderada que, a pesar de no requerir un esfuerzo extremo, acelera el ritmo cardiaco de las personas<\/b><span style=\"font-weight: 400;\">.<\/span><\/p>\n<p><span style=\"font-weight: 400;\">Es recomendable que los adultos practiquen este tipo de ejercicio 150 minutos semanales y as\u00ed tambi\u00e9n prevenir enfermedades -como la depresi\u00f3n o la artrosis- y mejorar la salud al fortalecer m\u00fasculos del coraz\u00f3n, reduciendo la probabilidad de un infarto, entre otros. La idea es completar ese tiempo a la semana, por ejemplo, empezar con 15 minutos, y los d\u00edas siguientes agregar m\u00e1s hasta caminar cuatro d\u00edas por media hora.\u00a0<\/span><\/p>\n<p><b>El Dr. Sim\u00f3n Sabattin, m\u00e9dico general y cirujano de TeleDoc <\/b><span style=\"font-weight: 400;\">-servicio de telemedicina que puedes usar 24\/7 en la plataforma Betterfly-, sugiere a las personas caminar porque es el ejercicio \u201cm\u00e1s simple, barato y sencillo de realizar\u201d.\u00a0<\/span><\/p>\n<p><span style=\"font-weight: 400;\">Acercarse al mundo del bienestar mediante caminatas a un ritmo propio suena alentador. \u00bfQu\u00e9 cambios positivos podemos ver y sentir?\u00a0<\/span><\/p>\n<h3><b>Beneficios a nivel f\u00edsico:\u00a0<\/b><\/h3>\n<p><span style=\"font-weight: 400;\">Aumenta la masa muscular<\/span><\/p>\n<p><span style=\"font-weight: 400;\">Fortalece los m\u00fasculos de la respiraci\u00f3n y el coraz\u00f3n<\/span><\/p>\n<p><span style=\"font-weight: 400;\">Provoca una mejor vida sexual<\/span><\/p>\n<p><span style=\"font-weight: 400;\">Tonifica los m\u00fasculos del cuerpo\u00a0<\/span><\/p>\n<p><span style=\"font-weight: 400;\">Genera una mejor calidad de sue\u00f1o<\/span><\/p>\n<h3><b>Beneficios a nivel mental:<\/b><\/h3>\n<p><span style=\"font-weight: 400;\">Aumento de endorfinas, lo que provoca mayor felicidad\u00a0<\/span><\/p>\n<p><span style=\"font-weight: 400;\">Mejora la autoestima<\/span><\/p>\n<p><span style=\"font-weight: 400;\">Despeja la mente<\/span><\/p>\n<p><span style=\"font-weight: 400;\">Genera una mayor concentraci\u00f3n y coordinaci\u00f3n<\/span><\/p>\n<p><span style=\"font-weight: 400;\">Preserva la memoria<\/span><\/p>\n<p><span style=\"font-weight: 400;\">El profesional de la salud hace hincapi\u00e9 en la importancia que tiene el ejercitar para el bienestar mental, y asegura que \u201cantes de iniciar un tratamiento m\u00e9dico por trastornos depresivos, es recomendado intentar comenzar con ejercicio f\u00edsico, porque te vuelve m\u00e1s feliz\u201d.\u00a0<\/span><\/p>\n<p><span style=\"font-weight: 400;\">Comenzar a adoptar el h\u00e1bito de caminar durante varios d\u00edas a la semana no es dif\u00edcil, pero \u201cla constancia es importante e indispensable\u201d.\u00a0<\/span><\/p>\n<h3><b>4 consejos para iniciar este h\u00e1bito:<\/b><\/h3>\n<p><span style=\"font-weight: 400;\">Opta por un ambiente c\u00f3modo y al aire libre, evitando lugares cerrados o contaminados. \u00a1Con\u00e9ctate con la naturaleza!<\/span><\/p>\n<p><span style=\"font-weight: 400;\">Crea una playlist que te motive y esc\u00fachala mientras caminas. \u00a1Lo har\u00e1s con m\u00e1s ganas y hasta tarareando!<\/span><\/p>\n<p><span style=\"font-weight: 400;\">Caminar acompa\u00f1ado es una buena idea, as\u00ed trabajar\u00e1s en la constancia del ejercicio y crear\u00e1s un h\u00e1bito junto a alguien.\u00a0<\/span><\/p>\n<p><span style=\"font-weight: 400;\">\u00a1Empieza el d\u00eda caminando! Durante las ma\u00f1anas el est\u00f3mago est\u00e1 vac\u00edo, por ende, el cuerpo est\u00e1 m\u00e1s liviano.<\/span><\/p>\n<p><span style=\"font-weight: 400;\">Por supuesto, habr\u00e1 d\u00edas en los que no podr\u00e1s hacer este ejercicio o no cumplas los 150 minutos semanales, pero no es motivo para abrumarse. Puedes intensificar la actividad en menos tiempo o aumentar de a poco los d\u00edas y el tiempo de caminata. <\/span><b>\u00a1Recuerda que cada peque\u00f1o esfuerzo significa un paso que te llevar\u00e1 a un gran resultado!<\/b><\/p>\n<p><span style=\"font-weight: 400;\">En Betterfly te acompa\u00f1amos en tu transformaci\u00f3n hacia tu mejor versi\u00f3n y convertimos tus buenos h\u00e1bitos en donaciones sociales. Adem\u00e1s, cada paso que des aumenta tu seguro de vida en un peso. \u00a1Entra a la plataforma y registra tu actividad f\u00edsica para que rastrees tus progresos, aumentes tu cobertura de seguro de vida y dones a la vez!\u00a0<\/span><\/p>\n<p><span style=\"font-weight: 400;\">\u00a1An\u00edmate! Am\u00e1rrate las zapatillas, pon play a tus canciones favoritas y col\u00f3cate la mascarilla para salir a caminar desde ya.<\/span><\/p>\n<p>[\/et_pb_text][\/et_pb_column][\/et_pb_row][et_pb_row _builder_version=\u00bb3.29.3&#8243; background_color=\u00bbrgba(0,0,0,0)\u00bb _i=\u00bb1&#8243; _address=\u00bb5.1&#8243;][et_pb_column type=\u00bb4_4&#8243; _builder_version=\u00bb3.29.3&#8243; transform_scale_linked=\u00bboff\u00bb transform_translate=\u00bb-4px|10px\u00bb transform_translate_linked=\u00bboff\u00bb custom_padding=\u00bb5px|0px|5px|0px|false|true\u00bb animation_style=\u00bbzoom\u00bb animation_duration=\u00bb500ms\u00bb border_radii=\u00bboff||||\u00bb border_color_all=\u00bb#cde002&#8243; border_width_top=\u00bb1px\u00bb border_color_top=\u00bb#e09900&#8243; border_style_top=\u00bbdotted\u00bb border_width_bottom=\u00bb1px\u00bb border_color_bottom=\u00bb#e09900&#8243; border_style_bottom=\u00bbdotted\u00bb _i=\u00bb0&#8243; _address=\u00bb5.1.0&#8243;][et_pb_code admin_label=\u00bbRating Art\u00edculo\u00bb _builder_version=\u00bb3.29.3&#8243; transform_scale=\u00bb110%|110%\u00bb transform_translate=\u00bb424px|5px\u00bb transform_translate_linked=\u00bboff\u00bb _i=\u00bb0&#8243; _address=\u00bb5.1.0.0&#8243;]<a class=\"typeform-share button\" href=\"https:\/\/singularmktg.typeform.com\/to\/COMq1XCs#art=324\" data-mode=\"drawer_right\" style=\"display:inline-block;text-decoration:none;background-color:#CDE002;color:white;cursor:pointer;font-family:Helvetica,Arial,sans-serif;font-size:20px;line-height:50px;text-align:center;margin:0;height:50px;padding:0px 33px;border-radius:12px;max-width:100%;white-space:nowrap;overflow:hidden;text-overflow:ellipsis;font-weight:bold;-webkit-font-smoothing:antialiased;-moz-osx-font-smoothing:grayscale;\" data-hide-headers=true data-hide-footer=true data-submit-close-delay=\"2\" target=\"_blank\" rel=\"noopener noreferrer\">Eval\u00faa este art\u00edculo <\/a> <script> (function() { var qs,js,q,s,d=document, gi=d.getElementById, ce=d.createElement, gt=d.getElementsByTagName, id=\"typef_orm_share\", b=\"https:\/\/embed.typeform.com\/\"; if(!gi.call(d,id)){ js=ce.call(d,\"script\"); js.id=id; js.src=b+\"embed.js\"; q=gt.call(d,\"script\")[0]; q.parentNode.insertBefore(js,q) } })() <\/script>[\/et_pb_code][\/et_pb_column][\/et_pb_row][et_pb_row _builder_version=\u00bb3.29.3&#8243; _i=\u00bb2&#8243; _address=\u00bb5.2&#8243;][et_pb_column type=\u00bb4_4&#8243; _builder_version=\u00bb3.29.3&#8243; custom_padding_phone=\u00bb40px||||false|false\u00bb custom_padding_last_edited=\u00bbon|phone\u00bb _i=\u00bb0&#8243; _address=\u00bb5.2.0&#8243;][et_pb_posts_carousel_agsdcm category_id=\u00bb34&#8243; max_title_characters=\u00bb150&#8243; heading_style=\u00bbcustom\u00bb heading_primary=\u00bb\u00daltimos Art\u00edculos\u00bb heading_sub=\u00bbVivir Mejor\u00bb posts_filter_any=\u00bbon\u00bb _builder_version=\u00bb3.29.3&#8243; header_font=\u00bbMontserrat||||||||\u00bb header_text_color=\u00bb#757575&#8243; header_font_size=\u00bb19px\u00bb subheader_text_color=\u00bb#828282&#8243; title_font=\u00bbMontserrat|700|||||||\u00bb title_text_color=\u00bb#acc601&#8243; border_color_all=\u00bb#cde002&#8243; _i=\u00bb0&#8243; _address=\u00bb5.2.0.0&#8243;][\/et_pb_posts_carousel_agsdcm][\/et_pb_column][\/et_pb_row][\/et_pb_section]<\/p>\n","protected":false},"excerpt":{"rendered":"<p>Estimulando el bienestarContenido de expertos en colaboraci\u00f3n con Espacio Mutuo \u00bfSab\u00edas que puedes mejorar tu salud al caminar 15 minutos al d\u00eda?\u00a0 Realizar caminatas tiene grandes beneficios para el bienestar. \u00bfQuieres saber cu\u00e1les son y c\u00f3mo adoptar este h\u00e1bito? El Dr. Sim\u00f3n Sabattin de TeleDoc tiene las respuestas. Resulta un poco extra\u00f1o pensar que caminar [&hellip;]<\/p>\n","protected":false},"author":2,"featured_media":5455,"comment_status":"closed","ping_status":"closed","sticky":false,"template":"","format":"standard","meta":{"_et_pb_use_builder":"on","_et_pb_old_content":"","_et_gb_content_width":"","footnotes":""},"categories":[34],"tags":[],"class_list":["post-5452","post","type-post","status-publish","format-standard","has-post-thumbnail","hentry","category-vivir-mejor","et-has-post-format-content","et_post_format-et-post-format-standard"],"_links":{"self":[{"href":"https:\/\/conectamutual.cl\/bienestar\/wp-json\/wp\/v2\/posts\/5452","targetHints":{"allow":["GET"]}}],"collection":[{"href":"https:\/\/conectamutual.cl\/bienestar\/wp-json\/wp\/v2\/posts"}],"about":[{"href":"https:\/\/conectamutual.cl\/bienestar\/wp-json\/wp\/v2\/types\/post"}],"author":[{"embeddable":true,"href":"https:\/\/conectamutual.cl\/bienestar\/wp-json\/wp\/v2\/users\/2"}],"replies":[{"embeddable":true,"href":"https:\/\/conectamutual.cl\/bienestar\/wp-json\/wp\/v2\/comments?post=5452"}],"version-history":[{"count":4,"href":"https:\/\/conectamutual.cl\/bienestar\/wp-json\/wp\/v2\/posts\/5452\/revisions"}],"predecessor-version":[{"id":5459,"href":"https:\/\/conectamutual.cl\/bienestar\/wp-json\/wp\/v2\/posts\/5452\/revisions\/5459"}],"wp:featuredmedia":[{"embeddable":true,"href":"https:\/\/conectamutual.cl\/bienestar\/wp-json\/wp\/v2\/media\/5455"}],"wp:attachment":[{"href":"https:\/\/conectamutual.cl\/bienestar\/wp-json\/wp\/v2\/media?parent=5452"}],"wp:term":[{"taxonomy":"category","embeddable":true,"href":"https:\/\/conectamutual.cl\/bienestar\/wp-json\/wp\/v2\/categories?post=5452"},{"taxonomy":"post_tag","embeddable":true,"href":"https:\/\/conectamutual.cl\/bienestar\/wp-json\/wp\/v2\/tags?post=5452"}],"curies":[{"name":"wp","href":"https:\/\/api.w.org\/{rel}","templated":true}]}}