{"id":5524,"date":"2021-02-16T17:16:29","date_gmt":"2021-02-16T20:16:29","guid":{"rendered":"https:\/\/conectamutual.cl\/bienestar\/?p=5524"},"modified":"2024-04-13T15:26:28","modified_gmt":"2024-04-13T19:26:28","slug":"un-febrero-diferente-una-preocupacion-diferente","status":"publish","type":"post","link":"https:\/\/conectamutual.cl\/bienestar\/espacios-de-reflexion\/un-febrero-diferente-una-preocupacion-diferente\/","title":{"rendered":"Un febrero diferente, una preocupaci\u00f3n diferente"},"content":{"rendered":"<p>[et_pb_section fb_built=\u00bb1&#8243; _builder_version=\u00bb3.29.3&#8243; custom_margin=\u00bb||-50px||false|false\u00bb custom_margin_phone=\u00bb||0px||false|false\u00bb custom_margin_last_edited=\u00bbon|phone\u00bb custom_padding=\u00bb11px||0px||false|false\u00bb fb_built=\u00bb1&#8243; _i=\u00bb0&#8243; _address=\u00bb0&#8243;][et_pb_row column_structure=\u00bb1_3,1_3,1_3&#8243; disabled_on=\u00bbon|on|off\u00bb _builder_version=\u00bb3.29.3&#8243; min_height=\u00bb269px\u00bb custom_margin=\u00bb-15px|auto|-190px|auto|false|false\u00bb custom_margin_last_edited=\u00bbon|phone\u00bb custom_padding=\u00bb||0px||false|false\u00bb _i=\u00bb0&#8243; _address=\u00bb0.0&#8243;][et_pb_column type=\u00bb1_3&#8243; _builder_version=\u00bb3.29.3&#8243; _i=\u00bb0&#8243; _address=\u00bb0.0.0&#8243;][\/et_pb_column][et_pb_column type=\u00bb1_3&#8243; _builder_version=\u00bb3.29.3&#8243; _i=\u00bb1&#8243; _address=\u00bb0.0.1&#8243;][et_pb_image src=\u00bbhttps:\/\/conectamutual.cl\/bienestar\/wp-content\/uploads\/2019\/10\/Logo-Espacio-Mutuo-02.png\u00bb align=\u00bbcenter\u00bb _builder_version=\u00bb3.29.3&#8243; width=\u00bb83%\u00bb width_phone=\u00bb22%\u00bb width_last_edited=\u00bbon|phone\u00bb custom_margin=\u00bb15px||||false|false\u00bb _i=\u00bb0&#8243; _address=\u00bb0.0.1.0&#8243;][\/et_pb_image][\/et_pb_column][et_pb_column type=\u00bb1_3&#8243; _builder_version=\u00bb3.29.3&#8243; _i=\u00bb2&#8243; _address=\u00bb0.0.2&#8243;][et_pb_image src=\u00bbhttps:\/\/conectamutual.cl\/bienestar\/wp-content\/uploads\/2021\/01\/Captura-de-Pantalla-2021-01-16-a-las-10.07.37.png\u00bb align=\u00bbright\u00bb _builder_version=\u00bb3.29.3&#8243; width=\u00bb72%\u00bb width_phone=\u00bb41%\u00bb width_last_edited=\u00bbon|phone\u00bb custom_margin=\u00bb45px||45px||true|false\u00bb custom_margin_phone=\u00bb10px||60px||false|false\u00bb custom_margin_last_edited=\u00bbon|phone\u00bb _i=\u00bb0&#8243; _address=\u00bb0.0.2.0&#8243;][\/et_pb_image][\/et_pb_column][\/et_pb_row][et_pb_row column_structure=\u00bb1_3,1_3,1_3&#8243; disabled_on=\u00bboff|off|on\u00bb _builder_version=\u00bb3.29.3&#8243; min_height=\u00bb269px\u00bb custom_margin=\u00bb-15px|auto|-20px|auto|false|false\u00bb custom_margin_last_edited=\u00bbon|phone\u00bb custom_padding=\u00bb||||false|false\u00bb _i=\u00bb1&#8243; _address=\u00bb0.1&#8243;][et_pb_column type=\u00bb1_3&#8243; _builder_version=\u00bb3.29.3&#8243; _i=\u00bb0&#8243; _address=\u00bb0.1.0&#8243;][\/et_pb_column][et_pb_column type=\u00bb1_3&#8243; _builder_version=\u00bb3.29.3&#8243; _i=\u00bb1&#8243; _address=\u00bb0.1.1&#8243;][et_pb_image src=\u00bbhttps:\/\/conectamutual.cl\/bienestar\/wp-content\/uploads\/2019\/10\/Logo-Espacio-Mutuo-01.png\u00bb align=\u00bbcenter\u00bb force_fullwidth=\u00bbon\u00bb _builder_version=\u00bb3.29.3&#8243; min_height=\u00bb170px\u00bb min_height_phone=\u00bb187px\u00bb min_height_last_edited=\u00bbon|phone\u00bb height=\u00bb100px\u00bb max_height=\u00bb1000px\u00bb custom_margin=\u00bb-14px||8px|||\u00bb _i=\u00bb0&#8243; _address=\u00bb0.1.1.0&#8243;][\/et_pb_image][\/et_pb_column][et_pb_column type=\u00bb1_3&#8243; _builder_version=\u00bb3.29.3&#8243; _i=\u00bb2&#8243; _address=\u00bb0.1.2&#8243;][et_pb_image src=\u00bbhttps:\/\/conectamutual.cl\/bienestar\/wp-content\/uploads\/2021\/01\/Captura-de-Pantalla-2021-01-16-a-las-10.07.37.png\u00bb align=\u00bbcenter\u00bb _builder_version=\u00bb3.29.3&#8243; width=\u00bb94%\u00bb width_phone=\u00bb65%\u00bb width_last_edited=\u00bbon|phone\u00bb module_alignment=\u00bbcenter\u00bb custom_margin=\u00bb45px||45px||true|false\u00bb custom_margin_phone=\u00bb10px||60px||false|false\u00bb custom_margin_last_edited=\u00bbon|phone\u00bb _i=\u00bb0&#8243; _address=\u00bb0.1.2.0&#8243;][\/et_pb_image][\/et_pb_column][\/et_pb_row][\/et_pb_section][et_pb_section fb_built=\u00bb1&#8243; _builder_version=\u00bb3.29.3&#8243; custom_padding=\u00bb4px||0px|||\u00bb fb_built=\u00bb1&#8243; _i=\u00bb1&#8243; _address=\u00bb1&#8243;][et_pb_row _builder_version=\u00bb3.29.3&#8243; min_height=\u00bb102px\u00bb custom_margin_phone=\u00bb20px||||false|false\u00bb custom_margin_last_edited=\u00bbon|phone\u00bb custom_padding=\u00bb34px||10px|||\u00bb _i=\u00bb0&#8243; _address=\u00bb1.0&#8243;][et_pb_column type=\u00bb4_4&#8243; _builder_version=\u00bb3.29.3&#8243; _i=\u00bb0&#8243; _address=\u00bb1.0.0&#8243;][et_pb_image src=\u00bbhttps:\/\/conectamutual.cl\/bienestar\/wp-content\/uploads\/2019\/12\/LOGOS-CATEGORIAS-01.png\u00bb align=\u00bbcenter\u00bb disabled_on=\u00bboff|off|off\u00bb _builder_version=\u00bb3.29.3&#8243; width=\u00bb50%\u00bb width_phone=\u00bb95%\u00bb width_last_edited=\u00bbon|phone\u00bb _i=\u00bb0&#8243; _address=\u00bb1.0.0.0&#8243;][\/et_pb_image][\/et_pb_column][\/et_pb_row][\/et_pb_section][et_pb_section fb_built=\u00bb1&#8243; _builder_version=\u00bb3.29.3&#8243; custom_padding=\u00bb15px||1px|||\u00bb fb_built=\u00bb1&#8243; _i=\u00bb2&#8243; _address=\u00bb2&#8243;][et_pb_row _builder_version=\u00bb3.29.3&#8243; custom_padding=\u00bb3px||36px|||\u00bb _i=\u00bb0&#8243; _address=\u00bb2.0&#8243;][et_pb_column type=\u00bb4_4&#8243; _builder_version=\u00bb3.29.3&#8243; _i=\u00bb0&#8243; _address=\u00bb2.0.0&#8243;][et_pb_post_title comments=\u00bboff\u00bb featured_image=\u00bboff\u00bb _builder_version=\u00bb3.29.3&#8243; title_font=\u00bbMontserrat|700|||||||\u00bb title_text_align=\u00bbcenter\u00bb title_text_color=\u00bb#c4d600&#8243; title_font_size=\u00bb54px\u00bb title_line_height=\u00bb1.1em\u00bb meta_font=\u00bbMontserrat||||||||\u00bb meta_text_align=\u00bbcenter\u00bb meta_font_size=\u00bb12px\u00bb title_font_size_phone=\u00bb30px\u00bb title_font_size_last_edited=\u00bbon|phone\u00bb meta_font_size_phone=\u00bb10px\u00bb meta_font_size_last_edited=\u00bbon|phone\u00bb _i=\u00bb0&#8243; _address=\u00bb2.0.0.0&#8243;][\/et_pb_post_title][\/et_pb_column][\/et_pb_row][\/et_pb_section][et_pb_section fb_built=\u00bb1&#8243; _builder_version=\u00bb3.29.3&#8243; custom_padding=\u00bb0px||18px|||\u00bb][et_pb_row _builder_version=\u00bb3.29.3&#8243; custom_margin=\u00bb|auto|-25px|auto||\u00bb][et_pb_column _builder_version=\u00bb3.29.3&#8243; type=\u00bb4_4&#8243;][et_pb_image src=\u00bbhttps:\/\/conectamutual.cl\/bienestar\/wp-content\/uploads\/2020\/04\/Felipe-Bunster.png\u00bb _builder_version=\u00bb3.29.3&#8243; align=\u00bbcenter\u00bb width=\u00bb36%\u00bb hover_enabled=\u00bb0&#8243;][\/et_pb_image][et_pb_image src=\u00bbhttps:\/\/conectamutual.cl\/bienestar\/wp-content\/uploads\/2020\/06\/Reflexiones-sola.png\u00bb _builder_version=\u00bb3.29.3&#8243; width=\u00bb53%\u00bb align=\u00bbcenter\u00bb hover_enabled=\u00bb0&#8243;][\/et_pb_image][et_pb_text _builder_version=\u00bb3.29.3&#8243; text_letter_spacing=\u00bb2px\u00bb text_font_size=\u00bb17px\u00bb hover_enabled=\u00bb0&#8243; text_font_size_last_edited=\u00bbon|phone\u00bb text_font_size_phone=\u00bb13px\u00bb]<\/p>\n<p style=\"text-align: center;\"><strong>POR FELIPE BUNSTER<\/strong> | GERENTE GENERAL MUTUAL DE SEGURIDAD<\/p>\n<p>[\/et_pb_text][\/et_pb_column][\/et_pb_row][\/et_pb_section][et_pb_section fb_built=\u00bb1&#8243; _builder_version=\u00bb3.29.3&#8243; custom_padding=\u00bb11px||8px|||\u00bb fb_built=\u00bb1&#8243; _i=\u00bb4&#8243; _address=\u00bb4&#8243;][et_pb_row _builder_version=\u00bb3.29.3&#8243; custom_padding=\u00bb9px|||||\u00bb _i=\u00bb0&#8243; _address=\u00bb4.0&#8243;][et_pb_column type=\u00bb4_4&#8243; _builder_version=\u00bb3.29.3&#8243; custom_padding=\u00bb|110px||110px|false|false\u00bb custom_padding_phone=\u00bb|10px||10px|false|false\u00bb custom_padding_last_edited=\u00bbon|phone\u00bb _i=\u00bb0&#8243; _address=\u00bb4.0.0&#8243;][et_pb_text _builder_version=\u00bb3.29.3&#8243; text_font_size=\u00bb17px\u00bb text_line_height=\u00bb2.1em\u00bb header_2_text_color=\u00bb#c4d600&#8243; header_3_line_height=\u00bb1.6em\u00bb custom_margin_last_edited=\u00bbon|phone\u00bb custom_padding=\u00bb0px|0px||0px|false|false\u00bb hover_enabled=\u00bb0&#8243; text_font_size_phone=\u00bb16px\u00bb text_font_size_last_edited=\u00bbon|phone\u00bb text_line_height_phone=\u00bb1.9em\u00bb text_line_height_last_edited=\u00bbon|phone\u00bb header_2_font_size_phone=\u00bb23px\u00bb header_2_font_size_last_edited=\u00bbon|phone\u00bb _i=\u00bb0&#8243; _address=\u00bb4.0.0.0&#8243;]<\/p>\n<blockquote>\n<p><span style=\"font-weight: 400;\">Febrero del 2021 sin duda ser\u00e1 recordado por a\u00f1os como un febrero diferente. Normalmente era un mes donde la mayor parte de los chilenos se tomaba vacaciones, disfrut\u00e1bamos del Festival de Vi\u00f1a, del mercado de pases del f\u00fatbol chileno y dej\u00e1bamos los grandes temas y definiciones para marzo. Pero este febrero es at\u00edpico. Primero, nos recuerda <\/span><b>el primer aniversario de la pandemia m\u00e1s brutal que hemos vivido desde la gripe espa\u00f1ola y, al mismo tiempo, nos trae el inicio del plan de vacunaci\u00f3n masivo nacional<\/b><span style=\"font-weight: 400;\">, que resulta \u00e9pico, esperanzador y no exento de pol\u00e9micas. En vez de hablar de la compra de \u00fatiles de colegio y la vuelta a clases de los estudiantes en marzo, <\/span><b>estamos viendo el primer rayo de luz de una vuelta a la normalidad<\/b><span style=\"font-weight: 400;\">.\u00a0<\/span><\/p>\n<\/blockquote>\n<p><span style=\"font-weight: 400;\">El Covid-19 ha desafiado muchos aspectos de nuestras vidas. Un a\u00f1o atr\u00e1s, apenas se comenzaba a hablar de la potencial llegada del virus y comenz\u00e1bamos a ver las medidas que estaban tomando aquellos pa\u00edses que ya ten\u00edan casos confirmados, mientras, los ciudadanos nos cuestion\u00e1bamos siquiera si el virus llegar\u00eda o no a Chile, cu\u00e1ndo y c\u00f3mo.<\/span><\/p>\n<p><span style=\"font-weight: 400;\">Hoy, despu\u00e9s de tantos meses, estamos familiarizados con siglas tales como PCR, esperamos con ansias e incluso esperanza los informes de nuevas medidas del Minsal los d\u00edas lunes y jueves, que a veces se gritan casi como un gol de la selecci\u00f3n chilena, <\/span><b>tenemos incorporado en nuestro d\u00eda a d\u00eda el alcohol gel y las mascarillas<\/b><span style=\"font-weight: 400;\">, incluso contando con opciones de colores, dise\u00f1os, marcas y logos corporativos.<\/span><\/p>\n<p><span style=\"font-weight: 400;\">Con todo este panorama, <\/span><b>las necesarias vacaciones pasaron a un segundo plano<\/b><span style=\"font-weight: 400;\">. Seg\u00fan un estudio realizado por Mutual de Seguridad en diciembre de 2020, los trabajadores est\u00e1n m\u00e1s cansados que a igual fecha del a\u00f1o pasado, sin embargo, <\/span><b>solo el 29% declar\u00f3 que tomar\u00e1 vacaciones en este per\u00edodo<\/b><span style=\"font-weight: 400;\">. Las razones resultan ser relativamente evidentes: el temor al contagio, sobre todo si reconocemos que en los lugares tradicionales de vacaciones las aglomeraciones son una condici\u00f3n. En ese mismo contexto, el 33% de los trabajadores se\u00f1ala que no ha definido a\u00fan si se tomar\u00e1 vacaciones, porque no es factible planificar: \u201cNo s\u00e9 en qu\u00e9 fase estar\u00e1 mi comuna y tampoco la comuna a la que quiero ir\u201d. Por otro lado, el 34% se\u00f1ala razones de tipo econ\u00f3micas: \u201cNo tengo dinero para salir este a\u00f1o\u201d, \u201cEste es momento de ahorrar y no de gastar\u201d. Con estos antecedentes, es dif\u00edcil suponer que este febrero ser\u00e1 el mes de las vacaciones en Chile.<\/span><\/p>\n<p><span style=\"font-weight: 400;\">Las vacaciones son un tiempo de recreaci\u00f3n en familia o seres queridos; tambi\u00e9n es <\/span><b>una oportunidad para refrescar la mente con nuevos temas y actividades, un tiempo que sirve para retomar o corregir la ruta que llevamos<\/b><span style=\"font-weight: 400;\">, un espacio para hacer balance de lo que hemos realizado y as\u00ed poder proyectarnos con m\u00e1s entusiasmo.<\/span><\/p>\n<p><span style=\"font-weight: 400;\">Hay diferentes estudios que coinciden en el impacto positivo del descanso en el desempe\u00f1o laboral, se\u00f1alando que <\/span><b>disponer de tiempo de vacaciones promueve la salud mental de los trabajadores, incrementa la satisfacci\u00f3n por el trabajo y contribuye a promover la estabilidad laboral<\/b><span style=\"font-weight: 400;\">. Las vacaciones o tiempo libre personal influyen directamente en su satisfacci\u00f3n con el trabajo, aumentando la retenci\u00f3n y reduciendo los costos de entrenamiento de nuevos trabajadores a causa de la rotaci\u00f3n laboral. Al mismo tiempo, hay evidencia que se\u00f1ala que <\/span><b>no tomar vacaciones puede ser muy da\u00f1ino y desgastante tanto para el cuerpo y la mente<\/b><span style=\"font-weight: 400;\">. Algunas de las consecuencias pueden ser fatiga, estr\u00e9s, apat\u00eda, automatismo, disminuci\u00f3n de la capacidad de pensar claramente y actuar de forma decisiva, e incluso padecer alguna enfermedad f\u00edsica y psicol\u00f3gica. Para que lo tengamos presente: el tiempo de vacaciones ideal para la obtenci\u00f3n de los mayores beneficios, tanto para los trabajadores como para las empresas, es de 10 d\u00edas.<\/span><\/p>\n<p><span style=\"font-weight: 400;\">Dicho lo anterior, y al igual que como muchos chilenos, yo a\u00fan no sal\u00ed de vacaciones y parte de mi equipo tampoco. Las preguntas que me hago ahora seguro que muchos se las han hecho: <\/span><b>\u00bfC\u00f3mo vamos a gestionar esta situaci\u00f3n durante el a\u00f1o? \u00bfDe qu\u00e9 forma los ejecutivos y las empresas del pa\u00eds est\u00e1n abordando este tema junto a los trabajadores?<\/b><\/p>\n<p>[\/et_pb_text][\/et_pb_column][\/et_pb_row][et_pb_row _builder_version=\u00bb3.29.3&#8243; background_color=\u00bbrgba(0,0,0,0)\u00bb _i=\u00bb1&#8243; _address=\u00bb4.1&#8243;][et_pb_column type=\u00bb4_4&#8243; _builder_version=\u00bb3.29.3&#8243; transform_scale_linked=\u00bboff\u00bb transform_translate=\u00bb-4px|10px\u00bb transform_translate_linked=\u00bboff\u00bb custom_padding=\u00bb5px|0px|5px|0px|false|true\u00bb animation_style=\u00bbzoom\u00bb animation_duration=\u00bb500ms\u00bb border_radii=\u00bboff||||\u00bb border_color_all=\u00bb#cde002&#8243; border_width_top=\u00bb1px\u00bb border_color_top=\u00bb#e09900&#8243; border_style_top=\u00bbdotted\u00bb border_width_bottom=\u00bb1px\u00bb border_color_bottom=\u00bb#e09900&#8243; border_style_bottom=\u00bbdotted\u00bb _i=\u00bb0&#8243; _address=\u00bb4.1.0&#8243;][et_pb_code admin_label=\u00bbRating Art\u00edculo\u00bb _builder_version=\u00bb3.29.3&#8243; transform_scale=\u00bb110%|110%\u00bb transform_translate=\u00bb424px|5px\u00bb transform_translate_linked=\u00bboff\u00bb hover_enabled=\u00bb0&#8243; _i=\u00bb0&#8243; _address=\u00bb4.1.0.0&#8243;]<a class=\"typeform-share button\" href=\"https:\/\/singularmktg.typeform.com\/to\/COMq1XCs#art=332\" data-mode=\"drawer_right\" style=\"display:inline-block;text-decoration:none;background-color:#CDE002;color:white;cursor:pointer;font-family:Helvetica,Arial,sans-serif;font-size:20px;line-height:50px;text-align:center;margin:0;height:50px;padding:0px 33px;border-radius:12px;max-width:100%;white-space:nowrap;overflow:hidden;text-overflow:ellipsis;font-weight:bold;-webkit-font-smoothing:antialiased;-moz-osx-font-smoothing:grayscale;\" data-hide-headers=\"true\" data-hide-footer=\"true\" data-submit-close-delay=\"2\" target=\"_blank\" rel=\"noopener noreferrer\">Eval\u00faa este art\u00edculo <\/a> <script> (function() { var qs,js,q,s,d=document, gi=d.getElementById, ce=d.createElement, gt=d.getElementsByTagName, id=\"typef_orm_share\", b=\"https:\/\/embed.typeform.com\/\"; if(!gi.call(d,id)){ js=ce.call(d,\"script\"); js.id=id; js.src=b+\"embed.js\"; q=gt.call(d,\"script\")[0]; q.parentNode.insertBefore(js,q) } })() <\/script>[\/et_pb_code][\/et_pb_column][\/et_pb_row][et_pb_row _builder_version=\u00bb3.29.3&#8243; _i=\u00bb2&#8243; _address=\u00bb4.2&#8243;][et_pb_column type=\u00bb4_4&#8243; _builder_version=\u00bb3.29.3&#8243; custom_padding_phone=\u00bb40px||||false|false\u00bb custom_padding_last_edited=\u00bbon|phone\u00bb _i=\u00bb0&#8243; _address=\u00bb4.2.0&#8243;][et_pb_posts_carousel_agsdcm category_id=\u00bb27&#8243; max_title_characters=\u00bb150&#8243; heading_style=\u00bbcustom\u00bb heading_primary=\u00bb\u00daltimos Art\u00edculos\u00bb heading_sub=\u00bbEspacios de Reflexi\u00f3n\u00bb posts_filter_any=\u00bbon\u00bb _builder_version=\u00bb3.29.3&#8243; header_font=\u00bbMontserrat||||||||\u00bb header_text_color=\u00bb#757575&#8243; header_font_size=\u00bb19px\u00bb subheader_text_color=\u00bb#828282&#8243; title_font=\u00bbMontserrat|700|||||||\u00bb title_text_color=\u00bb#acc601&#8243; border_color_all=\u00bb#cde002&#8243; _i=\u00bb0&#8243; _address=\u00bb4.2.0.0&#8243;][\/et_pb_posts_carousel_agsdcm][\/et_pb_column][\/et_pb_row][\/et_pb_section]<\/p>\n","protected":false},"excerpt":{"rendered":"<p>POR FELIPE BUNSTER | GERENTE GENERAL MUTUAL DE SEGURIDAD Febrero del 2021 sin duda ser\u00e1 recordado por a\u00f1os como un febrero diferente. Normalmente era un mes donde la mayor parte de los chilenos se tomaba vacaciones, disfrut\u00e1bamos del Festival de Vi\u00f1a, del mercado de pases del f\u00fatbol chileno y dej\u00e1bamos los grandes temas y definiciones [&hellip;]<\/p>\n","protected":false},"author":2,"featured_media":2310,"comment_status":"closed","ping_status":"closed","sticky":false,"template":"","format":"standard","meta":{"_et_pb_use_builder":"on","_et_pb_old_content":"","_et_gb_content_width":"","footnotes":""},"categories":[27,699],"tags":[],"class_list":["post-5524","post","type-post","status-publish","format-standard","has-post-thumbnail","hentry","category-espacios-de-reflexion","category-opinion-experta","et-has-post-format-content","et_post_format-et-post-format-standard"],"_links":{"self":[{"href":"https:\/\/conectamutual.cl\/bienestar\/wp-json\/wp\/v2\/posts\/5524","targetHints":{"allow":["GET"]}}],"collection":[{"href":"https:\/\/conectamutual.cl\/bienestar\/wp-json\/wp\/v2\/posts"}],"about":[{"href":"https:\/\/conectamutual.cl\/bienestar\/wp-json\/wp\/v2\/types\/post"}],"author":[{"embeddable":true,"href":"https:\/\/conectamutual.cl\/bienestar\/wp-json\/wp\/v2\/users\/2"}],"replies":[{"embeddable":true,"href":"https:\/\/conectamutual.cl\/bienestar\/wp-json\/wp\/v2\/comments?post=5524"}],"version-history":[{"count":3,"href":"https:\/\/conectamutual.cl\/bienestar\/wp-json\/wp\/v2\/posts\/5524\/revisions"}],"predecessor-version":[{"id":5529,"href":"https:\/\/conectamutual.cl\/bienestar\/wp-json\/wp\/v2\/posts\/5524\/revisions\/5529"}],"wp:featuredmedia":[{"embeddable":true,"href":"https:\/\/conectamutual.cl\/bienestar\/wp-json\/wp\/v2\/media\/2310"}],"wp:attachment":[{"href":"https:\/\/conectamutual.cl\/bienestar\/wp-json\/wp\/v2\/media?parent=5524"}],"wp:term":[{"taxonomy":"category","embeddable":true,"href":"https:\/\/conectamutual.cl\/bienestar\/wp-json\/wp\/v2\/categories?post=5524"},{"taxonomy":"post_tag","embeddable":true,"href":"https:\/\/conectamutual.cl\/bienestar\/wp-json\/wp\/v2\/tags?post=5524"}],"curies":[{"name":"wp","href":"https:\/\/api.w.org\/{rel}","templated":true}]}}