{"id":5556,"date":"2021-02-22T16:14:17","date_gmt":"2021-02-22T19:14:17","guid":{"rendered":"https:\/\/conectamutual.cl\/bienestar\/?p=5556"},"modified":"2021-02-22T16:22:16","modified_gmt":"2021-02-22T19:22:16","slug":"continuara-la-vida-no-presencial-despues-de-la-vacuna-claves-del-futuro-de-la-vida-virtual-post-pandemia","status":"publish","type":"post","link":"https:\/\/conectamutual.cl\/bienestar\/nuevas-miradas\/continuara-la-vida-no-presencial-despues-de-la-vacuna-claves-del-futuro-de-la-vida-virtual-post-pandemia\/","title":{"rendered":"\u00bfContinuar\u00e1 la vida \u201cno presencial\u201d despu\u00e9s de la vacuna?: claves del futuro de la vida virtual post pandemia"},"content":{"rendered":"<p>[et_pb_section fb_built=\u00bb1&#8243; _builder_version=\u00bb3.29.3&#8243; custom_margin=\u00bb||-50px||false|false\u00bb custom_margin_phone=\u00bb||0px||false|false\u00bb custom_margin_last_edited=\u00bbon|phone\u00bb custom_padding=\u00bb11px||0px||false|false\u00bb fb_built=\u00bb1&#8243; _i=\u00bb0&#8243; _address=\u00bb0&#8243;][et_pb_row column_structure=\u00bb1_3,1_3,1_3&#8243; disabled_on=\u00bbon|on|off\u00bb _builder_version=\u00bb3.29.3&#8243; min_height=\u00bb269px\u00bb custom_margin=\u00bb-15px|auto|-190px|auto|false|false\u00bb custom_margin_last_edited=\u00bbon|phone\u00bb custom_padding=\u00bb||0px||false|false\u00bb _i=\u00bb0&#8243; _address=\u00bb0.0&#8243;][et_pb_column type=\u00bb1_3&#8243; _builder_version=\u00bb3.29.3&#8243; _i=\u00bb0&#8243; _address=\u00bb0.0.0&#8243;][\/et_pb_column][et_pb_column type=\u00bb1_3&#8243; _builder_version=\u00bb3.29.3&#8243; _i=\u00bb1&#8243; _address=\u00bb0.0.1&#8243;][et_pb_image src=\u00bbhttps:\/\/conectamutual.cl\/bienestar\/wp-content\/uploads\/2019\/10\/Logo-Espacio-Mutuo-02.png\u00bb align=\u00bbcenter\u00bb _builder_version=\u00bb3.29.3&#8243; width=\u00bb83%\u00bb width_phone=\u00bb22%\u00bb width_last_edited=\u00bbon|phone\u00bb custom_margin=\u00bb15px||||false|false\u00bb _i=\u00bb0&#8243; _address=\u00bb0.0.1.0&#8243;][\/et_pb_image][\/et_pb_column][et_pb_column type=\u00bb1_3&#8243; _builder_version=\u00bb3.29.3&#8243; _i=\u00bb2&#8243; _address=\u00bb0.0.2&#8243;][et_pb_image src=\u00bbhttps:\/\/conectamutual.cl\/bienestar\/wp-content\/uploads\/2021\/01\/Captura-de-Pantalla-2021-01-16-a-las-10.07.37.png\u00bb align=\u00bbright\u00bb _builder_version=\u00bb3.29.3&#8243; width=\u00bb72%\u00bb width_phone=\u00bb41%\u00bb width_last_edited=\u00bbon|phone\u00bb custom_margin=\u00bb45px||45px||true|false\u00bb custom_margin_phone=\u00bb10px||60px||false|false\u00bb custom_margin_last_edited=\u00bbon|phone\u00bb _i=\u00bb0&#8243; _address=\u00bb0.0.2.0&#8243;][\/et_pb_image][\/et_pb_column][\/et_pb_row][et_pb_row column_structure=\u00bb1_3,1_3,1_3&#8243; disabled_on=\u00bboff|off|on\u00bb _builder_version=\u00bb3.29.3&#8243; min_height=\u00bb269px\u00bb custom_margin=\u00bb-15px|auto|-20px|auto|false|false\u00bb custom_margin_last_edited=\u00bbon|phone\u00bb custom_padding=\u00bb||||false|false\u00bb _i=\u00bb1&#8243; _address=\u00bb0.1&#8243;][et_pb_column type=\u00bb1_3&#8243; _builder_version=\u00bb3.29.3&#8243; _i=\u00bb0&#8243; _address=\u00bb0.1.0&#8243;][\/et_pb_column][et_pb_column type=\u00bb1_3&#8243; _builder_version=\u00bb3.29.3&#8243; _i=\u00bb1&#8243; _address=\u00bb0.1.1&#8243;][et_pb_image src=\u00bbhttps:\/\/conectamutual.cl\/bienestar\/wp-content\/uploads\/2019\/10\/Logo-Espacio-Mutuo-01.png\u00bb align=\u00bbcenter\u00bb force_fullwidth=\u00bbon\u00bb _builder_version=\u00bb3.29.3&#8243; min_height=\u00bb170px\u00bb min_height_phone=\u00bb187px\u00bb min_height_last_edited=\u00bbon|phone\u00bb height=\u00bb100px\u00bb max_height=\u00bb1000px\u00bb custom_margin=\u00bb-14px||8px|||\u00bb _i=\u00bb0&#8243; _address=\u00bb0.1.1.0&#8243;][\/et_pb_image][\/et_pb_column][et_pb_column type=\u00bb1_3&#8243; _builder_version=\u00bb3.29.3&#8243; _i=\u00bb2&#8243; _address=\u00bb0.1.2&#8243;][et_pb_image src=\u00bbhttps:\/\/conectamutual.cl\/bienestar\/wp-content\/uploads\/2021\/01\/Captura-de-Pantalla-2021-01-16-a-las-10.07.37.png\u00bb align=\u00bbcenter\u00bb _builder_version=\u00bb3.29.3&#8243; width=\u00bb94%\u00bb width_phone=\u00bb65%\u00bb width_last_edited=\u00bbon|phone\u00bb module_alignment=\u00bbcenter\u00bb custom_margin=\u00bb45px||45px||true|false\u00bb custom_margin_phone=\u00bb10px||60px||false|false\u00bb custom_margin_last_edited=\u00bbon|phone\u00bb _i=\u00bb0&#8243; _address=\u00bb0.1.2.0&#8243;][\/et_pb_image][\/et_pb_column][\/et_pb_row][\/et_pb_section][et_pb_section fb_built=\u00bb1&#8243; _builder_version=\u00bb3.29.3&#8243; custom_padding=\u00bb4px||0px|||\u00bb fb_built=\u00bb1&#8243; _i=\u00bb1&#8243; _address=\u00bb1&#8243;][et_pb_row _builder_version=\u00bb3.29.3&#8243; min_height=\u00bb102px\u00bb custom_margin_phone=\u00bb20px||||false|false\u00bb custom_margin_last_edited=\u00bbon|phone\u00bb custom_padding=\u00bb34px||10px|||\u00bb _i=\u00bb0&#8243; _address=\u00bb1.0&#8243;][et_pb_column type=\u00bb4_4&#8243; _builder_version=\u00bb3.29.3&#8243; _i=\u00bb0&#8243; _address=\u00bb1.0.0&#8243;][et_pb_image src=\u00bbhttps:\/\/conectamutual.cl\/bienestar\/wp-content\/uploads\/2019\/12\/LOGOS-CATEGORIAS-03.png\u00bb align=\u00bbcenter\u00bb disabled_on=\u00bboff|off|off\u00bb _builder_version=\u00bb3.29.3&#8243; width=\u00bb48%\u00bb width_phone=\u00bb95%\u00bb width_last_edited=\u00bbon|phone\u00bb _i=\u00bb0&#8243; _address=\u00bb1.0.0.0&#8243;][\/et_pb_image][\/et_pb_column][\/et_pb_row][\/et_pb_section][et_pb_section fb_built=\u00bb1&#8243; _builder_version=\u00bb3.29.3&#8243; custom_padding=\u00bb27px||1px|||\u00bb fb_built=\u00bb1&#8243; _i=\u00bb2&#8243; _address=\u00bb2&#8243;][et_pb_row _builder_version=\u00bb3.29.3&#8243; custom_padding=\u00bb3px||36px|||\u00bb _i=\u00bb0&#8243; _address=\u00bb2.0&#8243;][et_pb_column type=\u00bb4_4&#8243; _builder_version=\u00bb3.29.3&#8243; _i=\u00bb0&#8243; _address=\u00bb2.0.0&#8243;][et_pb_post_title comments=\u00bboff\u00bb featured_image=\u00bboff\u00bb _builder_version=\u00bb3.29.3&#8243; title_font=\u00bbMontserrat|700|||||||\u00bb title_text_align=\u00bbcenter\u00bb title_text_color=\u00bb#c4d600&#8243; title_font_size=\u00bb54px\u00bb title_line_height=\u00bb1.1em\u00bb meta_font=\u00bbMontserrat||||||||\u00bb meta_text_align=\u00bbcenter\u00bb meta_font_size=\u00bb12px\u00bb title_font_size_phone=\u00bb30px\u00bb title_font_size_last_edited=\u00bbon|phone\u00bb meta_font_size_phone=\u00bb10px\u00bb meta_font_size_last_edited=\u00bbon|phone\u00bb _i=\u00bb0&#8243; _address=\u00bb2.0.0.0&#8243;][\/et_pb_post_title][\/et_pb_column][\/et_pb_row][\/et_pb_section][et_pb_section fb_built=\u00bb1&#8243; fullwidth=\u00bbon\u00bb _builder_version=\u00bb3.29.3&#8243; fb_built=\u00bb1&#8243; _i=\u00bb3&#8243; _address=\u00bb3&#8243;][et_pb_fullwidth_image src=\u00bbhttps:\/\/conectamutual.cl\/bienestar\/wp-content\/uploads\/2021\/02\/pexels-polina-zimmerman-3747075.jpg\u00bb _builder_version=\u00bb3.29.3&#8243; custom_padding=\u00bb0px||0px|||\u00bb _i=\u00bb0&#8243; _address=\u00bb3.0&#8243;][\/et_pb_fullwidth_image][\/et_pb_section][et_pb_section fb_built=\u00bb1&#8243; _builder_version=\u00bb3.29.3&#8243; custom_padding=\u00bb||8px|||\u00bb fb_built=\u00bb1&#8243; _i=\u00bb4&#8243; _address=\u00bb4&#8243;][et_pb_row _builder_version=\u00bb3.29.3&#8243; custom_padding=\u00bb9px|||||\u00bb _i=\u00bb0&#8243; _address=\u00bb4.0&#8243;][et_pb_column type=\u00bb4_4&#8243; _builder_version=\u00bb3.29.3&#8243; custom_padding=\u00bb|110px||110px|false|false\u00bb custom_padding_phone=\u00bb|10px||10px|false|false\u00bb custom_padding_last_edited=\u00bbon|phone\u00bb _i=\u00bb0&#8243; _address=\u00bb4.0.0&#8243;][et_pb_text _builder_version=\u00bb3.29.3&#8243; text_font_size=\u00bb17px\u00bb text_line_height=\u00bb2.1em\u00bb header_2_text_color=\u00bb#c4d600&#8243; custom_margin_last_edited=\u00bbon|phone\u00bb custom_padding=\u00bb|0px||0px|false|false\u00bb text_font_size_phone=\u00bb16px\u00bb text_font_size_last_edited=\u00bbon|phone\u00bb text_line_height_phone=\u00bb1.9em\u00bb text_line_height_last_edited=\u00bbon|phone\u00bb header_2_font_size_phone=\u00bb23px\u00bb header_2_font_size_last_edited=\u00bbon|phone\u00bb _i=\u00bb0&#8243; _address=\u00bb4.0.0.0&#8243;]<\/p>\n<blockquote>\n<p><span style=\"font-weight: 400;\">Reuniones de amigos y familiares por Zoom, FaceTime, Skype y Google Meet; teletrabajo por Microsoft Teams y Slack; aulas digitales, conciertos online, eventos deportivos sin p\u00fablico, congresos a distancia e incluso viajes virtuales\u2026\u00a0<\/span><\/p>\n<\/blockquote>\n<p><span style=\"font-weight: 400;\">Es sorprendente la velocidad con la que <\/span><b>nuestras vidas se transformaron por completo para convertirse en una vida no presencial\u2026 una especie de \u201ctelepresencia\u201d o \u201c<\/b><b><i>televida\u201d<\/i><\/b><b>.<\/b><span style=\"font-weight: 400;\"> Hoy en d\u00eda, para cada tipo de socializaci\u00f3n que ten\u00edamos antes de la pandemia <\/span><b>existe una nueva versi\u00f3n en pantalla<\/b><span style=\"font-weight: 400;\"> \u2013 desde los \u00edntimos y privados hasta los m\u00e1s multitudinarios.\u00a0<\/span><\/p>\n<p><span style=\"font-weight: 400;\">Pero a medida que las vacunaciones avanzan, no podemos evitar so\u00f1ar con un futuro que recupere lo presencial. Una vez que el virus desaparezca, <\/span><b><i>\u00bfqu\u00e9 ocurrir\u00e1 con la \u201cvida no presencial\u201d que construimos durante el \u00faltimo a\u00f1o? <\/i><\/b><i><span style=\"font-weight: 400;\">\u00bfNos olvidaremos de las videoconferencias para siempre o se mantendr\u00e1n las tecnolog\u00edas a la distancia?<\/span><\/i><b><i> \u00bfQu\u00e9 aspectos de nuestra vida digital perdurar\u00e1n?<\/i><\/b><\/p>\n<h2><b>LOS BENEFICIOS DEL TELETRABAJO<\/b><\/h2>\n<p><span style=\"font-weight: 400;\">Si bien es claro que la virtualidad est\u00e1 presente en cada aspecto de nuestras vidas, <\/span><b>el trabajo y la educaci\u00f3n fueron los que experimentaron la transici\u00f3n m\u00e1s brusca y urgente<\/b><span style=\"font-weight: 400;\">. Para poner las cosas en perspectiva, considera las estad\u00edsticas de Espa\u00f1a: un <\/span><a href=\"https:\/\/www.eae.es\/en\/news\/eae-news\/due-covid-19-number-companies-staff-working-home-has-risen-88-compared-4-health-crisis\"><span style=\"font-weight: 400;\">informe<\/span><\/a><span style=\"font-weight: 400;\"> estim\u00f3 que el n\u00famero de empresas con personal trabajando desde casa <\/span><b>pas\u00f3 de un 4% a un 88% tras el COVID-19.\u00a0<\/b><\/p>\n<p><b><\/b><\/p>\n<p><span style=\"font-size: 17px; font-style: inherit; font-variant-ligatures: inherit; font-variant-caps: inherit;\">Y aunque existan personas ansiosas por volver a la oficina, los expertos aseguran que el teletrabajo no se ir\u00e1 a ninguna parte \u2013 <\/span><b style=\"font-size: 17px; font-style: inherit; font-variant-ligatures: inherit; font-variant-caps: inherit;\">mucho menos para aquellos que ya probaron sus beneficios<\/b><span style=\"font-size: 17px; font-style: inherit; font-variant-ligatures: inherit; font-variant-caps: inherit;\">. La expansi\u00f3n del trabajo remoto est\u00e1 impulsando un fen\u00f3meno llamado <\/span><b style=\"font-size: 17px; font-style: inherit; font-variant-ligatures: inherit; font-variant-caps: inherit;\">\u201cnomadismo digital\u201d,<\/b><span style=\"font-size: 17px; font-style: inherit; font-variant-ligatures: inherit; font-variant-caps: inherit;\"> en el que <\/span><b style=\"font-size: 17px; font-style: inherit; font-variant-ligatures: inherit; font-variant-caps: inherit;\">personas j\u00f3venes y sin familias a su cargo se dedican a viajar por el mundo mientras teletrabajan<\/b><span style=\"font-size: 17px; font-style: inherit; font-variant-ligatures: inherit; font-variant-caps: inherit;\">.\u00a0<\/span><\/p>\n<p><a href=\"https:\/\/news.un.org\/en\/story\/2020\/05\/1064802\"><span style=\"font-weight: 400;\">Seg\u00fan Susan Hayter<\/span><\/a><span style=\"font-weight: 400;\">, asesora t\u00e9cnica de la Organizaci\u00f3n Internacional del Trabajo de Naciones Unidas, \u201clos empleados ya no necesitar\u00e1n desplazarse para trabajar, a menos que elijan hacerlo\u201d. Seg\u00fan ella, es motivo de <\/span><b>celebraci\u00f3n tanto para la gente como para el planeta<\/b><span style=\"font-weight: 400;\">, ya que reducir los desplazamientos redundar\u00e1 en una mayor sostenibilidad ambiental.\u00a0<\/span><\/p>\n<h2><b>\u2026 PERO TAMBI\u00c9N SUS DESAF\u00cdOS<\/b><\/h2>\n<p><span style=\"font-weight: 400;\">Sin embargo, Hayter advierte que incluso <\/span><b>en los pa\u00edses desarrollados a\u00fan es s\u00f3lo un 27% de los empleados quienes pueden teletrabajar<\/b><span style=\"font-weight: 400;\">, lo cual, a su vez, plantea retos como\u00a0<\/span><a href=\"https:\/\/theconversation.com\/how-the-pandemic-will-shape-the-workplace-trends-of-2021-152277\"><span style=\"font-weight: 400;\">el derecho a la desconexi\u00f3n para separar trabajo y descanso<\/span><\/a><span style=\"font-weight: 400;\">\u00a0o <\/span><b>la mejora de las condiciones de sanidad y seguridad en los centros de trabajo<\/b><span style=\"font-weight: 400;\"> para quienes no puedan ejercer esta modalidad, o simplemente prefieran combinarla con la cl\u00e1sica:\u00a0<\/span><a href=\"https:\/\/slack.com\/intl\/en-gb\/blog\/collaboration\/workplace-transformation-in-the-wake-of-covid-19\"><span style=\"font-weight: 400;\">seg\u00fan una encuesta de la plataforma de comunicaci\u00f3n de negocios Slack<\/span><\/a><span style=\"font-weight: 400;\">, el 72% de los profesionales consultados opta por un <\/span><a href=\"https:\/\/conectamutual.cl\/bienestar\/empresas-que-cambian\/la-evolucion-del-trabajo-hibrido-4-principios-para-asegurar-que-sea-productivo\/\"><span style=\"font-weight: 400;\">modelo h\u00edbrido<\/span><\/a><span style=\"font-weight: 400;\">.\u00a0<\/span><\/p>\n<p><span style=\"font-weight: 400;\">A pesar del desaf\u00edo que supone, <\/span><b>el teletrabajo post-COVID ya se ha implantado en nuestro estilo de vida.<\/b><span style=\"font-weight: 400;\"> La Organizaci\u00f3n para la Cooperaci\u00f3n y el Desarrollo Econ\u00f3mico (OCDE)\u00a0<\/span><a href=\"https:\/\/www.oecd.org\/coronavirus\/policy-responses\/productivity-gains-from-teleworking-in-the-post-covid-19-era-a5d52e99\/\"><span style=\"font-weight: 400;\">ha solicitado a los gobiernos<\/span><\/a><span style=\"font-weight: 400;\">\u00a0un <\/span><b>fomento de la inversi\u00f3n \u201cpara maximizar la ganancia en productividad y bienestar inherente a la mayor extensi\u00f3n del teletrabajo\u201d,<\/b><span style=\"font-weight: 400;\"> mientras que otras grandes compa\u00f1\u00edas como\u00a0<\/span><a href=\"https:\/\/www.mckinsey.com\/business-functions\/organization\/our-insights\/reimagining-the-office-and-work-life-after-covid-19\"><span style=\"font-weight: 400;\">McKinsey<\/span><\/a><span style=\"font-weight: 400;\">,\u00a0<\/span><a href=\"https:\/\/www2.deloitte.com\/content\/dam\/Deloitte\/de\/Documents\/human-capital\/Remote-Collaboration-COVID-19.pdf\"><span style=\"font-weight: 400;\">Deloitte<\/span><\/a><span style=\"font-weight: 400;\">\u00a0o\u00a0<\/span><a href=\"https:\/\/www.pwc.com\/mt\/en\/publications\/the-covid19-remote-working-experiment-final4.pdf\"><span style=\"font-weight: 400;\">PwC<\/span><\/a><span style=\"font-weight: 400;\">\u00a0ya est\u00e1n trabajando para garantizar la productividad y la ciberseguridad de su organizaci\u00f3n.\u00a0<\/span><\/p>\n<h2><b>CIBERSEGURIDAD<\/b><\/h2>\n<p>Un aspecto de la televida que muchas personas ignoran es la <b>ciberseguridad, aunque deber\u00eda ser una de las principales preocupaciones de las empresas \u2013 y de los usuarios privados como t\u00fa.\u00a0<\/b><\/p>\n<p><span style=\"font-weight: 400;\">Al comienzo de la pandemia la herramienta de videochat Zoom se alz\u00f3 como la opci\u00f3n mayoritaria para los encuentros virtuales en todo el mundo: pas\u00f3 de contar con 10 millones de usuarios diarios en diciembre de 2019\u00a0<\/span><a href=\"https:\/\/www.theverge.com\/2020\/4\/23\/21232401\/zoom-300-million-users-growth-coronavirus-pandemic-security-privacy-concerns-response\"><span style=\"font-weight: 400;\">a superar los 300 millones en abril de 2020<\/span><\/a><span style=\"font-weight: 400;\">. Este explosivo crecimiento dio pie a la aparici\u00f3n de\u00a0<\/span><a href=\"https:\/\/www.fbi.gov\/contact-us\/field-offices\/boston\/news\/press-releases\/fbi-warns-of-teleconferencing-and-online-classroom-hijacking-during-covid-19-pandemic\"><span style=\"font-weight: 400;\">fallos de seguridad<\/span><\/a><span style=\"font-weight: 400;\">\u00a0y\u00a0<\/span><a href=\"https:\/\/www.bleepingcomputer.com\/news\/security\/over-500-000-zoom-accounts-sold-on-hacker-forums-the-dark-web\/\"><span style=\"font-weight: 400;\">casos de robo de datos<\/span><\/a><span style=\"font-weight: 400;\">\u00a0-a los que la compa\u00f1\u00eda reaccion\u00f3 con ciertas actualizaciones- pero que tambi\u00e9n <\/span><b>obligaron a los usuarios a adaptarse r\u00e1pidamente para\u00a0<\/b><a href=\"https:\/\/theconversation.com\/zoombombers-want-to-troll-your-online-meetings-heres-how-to-stop-them-135311\"><b>extremar las precauciones en sus encuentros\u00a0<\/b><b><i>online<\/i><\/b><\/a><b>.\u00a0<\/b><\/p>\n<p><span style=\"font-weight: 400;\">Por supuesto, el eventual fin de la pandemia nos devolver\u00e1 al cara a cara con amigos y familiares, pero <\/span><b>las herramientas de videollamadas tambi\u00e9n aumentar\u00e1n nuestro contacto con aquellos que se encuentren lejos.<\/b><\/p>\n<h2><b>ATENCI\u00d3N M\u00c9DICA VIRTUAL<\/b><\/h2>\n<p>Si bien antes era una pr\u00e1ctica muy limitada y poco conocida, <b>la asistencia m\u00e9dica es otro \u00e1mbito que se ha expandido a nuevas versiones virtuales a causa de la pandemia<\/b>: las videoconsultas del servicio m\u00e9dico de la West Virginia University (WVU) en Estados Unidos \u00a0<a href=\"https:\/\/medicine.hsc.wvu.edu\/News\/Story?headline=wvu-medicine-to-waive-telehealth-co-pays-through-may-31\"><b>aumentaron un 8.000%<\/b><\/a>\u00a0de enero a abril de 2020. La teleasistencia sanitaria hoy incluye opciones como la <b>videoconsulta, la monitorizaci\u00f3n remota de los pacientes mediante dispositivos y las herramientas de comunicaci\u00f3n y gesti\u00f3n de datos<\/b>, tanto para el paciente como para el profesional.<\/p>\n<p><span style=\"font-weight: 400;\">Es probable que el miedo al coronavirus haya empujado a muchos usuarios a buscar la ayuda m\u00e9dica remota, pero es muy probable que siga siendo una tendencia, sobre todo a medida que\u00a0<\/span><a href=\"https:\/\/hitconsultant.net\/2020\/06\/29\/augmented-reality-and-virtual-reality-companies-to-watch\/\"><span style=\"font-weight: 400;\">aumenta la implantaci\u00f3n de Realidad Aumentada (RA) y la Realidad Virtual (RV)<\/span><\/a><span style=\"font-weight: 400;\">.\u00a0<\/span><a href=\"https:\/\/theconversation.com\/is-telehealth-as-good-as-in-person-care-a-telehealth-researcher-explains-how-to-get-the-most-out-of-remote-health-care-142230\"><span style=\"font-weight: 400;\">Seg\u00fan la profesora de la WVU, Jennifer Mallow<\/span><\/a><span style=\"font-weight: 400;\">, experta en teleasistencia, \u201cno toda la atenci\u00f3n sanitaria puede hacerse a distancia, pero s\u00ed una gran parte de ella, y <\/span><b>la investigaci\u00f3n muestra que en muchos casos es tan buena como la asistencia en persona\u201d.<\/b><\/p>\n<h2><b>NUEVAS EXPLORACIONES CULTURALES<\/b><\/h2>\n<p>La cultura y el espect\u00e1culo tambi\u00e9n han explotado las posibilidades de las plataformas virtuales. En lugar de restringirse s\u00f3lo a\u00a0<a href=\"https:\/\/onefurther.com\/blog\/visualised-3-national-theatre-at-home\">la emisi\u00f3n de eventos grabados<\/a>\u00a0o de\u00a0<i>streaming<\/i>\u00a0en vivo -opci\u00f3n elegida para numerosos\u00a0<a href=\"https:\/\/theconversation.com\/virtual-reality-has-been-boosted-by-coronavirus-heres-how-to-avoid-it-leading-us-to-dystopia-141073\">conciertos o presentaciones de trabajos musicales<\/a>&#8211; tambi\u00e9n se han montado\u00a0<a href=\"https:\/\/www.theguardian.com\/stage\/2020\/apr\/12\/the-tempest-review-interactive-online-zoom\">producciones interactivas\u00a0<i>online<\/i>\u00a0con participaci\u00f3n de la audiencia<\/a>, inventando\u00a0<a href=\"https:\/\/outsidethemarch.ca\/the-experiences\/the-ministry-of-mundane-mysteries\/\">nuevas experiencias inmersivas y personalizadas<\/a>\u00a0que s\u00f3lo son posibles por medio de la tecnolog\u00eda.<\/p>\n<p><span style=\"font-weight: 400;\">Aunque algunos expertos consideran que el teatro digital\u00a0<\/span><a href=\"https:\/\/www.nytimes.com\/2020\/07\/08\/theater\/live-theater-absence.html\"><span style=\"font-weight: 400;\">es apenas un antojo temporal<\/span><\/a><span style=\"font-weight: 400;\">, algo as\u00ed como \u201cun mal suced\u00e1neo\u201d que desaparecer\u00e1 despu\u00e9s de la pandemia, otros, en cambio, <\/span><b>vaticinan que estas nuevas exploraciones \u201cnacidas de la necesidad\u201d son una oportunidad de repensar el teatro\u201d<\/b><span style=\"font-weight: 400;\"> y \u201cdeber\u00edan conformar su futuro\u201d, seg\u00fan lo que escrib\u00eda Kelsey Jacobson, profesora de arte dram\u00e1tico de la Queen\u2019s University de Ontario, Canad\u00e1, en su art\u00edculo en <\/span><a href=\"https:\/\/theconversation.com\/theatre-companies-are-pushing-storytelling-boundaries-with-online-audiences-amid-covid-19-141583\"><span style=\"font-weight: 400;\">The Conversation<\/span><\/a><span style=\"font-weight: 400;\">. \u00a0<\/span><\/p>\n<p><b style=\"font-size: 17px; font-style: inherit; font-variant-ligatures: inherit; font-variant-caps: inherit;\">La normalidad que experimentemos despu\u00e9s de la pandemia probablemente sea diferente a la que conoc\u00edamos antes.<\/b><span style=\"font-size: 17px; font-style: inherit; font-variant-ligatures: inherit; font-variant-caps: inherit;\"> Volveremos a sentarnos cara a cara, pero quiz\u00e1 losviajes de negocios, las reuniones presenciales de trabajo, las visitas al banco o incluso los apretones de manos \u201cser\u00e1n cosa del pasado\u201d, reflexiona <\/span><a href=\"https:\/\/kiranshaw.blog\/2020\/04\/18\/covid-19-will-reboot-the-world-into-virtual-reality\/\" style=\"font-size: 17px; font-style: inherit; font-variant-ligatures: inherit; font-variant-caps: inherit;\">la bi\u00f3loga y empresaria india Kiran Mazumdar-Shaw<\/a><span style=\"font-size: 17px; font-style: inherit; font-variant-ligatures: inherit; font-variant-caps: inherit;\">. \u201cEl COVID-19 reiniciar\u00e1 el mundo hacia una realidad virtual\u201d, dice, pero <\/span><b style=\"font-size: 17px; font-style: inherit; font-variant-ligatures: inherit; font-variant-caps: inherit;\">depende de nosotros evitar un futuro dist\u00f3pico<\/b><span style=\"font-size: 17px; font-style: inherit; font-variant-ligatures: inherit; font-variant-caps: inherit;\">: \u201cAl final, <\/span><b style=\"font-size: 17px; font-style: inherit; font-variant-ligatures: inherit; font-variant-caps: inherit;\">la gran lecci\u00f3n que el virus puede ense\u00f1arle a la humanidad es que todos estamos en esto juntos, que lo que afecta a una sola persona en cualquier lugar nos afecta a todos en todas partes,<\/b><span style=\"font-size: 17px; font-style: inherit; font-variant-ligatures: inherit; font-variant-caps: inherit;\"> que como\u00a0<\/span><i style=\"font-size: 17px; font-variant-ligatures: inherit; font-variant-caps: inherit;\">Homo sapiens<\/i><span style=\"font-size: 17px; font-style: inherit; font-variant-ligatures: inherit; font-variant-caps: inherit;\">\u00a0necesitamos pensar y actuar unidos\u201d.\u00a0<\/span><\/p>\n<p>&nbsp;<\/p>\n<p>[\/et_pb_text][\/et_pb_column][\/et_pb_row][et_pb_row _builder_version=\u00bb3.29.3&#8243; background_color=\u00bbrgba(0,0,0,0)\u00bb _i=\u00bb1&#8243; _address=\u00bb4.1&#8243;][et_pb_column type=\u00bb4_4&#8243; _builder_version=\u00bb3.29.3&#8243; transform_scale_linked=\u00bboff\u00bb transform_translate=\u00bb-4px|10px\u00bb transform_translate_linked=\u00bboff\u00bb custom_padding=\u00bb5px|0px|5px|0px|false|true\u00bb animation_style=\u00bbzoom\u00bb animation_duration=\u00bb500ms\u00bb border_radii=\u00bboff||||\u00bb border_color_all=\u00bb#cde002&#8243; border_width_top=\u00bb1px\u00bb border_color_top=\u00bb#e09900&#8243; border_style_top=\u00bbdotted\u00bb border_width_bottom=\u00bb1px\u00bb border_color_bottom=\u00bb#e09900&#8243; border_style_bottom=\u00bbdotted\u00bb _i=\u00bb0&#8243; _address=\u00bb4.1.0&#8243;][et_pb_code admin_label=\u00bbRating Art\u00edculo\u00bb _builder_version=\u00bb3.29.3&#8243; transform_scale=\u00bb110%|110%\u00bb transform_translate=\u00bb424px|5px\u00bb transform_translate_linked=\u00bboff\u00bb hover_enabled=\u00bb0&#8243; _i=\u00bb0&#8243; _address=\u00bb4.1.0.0&#8243;]<a class=\"typeform-share button\" href=\"https:\/\/singularmktg.typeform.com\/to\/COMq1XCs#art=333\" data-mode=\"drawer_right\" style=\"display:inline-block;text-decoration:none;background-color:#CDE002;color:white;cursor:pointer;font-family:Helvetica,Arial,sans-serif;font-size:20px;line-height:50px;text-align:center;margin:0;height:50px;padding:0px 33px;border-radius:12px;max-width:100%;white-space:nowrap;overflow:hidden;text-overflow:ellipsis;font-weight:bold;-webkit-font-smoothing:antialiased;-moz-osx-font-smoothing:grayscale;\" data-hide-headers=\"true\" data-hide-footer=\"true\" data-submit-close-delay=\"2\" target=\"_blank\" rel=\"noopener noreferrer\">Eval\u00faa este art\u00edculo <\/a> <script> (function() { var qs,js,q,s,d=document, gi=d.getElementById, ce=d.createElement, gt=d.getElementsByTagName, id=\"typef_orm_share\", b=\"https:\/\/embed.typeform.com\/\"; if(!gi.call(d,id)){ js=ce.call(d,\"script\"); js.id=id; js.src=b+\"embed.js\"; q=gt.call(d,\"script\")[0]; q.parentNode.insertBefore(js,q) } })() <\/script>[\/et_pb_code][\/et_pb_column][\/et_pb_row][et_pb_row _builder_version=\u00bb3.29.3&#8243; _i=\u00bb2&#8243; _address=\u00bb4.2&#8243;][et_pb_column type=\u00bb4_4&#8243; _builder_version=\u00bb3.29.3&#8243; custom_padding_phone=\u00bb40px||||false|false\u00bb custom_padding_last_edited=\u00bbon|phone\u00bb _i=\u00bb0&#8243; _address=\u00bb4.2.0&#8243;][et_pb_posts_carousel_agsdcm category_id=\u00bb37&#8243; max_title_characters=\u00bb150&#8243; heading_style=\u00bbcustom\u00bb heading_primary=\u00bb\u00daltimos Art\u00edculos\u00bb heading_sub=\u00bbNuevas Miradas\u00bb posts_filter_any=\u00bbon\u00bb _builder_version=\u00bb3.29.3&#8243; header_font=\u00bbMontserrat||||||||\u00bb header_text_color=\u00bb#757575&#8243; header_font_size=\u00bb19px\u00bb subheader_text_color=\u00bb#828282&#8243; title_font=\u00bbMontserrat|700|||||||\u00bb title_text_color=\u00bb#acc601&#8243; border_color_all=\u00bb#cde002&#8243; _i=\u00bb0&#8243; _address=\u00bb4.2.0.0&#8243;][\/et_pb_posts_carousel_agsdcm][\/et_pb_column][\/et_pb_row][\/et_pb_section]<\/p>\n","protected":false},"excerpt":{"rendered":"<p>Reuniones de amigos y familiares por Zoom, FaceTime, Skype y Google Meet; teletrabajo por Microsoft Teams y Slack; aulas digitales, conciertos online, eventos deportivos sin p\u00fablico, congresos a distancia e incluso viajes virtuales\u2026\u00a0 Es sorprendente la velocidad con la que nuestras vidas se transformaron por completo para convertirse en una vida no presencial\u2026 una especie [&hellip;]<\/p>\n","protected":false},"author":2,"featured_media":5560,"comment_status":"closed","ping_status":"closed","sticky":false,"template":"","format":"standard","meta":{"_et_pb_use_builder":"on","_et_pb_old_content":"","_et_gb_content_width":"","footnotes":""},"categories":[37],"tags":[],"class_list":["post-5556","post","type-post","status-publish","format-standard","has-post-thumbnail","hentry","category-nuevas-miradas","et-has-post-format-content","et_post_format-et-post-format-standard"],"_links":{"self":[{"href":"https:\/\/conectamutual.cl\/bienestar\/wp-json\/wp\/v2\/posts\/5556","targetHints":{"allow":["GET"]}}],"collection":[{"href":"https:\/\/conectamutual.cl\/bienestar\/wp-json\/wp\/v2\/posts"}],"about":[{"href":"https:\/\/conectamutual.cl\/bienestar\/wp-json\/wp\/v2\/types\/post"}],"author":[{"embeddable":true,"href":"https:\/\/conectamutual.cl\/bienestar\/wp-json\/wp\/v2\/users\/2"}],"replies":[{"embeddable":true,"href":"https:\/\/conectamutual.cl\/bienestar\/wp-json\/wp\/v2\/comments?post=5556"}],"version-history":[{"count":5,"href":"https:\/\/conectamutual.cl\/bienestar\/wp-json\/wp\/v2\/posts\/5556\/revisions"}],"predecessor-version":[{"id":5563,"href":"https:\/\/conectamutual.cl\/bienestar\/wp-json\/wp\/v2\/posts\/5556\/revisions\/5563"}],"wp:featuredmedia":[{"embeddable":true,"href":"https:\/\/conectamutual.cl\/bienestar\/wp-json\/wp\/v2\/media\/5560"}],"wp:attachment":[{"href":"https:\/\/conectamutual.cl\/bienestar\/wp-json\/wp\/v2\/media?parent=5556"}],"wp:term":[{"taxonomy":"category","embeddable":true,"href":"https:\/\/conectamutual.cl\/bienestar\/wp-json\/wp\/v2\/categories?post=5556"},{"taxonomy":"post_tag","embeddable":true,"href":"https:\/\/conectamutual.cl\/bienestar\/wp-json\/wp\/v2\/tags?post=5556"}],"curies":[{"name":"wp","href":"https:\/\/api.w.org\/{rel}","templated":true}]}}