{"id":5731,"date":"2021-03-22T13:11:51","date_gmt":"2021-03-22T16:11:51","guid":{"rendered":"https:\/\/conectamutual.cl\/bienestar\/?p=5731"},"modified":"2021-03-22T13:14:24","modified_gmt":"2021-03-22T16:14:24","slug":"el-presentismo-ahora-es-online-pero-estar-siempre-conectados-al-trabajo-no-genera-mas-compromiso-ni-mas-productividad","status":"publish","type":"post","link":"https:\/\/conectamutual.cl\/bienestar\/nuevas-miradas\/el-presentismo-ahora-es-online-pero-estar-siempre-conectados-al-trabajo-no-genera-mas-compromiso-ni-mas-productividad\/","title":{"rendered":"El \u201cPresentismo\u201d ahora es online. Pero estar siempre conectados al trabajo no genera m\u00e1s compromiso ni m\u00e1s productividad."},"content":{"rendered":"<p>[et_pb_section fb_built=\u00bb1&#8243; _builder_version=\u00bb3.29.3&#8243; custom_margin=\u00bb||-50px||false|false\u00bb custom_margin_phone=\u00bb||0px||false|false\u00bb custom_margin_last_edited=\u00bbon|phone\u00bb custom_padding=\u00bb11px||0px||false|false\u00bb fb_built=\u00bb1&#8243; _i=\u00bb0&#8243; _address=\u00bb0&#8243;][et_pb_row column_structure=\u00bb1_3,1_3,1_3&#8243; disabled_on=\u00bbon|on|off\u00bb _builder_version=\u00bb3.29.3&#8243; min_height=\u00bb269px\u00bb custom_margin=\u00bb-15px|auto|-190px|auto|false|false\u00bb custom_margin_last_edited=\u00bbon|phone\u00bb custom_padding=\u00bb||0px||false|false\u00bb _i=\u00bb0&#8243; _address=\u00bb0.0&#8243;][et_pb_column type=\u00bb1_3&#8243; _builder_version=\u00bb3.29.3&#8243; _i=\u00bb0&#8243; _address=\u00bb0.0.0&#8243;][\/et_pb_column][et_pb_column type=\u00bb1_3&#8243; _builder_version=\u00bb3.29.3&#8243; _i=\u00bb1&#8243; _address=\u00bb0.0.1&#8243;][et_pb_image src=\u00bbhttps:\/\/conectamutual.cl\/bienestar\/wp-content\/uploads\/2019\/10\/Logo-Espacio-Mutuo-02.png\u00bb align=\u00bbcenter\u00bb _builder_version=\u00bb3.29.3&#8243; width=\u00bb83%\u00bb width_phone=\u00bb22%\u00bb width_last_edited=\u00bbon|phone\u00bb custom_margin=\u00bb15px||||false|false\u00bb _i=\u00bb0&#8243; _address=\u00bb0.0.1.0&#8243;][\/et_pb_image][\/et_pb_column][et_pb_column type=\u00bb1_3&#8243; _builder_version=\u00bb3.29.3&#8243; _i=\u00bb2&#8243; _address=\u00bb0.0.2&#8243;][et_pb_image src=\u00bbhttps:\/\/conectamutual.cl\/bienestar\/wp-content\/uploads\/2021\/01\/Captura-de-Pantalla-2021-01-16-a-las-10.07.37.png\u00bb align=\u00bbright\u00bb _builder_version=\u00bb3.29.3&#8243; width=\u00bb72%\u00bb width_phone=\u00bb41%\u00bb width_last_edited=\u00bbon|phone\u00bb custom_margin=\u00bb45px||45px||true|false\u00bb custom_margin_phone=\u00bb10px||60px||false|false\u00bb custom_margin_last_edited=\u00bbon|phone\u00bb _i=\u00bb0&#8243; _address=\u00bb0.0.2.0&#8243;][\/et_pb_image][\/et_pb_column][\/et_pb_row][et_pb_row column_structure=\u00bb1_3,1_3,1_3&#8243; disabled_on=\u00bboff|off|on\u00bb _builder_version=\u00bb3.29.3&#8243; min_height=\u00bb269px\u00bb custom_margin=\u00bb-15px|auto|-20px|auto|false|false\u00bb custom_margin_last_edited=\u00bbon|phone\u00bb custom_padding=\u00bb||||false|false\u00bb _i=\u00bb1&#8243; _address=\u00bb0.1&#8243;][et_pb_column type=\u00bb1_3&#8243; _builder_version=\u00bb3.29.3&#8243; _i=\u00bb0&#8243; _address=\u00bb0.1.0&#8243;][\/et_pb_column][et_pb_column type=\u00bb1_3&#8243; _builder_version=\u00bb3.29.3&#8243; _i=\u00bb1&#8243; _address=\u00bb0.1.1&#8243;][et_pb_image src=\u00bbhttps:\/\/conectamutual.cl\/bienestar\/wp-content\/uploads\/2019\/10\/Logo-Espacio-Mutuo-01.png\u00bb align=\u00bbcenter\u00bb force_fullwidth=\u00bbon\u00bb _builder_version=\u00bb3.29.3&#8243; min_height=\u00bb170px\u00bb min_height_phone=\u00bb187px\u00bb min_height_last_edited=\u00bbon|phone\u00bb height=\u00bb100px\u00bb max_height=\u00bb1000px\u00bb custom_margin=\u00bb-14px||8px|||\u00bb _i=\u00bb0&#8243; _address=\u00bb0.1.1.0&#8243;][\/et_pb_image][\/et_pb_column][et_pb_column type=\u00bb1_3&#8243; _builder_version=\u00bb3.29.3&#8243; _i=\u00bb2&#8243; _address=\u00bb0.1.2&#8243;][et_pb_image src=\u00bbhttps:\/\/conectamutual.cl\/bienestar\/wp-content\/uploads\/2021\/01\/Captura-de-Pantalla-2021-01-16-a-las-10.07.37.png\u00bb align=\u00bbcenter\u00bb _builder_version=\u00bb3.29.3&#8243; width=\u00bb94%\u00bb width_phone=\u00bb65%\u00bb width_last_edited=\u00bbon|phone\u00bb module_alignment=\u00bbcenter\u00bb custom_margin=\u00bb45px||45px||true|false\u00bb custom_margin_phone=\u00bb10px||60px||false|false\u00bb custom_margin_last_edited=\u00bbon|phone\u00bb _i=\u00bb0&#8243; _address=\u00bb0.1.2.0&#8243;][\/et_pb_image][\/et_pb_column][\/et_pb_row][\/et_pb_section][et_pb_section fb_built=\u00bb1&#8243; _builder_version=\u00bb3.29.3&#8243; custom_padding=\u00bb4px||0px|||\u00bb fb_built=\u00bb1&#8243; _i=\u00bb1&#8243; _address=\u00bb1&#8243;][et_pb_row _builder_version=\u00bb3.29.3&#8243; min_height=\u00bb102px\u00bb custom_margin_phone=\u00bb20px||||false|false\u00bb custom_margin_last_edited=\u00bbon|phone\u00bb custom_padding=\u00bb34px||10px|||\u00bb _i=\u00bb0&#8243; _address=\u00bb1.0&#8243;][et_pb_column type=\u00bb4_4&#8243; _builder_version=\u00bb3.29.3&#8243; _i=\u00bb0&#8243; _address=\u00bb1.0.0&#8243;][et_pb_image src=\u00bbhttps:\/\/conectamutual.cl\/bienestar\/wp-content\/uploads\/2019\/12\/LOGOS-CATEGORIAS-03.png\u00bb align=\u00bbcenter\u00bb disabled_on=\u00bboff|off|off\u00bb _builder_version=\u00bb3.29.3&#8243; width=\u00bb48%\u00bb width_phone=\u00bb95%\u00bb width_last_edited=\u00bbon|phone\u00bb _i=\u00bb0&#8243; _address=\u00bb1.0.0.0&#8243;][\/et_pb_image][\/et_pb_column][\/et_pb_row][\/et_pb_section][et_pb_section fb_built=\u00bb1&#8243; _builder_version=\u00bb3.29.3&#8243; custom_padding=\u00bb27px||1px|||\u00bb fb_built=\u00bb1&#8243; _i=\u00bb2&#8243; _address=\u00bb2&#8243;][et_pb_row _builder_version=\u00bb3.29.3&#8243; custom_padding=\u00bb3px||36px|||\u00bb _i=\u00bb0&#8243; _address=\u00bb2.0&#8243;][et_pb_column type=\u00bb4_4&#8243; _builder_version=\u00bb3.29.3&#8243; _i=\u00bb0&#8243; _address=\u00bb2.0.0&#8243;][et_pb_post_title comments=\u00bboff\u00bb featured_image=\u00bboff\u00bb _builder_version=\u00bb3.29.3&#8243; title_font=\u00bbMontserrat|700|||||||\u00bb title_text_align=\u00bbcenter\u00bb title_text_color=\u00bb#c4d600&#8243; title_font_size=\u00bb54px\u00bb title_line_height=\u00bb1.1em\u00bb meta_font=\u00bbMontserrat||||||||\u00bb meta_text_align=\u00bbcenter\u00bb meta_font_size=\u00bb12px\u00bb title_font_size_phone=\u00bb30px\u00bb title_font_size_last_edited=\u00bbon|phone\u00bb meta_font_size_phone=\u00bb10px\u00bb meta_font_size_last_edited=\u00bbon|phone\u00bb _i=\u00bb0&#8243; _address=\u00bb2.0.0.0&#8243;][\/et_pb_post_title][\/et_pb_column][\/et_pb_row][\/et_pb_section][et_pb_section fb_built=\u00bb1&#8243; fullwidth=\u00bbon\u00bb _builder_version=\u00bb3.29.3&#8243; fb_built=\u00bb1&#8243; _i=\u00bb3&#8243; _address=\u00bb3&#8243;][et_pb_fullwidth_image src=\u00bbhttps:\/\/conectamutual.cl\/bienestar\/wp-content\/uploads\/2021\/03\/pexels-vlada-karpovich-4050299.jpg\u00bb _builder_version=\u00bb3.29.3&#8243; custom_padding=\u00bb0px||0px|||\u00bb hover_enabled=\u00bb0&#8243; _i=\u00bb0&#8243; _address=\u00bb3.0&#8243;][\/et_pb_fullwidth_image][\/et_pb_section][et_pb_section fb_built=\u00bb1&#8243; _builder_version=\u00bb3.29.3&#8243; custom_padding=\u00bb||8px|||\u00bb fb_built=\u00bb1&#8243; _i=\u00bb4&#8243; _address=\u00bb4&#8243;][et_pb_row _builder_version=\u00bb3.29.3&#8243; custom_padding=\u00bb9px|||||\u00bb _i=\u00bb0&#8243; _address=\u00bb4.0&#8243;][et_pb_column type=\u00bb4_4&#8243; _builder_version=\u00bb3.29.3&#8243; custom_padding=\u00bb|110px||110px|false|false\u00bb custom_padding_phone=\u00bb|10px||10px|false|false\u00bb custom_padding_last_edited=\u00bbon|phone\u00bb _i=\u00bb0&#8243; _address=\u00bb4.0.0&#8243;][et_pb_text _builder_version=\u00bb3.29.3&#8243; text_font_size=\u00bb17px\u00bb text_line_height=\u00bb2.1em\u00bb header_2_text_color=\u00bb#c4d600&#8243; custom_margin_last_edited=\u00bbon|phone\u00bb custom_padding=\u00bb|0px||0px|false|false\u00bb hover_enabled=\u00bb0&#8243; text_font_size_phone=\u00bb16px\u00bb text_font_size_last_edited=\u00bbon|phone\u00bb text_line_height_phone=\u00bb1.9em\u00bb text_line_height_last_edited=\u00bbon|phone\u00bb header_2_font_size_phone=\u00bb23px\u00bb header_2_font_size_last_edited=\u00bbon|phone\u00bb _i=\u00bb0&#8243; _address=\u00bb4.0.0.0&#8243;]<\/p>\n<blockquote>\n<p><span style=\"font-weight: 400;\">Tiempo atr\u00e1s -mucho antes de la pandemia- sol\u00eda existir un chiste popular sobre dejar la chaqueta colgada en la silla de la oficina para enga\u00f1ar al jefe, haci\u00e9ndole creer que segu\u00edas <\/span><b><i>\u201cpresente\u201d<\/i><\/b><span style=\"font-weight: 400;\"> en el edificio trabajando. Ya sea que lo encuentres gracioso o no, lo cierto es que algo de verdad ten\u00eda el chiste \u2013 y <\/span><b>la obsesi\u00f3n por el \u201cpresentismo\u201d es un tema serio, incluso el d\u00eda de hoy.\u00a0\u00a0<\/b><\/p>\n<\/blockquote>\n<p><span style=\"font-weight: 400;\">Cuando el coronavirus a\u00fan no hac\u00eda su gran aparici\u00f3n y todo el mundo trabajaba desde la oficina, <\/span><b>muchas personas sent\u00edan la necesidad de \u201cser visibles\u201d<\/b><span style=\"font-weight: 400;\"> \u2013 una agotadora <\/span><b>presi\u00f3n por concurrir al lugar de trabajo para aparecer presentes incluso estando enfermos y menos productivos<\/b><span style=\"font-weight: 400;\">. \u00bfTe hace sentido? No, \u00bfverdad?<\/span><\/p>\n<p><span style=\"font-weight: 400;\">Pues dejando los chistes de lado, <\/span><b>una cultura tan focalizada en el \u201cpresentismo\u201d <\/b><b><i>(la pr\u00e1ctica de estar siempre presentes en el trabajo) <\/i><\/b><b>no<\/b> <b>s\u00f3lo perjudica los negocios,<\/b><span style=\"font-weight: 400;\"> sino tambi\u00e9n el sentido de un buen liderazgo y el bienestar de la fuerza laboral.\u00a0<\/span><\/p>\n<h3><b>\u00bfSIEMPRE PRESENTE? SIEMPRE <\/b><b><i>EN L\u00cdNEA?<\/i><\/b><\/h3>\n<p><span style=\"font-weight: 400;\">Si crees que el reemplazo del trabajo presencial por el trabajo remoto soluciona el problema, lamentamos decepcionarte: las empresas ahora <\/span><b>corren el riesgo de pasar del \u201cpresentismo\u201d f\u00edsico a <\/b><a href=\"https:\/\/digiday.com\/marketing\/the-continued-rise-of-remote-presenteeism\/\"><b>su nuevo formato online<\/b><\/a><b>.\u00a0<\/b><\/p>\n<p><span style=\"font-weight: 400;\">En esta nueva versi\u00f3n, la necesidad de mostrarse siempre disponibles <\/span><b>surge a partir de la inseguridad laboral, la mala gesti\u00f3n de los l\u00edderes y un calendario de reuniones virtuales infinitas.<\/b><span style=\"font-weight: 400;\"> Muchas personas sienten una presi\u00f3n constante por trabajar a pesar de estar enfermos, a\u00f1adiendo m\u00e1s horas a su jornada y respondiendo correos y mensajes a cualquier hora del d\u00eda.\u00a0<\/span><\/p>\n<h3><b>UNA AMENAZA INVISIBLE<\/b><\/h3>\n<p><span style=\"font-weight: 400;\">Seg\u00fan Stephen Bevan, jefe de desarrollo de Recursos humanos del <\/span><a href=\"https:\/\/www.employment-studies.co.uk\/\"><span style=\"font-weight: 400;\">Instituto de Estudios Laborales<\/span><\/a><span style=\"font-weight: 400;\"> del Reino Unido, el problema se hace invisible \u2013 especialmente durante el teletrabajo. \u201cTodav\u00eda existe un estigma en torno a la salud mental en el trabajo y esto impulsa el \u2018presentismo\u2019\u201d, dice Bevan. \u201cHay muchas personas en puestos de alto nivel que <\/span><b>perciben las ausencias por enfermedad como para d\u00e9biles<\/b><span style=\"font-weight: 400;\"> y que <\/span><b>deber\u00edan estar trabajando en las buenas y en las malas<\/b><span style=\"font-weight: 400;\">\u201d.<\/span><\/p>\n<p><span style=\"font-weight: 400;\">Una <\/span><a href=\"https:\/\/digiday.com\/marketing\/the-continued-rise-of-remote-presenteeism\/\"><span style=\"font-weight: 400;\">encuesta de IES<\/span><\/a><span style=\"font-weight: 400;\"> confirma que <\/span><b>esta man\u00eda no ha cambiado mucho a pesar de la transformaci\u00f3n al trabajo remoto:<\/b><span style=\"font-weight: 400;\"> el 15% de los encuestados trabaja 10 horas o m\u00e1s, por encima de las horas contratadas y el 32% ha trabajado desde casa a pesar de estar enfermo.<\/span><\/p>\n<p><span style=\"font-weight: 400;\">\u201c<\/span><b>Los l\u00edmites entre el trabajo y el hogar son porosos<\/b><span style=\"font-weight: 400;\"> y los gerentes est\u00e1n luchando para administrar equipos virtuales. Estamos acumulando problemas de salud mental porque algunos de ellos <\/span><b>no cuentan con el liderazgo o las habilidades sociales suficientes<\/b><span style=\"font-weight: 400;\"> para administrar a las personas de forma remota\u201d, agrega el experto.<\/span><\/p>\n<h3><b>LOS L\u00cdDERES QUE SOBREVIVAN<\/b><\/h3>\n<p><a href=\"https:\/\/conectamutual.cl\/bienestar\/vivir-mejor\/un-gran-desafio-pero-muy-esencial-balance-entre-vida-personal-y-trabajo\/\"><span style=\"font-weight: 400;\">Los muros que separaban la vida personal del trabajo han ido cayendo<\/span><\/a><span style=\"font-weight: 400;\"> uno a uno debido a la pandemia, y la obsesi\u00f3n por estar siempre presente es m\u00e1s potente hoy que nunca. \u201cNecesitamos ajustar ese equilibrio y continuar explorando programas y pol\u00edticas laborales para asegurar que <\/span><b>nuestros equipos sean productivos pero no se agoten<\/b><span style=\"font-weight: 400;\">\u201d, explica el consultor <\/span><a href=\"https:\/\/www.linkedin.com\/in\/sherif-mityas-94a91116\/\"><span style=\"font-weight: 400;\">Sherif Mityas<\/span><\/a><span style=\"font-weight: 400;\">.\u00a0<\/span><\/p>\n<p><span style=\"font-weight: 400;\">\u201cSi todav\u00eda eres un jefe que necesita contar cabezas todas las ma\u00f1anas y ver a tu gente trabajando, <\/span><b>definitivamente no eres un l\u00edder<\/b><span style=\"font-weight: 400;\">. Un resultado positivo de la pandemia es que <\/span><b>s\u00f3lo aquellos l\u00edderes verdaderamente progresistas seguir\u00e1n de pie cuando esto termine\u201d,<\/b><span style=\"font-weight: 400;\"> concluye.\u00a0<\/span><\/p>\n<p><span style=\"font-weight: 400;\">Y es que el debate en torno al \u201cpresentismo\u201d siempre se ha centrado en <\/span><b>la necesidad de que los gerentes conf\u00eden en que las trabajadoras y trabajadores ser\u00e1n productivos \u2013 incluso aunque no puedan verlos.<\/b><span style=\"font-weight: 400;\"> Una <\/span><a href=\"https:\/\/www.linkedin.com\/pulse\/how-effective-remote-work-emily-spaven\"><span style=\"font-weight: 400;\">encuesta de YouGov<\/span><\/a><span style=\"font-weight: 400;\"> realizada en enero para LinkedIn descubri\u00f3 que el 41% de los altos cargos admitieron que <\/span><b>el COVID-19 les hab\u00eda demostrado que pod\u00edan confiar en que la fuerza laboral trabajar\u00eda de manera productiva en casa<\/b><span style=\"font-weight: 400;\">, y el 44% sinti\u00f3 que la pandemia hab\u00eda terminado con el \u201cpresentismo\u201d.<\/span><\/p>\n<h3><b>\u00bfEL FIN DE LAS HORAS EXTRA?<\/b><\/h3>\n<p><span style=\"font-weight: 400;\">Tom Pepper, jefe de soluciones de marketing en LinkedIn, lo ilustra de manera simple y concreta: <\/span><b>\u201cNo est\u00e1 bien que los empleados crean que tener un punto verde al lado de tu nombre en Teams es el nuevo equivalente de quedarse hasta tarde en la oficina\u201d.\u00a0<\/b><\/p>\n<p><span style=\"font-weight: 400;\">De la misma manera, Justin Pahl, director ejecutivo de la agencia VMLY&amp;R en Londres, Inglaterra, dice que la cultura de largas horas prepar\u00e1ndose para presentaciones y mantener a la gente en l\u00ednea hasta la madrugada con el pretexto de <\/span><i><span style=\"font-weight: 400;\">\u201chacer bien la pega\u201d,<\/span><\/i><span style=\"font-weight: 400;\"> debe cambiar.<\/span><\/p>\n<p><span style=\"font-weight: 400;\">\u201cHay desaf\u00edos que abordar, ya sea sentirse presionado para trabajar m\u00e1s horas en casa o <\/span><a href=\"https:\/\/conectamutual.cl\/bienestar\/vivir-mejor\/burnout-que-tan-cerca-estas-de-quemarte-en-el-trabajo\/\"><span style=\"font-weight: 400;\">sentirse exhausto\u201d,<\/span><\/a><span style=\"font-weight: 400;\"> explica. \u201cEs importante que las empresas <\/span><b>cambien el enfoque de estar f\u00edsicamente presentes a estar emocionalmente presentes, para apoyarse mutuamente<\/b><span style=\"font-weight: 400;\">. Esto significa estar disponible <\/span><b>manteniendo abiertas las puertas virtuales<\/b><span style=\"font-weight: 400;\"> \u2013 ya no se trata de marcar la entrada y salida y mostrar tu cara, sino m\u00e1s bien de un <\/span><b>espacio donde los equipos pueden colaborar\u201d.<\/b><span style=\"font-weight: 400;\">\u00a0<\/span><\/p>\n<h3><b>PERMISO PARA NO ESTAR\u00a0<\/b><\/h3>\n<p><span style=\"font-weight: 400;\">En la agencia de publicidad Blue State en Nueva York, Estados Unidos, la directora de creatividad y producto, Marie Danzig, dice que <\/span><b>los gerentes deben dar permiso a las personas para no estar presentes.<\/b><\/p>\n<p><span style=\"font-weight: 400;\">\u201cDurante la pandemia, las vacaciones de muchas personas se han transformado en <\/span><b>\u2018vacaciones online\u2019<\/b><span style=\"font-weight: 400;\">, y he visto gente en l\u00ednea, respondiendo correos e incluso asistiendo a videollamadas\u201d, cuenta. \u201cTodo mientras <\/span><b>deber\u00edan estar buscando un descanso y relajaci\u00f3n absoluta, cruciales para el correcto balance entre vida y trabajo\u201d.\u00a0<\/b><\/p>\n<p><span style=\"font-weight: 400;\">Y es que uno de los problemas que ha tra\u00eddo la tecnolog\u00eda es <\/span><b>la cultura de trabajo siempre activa.<\/b><span style=\"font-weight: 400;\"> Sarah Moloney, directora general del Reino Unido de estrategia en KWT Global, estuvo de acuerdo con que <\/span><b>la industria debe evitar empeorar las cosas<\/b><span style=\"font-weight: 400;\">. Con oficinas en California, Nueva York y Londres, han implementado <\/span><b>una serie de pol\u00edticas para evitar el \u201cpresentismo\u201d online<\/b><span style=\"font-weight: 400;\">: horarios sin llamadas, viernes sin videoconferencias y la garant\u00eda de que las personas reciban aire fresco todos los d\u00edas.<\/span><\/p>\n<p><span style=\"font-weight: 400;\">\u201cNos enfrentamos a nuevas presiones, como estar sentados frente a nuestras pantallas durante m\u00e1s tiempo y asistir a m\u00e1s videollamadas. Por supuesto que esto afecta nuestra vida hogare\u00f1a\u201d, dice Moloney.\u00a0<\/span><\/p>\n<p><span style=\"font-weight: 400;\">Si esta es esta una evoluci\u00f3n virtual del fen\u00f3meno de la &#8216;chaqueta en el respaldo de la silla&#8217; donde <\/span><b>las personas enfatizan demasiado su presencia f\u00edsica <\/b><span style=\"font-weight: 400;\">y se quedan hasta tarde para mostrar su compromiso, es mometo de que <\/span><b>las empresas comiencen a demostrar su capacidad de confiar en las personas y permitir mayores grados de autonom\u00eda y flexibilidad para todos<\/b><span style=\"font-weight: 400;\">. S\u00f3lo as\u00ed podremos conciliar el bienestar y la productividad laboral.<\/span><\/p>\n<p>[\/et_pb_text][et_pb_text _builder_version=\u00bb3.29.3&#8243; text_font_size=\u00bb13px\u00bb text_line_height=\u00bb0.6em\u00bb custom_margin=\u00bb-15px||||false|false\u00bb custom_padding=\u00bb34px|||||\u00bb text_font_size_phone=\u00bb11px\u00bb text_font_size_last_edited=\u00bbon|phone\u00bb _i=\u00bb0&#8243; _address=\u00bb0&#8243;]<\/p>\n<p style=\"text-align: center;\"><img loading=\"lazy\" decoding=\"async\" class=\"wp-image-608 alignnone size-full\" src=\"https:\/\/conectamutual.cl\/bienestar\/wp-content\/uploads\/2019\/10\/Imagen-equipo.png\" alt=\"\" width=\"91\" height=\"88\" \/><\/p>\n<p style=\"text-align: center;\"><strong>Por Equipo Espacio Mutuo<\/strong><\/p>\n<p style=\"text-align: center;\"><em>Mutual de Seguridad<\/em><\/p>\n<p>[\/et_pb_text][\/et_pb_column][\/et_pb_row][et_pb_row _builder_version=\u00bb3.29.3&#8243; background_color=\u00bbrgba(0,0,0,0)\u00bb _i=\u00bb1&#8243; _address=\u00bb4.1&#8243;][et_pb_column type=\u00bb4_4&#8243; _builder_version=\u00bb3.29.3&#8243; transform_scale_linked=\u00bboff\u00bb transform_translate=\u00bb-4px|10px\u00bb transform_translate_linked=\u00bboff\u00bb custom_padding=\u00bb5px|0px|5px|0px|false|true\u00bb animation_style=\u00bbzoom\u00bb animation_duration=\u00bb500ms\u00bb border_radii=\u00bboff||||\u00bb border_color_all=\u00bb#cde002&#8243; border_width_top=\u00bb1px\u00bb border_color_top=\u00bb#e09900&#8243; border_style_top=\u00bbdotted\u00bb border_width_bottom=\u00bb1px\u00bb border_color_bottom=\u00bb#e09900&#8243; border_style_bottom=\u00bbdotted\u00bb _i=\u00bb0&#8243; _address=\u00bb4.1.0&#8243;][et_pb_code admin_label=\u00bbRating Art\u00edculo\u00bb _builder_version=\u00bb3.29.3&#8243; transform_scale=\u00bb110%|110%\u00bb transform_translate=\u00bb424px|5px\u00bb transform_translate_linked=\u00bboff\u00bb hover_enabled=\u00bb0&#8243; _i=\u00bb0&#8243; _address=\u00bb4.1.0.0&#8243;]<a class=\"typeform-share button\" href=\"https:\/\/singularmktg.typeform.com\/to\/COMq1XCs#art=355\" data-mode=\"drawer_right\" style=\"display:inline-block;text-decoration:none;background-color:#CDE002;color:white;cursor:pointer;font-family:Helvetica,Arial,sans-serif;font-size:20px;line-height:50px;text-align:center;margin:0;height:50px;padding:0px 33px;border-radius:12px;max-width:100%;white-space:nowrap;overflow:hidden;text-overflow:ellipsis;font-weight:bold;-webkit-font-smoothing:antialiased;-moz-osx-font-smoothing:grayscale;\" data-hide-headers=\"true\" data-hide-footer=\"true\" data-submit-close-delay=\"2\" target=\"_blank\" rel=\"noopener noreferrer\">Eval\u00faa este art\u00edculo <\/a> <script> (function() { var qs,js,q,s,d=document, gi=d.getElementById, ce=d.createElement, gt=d.getElementsByTagName, id=\"typef_orm_share\", b=\"https:\/\/embed.typeform.com\/\"; if(!gi.call(d,id)){ js=ce.call(d,\"script\"); js.id=id; js.src=b+\"embed.js\"; q=gt.call(d,\"script\")[0]; q.parentNode.insertBefore(js,q) } })() <\/script>[\/et_pb_code][\/et_pb_column][\/et_pb_row][et_pb_row _builder_version=\u00bb3.29.3&#8243; _i=\u00bb2&#8243; _address=\u00bb4.2&#8243;][et_pb_column type=\u00bb4_4&#8243; _builder_version=\u00bb3.29.3&#8243; custom_padding_phone=\u00bb40px||||false|false\u00bb custom_padding_last_edited=\u00bbon|phone\u00bb _i=\u00bb0&#8243; _address=\u00bb4.2.0&#8243;][et_pb_posts_carousel_agsdcm category_id=\u00bb37&#8243; max_title_characters=\u00bb150&#8243; heading_style=\u00bbcustom\u00bb heading_primary=\u00bb\u00daltimos Art\u00edculos\u00bb heading_sub=\u00bbNuevas Miradas\u00bb posts_filter_any=\u00bbon\u00bb _builder_version=\u00bb3.29.3&#8243; header_font=\u00bbMontserrat||||||||\u00bb header_text_color=\u00bb#757575&#8243; header_font_size=\u00bb19px\u00bb subheader_text_color=\u00bb#828282&#8243; title_font=\u00bbMontserrat|700|||||||\u00bb title_text_color=\u00bb#acc601&#8243; border_color_all=\u00bb#cde002&#8243; _i=\u00bb0&#8243; _address=\u00bb4.2.0.0&#8243;][\/et_pb_posts_carousel_agsdcm][\/et_pb_column][\/et_pb_row][\/et_pb_section]<\/p>\n","protected":false},"excerpt":{"rendered":"<p>Tiempo atr\u00e1s -mucho antes de la pandemia- sol\u00eda existir un chiste popular sobre dejar la chaqueta colgada en la silla de la oficina para enga\u00f1ar al jefe, haci\u00e9ndole creer que segu\u00edas \u201cpresente\u201d en el edificio trabajando. Ya sea que lo encuentres gracioso o no, lo cierto es que algo de verdad ten\u00eda el chiste \u2013 [&hellip;]<\/p>\n","protected":false},"author":2,"featured_media":5734,"comment_status":"closed","ping_status":"closed","sticky":false,"template":"","format":"standard","meta":{"_et_pb_use_builder":"on","_et_pb_old_content":"","_et_gb_content_width":"","footnotes":""},"categories":[37],"tags":[],"class_list":["post-5731","post","type-post","status-publish","format-standard","has-post-thumbnail","hentry","category-nuevas-miradas","et-has-post-format-content","et_post_format-et-post-format-standard"],"_links":{"self":[{"href":"https:\/\/conectamutual.cl\/bienestar\/wp-json\/wp\/v2\/posts\/5731","targetHints":{"allow":["GET"]}}],"collection":[{"href":"https:\/\/conectamutual.cl\/bienestar\/wp-json\/wp\/v2\/posts"}],"about":[{"href":"https:\/\/conectamutual.cl\/bienestar\/wp-json\/wp\/v2\/types\/post"}],"author":[{"embeddable":true,"href":"https:\/\/conectamutual.cl\/bienestar\/wp-json\/wp\/v2\/users\/2"}],"replies":[{"embeddable":true,"href":"https:\/\/conectamutual.cl\/bienestar\/wp-json\/wp\/v2\/comments?post=5731"}],"version-history":[{"count":3,"href":"https:\/\/conectamutual.cl\/bienestar\/wp-json\/wp\/v2\/posts\/5731\/revisions"}],"predecessor-version":[{"id":5737,"href":"https:\/\/conectamutual.cl\/bienestar\/wp-json\/wp\/v2\/posts\/5731\/revisions\/5737"}],"wp:featuredmedia":[{"embeddable":true,"href":"https:\/\/conectamutual.cl\/bienestar\/wp-json\/wp\/v2\/media\/5734"}],"wp:attachment":[{"href":"https:\/\/conectamutual.cl\/bienestar\/wp-json\/wp\/v2\/media?parent=5731"}],"wp:term":[{"taxonomy":"category","embeddable":true,"href":"https:\/\/conectamutual.cl\/bienestar\/wp-json\/wp\/v2\/categories?post=5731"},{"taxonomy":"post_tag","embeddable":true,"href":"https:\/\/conectamutual.cl\/bienestar\/wp-json\/wp\/v2\/tags?post=5731"}],"curies":[{"name":"wp","href":"https:\/\/api.w.org\/{rel}","templated":true}]}}