{"id":5799,"date":"2021-03-29T15:29:24","date_gmt":"2021-03-29T18:29:24","guid":{"rendered":"https:\/\/conectamutual.cl\/bienestar\/?p=5799"},"modified":"2021-03-29T15:33:59","modified_gmt":"2021-03-29T18:33:59","slug":"las-7-tendencias-que-debemos-conocer-para-que-el-trabajo-hibrido-funcione","status":"publish","type":"post","link":"https:\/\/conectamutual.cl\/bienestar\/nuevas-miradas\/las-7-tendencias-que-debemos-conocer-para-que-el-trabajo-hibrido-funcione\/","title":{"rendered":"Las 7 tendencias que debemos conocer para que el trabajo h\u00edbrido funcione"},"content":{"rendered":"<p>[et_pb_section fb_built=\u00bb1&#8243; _builder_version=\u00bb3.29.3&#8243; custom_margin=\u00bb||-50px||false|false\u00bb custom_margin_phone=\u00bb||0px||false|false\u00bb custom_margin_last_edited=\u00bbon|phone\u00bb custom_padding=\u00bb11px||0px||false|false\u00bb fb_built=\u00bb1&#8243; _i=\u00bb0&#8243; _address=\u00bb0&#8243;][et_pb_row column_structure=\u00bb1_3,1_3,1_3&#8243; disabled_on=\u00bbon|on|off\u00bb _builder_version=\u00bb3.29.3&#8243; min_height=\u00bb269px\u00bb custom_margin=\u00bb-15px|auto|-190px|auto|false|false\u00bb custom_margin_last_edited=\u00bbon|phone\u00bb custom_padding=\u00bb||0px||false|false\u00bb _i=\u00bb0&#8243; _address=\u00bb0.0&#8243;][et_pb_column type=\u00bb1_3&#8243; _builder_version=\u00bb3.29.3&#8243; _i=\u00bb0&#8243; _address=\u00bb0.0.0&#8243;][\/et_pb_column][et_pb_column type=\u00bb1_3&#8243; _builder_version=\u00bb3.29.3&#8243; _i=\u00bb1&#8243; _address=\u00bb0.0.1&#8243;][et_pb_image src=\u00bbhttps:\/\/conectamutual.cl\/bienestar\/wp-content\/uploads\/2019\/10\/Logo-Espacio-Mutuo-02.png\u00bb align=\u00bbcenter\u00bb _builder_version=\u00bb3.29.3&#8243; width=\u00bb83%\u00bb width_phone=\u00bb22%\u00bb width_last_edited=\u00bbon|phone\u00bb custom_margin=\u00bb15px||||false|false\u00bb _i=\u00bb0&#8243; _address=\u00bb0.0.1.0&#8243;][\/et_pb_image][\/et_pb_column][et_pb_column type=\u00bb1_3&#8243; _builder_version=\u00bb3.29.3&#8243; _i=\u00bb2&#8243; _address=\u00bb0.0.2&#8243;][et_pb_image src=\u00bbhttps:\/\/conectamutual.cl\/bienestar\/wp-content\/uploads\/2021\/01\/Captura-de-Pantalla-2021-01-16-a-las-10.07.37.png\u00bb align=\u00bbright\u00bb _builder_version=\u00bb3.29.3&#8243; width=\u00bb72%\u00bb width_phone=\u00bb41%\u00bb width_last_edited=\u00bbon|phone\u00bb custom_margin=\u00bb45px||45px||true|false\u00bb custom_margin_phone=\u00bb10px||60px||false|false\u00bb custom_margin_last_edited=\u00bbon|phone\u00bb _i=\u00bb0&#8243; _address=\u00bb0.0.2.0&#8243;][\/et_pb_image][\/et_pb_column][\/et_pb_row][et_pb_row column_structure=\u00bb1_3,1_3,1_3&#8243; disabled_on=\u00bboff|off|on\u00bb _builder_version=\u00bb3.29.3&#8243; min_height=\u00bb269px\u00bb custom_margin=\u00bb-15px|auto|-20px|auto|false|false\u00bb custom_margin_last_edited=\u00bbon|phone\u00bb custom_padding=\u00bb||||false|false\u00bb _i=\u00bb1&#8243; _address=\u00bb0.1&#8243;][et_pb_column type=\u00bb1_3&#8243; _builder_version=\u00bb3.29.3&#8243; _i=\u00bb0&#8243; _address=\u00bb0.1.0&#8243;][\/et_pb_column][et_pb_column type=\u00bb1_3&#8243; _builder_version=\u00bb3.29.3&#8243; _i=\u00bb1&#8243; _address=\u00bb0.1.1&#8243;][et_pb_image src=\u00bbhttps:\/\/conectamutual.cl\/bienestar\/wp-content\/uploads\/2019\/10\/Logo-Espacio-Mutuo-01.png\u00bb align=\u00bbcenter\u00bb force_fullwidth=\u00bbon\u00bb _builder_version=\u00bb3.29.3&#8243; min_height=\u00bb170px\u00bb min_height_phone=\u00bb187px\u00bb min_height_last_edited=\u00bbon|phone\u00bb height=\u00bb100px\u00bb max_height=\u00bb1000px\u00bb custom_margin=\u00bb-14px||8px|||\u00bb _i=\u00bb0&#8243; _address=\u00bb0.1.1.0&#8243;][\/et_pb_image][\/et_pb_column][et_pb_column type=\u00bb1_3&#8243; _builder_version=\u00bb3.29.3&#8243; _i=\u00bb2&#8243; _address=\u00bb0.1.2&#8243;][et_pb_image src=\u00bbhttps:\/\/conectamutual.cl\/bienestar\/wp-content\/uploads\/2021\/01\/Captura-de-Pantalla-2021-01-16-a-las-10.07.37.png\u00bb align=\u00bbcenter\u00bb _builder_version=\u00bb3.29.3&#8243; width=\u00bb94%\u00bb width_phone=\u00bb65%\u00bb width_last_edited=\u00bbon|phone\u00bb module_alignment=\u00bbcenter\u00bb custom_margin=\u00bb45px||45px||true|false\u00bb custom_margin_phone=\u00bb10px||60px||false|false\u00bb custom_margin_last_edited=\u00bbon|phone\u00bb _i=\u00bb0&#8243; _address=\u00bb0.1.2.0&#8243;][\/et_pb_image][\/et_pb_column][\/et_pb_row][\/et_pb_section][et_pb_section fb_built=\u00bb1&#8243; _builder_version=\u00bb3.29.3&#8243; custom_padding=\u00bb4px||0px|||\u00bb fb_built=\u00bb1&#8243; _i=\u00bb1&#8243; _address=\u00bb1&#8243;][et_pb_row _builder_version=\u00bb3.29.3&#8243; min_height=\u00bb102px\u00bb custom_margin_phone=\u00bb20px||||false|false\u00bb custom_margin_last_edited=\u00bbon|phone\u00bb custom_padding=\u00bb34px||10px|||\u00bb _i=\u00bb0&#8243; _address=\u00bb1.0&#8243;][et_pb_column type=\u00bb4_4&#8243; _builder_version=\u00bb3.29.3&#8243; _i=\u00bb0&#8243; _address=\u00bb1.0.0&#8243;][et_pb_image src=\u00bbhttps:\/\/conectamutual.cl\/bienestar\/wp-content\/uploads\/2019\/12\/LOGOS-CATEGORIAS-03.png\u00bb align=\u00bbcenter\u00bb disabled_on=\u00bboff|off|off\u00bb _builder_version=\u00bb3.29.3&#8243; width=\u00bb48%\u00bb width_phone=\u00bb95%\u00bb width_last_edited=\u00bbon|phone\u00bb _i=\u00bb0&#8243; _address=\u00bb1.0.0.0&#8243;][\/et_pb_image][\/et_pb_column][\/et_pb_row][\/et_pb_section][et_pb_section fb_built=\u00bb1&#8243; _builder_version=\u00bb3.29.3&#8243; custom_padding=\u00bb27px||1px|||\u00bb fb_built=\u00bb1&#8243; _i=\u00bb2&#8243; _address=\u00bb2&#8243;][et_pb_row _builder_version=\u00bb3.29.3&#8243; custom_padding=\u00bb3px||36px|||\u00bb _i=\u00bb0&#8243; _address=\u00bb2.0&#8243;][et_pb_column type=\u00bb4_4&#8243; _builder_version=\u00bb3.29.3&#8243; _i=\u00bb0&#8243; _address=\u00bb2.0.0&#8243;][et_pb_post_title comments=\u00bboff\u00bb featured_image=\u00bboff\u00bb _builder_version=\u00bb3.29.3&#8243; title_font=\u00bbMontserrat|700|||||||\u00bb title_text_align=\u00bbcenter\u00bb title_text_color=\u00bb#c4d600&#8243; title_font_size=\u00bb54px\u00bb title_line_height=\u00bb1.1em\u00bb meta_font=\u00bbMontserrat||||||||\u00bb meta_text_align=\u00bbcenter\u00bb meta_font_size=\u00bb12px\u00bb title_font_size_phone=\u00bb30px\u00bb title_font_size_last_edited=\u00bbon|phone\u00bb meta_font_size_phone=\u00bb10px\u00bb meta_font_size_last_edited=\u00bbon|phone\u00bb _i=\u00bb0&#8243; _address=\u00bb2.0.0.0&#8243;][\/et_pb_post_title][\/et_pb_column][\/et_pb_row][\/et_pb_section][et_pb_section fb_built=\u00bb1&#8243; _builder_version=\u00bb3.29.3&#8243; background_color=\u00bb#f4f4f4&#8243; custom_padding=\u00bb23px||7px|||\u00bb fb_built=\u00bb1&#8243; _i=\u00bb0&#8243; _address=\u00bb0&#8243;][et_pb_row column_structure=\u00bb1_2,1_2&#8243; _builder_version=\u00bb3.29.3&#8243; custom_margin=\u00bb||||false|false\u00bb custom_padding=\u00bb|||0px|false|false\u00bb _i=\u00bb0&#8243; _address=\u00bb0.0&#8243;][et_pb_column type=\u00bb1_2&#8243; _builder_version=\u00bb3.29.3&#8243; _i=\u00bb0&#8243; _address=\u00bb0.0.0&#8243;][et_pb_text _builder_version=\u00bb3.29.3&#8243; header_2_font=\u00bb|700|||||||\u00bb header_2_text_align=\u00bbright\u00bb header_2_text_color=\u00bb#707070&#8243; header_2_font_size=\u00bb31px\u00bb custom_margin=\u00bb||-2px|||\u00bb _i=\u00bb0&#8243; _address=\u00bb0.0.0.0&#8243;]<\/p>\n<h2>Tu Asesor Tecnol\u00f3gico<\/h2>\n<p>[\/et_pb_text][et_pb_text _builder_version=\u00bb3.29.3&#8243; header_3_font=\u00bb||||||||\u00bb header_3_text_color=\u00bb#666666&#8243; header_3_font_size=\u00bb17px\u00bb custom_margin=\u00bb||||false|false\u00bb custom_padding=\u00bb|||120px|false|false\u00bb _i=\u00bb1&#8243; _address=\u00bb0.0.0.1&#8243;]<\/p>\n<h3 style=\"text-align: right;\">Contenido de expertos en colaboraci\u00f3n con Espacio Mutuo<\/h3>\n<p>[\/et_pb_text][\/et_pb_column][et_pb_column type=\u00bb1_2&#8243; _builder_version=\u00bb3.29.3&#8243; _i=\u00bb1&#8243; _address=\u00bb0.0.1&#8243;][et_pb_image src=\u00bbhttps:\/\/conectamutual.cl\/bienestar\/wp-content\/uploads\/2020\/04\/Microsoft-logo.png\u00bb _builder_version=\u00bb3.29.3&#8243; width=\u00bb61%\u00bb _i=\u00bb0&#8243; _address=\u00bb0.0.1.0&#8243;][\/et_pb_image][\/et_pb_column][\/et_pb_row][\/et_pb_section][et_pb_section fb_built=\u00bb1&#8243; fullwidth=\u00bbon\u00bb _builder_version=\u00bb3.29.3&#8243; fb_built=\u00bb1&#8243; _i=\u00bb4&#8243; _address=\u00bb4&#8243;][et_pb_fullwidth_image src=\u00bbhttps:\/\/conectamutual.cl\/bienestar\/wp-content\/uploads\/2021\/03\/pexels-william-fortunato-6393008.jpg\u00bb _builder_version=\u00bb3.29.3&#8243; custom_padding=\u00bb0px||0px|||\u00bb hover_enabled=\u00bb0&#8243; _i=\u00bb0&#8243; _address=\u00bb4.0&#8243;][\/et_pb_fullwidth_image][\/et_pb_section][et_pb_section fb_built=\u00bb1&#8243; _builder_version=\u00bb3.29.3&#8243; custom_padding=\u00bb||8px|||\u00bb fb_built=\u00bb1&#8243; _i=\u00bb5&#8243; _address=\u00bb5&#8243;][et_pb_row _builder_version=\u00bb3.29.3&#8243; custom_padding=\u00bb9px|||||\u00bb _i=\u00bb0&#8243; _address=\u00bb5.0&#8243;][et_pb_column type=\u00bb4_4&#8243; _builder_version=\u00bb3.29.3&#8243; custom_padding=\u00bb|110px||110px|false|false\u00bb custom_padding_phone=\u00bb|10px||10px|false|false\u00bb custom_padding_last_edited=\u00bbon|phone\u00bb _i=\u00bb0&#8243; _address=\u00bb5.0.0&#8243;][et_pb_text _builder_version=\u00bb3.29.3&#8243; text_font_size=\u00bb17px\u00bb text_line_height=\u00bb2.1em\u00bb header_2_text_color=\u00bb#c4d600&#8243; custom_margin_last_edited=\u00bbon|phone\u00bb custom_padding=\u00bb|0px||0px|false|false\u00bb hover_enabled=\u00bb0&#8243; text_font_size_phone=\u00bb16px\u00bb text_font_size_last_edited=\u00bbon|phone\u00bb text_line_height_phone=\u00bb1.9em\u00bb text_line_height_last_edited=\u00bbon|phone\u00bb header_2_font_size_phone=\u00bb23px\u00bb header_2_font_size_last_edited=\u00bbon|phone\u00bb _i=\u00bb0&#8243; _address=\u00bb5.0.0.0&#8243;]<\/p>\n<blockquote>\n<p><span style=\"font-weight: 400;\">En abril del a\u00f1o pasado, apenas un mes despu\u00e9s de que la pandemia desencadenara un desplazamiento global hacia el trabajo remoto, <\/span><b>Microsoft<\/b> <b>comparti\u00f3 una investigaci\u00f3n preliminar sobre c\u00f3mo hab\u00eda cambiado el trabajo<\/b><span style=\"font-weight: 400;\">. Era un tema del que no se sab\u00eda mucho, pero lo que estaba claro era que no hab\u00eda vuelta atr\u00e1s y que <\/span><b>era un momento que cambiar\u00eda para siempre la manera en que trabaj\u00e1bamos y nos conect\u00e1bamos entre nosotros<\/b><span style=\"font-weight: 400;\">.<\/span><\/p>\n<\/blockquote>\n<p><span style=\"font-weight: 400;\">Y as\u00ed fue. Recientemente, la compa\u00f1\u00eda dio a conocer el <\/span><b>\u00cdndice de Tendencias Laborales anual 2021:\u00a0\u201cEl siguiente paradigma es el trabajo h\u00edbrido: \u00bfestamos listos?\u201d.<\/b><span style=\"font-weight: 400;\"> Para su elaboraci\u00f3n, se encuest\u00f3 a m\u00e1s de 30 mil personas en 31 pa\u00edses, se analizaron miles de se\u00f1ales de productividad y mano de obra en Microsoft 365 y LinkedIn. Asimismo, se realizaron conversaciones con expertos que han estudiado por d\u00e9cadas la colaboraci\u00f3n, el capital social y el dise\u00f1o de espacios en el trabajo.\u00a0<\/span><\/p>\n<p><span style=\"font-weight: 400;\">De la investigaci\u00f3n, se obtuvieron interesantes resultados, pero -sobre todo- refleja que <\/span><b>ya no estamos atados a las nociones tradicionales del tiempo ni del espacio cuando se trata de c\u00f3mo, cu\u00e1ndo y d\u00f3nde trabajamos<\/b><span style=\"font-weight: 400;\">. Este es un gran cambio de mentalidad, el que requerir\u00e1 que los l\u00edderes y las organizaciones reexaminen y reconfiguren de manera fundamental su modelo de operaciones para alcanzar una flexibilidad extrema.<\/span><\/p>\n<p><span style=\"font-weight: 400;\">En concreto, el \u00edndica muestra que <\/span><b>gran parte (41%) de la fuerza laboral global ha considerado dejar a su empleador este a\u00f1o, y el 46% dice que es probable que se cambie de residencia porque ahora puede trabajar de manera remota<\/b><span style=\"font-weight: 400;\">. Adem\u00e1s, el tiempo dedicado a las reuniones se ha m\u00e1s que duplicado a nivel mundial.\u00a0<\/span><\/p>\n<p><span style=\"font-weight: 400;\">Definitivamente a muchos les acomoda esta nueva modalidad, ya que el <\/span><b>73% de los trabajadores encuestados quiere que contin\u00faen las opciones de trabajo remoto flexible<\/b><span style=\"font-weight: 400;\">. Por cierto, tambi\u00e9n reflej\u00f3 que el trabajo se ha vuelto m\u00e1s humano: casi <\/span><b>40% de los encuestados dice que se sienten m\u00e1s c\u00f3modo para ser ellos mismos durante su jornada laboral<\/b><span style=\"font-weight: 400;\"> en comparaci\u00f3n con antes de la pandemia y uno de cada seis revela que ha llorado con un colega este a\u00f1o.<\/span><\/p>\n<p><span style=\"font-weight: 400;\">Sin duda, hay grandes cambios por delante y el enfoque que los l\u00edderes tomen sobre el mundo h\u00edbrido impactar\u00e1, en \u00faltima instancia, en qui\u00e9n se queda, qui\u00e9n se va y qui\u00e9n busca unirse a su empresa.<\/span><\/p>\n<p><span style=\"font-weight: 400;\">Es por esto que, una vez obtenidas las conclusiones de la investigaci\u00f3n, <\/span><b>Microsoft revel\u00f3 7 tendencias clave para que quienes est\u00e9n en altos cargos conozcan ahora<\/b><span style=\"font-weight: 400;\"> para hacer que el trabajo h\u00edbrido funcione:<\/span><\/p>\n<p><b><\/b><\/p>\n<h3><b>1. EL TRABAJO FLEXIBLE LLEG\u00d3 PARA QUEDARSE.<\/b><\/h3>\n<p><span style=\"font-weight: 400;\">Los <\/span><b>empleados desean combinar los mejores aspectos del trabajo en la oficina y el trabajo remoto<\/b><span style=\"font-weight: 400;\">. M\u00e1s del 70% de los trabajadores quieren que contin\u00faen las\u00a0opciones flexibles de trabajo a distancia, mientras que m\u00e1s del 65% anhelan m\u00e1s tiempo presencial con sus equipos.<\/span><\/p>\n<p><b><\/b><\/p>\n<h3><b>2. LOS L\u00cdDERES NO EST\u00c1N EN CONTACTO CON LOS EMPLEADOS, POR LO QUE NECESITAN UN LLAMADO DE ATENCI\u00d3N.<\/b><\/h3>\n<p><b>Microsoft advierte de una<\/b> <b>desconexi\u00f3n entre los directivos y los equipos<\/b><span style=\"font-weight: 400;\">. Mientras que el 37% de la fuerza laboral mundial considera que sus empresas les est\u00e1n pidiendo demasiado en un momento como este, los l\u00edderes empresariales aseguran estar prosperando a pesar de las circunstancias.<\/span><\/p>\n<p><b><\/b><\/p>\n<h3><b>3. LA ALTA PRODUCTIVIDAD ENMASCARA UNA FUERZA LABORAL EXHAUSTA.<\/b><\/h3>\n<p><span style=\"font-weight: 400;\">La productividad se mantuvo durante el a\u00f1o pasado, pero tambi\u00e9n refleja el agotamiento digital de los profesionales. <\/span><b>El 54% de los encuestados afirman tener exceso de trabajo y el 39% confiesan sentirse agotados<\/b><span style=\"font-weight: 400;\">.<\/span><\/p>\n<p><b><\/b><\/p>\n<h3><b>4. LA GENERACI\u00d3N Z EST\u00c1 EN RIESGO Y SER\u00c1 NECESARIO REACTIVARLA.<\/b><\/h3>\n<p><span style=\"font-weight: 400;\">Los profesionales m\u00e1s j\u00f3venes son los que peor est\u00e1n navegando las aguas de este periodo de crisis. El 60% de aquellos entre 18 y 25 a\u00f1os dicen que <\/span><b>simplemente est\u00e1n sobreviviendo o luchando a fondo en estos momentos<\/b><span style=\"font-weight: 400;\">. En gran medida pues son m\u00e1s propensos a sentir el impacto del aislamiento, encuentran dificultades para afrontar la motivaci\u00f3n o carecen de los medios financieros para crear espacios de trabajo adecuados en el hogar.<\/span><\/p>\n<p><b><\/b><\/p>\n<h3><b>5. LA REDUCCI\u00d3N DE LAS REDES PONE EN PELIGRO LA INNOVACI\u00d3N.<\/b><\/h3>\n<p><span style=\"font-weight: 400;\">A medida que el confinamiento y las limitaciones de movilidad se alargan en el tiempo, los profesionales recurren m\u00e1s a sus equipos inmediatos en busca de apoyo, dando lugar al desvanecimiento de la red de contactos m\u00e1s amplia. Y <\/span><b>cuando pierdes conexiones, dejas de innovar<\/b><span style=\"font-weight: 400;\">. No obstante, el trabajo h\u00edbrido puede ayudar a reactivar las redes de colaboraci\u00f3n, al equilibrar equipos presenciales y remotos y buscar formas de fomentar el capital social.<\/span><\/p>\n<p><b><\/b><\/p>\n<h3><b>6. LA AUTENTICIDAD ESTIMULAR\u00c1 LA PRODUCTIVIDAD Y EL BIENESTAR.<\/b><span style=\"font-size: 17px; font-style: inherit; font-variant-ligatures: inherit; font-variant-caps: inherit;\">\u00a0<\/span><\/h3>\n<p><span style=\"font-weight: 400;\">Un 20% ha conocido virtualmente a las mascotas o familias de sus colegas y uno de cada seis ha llorado con un compa\u00f1ero. <\/span><b>Este tipo de interacciones ha mejorado la expresi\u00f3n personal de los profesionales en el entorno laboral<\/b><span style=\"font-weight: 400;\">. Las personas que interactuaron m\u00e1s estrechamente, no solo experimentaron relaciones laborales m\u00e1s s\u00f3lidas, sino que tambi\u00e9n informaron una mayor productividad y bienestar general.<\/span><\/p>\n<p><b><\/b><\/p>\n<h3><b>7. EN UN MUNDO LABORAL H\u00cdBRIDO EL TALENTO EST\u00c1 EN TODAS PARTES.<\/b><span style=\"font-size: 17px; font-style: inherit; font-variant-ligatures: inherit; font-variant-caps: inherit;\">\u00a0<\/span><\/h3>\n<p><span style=\"font-weight: 400;\">Uno de los aspectos m\u00e1s positivos del teletrabajo es que <\/span><b>ampl\u00eda el mercado de talento<\/b><span style=\"font-weight: 400;\">. 46% de los trabajadores remotos planean mudarse a una nueva ubicaci\u00f3n simplemente porque ahora pueden trabajar a distancia, lo que supone un <\/span><b>impulso a la democratizaci\u00f3n del acceso a oportunidades laborales<\/b><span style=\"font-weight: 400;\">.<\/span><\/p>\n<p><span style=\"font-weight: 400;\">Esperamos que esta gu\u00eda ayude a los l\u00edderes empresariales en sus propias transiciones hacia el trabajo h\u00edbrido. La siguiente fase traer\u00e1 consigo desaf\u00edos y oportunidades, hay que ser optimistas sobre el futuro.\u00a0<\/span><\/p>\n<p><span style=\"font-weight: 400;\">Si tomamos lo que hemos aprendido al superar un desaf\u00edo como este, que se presenta una vez cada cien a\u00f1os, y lo aprovechamos para trazar un camino que brinde a las personas la flexibilidad que necesitan, <\/span><b>juntos podremos construir un mundo laboral mejor para todos<\/b><span style=\"font-weight: 400;\">.<\/span><\/p>\n<p>[\/et_pb_text][\/et_pb_column][\/et_pb_row][et_pb_row _builder_version=\u00bb3.29.3&#8243; background_color=\u00bbrgba(0,0,0,0)\u00bb _i=\u00bb1&#8243; _address=\u00bb5.1&#8243;][et_pb_column type=\u00bb4_4&#8243; _builder_version=\u00bb3.29.3&#8243; transform_scale_linked=\u00bboff\u00bb transform_translate=\u00bb-4px|10px\u00bb transform_translate_linked=\u00bboff\u00bb custom_padding=\u00bb5px|0px|5px|0px|false|true\u00bb animation_style=\u00bbzoom\u00bb animation_duration=\u00bb500ms\u00bb border_radii=\u00bboff||||\u00bb border_color_all=\u00bb#cde002&#8243; border_width_top=\u00bb1px\u00bb border_color_top=\u00bb#e09900&#8243; border_style_top=\u00bbdotted\u00bb border_width_bottom=\u00bb1px\u00bb border_color_bottom=\u00bb#e09900&#8243; border_style_bottom=\u00bbdotted\u00bb _i=\u00bb0&#8243; _address=\u00bb5.1.0&#8243;][et_pb_code admin_label=\u00bbRating Art\u00edculo\u00bb _builder_version=\u00bb3.29.3&#8243; transform_scale=\u00bb110%|110%\u00bb transform_translate=\u00bb424px|5px\u00bb transform_translate_linked=\u00bboff\u00bb hover_enabled=\u00bb0&#8243; _i=\u00bb0&#8243; _address=\u00bb5.1.0.0&#8243;]<a class=\"typeform-share button\" href=\"https:\/\/singularmktg.typeform.com\/to\/COMq1XCs#art=362\" data-mode=\"drawer_right\" style=\"display:inline-block;text-decoration:none;background-color:#CDE002;color:white;cursor:pointer;font-family:Helvetica,Arial,sans-serif;font-size:20px;line-height:50px;text-align:center;margin:0;height:50px;padding:0px 33px;border-radius:12px;max-width:100%;white-space:nowrap;overflow:hidden;text-overflow:ellipsis;font-weight:bold;-webkit-font-smoothing:antialiased;-moz-osx-font-smoothing:grayscale;\" data-hide-headers=\"true\" data-hide-footer=\"true\" data-submit-close-delay=\"2\" target=\"_blank\" rel=\"noopener noreferrer\">Eval\u00faa este art\u00edculo <\/a> <script> (function() { var qs,js,q,s,d=document, gi=d.getElementById, ce=d.createElement, gt=d.getElementsByTagName, id=\"typef_orm_share\", b=\"https:\/\/embed.typeform.com\/\"; if(!gi.call(d,id)){ js=ce.call(d,\"script\"); js.id=id; js.src=b+\"embed.js\"; q=gt.call(d,\"script\")[0]; q.parentNode.insertBefore(js,q) } })() <\/script>[\/et_pb_code][\/et_pb_column][\/et_pb_row][et_pb_row _builder_version=\u00bb3.29.3&#8243; _i=\u00bb2&#8243; _address=\u00bb5.2&#8243;][et_pb_column type=\u00bb4_4&#8243; _builder_version=\u00bb3.29.3&#8243; custom_padding_phone=\u00bb40px||||false|false\u00bb custom_padding_last_edited=\u00bbon|phone\u00bb _i=\u00bb0&#8243; _address=\u00bb5.2.0&#8243;][et_pb_posts_carousel_agsdcm category_id=\u00bb37&#8243; max_title_characters=\u00bb150&#8243; heading_style=\u00bbcustom\u00bb heading_primary=\u00bb\u00daltimos Art\u00edculos\u00bb heading_sub=\u00bbNuevas Miradas\u00bb posts_filter_any=\u00bbon\u00bb _builder_version=\u00bb3.29.3&#8243; header_font=\u00bbMontserrat||||||||\u00bb header_text_color=\u00bb#757575&#8243; header_font_size=\u00bb19px\u00bb subheader_text_color=\u00bb#828282&#8243; title_font=\u00bbMontserrat|700|||||||\u00bb title_text_color=\u00bb#acc601&#8243; border_color_all=\u00bb#cde002&#8243; _i=\u00bb0&#8243; _address=\u00bb5.2.0.0&#8243;][\/et_pb_posts_carousel_agsdcm][\/et_pb_column][\/et_pb_row][\/et_pb_section]<\/p>\n","protected":false},"excerpt":{"rendered":"<p>Tu Asesor Tecnol\u00f3gicoContenido de expertos en colaboraci\u00f3n con Espacio Mutuo En abril del a\u00f1o pasado, apenas un mes despu\u00e9s de que la pandemia desencadenara un desplazamiento global hacia el trabajo remoto, Microsoft comparti\u00f3 una investigaci\u00f3n preliminar sobre c\u00f3mo hab\u00eda cambiado el trabajo. Era un tema del que no se sab\u00eda mucho, pero lo que estaba [&hellip;]<\/p>\n","protected":false},"author":2,"featured_media":5802,"comment_status":"closed","ping_status":"closed","sticky":false,"template":"","format":"standard","meta":{"_et_pb_use_builder":"on","_et_pb_old_content":"","_et_gb_content_width":"","footnotes":""},"categories":[37],"tags":[],"class_list":["post-5799","post","type-post","status-publish","format-standard","has-post-thumbnail","hentry","category-nuevas-miradas","et-has-post-format-content","et_post_format-et-post-format-standard"],"_links":{"self":[{"href":"https:\/\/conectamutual.cl\/bienestar\/wp-json\/wp\/v2\/posts\/5799","targetHints":{"allow":["GET"]}}],"collection":[{"href":"https:\/\/conectamutual.cl\/bienestar\/wp-json\/wp\/v2\/posts"}],"about":[{"href":"https:\/\/conectamutual.cl\/bienestar\/wp-json\/wp\/v2\/types\/post"}],"author":[{"embeddable":true,"href":"https:\/\/conectamutual.cl\/bienestar\/wp-json\/wp\/v2\/users\/2"}],"replies":[{"embeddable":true,"href":"https:\/\/conectamutual.cl\/bienestar\/wp-json\/wp\/v2\/comments?post=5799"}],"version-history":[{"count":3,"href":"https:\/\/conectamutual.cl\/bienestar\/wp-json\/wp\/v2\/posts\/5799\/revisions"}],"predecessor-version":[{"id":5805,"href":"https:\/\/conectamutual.cl\/bienestar\/wp-json\/wp\/v2\/posts\/5799\/revisions\/5805"}],"wp:featuredmedia":[{"embeddable":true,"href":"https:\/\/conectamutual.cl\/bienestar\/wp-json\/wp\/v2\/media\/5802"}],"wp:attachment":[{"href":"https:\/\/conectamutual.cl\/bienestar\/wp-json\/wp\/v2\/media?parent=5799"}],"wp:term":[{"taxonomy":"category","embeddable":true,"href":"https:\/\/conectamutual.cl\/bienestar\/wp-json\/wp\/v2\/categories?post=5799"},{"taxonomy":"post_tag","embeddable":true,"href":"https:\/\/conectamutual.cl\/bienestar\/wp-json\/wp\/v2\/tags?post=5799"}],"curies":[{"name":"wp","href":"https:\/\/api.w.org\/{rel}","templated":true}]}}