{"id":5857,"date":"2021-04-04T18:52:05","date_gmt":"2021-04-04T22:52:05","guid":{"rendered":"https:\/\/conectamutual.cl\/bienestar\/?p=5857"},"modified":"2021-04-05T16:33:14","modified_gmt":"2021-04-05T20:33:14","slug":"las-comunidades-mas-unidas-tienen-menos-tasas-de-infeccion-y-menos-muertes-por-covid-19-all-you-need-is-love","status":"publish","type":"post","link":"https:\/\/conectamutual.cl\/bienestar\/el-valor-de-vincularse\/las-comunidades-mas-unidas-tienen-menos-tasas-de-infeccion-y-menos-muertes-por-covid-19-all-you-need-is-love\/","title":{"rendered":"Las comunidades m\u00e1s unidas tienen menos tasas de infecci\u00f3n (y menos muertes) por COVID-19: \u201cAll you need is Love\u201d"},"content":{"rendered":"<p>[et_pb_section fb_built=\u00bb1&#8243; _builder_version=\u00bb3.29.3&#8243; custom_padding=\u00bb4px||0px|||\u00bb fb_built=\u00bb1&#8243; _i=\u00bb0&#8243; _address=\u00bb0&#8243;][et_pb_row _builder_version=\u00bb3.29.3&#8243; min_height=\u00bb102px\u00bb custom_margin_phone=\u00bb20px||||false|false\u00bb custom_margin_last_edited=\u00bbon|phone\u00bb custom_padding=\u00bb34px||10px|||\u00bb _i=\u00bb0&#8243; _address=\u00bb0.0&#8243;][et_pb_column type=\u00bb4_4&#8243; _builder_version=\u00bb3.29.3&#8243; _i=\u00bb0&#8243; _address=\u00bb0.0.0&#8243;][et_pb_image src=\u00bbhttps:\/\/conectamutual.cl\/bienestar\/wp-content\/uploads\/2019\/12\/LOGOS-CATEGORIAS-02.png\u00bb align=\u00bbcenter\u00bb disabled_on=\u00bboff|off|off\u00bb _builder_version=\u00bb3.29.3&#8243; width=\u00bb56%\u00bb width_phone=\u00bb95%\u00bb width_last_edited=\u00bbon|phone\u00bb _i=\u00bb0&#8243; _address=\u00bb0.0.0.0&#8243;][\/et_pb_image][\/et_pb_column][\/et_pb_row][\/et_pb_section][et_pb_section fb_built=\u00bb1&#8243; _builder_version=\u00bb3.29.3&#8243; custom_padding=\u00bb1px||0px|||\u00bb fb_built=\u00bb1&#8243; _i=\u00bb1&#8243; _address=\u00bb1&#8243;][et_pb_row _builder_version=\u00bb3.29.3&#8243; custom_padding=\u00bb0px||5px|||\u00bb _i=\u00bb0&#8243; _address=\u00bb1.0&#8243;][et_pb_column type=\u00bb4_4&#8243; _builder_version=\u00bb3.29.3&#8243; _i=\u00bb0&#8243; _address=\u00bb1.0.0&#8243;][et_pb_image src=\u00bbhttps:\/\/conectamutual.cl\/bienestar\/wp-content\/uploads\/2019\/10\/Logo-Espacio-Mutuo-02.png\u00bb align=\u00bbcenter\u00bb _builder_version=\u00bb3.29.3&#8243; width=\u00bb13%\u00bb width_phone=\u00bb22%\u00bb width_last_edited=\u00bbon|phone\u00bb custom_margin=\u00bb0px||||false|false\u00bb _i=\u00bb0&#8243; _address=\u00bb1.0.0.0&#8243;][\/et_pb_image][\/et_pb_column][\/et_pb_row][\/et_pb_section][et_pb_section fb_built=\u00bb1&#8243; _builder_version=\u00bb3.29.3&#8243; custom_padding=\u00bb15px||1px|||\u00bb fb_built=\u00bb1&#8243; _i=\u00bb2&#8243; _address=\u00bb2&#8243;][et_pb_row _builder_version=\u00bb3.29.3&#8243; custom_padding=\u00bb3px||36px|||\u00bb _i=\u00bb0&#8243; _address=\u00bb2.0&#8243;][et_pb_column type=\u00bb4_4&#8243; _builder_version=\u00bb3.29.3&#8243; _i=\u00bb0&#8243; _address=\u00bb2.0.0&#8243;][et_pb_post_title comments=\u00bboff\u00bb featured_image=\u00bboff\u00bb _builder_version=\u00bb3.29.3&#8243; title_font=\u00bbMontserrat|700|||||||\u00bb title_text_align=\u00bbcenter\u00bb title_text_color=\u00bb#c4d600&#8243; title_font_size=\u00bb54px\u00bb title_line_height=\u00bb1.1em\u00bb meta_font=\u00bbMontserrat||||||||\u00bb meta_text_align=\u00bbcenter\u00bb meta_font_size=\u00bb12px\u00bb title_font_size_phone=\u00bb30px\u00bb title_font_size_last_edited=\u00bbon|phone\u00bb meta_font_size_phone=\u00bb10px\u00bb meta_font_size_last_edited=\u00bbon|phone\u00bb _i=\u00bb0&#8243; _address=\u00bb2.0.0.0&#8243;][\/et_pb_post_title][\/et_pb_column][\/et_pb_row][\/et_pb_section][et_pb_section fb_built=\u00bb1&#8243; fullwidth=\u00bbon\u00bb _builder_version=\u00bb3.29.3&#8243; fb_built=\u00bb1&#8243; _i=\u00bb3&#8243; _address=\u00bb3&#8243;][et_pb_fullwidth_image src=\u00bbhttps:\/\/conectamutual.cl\/bienestar\/wp-content\/uploads\/2021\/04\/pexels-andrea-piacquadio-3865544.jpg\u00bb _builder_version=\u00bb3.29.3&#8243; custom_padding=\u00bb0px|||||\u00bb _i=\u00bb0&#8243; _address=\u00bb3.0&#8243;][\/et_pb_fullwidth_image][\/et_pb_section][et_pb_section fb_built=\u00bb1&#8243; _builder_version=\u00bb3.29.3&#8243; custom_padding=\u00bb||8px|||\u00bb fb_built=\u00bb1&#8243; _i=\u00bb4&#8243; _address=\u00bb4&#8243;][et_pb_row _builder_version=\u00bb3.29.3&#8243; custom_padding=\u00bb9px|||||\u00bb _i=\u00bb0&#8243; _address=\u00bb4.0&#8243;][et_pb_column type=\u00bb4_4&#8243; _builder_version=\u00bb3.29.3&#8243; custom_padding=\u00bb|110px||110px|false|false\u00bb custom_padding_phone=\u00bb|10px||10px|false|false\u00bb custom_padding_last_edited=\u00bbon|phone\u00bb _i=\u00bb0&#8243; _address=\u00bb4.0.0&#8243;][et_pb_text _builder_version=\u00bb3.29.3&#8243; text_font_size=\u00bb17px\u00bb text_line_height=\u00bb2.1em\u00bb header_2_text_color=\u00bb#c4d600&#8243; custom_margin_last_edited=\u00bbon|phone\u00bb custom_padding=\u00bb|0px||0px|false|false\u00bb text_font_size_phone=\u00bb16px\u00bb text_font_size_last_edited=\u00bbon|phone\u00bb text_line_height_phone=\u00bb1.9em\u00bb text_line_height_last_edited=\u00bbon|phone\u00bb header_2_font_size_phone=\u00bb23px\u00bb header_2_font_size_last_edited=\u00bbon|phone\u00bb _i=\u00bb0&#8243; _address=\u00bb4.0.0.0&#8243;]<\/p>\n<blockquote>\n<p><span style=\"font-weight: 400;\">En Chile, a pesar de la r\u00e1pida vacunaci\u00f3n de la poblaci\u00f3n, el coronavirus est\u00e1 lejos de ser controlado. A un a\u00f1o del inicio de la pandemia, las cifras de contagios est\u00e1n m\u00e1s altas que nunca -m\u00e1s de 8.000 nuevos diagn\u00f3sticos diarios- y los servicios de salud temen su inminente saturaci\u00f3n.\u00a0<\/span><\/p>\n<\/blockquote>\n<p><span style=\"font-weight: 400;\">Y, sin embargo, los efectos del COVID-19 no son iguales en todo el pa\u00eds: algunas comunidades est\u00e1n llev\u00e1ndolo mejor que otras, tanto en la propagaci\u00f3n del virus como en el n\u00famero de fallecidos. Las explicaciones son varias \u2013la <\/span><a href=\"https:\/\/link.springer.com\/article\/10.1007\/s40808-020-00984-7\"><span style=\"font-weight: 400;\">densidad<\/span><\/a><span style=\"font-weight: 400;\"> de la poblaci\u00f3n, la capacidad de los <\/span><a href=\"https:\/\/www.healthaffairs.org\/doi\/full\/10.1377\/hlthaff.2020.00581\"><span style=\"font-weight: 400;\">centros de salud<\/span><\/a><span style=\"font-weight: 400;\"> y el liderazgo encargado de <\/span><a href=\"https:\/\/www.nature.com\/articles\/s41562-020-00977-7\"><span style=\"font-weight: 400;\">promover el uso de mascarillas y distanciamiento social<\/span><\/a><span style=\"font-weight: 400;\">.\u00a0<\/span><\/p>\n<p><span style=\"font-weight: 400;\">Y s\u00ed, todos esos factores pueden hacer la diferencia. Pero un nuevo estudio se\u00f1ala un <\/span><b>insospechado recurso que las comunidades tienen para combatir al virus:<\/b><span style=\"font-weight: 400;\"> el <\/span><a href=\"https:\/\/greatergood.berkeley.edu\/article\/item\/strong_communities_have_fewer_covid19_cases\"><span style=\"font-weight: 400;\">capital social<\/span><\/a><span style=\"font-weight: 400;\">; es decir, <\/span><b>la red de relaciones que dan forma a una comunidad.\u00a0<\/b><\/p>\n<h3><b>\u00bfEL PODER DEL AMOR?<\/b><\/h3>\n<p><span style=\"font-weight: 400;\">De acuerdo con la investigaci\u00f3n, las localidades en las cuales <\/span><b>las personas conf\u00edan m\u00e1s en los otros, adem\u00e1s de sentirse conectadas y preocupadas por el resto, tienen menos \u00edndices de infecci\u00f3n y muertes de COVID-19 que el promedio.\u00a0<\/b><\/p>\n<p><span style=\"font-weight: 400;\">Para el estudio, los investigadores Christos Makridis del Instituto de Tecnolog\u00eda de Massachusetts, Estados Unidos, y Cary Wu de la Universidad de York en Toronto, Canad\u00e1, compararon m\u00e1s de 2.700 condados repartidos por los Estados Unidos, que representan una variedad de comunidades con diferentes caracter\u00edsticas. Sus datos sobre las tasas de infecci\u00f3n y muerte provienen de un <\/span><a href=\"https:\/\/coronavirus.jhu.edu\/data\"><span style=\"font-weight: 400;\">informe<\/span><\/a><span style=\"font-weight: 400;\"> publicado por la Universidad Johns Hopkins que rastrea el virus.<\/span><\/p>\n<p><span style=\"font-weight: 400;\">Para el capital social, analizaron datos recopilados por <\/span><a href=\"https:\/\/gss.norc.org\/\"><span style=\"font-weight: 400;\">2 grandes encuestas<\/span><\/a><span style=\"font-weight: 400;\"> acerca de aquellos <\/span><b>elementos considerados esenciales para la vida social, como estructuras familiares estables, confianza en las instituciones sociales y el n\u00famero de personas que votan, que se ofrecen como voluntarios, que ayudan a sus vecinos<\/b><span style=\"font-weight: 400;\"> y m\u00e1s. Por supuesto, tambi\u00e9n observaron informaci\u00f3n demogr\u00e1fica b\u00e1sica, como la composici\u00f3n racial de la comunidad, su edad promedio, el nivel de educaci\u00f3n y los ingresos, y si es rural o urbano; todos factores que podr\u00edan influir en los an\u00e1lisis.<\/span><\/p>\n<p><span style=\"font-weight: 400;\">\u00bfEl resultado? Los cient\u00edficos encontraron que <\/span><b>las comunidades con mayor capital social ten\u00edan tasas m\u00e1s bajas de infecci\u00f3n y muerte por el virus.<\/b><span style=\"font-weight: 400;\"> M\u00e1s espec\u00edficamente, las comunidades en el 25% superior de capital social tuvieron <\/span><b>casi un 18% menos de casos de COVID-19 y un 5.3% menos de muertes<\/b><span style=\"font-weight: 400;\"> por COVID-19 por cada 100.000 habitantes que los del 25% inferior.<\/span><\/p>\n<h3><b>LA CONFIANZA DISMINUYE EL RIESGO<\/b><\/h3>\n<p><span style=\"font-weight: 400;\">Makridis lo explica de manera sencilla: <\/span><b>\u201cLas personas que se respetan y conf\u00edan m\u00e1s entre s\u00ed probablemente mantendr\u00e1n una mejor higiene y no tomar\u00e1n riesgos innecesarios\u201d<\/b><span style=\"font-weight: 400;\">, dice. \u201cAunque quiz\u00e1s no sea demasiado sorprendente, es importante destacar el punto de manera cuantitativa para que no haya duda\u201d.<\/span><\/p>\n<p><span style=\"font-weight: 400;\">Pero los estudios no quedaron tan s\u00f3lo ah\u00ed. Adicionalmente, descubrieron que <\/span><b>en las comunidades de bajos ingresos el capital social parec\u00eda ser m\u00e1s importante<\/b><span style=\"font-weight: 400;\"> para prevenir la propagaci\u00f3n viral que en las comunidades pr\u00f3speras, posiblemente porque las comunidades m\u00e1s ricas tienen mejor atenci\u00f3n m\u00e9dica, suministros de alimentos m\u00e1s saludables y m\u00e1s personas capaces de trabajar desde casa; es decir, \u201ctoda la protecci\u00f3n que podr\u00edas llegar a necesitar durante una pandemia\u201d, se\u00f1ala Makridis.<\/span><\/p>\n<p><span style=\"font-weight: 400;\">Las \u00e1reas m\u00e1s densamente pobladas tambi\u00e9n parec\u00edan necesitar m\u00e1s capital social para combatir el virus que las \u00e1reas menos densamente pobladas, lo que significa que cuidar a los dem\u00e1s tambi\u00e9n es importante all\u00ed. \u201cCuanto m\u00e1s las normas y la confianza fomenten el comportamiento inteligente, y <\/span><b>cuanto m\u00e1s amables y cari\u00f1osos puedan ser las personas de una comunidad, m\u00e1s podr\u00e1n mitigar la transmisi\u00f3n del virus sin recursos adicionales, a pesar del hacinamiento<\/b><span style=\"font-weight: 400;\">\u201d, dice.<\/span><\/p>\n<h3><b>EL DETALLE SOCIAL<\/b><\/h3>\n<p><span style=\"font-weight: 400;\">Para no dejar ninguna pregunta sin responder, Makridis y Wu incluso consideraron qu\u00e9 aspectos del capital social eran los m\u00e1s importantes al momento de combatir cara a cara contra el COVID-19. Dividieron sus elementos en categor\u00edas:\u00a0<\/span><\/p>\n<p><b>1. Unidad familiar<\/b><span style=\"font-weight: 400;\">: qu\u00e9 tan estables son los lazos familiares.\u00a0<\/span><\/p>\n<p><b>2. Salud Comunitaria<\/b><span style=\"font-weight: 400;\">: la salud y la atenci\u00f3n m\u00e9dica disponible en una comunidad.\u00a0<\/span><\/p>\n<p><b>3. Salud Institucional<\/b><span style=\"font-weight: 400;\">: cu\u00e1nto conf\u00edan las personas en las instituciones y participan en cosas como la votaci\u00f3n o el censo.\u00a0<\/span><\/p>\n<p><b>4. Eficacia Colectiva<\/b><span style=\"font-weight: 400;\">: cu\u00e1nto se ayudan las personas, se ofrecen como voluntarios, participan en actividades comunitarias, etc.<\/span><\/p>\n<p><span style=\"font-weight: 400;\">Si bien la salud de la comunidad estuvo fuertemente relacionada con un impacto reducido del virus, al igual que la unidad familiar, <\/span><b>el segundo factor m\u00e1s importante fue la <\/b><a href=\"https:\/\/conectamutual.cl\/bienestar\/el-valor-de-vincularse\/tu-ya-eres-un-lider-social-y-no-lo-sabes\/\"><b>eficacia colectiva<\/b><\/a><b>: la capacidad de una comunidad para unirse en una causa com\u00fan.<\/b><\/p>\n<p><span style=\"font-weight: 400;\">\u201cObviamente, <\/span><b>la salud de la comunidad ser\u00e1 importante en una pandemia<\/b><span style=\"font-weight: 400;\"> \u2013si una comunidad realmente no tiene una buena infraestructura de salud p\u00fablica, no hay mucho que pueda hacer para evitar la propagaci\u00f3n del virus y muertes adicionales\u201d, dice Makridis. <\/span><b>\u201cPero las normas y la confianza tambi\u00e9n son un pegamento importante durante las crisis\u201d.<\/b><span style=\"font-weight: 400;\">\u00a0<\/span><\/p>\n<h3><b>LA PROTECCI\u00d3N DEL FUTURO<\/b><\/h3>\n<p><span style=\"font-weight: 400;\">Lo que toda esta nueva informaci\u00f3n nos ense\u00f1a es que las comunidades deber\u00edan <\/span><b>capitalizar sus conexiones sociales<\/b><span style=\"font-weight: 400;\"> \u2013<\/span><b>pero, <\/b><b><i>claro<\/i><\/b><b>\u2026 no es algo f\u00e1cil de lograr durante el aislamiento de las cuarentenas.\u00a0<\/b><\/p>\n<p><span style=\"font-weight: 400;\">Si bien refugiarse en un lugar puede resultar eficaz para frenar la propagaci\u00f3n del virus, a los expertos les preocupan sus <\/span><b>consecuencias no deseadas en el bienestar social y econ\u00f3mico<\/b><span style=\"font-weight: 400;\"> de una comunidad a largo plazo. Por ejemplo, Makridis se\u00f1ala c\u00f3mo el encierro ha afectado el mercado de cuidado infantil en muchos lugares, lo que ser\u00e1 perjudicial para las familias cuando la econom\u00eda se reabra.<\/span><\/p>\n<p><span style=\"font-weight: 400;\">En su opini\u00f3n, los l\u00edderes c\u00edvicos deber\u00edan pensar de manera m\u00e1s amplia sobre el impacto de las pol\u00edticas creadas para luchar contra la pandemia. <\/span><b>Preservar el capital social es importante porque puede ayudar a la respuesta de una comunidad frente al virus: <\/b><span style=\"font-weight: 400;\">\u201cDebido al papel que juega el capital social, <\/span><b>se puede movilizar apoyo y acciones a nivel local<\/b><span style=\"font-weight: 400;\">, incluso si no est\u00e1 sucediendo a nivel nacional\u201d, dice.<\/span><\/p>\n<p><span style=\"font-weight: 400;\">Y no es la primera persona en decirlo: existe un creciente cuerpo de estudios que demuestra que el <\/span><b>capital social ayuda a las comunidades a prevenir y recuperarse de desastres<\/b> <b>\u2013incluidas otras epidemias<\/b><span style=\"font-weight: 400;\">, como el brote del \u00e9bola.<\/span><\/p>\n<p><span style=\"font-weight: 400;\">Desafortunadamente, las divisiones pol\u00edticas han sido un gran obst\u00e1culo para la construcci\u00f3n de capital social y, por lo tanto, para superar la pandemia. Seg\u00fan Makridis, <\/span><b>si pudi\u00e9ramos escucharnos los unos a los otros sin rencor y comenzar desde un lugar de cuidado mutuo estar\u00edamos mucho m\u00e1s avanzados en esta lucha<\/b><span style=\"font-weight: 400;\">: \u201cPuede parecer realmente simple y de sentido com\u00fan, pero vale la pena repetirlo \u2013<\/span><b>si se aman, ese es el punto de partida<\/b><span style=\"font-weight: 400;\">\u201d, concluye.\u00a0<\/span><\/p>\n<p><span style=\"font-weight: 400;\">La pandemia le da todo un nuevo sentido a <\/span><i><span style=\"font-weight: 400;\">\u201camar\u00e1s a tu pr\u00f3jimo\u201d,<\/span><\/i><span style=\"font-weight: 400;\"> \u00bfno? Pues la cuarentena no es excusa: descubre <\/span><a href=\"https:\/\/conectamutual.cl\/bienestar\/el-valor-de-vincularse\/conoce-los-5-lenguajes-del-amor-encontrar-el-tuyo-podria-hacer-que-tus-conexiones-emocionales-sean-mucho-mas-satisfactorias\/\"><span style=\"font-weight: 400;\">c\u00f3mo puedes ayudar en tu comunidad<\/span><\/a><span style=\"font-weight: 400;\"> cada d\u00eda, sin la necesidad de exponerte al virus. <\/span><\/p>\n<p>[\/et_pb_text][\/et_pb_column][\/et_pb_row][et_pb_row _builder_version=\u00bb3.29.3&#8243; background_color=\u00bbrgba(0,0,0,0)\u00bb _i=\u00bb1&#8243; _address=\u00bb4.1&#8243;][et_pb_column type=\u00bb4_4&#8243; _builder_version=\u00bb3.29.3&#8243; transform_scale_linked=\u00bboff\u00bb transform_translate=\u00bb-4px|10px\u00bb transform_translate_linked=\u00bboff\u00bb custom_padding=\u00bb5px|0px|5px|0px|false|true\u00bb animation_style=\u00bbzoom\u00bb animation_duration=\u00bb500ms\u00bb border_radii=\u00bboff||||\u00bb border_color_all=\u00bb#cde002&#8243; border_width_top=\u00bb1px\u00bb border_color_top=\u00bb#e09900&#8243; border_style_top=\u00bbdotted\u00bb border_width_bottom=\u00bb1px\u00bb border_color_bottom=\u00bb#e09900&#8243; border_style_bottom=\u00bbdotted\u00bb _i=\u00bb0&#8243; _address=\u00bb4.1.0&#8243;][et_pb_code admin_label=\u00bbRating Art\u00edculo\u00bb _builder_version=\u00bb3.29.3&#8243; transform_scale=\u00bb110%|110%\u00bb transform_translate=\u00bb424px|5px\u00bb transform_translate_linked=\u00bboff\u00bb hover_enabled=\u00bb0&#8243; _i=\u00bb0&#8243; _address=\u00bb4.1.0.0&#8243;]<a class=\"typeform-share button\" href=\"https:\/\/singularmktg.typeform.com\/to\/COMq1XCs#art=364\" data-mode=\"drawer_right\" style=\"display:inline-block;text-decoration:none;background-color:#CDE002;color:white;cursor:pointer;font-family:Helvetica,Arial,sans-serif;font-size:20px;line-height:50px;text-align:center;margin:0;height:50px;padding:0px 33px;border-radius:12px;max-width:100%;white-space:nowrap;overflow:hidden;text-overflow:ellipsis;font-weight:bold;-webkit-font-smoothing:antialiased;-moz-osx-font-smoothing:grayscale;\" data-hide-headers=\"true\" data-hide-footer=\"true\" data-submit-close-delay=\"2\" target=\"_blank\" rel=\"noopener noreferrer\">Eval\u00faa este art\u00edculo <\/a> <script> (function() { var qs,js,q,s,d=document, gi=d.getElementById, ce=d.createElement, gt=d.getElementsByTagName, id=\"typef_orm_share\", b=\"https:\/\/embed.typeform.com\/\"; if(!gi.call(d,id)){ js=ce.call(d,\"script\"); js.id=id; js.src=b+\"embed.js\"; q=gt.call(d,\"script\")[0]; q.parentNode.insertBefore(js,q) } })() <\/script>[\/et_pb_code][\/et_pb_column][\/et_pb_row][et_pb_row _builder_version=\u00bb3.29.3&#8243; _i=\u00bb2&#8243; _address=\u00bb4.2&#8243;][et_pb_column type=\u00bb4_4&#8243; _builder_version=\u00bb3.29.3&#8243; custom_padding_phone=\u00bb40px||||false|false\u00bb custom_padding_last_edited=\u00bbon|phone\u00bb _i=\u00bb0&#8243; _address=\u00bb4.2.0&#8243;][et_pb_posts_carousel_agsdcm category_id=\u00bb25&#8243; max_title_characters=\u00bb150&#8243; heading_style=\u00bbcustom\u00bb heading_primary=\u00bb\u00daltimos Art\u00edculos\u00bb heading_sub=\u00bbEl Valor de Vincularse\u00bb posts_filter_any=\u00bbon\u00bb _builder_version=\u00bb3.29.3&#8243; header_font=\u00bbMontserrat||||||||\u00bb header_text_color=\u00bb#757575&#8243; header_font_size=\u00bb19px\u00bb subheader_text_color=\u00bb#828282&#8243; title_font=\u00bbMontserrat|700|||||||\u00bb title_text_color=\u00bb#acc601&#8243; border_color_all=\u00bb#cde002&#8243; _i=\u00bb0&#8243; _address=\u00bb4.2.0.0&#8243;][\/et_pb_posts_carousel_agsdcm][\/et_pb_column][\/et_pb_row][\/et_pb_section]<\/p>\n","protected":false},"excerpt":{"rendered":"<p>En Chile, a pesar de la r\u00e1pida vacunaci\u00f3n de la poblaci\u00f3n, el coronavirus est\u00e1 lejos de ser controlado. A un a\u00f1o del inicio de la pandemia, las cifras de contagios est\u00e1n m\u00e1s altas que nunca -m\u00e1s de 8.000 nuevos diagn\u00f3sticos diarios- y los servicios de salud temen su inminente saturaci\u00f3n.\u00a0 Y, sin embargo, los efectos [&hellip;]<\/p>\n","protected":false},"author":2,"featured_media":5860,"comment_status":"closed","ping_status":"closed","sticky":false,"template":"","format":"standard","meta":{"_et_pb_use_builder":"on","_et_pb_old_content":"","_et_gb_content_width":"","footnotes":""},"categories":[25],"tags":[],"class_list":["post-5857","post","type-post","status-publish","format-standard","has-post-thumbnail","hentry","category-el-valor-de-vincularse","et-has-post-format-content","et_post_format-et-post-format-standard"],"_links":{"self":[{"href":"https:\/\/conectamutual.cl\/bienestar\/wp-json\/wp\/v2\/posts\/5857","targetHints":{"allow":["GET"]}}],"collection":[{"href":"https:\/\/conectamutual.cl\/bienestar\/wp-json\/wp\/v2\/posts"}],"about":[{"href":"https:\/\/conectamutual.cl\/bienestar\/wp-json\/wp\/v2\/types\/post"}],"author":[{"embeddable":true,"href":"https:\/\/conectamutual.cl\/bienestar\/wp-json\/wp\/v2\/users\/2"}],"replies":[{"embeddable":true,"href":"https:\/\/conectamutual.cl\/bienestar\/wp-json\/wp\/v2\/comments?post=5857"}],"version-history":[{"count":5,"href":"https:\/\/conectamutual.cl\/bienestar\/wp-json\/wp\/v2\/posts\/5857\/revisions"}],"predecessor-version":[{"id":5889,"href":"https:\/\/conectamutual.cl\/bienestar\/wp-json\/wp\/v2\/posts\/5857\/revisions\/5889"}],"wp:featuredmedia":[{"embeddable":true,"href":"https:\/\/conectamutual.cl\/bienestar\/wp-json\/wp\/v2\/media\/5860"}],"wp:attachment":[{"href":"https:\/\/conectamutual.cl\/bienestar\/wp-json\/wp\/v2\/media?parent=5857"}],"wp:term":[{"taxonomy":"category","embeddable":true,"href":"https:\/\/conectamutual.cl\/bienestar\/wp-json\/wp\/v2\/categories?post=5857"},{"taxonomy":"post_tag","embeddable":true,"href":"https:\/\/conectamutual.cl\/bienestar\/wp-json\/wp\/v2\/tags?post=5857"}],"curies":[{"name":"wp","href":"https:\/\/api.w.org\/{rel}","templated":true}]}}