{"id":5873,"date":"2021-04-04T19:09:57","date_gmt":"2021-04-04T23:09:57","guid":{"rendered":"https:\/\/conectamutual.cl\/bienestar\/?p=5873"},"modified":"2021-04-05T16:34:39","modified_gmt":"2021-04-05T20:34:39","slug":"la-relevancia-de-la-sostenibilidad-en-las-empresas-de-latinoamerica","status":"publish","type":"post","link":"https:\/\/conectamutual.cl\/bienestar\/espacios-de-reflexion\/la-relevancia-de-la-sostenibilidad-en-las-empresas-de-latinoamerica\/","title":{"rendered":"La relevancia de la Sostenibilidad en las empresas de Latinoam\u00e9rica"},"content":{"rendered":"<p>[et_pb_section fb_built=\u00bb1&#8243; _builder_version=\u00bb3.29.3&#8243; custom_margin=\u00bb||-50px||false|false\u00bb custom_margin_phone=\u00bb||0px||false|false\u00bb custom_margin_last_edited=\u00bbon|phone\u00bb custom_padding=\u00bb11px||0px||false|false\u00bb fb_built=\u00bb1&#8243; _i=\u00bb0&#8243; _address=\u00bb0&#8243;][et_pb_row column_structure=\u00bb1_3,1_3,1_3&#8243; disabled_on=\u00bbon|on|off\u00bb _builder_version=\u00bb3.29.3&#8243; min_height=\u00bb269px\u00bb custom_margin=\u00bb-15px|auto|-190px|auto|false|false\u00bb custom_margin_last_edited=\u00bbon|phone\u00bb custom_padding=\u00bb||0px||false|false\u00bb _i=\u00bb0&#8243; _address=\u00bb0.0&#8243;][et_pb_column type=\u00bb1_3&#8243; _builder_version=\u00bb3.29.3&#8243; _i=\u00bb0&#8243; _address=\u00bb0.0.0&#8243;][\/et_pb_column][et_pb_column type=\u00bb1_3&#8243; _builder_version=\u00bb3.29.3&#8243; _i=\u00bb1&#8243; _address=\u00bb0.0.1&#8243;][et_pb_image src=\u00bbhttps:\/\/conectamutual.cl\/bienestar\/wp-content\/uploads\/2019\/10\/Logo-Espacio-Mutuo-02.png\u00bb align=\u00bbcenter\u00bb _builder_version=\u00bb3.29.3&#8243; width=\u00bb83%\u00bb width_phone=\u00bb22%\u00bb width_last_edited=\u00bbon|phone\u00bb custom_margin=\u00bb15px||||false|false\u00bb _i=\u00bb0&#8243; _address=\u00bb0.0.1.0&#8243;][\/et_pb_image][\/et_pb_column][et_pb_column type=\u00bb1_3&#8243; _builder_version=\u00bb3.29.3&#8243; _i=\u00bb2&#8243; _address=\u00bb0.0.2&#8243;][et_pb_image src=\u00bbhttps:\/\/conectamutual.cl\/bienestar\/wp-content\/uploads\/2021\/01\/Captura-de-Pantalla-2021-01-16-a-las-10.07.37.png\u00bb align=\u00bbright\u00bb _builder_version=\u00bb3.29.3&#8243; width=\u00bb72%\u00bb width_phone=\u00bb41%\u00bb width_last_edited=\u00bbon|phone\u00bb custom_margin=\u00bb45px||45px||true|false\u00bb custom_margin_phone=\u00bb10px||60px||false|false\u00bb custom_margin_last_edited=\u00bbon|phone\u00bb _i=\u00bb0&#8243; _address=\u00bb0.0.2.0&#8243;][\/et_pb_image][\/et_pb_column][\/et_pb_row][et_pb_row column_structure=\u00bb1_3,1_3,1_3&#8243; disabled_on=\u00bboff|off|on\u00bb _builder_version=\u00bb3.29.3&#8243; min_height=\u00bb269px\u00bb custom_margin=\u00bb-15px|auto|-20px|auto|false|false\u00bb custom_margin_last_edited=\u00bbon|phone\u00bb custom_padding=\u00bb||||false|false\u00bb _i=\u00bb1&#8243; _address=\u00bb0.1&#8243;][et_pb_column type=\u00bb1_3&#8243; _builder_version=\u00bb3.29.3&#8243; _i=\u00bb0&#8243; _address=\u00bb0.1.0&#8243;][\/et_pb_column][et_pb_column type=\u00bb1_3&#8243; _builder_version=\u00bb3.29.3&#8243; _i=\u00bb1&#8243; _address=\u00bb0.1.1&#8243;][et_pb_image src=\u00bbhttps:\/\/conectamutual.cl\/bienestar\/wp-content\/uploads\/2019\/10\/Logo-Espacio-Mutuo-01.png\u00bb align=\u00bbcenter\u00bb force_fullwidth=\u00bbon\u00bb _builder_version=\u00bb3.29.3&#8243; min_height=\u00bb170px\u00bb min_height_phone=\u00bb187px\u00bb min_height_last_edited=\u00bbon|phone\u00bb height=\u00bb100px\u00bb max_height=\u00bb1000px\u00bb custom_margin=\u00bb-14px||8px|||\u00bb _i=\u00bb0&#8243; _address=\u00bb0.1.1.0&#8243;][\/et_pb_image][\/et_pb_column][et_pb_column type=\u00bb1_3&#8243; _builder_version=\u00bb3.29.3&#8243; _i=\u00bb2&#8243; _address=\u00bb0.1.2&#8243;][et_pb_image src=\u00bbhttps:\/\/conectamutual.cl\/bienestar\/wp-content\/uploads\/2021\/01\/Captura-de-Pantalla-2021-01-16-a-las-10.07.37.png\u00bb align=\u00bbcenter\u00bb _builder_version=\u00bb3.29.3&#8243; width=\u00bb94%\u00bb width_phone=\u00bb65%\u00bb width_last_edited=\u00bbon|phone\u00bb module_alignment=\u00bbcenter\u00bb custom_margin=\u00bb45px||45px||true|false\u00bb custom_margin_phone=\u00bb10px||60px||false|false\u00bb custom_margin_last_edited=\u00bbon|phone\u00bb _i=\u00bb0&#8243; _address=\u00bb0.1.2.0&#8243;][\/et_pb_image][\/et_pb_column][\/et_pb_row][\/et_pb_section][et_pb_section fb_built=\u00bb1&#8243; _builder_version=\u00bb3.29.3&#8243; custom_padding=\u00bb4px||0px|||\u00bb fb_built=\u00bb1&#8243; _i=\u00bb1&#8243; _address=\u00bb1&#8243;][et_pb_row _builder_version=\u00bb3.29.3&#8243; min_height=\u00bb102px\u00bb custom_margin_phone=\u00bb20px||||false|false\u00bb custom_margin_last_edited=\u00bbon|phone\u00bb custom_padding=\u00bb34px||10px|||\u00bb _i=\u00bb0&#8243; _address=\u00bb1.0&#8243;][et_pb_column type=\u00bb4_4&#8243; _builder_version=\u00bb3.29.3&#8243; _i=\u00bb0&#8243; _address=\u00bb1.0.0&#8243;][et_pb_image src=\u00bbhttps:\/\/conectamutual.cl\/bienestar\/wp-content\/uploads\/2019\/12\/LOGOS-CATEGORIAS-01.png\u00bb align=\u00bbcenter\u00bb disabled_on=\u00bboff|off|off\u00bb _builder_version=\u00bb3.29.3&#8243; width=\u00bb50%\u00bb width_phone=\u00bb95%\u00bb width_last_edited=\u00bbon|phone\u00bb _i=\u00bb0&#8243; _address=\u00bb1.0.0.0&#8243;][\/et_pb_image][\/et_pb_column][\/et_pb_row][\/et_pb_section][et_pb_section fb_built=\u00bb1&#8243; _builder_version=\u00bb3.29.3&#8243; custom_padding=\u00bb15px||1px|||\u00bb fb_built=\u00bb1&#8243; _i=\u00bb2&#8243; _address=\u00bb2&#8243;][et_pb_row _builder_version=\u00bb3.29.3&#8243; custom_padding=\u00bb3px||36px|||\u00bb _i=\u00bb0&#8243; _address=\u00bb2.0&#8243;][et_pb_column type=\u00bb4_4&#8243; _builder_version=\u00bb3.29.3&#8243; _i=\u00bb0&#8243; _address=\u00bb2.0.0&#8243;][et_pb_post_title comments=\u00bboff\u00bb featured_image=\u00bboff\u00bb _builder_version=\u00bb3.29.3&#8243; title_font=\u00bbMontserrat|700|||||||\u00bb title_text_align=\u00bbcenter\u00bb title_text_color=\u00bb#c4d600&#8243; title_font_size=\u00bb54px\u00bb title_line_height=\u00bb1.1em\u00bb meta_font=\u00bbMontserrat||||||||\u00bb meta_text_align=\u00bbcenter\u00bb meta_font_size=\u00bb12px\u00bb title_font_size_phone=\u00bb30px\u00bb title_font_size_last_edited=\u00bbon|phone\u00bb meta_font_size_phone=\u00bb10px\u00bb meta_font_size_last_edited=\u00bbon|phone\u00bb _i=\u00bb0&#8243; _address=\u00bb2.0.0.0&#8243;][\/et_pb_post_title][\/et_pb_column][\/et_pb_row][\/et_pb_section][et_pb_section fb_built=\u00bb1&#8243; _builder_version=\u00bb3.29.3&#8243; background_color=\u00bb#f4f4f4&#8243; custom_padding=\u00bb23px||7px|||\u00bb fb_built=\u00bb1&#8243; _i=\u00bb3&#8243; _address=\u00bb3&#8243;][et_pb_row column_structure=\u00bb1_2,1_2&#8243; _builder_version=\u00bb3.29.3&#8243; custom_margin=\u00bb||||false|false\u00bb custom_padding=\u00bb||38px|0px|false|false\u00bb _i=\u00bb0&#8243; _address=\u00bb3.0&#8243;][et_pb_column type=\u00bb1_2&#8243; _builder_version=\u00bb3.29.3&#8243; _i=\u00bb0&#8243; _address=\u00bb3.0.0&#8243;][et_pb_text _builder_version=\u00bb3.29.3&#8243; header_2_font=\u00bb|700|||||||\u00bb header_2_text_align=\u00bbright\u00bb header_2_text_color=\u00bb#707070&#8243; header_2_font_size=\u00bb23px\u00bb custom_margin=\u00bb||-2px|||\u00bb _i=\u00bb0&#8243; _address=\u00bb3.0.0.0&#8243;]<\/p>\n<h2><span>Tecnolog\u00edas para empresas inteligentes<\/span><\/h2>\n<p>[\/et_pb_text][et_pb_text _builder_version=\u00bb3.29.3&#8243; header_3_font=\u00bb||||||||\u00bb header_3_text_color=\u00bb#666666&#8243; header_3_font_size=\u00bb17px\u00bb custom_margin=\u00bb||||false|false\u00bb custom_padding=\u00bb|||120px|false|false\u00bb _i=\u00bb1&#8243; _address=\u00bb3.0.0.1&#8243;]<\/p>\n<h3 style=\"text-align: right;\">Contenido de expertos en colaboraci\u00f3n con Espacio Mutuo<\/h3>\n<p>[\/et_pb_text][\/et_pb_column][et_pb_column type=\u00bb1_2&#8243; _builder_version=\u00bb3.29.3&#8243; _i=\u00bb1&#8243; _address=\u00bb3.0.1&#8243;][et_pb_image src=\u00bbhttps:\/\/conectamutual.cl\/bienestar\/wp-content\/uploads\/2020\/12\/1024px-SAP_2011_logo.svg_.png\u00bb _builder_version=\u00bb3.29.3&#8243; width=\u00bb45%\u00bb _i=\u00bb0&#8243; _address=\u00bb3.0.1.0&#8243;][\/et_pb_image][\/et_pb_column][\/et_pb_row][\/et_pb_section][et_pb_section fb_built=\u00bb1&#8243; fullwidth=\u00bbon\u00bb _builder_version=\u00bb3.29.3&#8243; fb_built=\u00bb1&#8243; _i=\u00bb4&#8243; _address=\u00bb4&#8243;][et_pb_fullwidth_image src=\u00bbhttps:\/\/conectamutual.cl\/bienestar\/wp-content\/uploads\/2021\/04\/pexels-christina-morillo-1181406.jpg\u00bb _builder_version=\u00bb3.29.3&#8243; _i=\u00bb0&#8243; _address=\u00bb4.0&#8243;][\/et_pb_fullwidth_image][\/et_pb_section][et_pb_section fb_built=\u00bb1&#8243; _builder_version=\u00bb3.29.3&#8243; custom_padding=\u00bb11px||8px|||\u00bb fb_built=\u00bb1&#8243; _i=\u00bb5&#8243; _address=\u00bb5&#8243;][et_pb_row _builder_version=\u00bb3.29.3&#8243; custom_padding=\u00bb9px||0px|||\u00bb _i=\u00bb0&#8243; _address=\u00bb5.0&#8243;][et_pb_column type=\u00bb4_4&#8243; _builder_version=\u00bb3.29.3&#8243; custom_padding=\u00bb|110px||110px|false|false\u00bb custom_padding_phone=\u00bb|10px||10px|false|false\u00bb custom_padding_last_edited=\u00bbon|phone\u00bb _i=\u00bb0&#8243; _address=\u00bb5.0.0&#8243;][et_pb_text _builder_version=\u00bb3.29.3&#8243; text_font_size=\u00bb17px\u00bb text_line_height=\u00bb2.1em\u00bb header_2_text_color=\u00bb#c4d600&#8243; header_3_line_height=\u00bb1.6em\u00bb header_5_text_color=\u00bb#565656&#8243; header_5_font_size=\u00bb15px\u00bb header_5_line_height=\u00bb1.9em\u00bb custom_margin_last_edited=\u00bbon|phone\u00bb custom_padding=\u00bb36px|0px||0px|false|false\u00bb text_font_size_phone=\u00bb16px\u00bb text_font_size_last_edited=\u00bbon|phone\u00bb text_line_height_phone=\u00bb1.9em\u00bb text_line_height_last_edited=\u00bbon|phone\u00bb header_2_font_size_phone=\u00bb23px\u00bb header_2_font_size_last_edited=\u00bbon|phone\u00bb _i=\u00bb0&#8243; _address=\u00bb5.0.0.0&#8243;]<\/p>\n<p><span style=\"font-weight: 400;\">Un 45% de altos ejecutivos de empresas medianas y grandes de Am\u00e9rica Latina expresaron <\/span><b>contar ya con una estrategia de sostenibilidad<\/b><span style=\"font-weight: 400;\"> en sus organizaciones y un 22% dijo estar trabajando en una, poniendo este tema como agenda prioritaria entre las corporaciones de la regi\u00f3n. Esta es una de las conclusiones que revela el estudio <\/span><b>\u201cLa Sostenibilidad en la Agenda de los L\u00edderes de Latinoam\u00e9rica\u201d<\/b><span style=\"font-weight: 400;\">, patrocinado por <\/span><a href=\"http:\/\/www.sap.com\"><b>SAP<\/b><\/a><b>.<\/b><\/p>\n<p><span style=\"font-weight: 400;\">Se trata de una de las primeras investigaciones de este tipo realizada en la regi\u00f3n y que arroja datos muy alentadores en cuanto al progreso de la sostenibilidad en Am\u00e9rica Latina. Entre las conclusiones m\u00e1s reveladoras encontramos que <\/span><b>6 de cada 10 altos ejecutivos latinoamericanos entrevistados afirman que la sostenibilidad si es rentable<\/b><span style=\"font-weight: 400;\">.<\/span><\/p>\n<p><span style=\"font-weight: 400;\">El informe realizado entre 450 organizaciones incluy\u00f3 casi en partes iguales empresas de servicios donde se hallan las industrias de servicios financieros, retail, telecomunicaciones, salud, entretenimiento y viajes; y empresas proveedoras de bienes donde encontramos las industrias de petr\u00f3leo y gas, miner\u00eda, agricultura, farmac\u00e9utica, construcci\u00f3n y productos de consumo.\u00a0\u00a0<\/span><\/p>\n<p><b>El 60% de los encuestados afirm\u00f3 que su empresa tiene importante afinidad con el abordaje de igualdad de g\u00e9nero<\/b><span style=\"font-weight: 400;\"> (principal preocupaci\u00f3n de las compa\u00f1\u00edas de la regi\u00f3n), econom\u00eda circular (segundo en relevancia para las proveedoras de bienes), formaci\u00f3n de la fuerza laboral para el futuro (segundo puesto entre empresas de servicios), emprendimiento social o cambio clim\u00e1tico.<\/span><\/p>\n<p><span style=\"font-weight: 400;\">\u201cPara lograr un desarrollo sostenible es fundamental armonizar tres elementos b\u00e1sicos: <\/span><b>el crecimiento econ\u00f3mico, la inclusi\u00f3n social y la protecci\u00f3n del medio ambiente<\/b><span style=\"font-weight: 400;\">. Estos elementos est\u00e1n interrelacionados y son todos esenciales para el bienestar de las personas y las sociedades. Desde la perspectiva de las empresas, primero, tienen que ver con su prop\u00f3sito \u00faltimo, la misi\u00f3n, el valor que genera la compa\u00f1\u00eda para la sociedad. <\/span><b>M\u00e1s all\u00e1 del impacto positivo de la reputaci\u00f3n, hay una raz\u00f3n de negocios que -parece un juego de palabras- sustenta la sustentabilidad<\/b><span style=\"font-weight: 400;\">\u201d, explica Crist\u00f3bal Vergara, gerente general de SAP en Chile.<\/span><\/p>\n<p><span style=\"font-weight: 400;\">Los ejecutivos C-Level encuestados tambi\u00e9n piensan que <\/span><b>los empleados son un motor que empujar\u00e1 con fuerza las estrategias sostenibles<\/b><span style=\"font-weight: 400;\">, con un 30% de ellos consider\u00e1ndolo un tema \u201cextremadamente importante\u201d y un 39% \u201cbastante importante\u201d, con peaks m\u00e1s altos en Brasil y M\u00e9xico. Esto se vuelve a\u00fan m\u00e1s relevante si tomamos en cuenta que los millenials conformar\u00e1n el 75% de la fuerza laboral en 2025 y para este grupo las pr\u00e1cticas sostenibles son de vital importancia. <\/span><b>Seg\u00fan The Millennial Impact Report, el 64% de ellos solo aceptar\u00edan un trabajo si la empresa cuenta con esfuerzos sostenibles<\/b><span style=\"font-weight: 400;\">.<\/span><\/p>\n<p><b>La tecnolog\u00eda se consolida como pilar de apoyo para la gesti\u00f3n de la sostenibilidad<\/b><span style=\"font-weight: 400;\">: 40% la utiliza para impulsar su estrategia y obtener indicadores eficaces. Por otra parte, se visualiza que la cadena de valor es una fuerza que impactar\u00e1 a futuro: por lo pronto, un 19% considera que las pr\u00e1cticas sostenibles son un gran diferenciador a la hora de elegir un proveedor, destacando Brasil (27%) y Argentina (25%) por encima de la media.<\/span><\/p>\n<p><span style=\"font-weight: 400;\">Y el esfuerzo continuar\u00e1 multiplic\u00e1ndose en 2021: un 28% planea incrementar los recursos en esta \u00e1rea mientras otro 25% estima mantener la misma inversi\u00f3n realizada en 2020. Este es un dato para resaltar, especialmente viniendo de un a\u00f1o de tantos retos.<\/span><\/p>\n<h3><b>PANORAMA NACIONAL<\/b><\/h3>\n<p><span style=\"font-weight: 400;\">El escenario en Chile no difiere tanto de la realidad regional. \u00abLos alentadores datos que arroj\u00f3 este estudio, no est\u00e1n alejados de lo que ocurre en nuestro pa\u00eds, ya que <\/span><b>cada vez m\u00e1s empresas locales asumen la sustentabilidad como un factor clave corporativo<\/b><span style=\"font-weight: 400;\">\u00ab, sostiene Crist\u00f3bal Vergara.<\/span><\/p>\n<p><span style=\"font-weight: 400;\">Seg\u00fan el ejecutivo, para avanzar en el desarrollo de pol\u00edticas sustentables al interior de las empresas, un elemento clave es la tecnolog\u00eda. \u00c9sta permite impulsar la innovaci\u00f3n sin comprometer la capacidad y los recursos de la generaci\u00f3n actual y las siguientes, <\/span><b>a trav\u00e9s de soluciones inteligentes como las dispuestas por SAP, que ayudan a las compa\u00f1\u00edas a ejecutar y medir sus estrategias sostenibles<\/b><span style=\"font-weight: 400;\">. \u00abLa tecnolog\u00eda tiene un rol facilitador para alcanzar este desarrollo porque contribuye a manejar las emisiones de carbono y acelerar el proceso de transici\u00f3n a una econom\u00eda m\u00e1s sustentable, y vemos que <\/span><b>en Chile dicho tema est\u00e1 integrado en la agenda de las empresas<\/b><span style=\"font-weight: 400;\">\u00ab, acota.<\/span><\/p>\n<p><span style=\"font-weight: 400;\">Alcanzar la transformaci\u00f3n hacia la sostenibilidad no es un camino directo de una sola v\u00eda y los l\u00edderes de negocios tendr\u00e1n la responsabilidad de manejar m\u00faltiples prioridades en un mundo muy cambiante. <\/span><b>Aquellas organizaciones que logren integrar con \u00e9xito la sostenibilidad en el ADN de sus empresas contar\u00e1n con una base muy s\u00f3lida y una ventaja competitiva para sobresalir<\/b><span style=\"font-weight: 400;\">.<\/span><\/p>\n<h5><b>Acerca de SAP\u00a0<\/b><\/h5>\n<h5><span style=\"font-weight: 400;\">SAP, la Compa\u00f1\u00eda de la Experiencia basada en la Empresa Inteligente, es el l\u00edder del mercado en software de aplicaci\u00f3n empresarial, que contribuye a que las organizaciones de todos los tama\u00f1os y en todas las industrias puedan alcanzar su funcionamiento \u00f3ptimo: en el 77% de los ingresos por transacciones del mundo interviene un sistema SAP. Nuestras tecnolog\u00edas avanzadas de <\/span><i><span style=\"font-weight: 400;\">machine learning, Internet of Things<\/span><\/i><span style=\"font-weight: 400;\"> (IoT) y <\/span><i><span style=\"font-weight: 400;\">analytics<\/span><\/i><span style=\"font-weight: 400;\"> ayudan a convertir los negocios de los clientes en empresas inteligentes. SAP contribuye a dar a las personas y a las organizaciones profundos conocimientos de negocio y promueve la colaboraci\u00f3n que les permite mantenerse m\u00e1s delante de la competencia. Simplificamos la tecnolog\u00eda para las empresas, de modo que puedan consumir nuestro software de la manera en que lo desean, sin interrupciones. Nuestro conjunto de aplicaciones y servicios extremo a extremo permite a m\u00e1s de 440.000 clientes del sector p\u00fablico y privado operar en forma rentable, adaptarse continuamente y marcar la diferencia. Con una red global de clientes, asociados, empleados y l\u00edderes de ideas, SAP ayuda al mundo a funcionar mejor y a mejorar las vidas de las personas. Para m\u00e1s informaci\u00f3n, visite <\/span><a href=\"http:\/\/www.sap.com\/\"><span style=\"font-weight: 400;\">www.sap.com<\/span><\/a><span style=\"font-weight: 400;\">, nuestra sala de prensa, <\/span><a href=\"http:\/\/news.sap.com\/latinamerica\"><span style=\"font-weight: 400;\">http:\/\/news.sap.com\/latinamerica<\/span><\/a><span style=\"font-weight: 400;\">, o s\u00edganos en Twitter <\/span><a href=\"http:\/\/www.twitter.com\/SAPNoticiasLAC\"><span style=\"font-weight: 400;\">@SAPNoticiasLAC<\/span><\/a><\/h5>\n<p>&nbsp;<\/p>\n<p>[\/et_pb_text][\/et_pb_column][\/et_pb_row][et_pb_row _builder_version=\u00bb3.29.3&#8243; background_color=\u00bbrgba(0,0,0,0)\u00bb _i=\u00bb1&#8243; _address=\u00bb5.1&#8243;][et_pb_column type=\u00bb4_4&#8243; _builder_version=\u00bb3.29.3&#8243; transform_scale_linked=\u00bboff\u00bb transform_translate=\u00bb-4px|10px\u00bb transform_translate_linked=\u00bboff\u00bb custom_padding=\u00bb5px|0px|5px|0px|false|true\u00bb animation_style=\u00bbzoom\u00bb animation_duration=\u00bb500ms\u00bb border_radii=\u00bboff||||\u00bb border_color_all=\u00bb#cde002&#8243; border_width_top=\u00bb1px\u00bb border_color_top=\u00bb#e09900&#8243; border_style_top=\u00bbdotted\u00bb border_width_bottom=\u00bb1px\u00bb border_color_bottom=\u00bb#e09900&#8243; border_style_bottom=\u00bbdotted\u00bb _i=\u00bb0&#8243; _address=\u00bb5.1.0&#8243;][et_pb_code admin_label=\u00bbRating Art\u00edculo\u00bb _builder_version=\u00bb3.29.3&#8243; transform_scale=\u00bb110%|110%\u00bb transform_translate=\u00bb424px|5px\u00bb transform_translate_linked=\u00bboff\u00bb hover_enabled=\u00bb0&#8243; _i=\u00bb0&#8243; _address=\u00bb5.1.0.0&#8243;]<a class=\"typeform-share button\" href=\"https:\/\/singularmktg.typeform.com\/to\/COMq1XCs#art=366\" data-mode=\"drawer_right\" style=\"display:inline-block;text-decoration:none;background-color:#CDE002;color:white;cursor:pointer;font-family:Helvetica,Arial,sans-serif;font-size:20px;line-height:50px;text-align:center;margin:0;height:50px;padding:0px 33px;border-radius:12px;max-width:100%;white-space:nowrap;overflow:hidden;text-overflow:ellipsis;font-weight:bold;-webkit-font-smoothing:antialiased;-moz-osx-font-smoothing:grayscale;\" data-hide-headers=\"true\" data-hide-footer=\"true\" data-submit-close-delay=\"2\" target=\"_blank\" rel=\"noopener noreferrer\">Eval\u00faa este art\u00edculo <\/a> <script> (function() { var qs,js,q,s,d=document, gi=d.getElementById, ce=d.createElement, gt=d.getElementsByTagName, id=\"typef_orm_share\", b=\"https:\/\/embed.typeform.com\/\"; if(!gi.call(d,id)){ js=ce.call(d,\"script\"); js.id=id; js.src=b+\"embed.js\"; q=gt.call(d,\"script\")[0]; q.parentNode.insertBefore(js,q) } })() <\/script>[\/et_pb_code][\/et_pb_column][\/et_pb_row][et_pb_row _builder_version=\u00bb3.29.3&#8243; _i=\u00bb2&#8243; _address=\u00bb5.2&#8243;][et_pb_column type=\u00bb4_4&#8243; _builder_version=\u00bb3.29.3&#8243; custom_padding_phone=\u00bb40px||||false|false\u00bb custom_padding_last_edited=\u00bbon|phone\u00bb _i=\u00bb0&#8243; _address=\u00bb5.2.0&#8243;][et_pb_posts_carousel_agsdcm category_id=\u00bb27&#8243; max_title_characters=\u00bb150&#8243; heading_style=\u00bbcustom\u00bb heading_primary=\u00bb\u00daltimos Art\u00edculos\u00bb heading_sub=\u00bbEspacios de Reflexi\u00f3n\u00bb posts_filter_any=\u00bbon\u00bb _builder_version=\u00bb3.29.3&#8243; header_font=\u00bbMontserrat||||||||\u00bb header_text_color=\u00bb#757575&#8243; header_font_size=\u00bb19px\u00bb subheader_text_color=\u00bb#828282&#8243; title_font=\u00bbMontserrat|700|||||||\u00bb title_text_color=\u00bb#acc601&#8243; border_color_all=\u00bb#cde002&#8243; _i=\u00bb0&#8243; _address=\u00bb5.2.0.0&#8243;][\/et_pb_posts_carousel_agsdcm][\/et_pb_column][\/et_pb_row][\/et_pb_section]<\/p>\n","protected":false},"excerpt":{"rendered":"<p>Tecnolog\u00edas para empresas inteligentesContenido de expertos en colaboraci\u00f3n con Espacio MutuoUn 45% de altos ejecutivos de empresas medianas y grandes de Am\u00e9rica Latina expresaron contar ya con una estrategia de sostenibilidad en sus organizaciones y un 22% dijo estar trabajando en una, poniendo este tema como agenda prioritaria entre las corporaciones de la regi\u00f3n. Esta [&hellip;]<\/p>\n","protected":false},"author":2,"featured_media":5876,"comment_status":"closed","ping_status":"closed","sticky":false,"template":"","format":"standard","meta":{"_et_pb_use_builder":"on","_et_pb_old_content":"","_et_gb_content_width":"","footnotes":""},"categories":[27],"tags":[],"class_list":["post-5873","post","type-post","status-publish","format-standard","has-post-thumbnail","hentry","category-espacios-de-reflexion","et-has-post-format-content","et_post_format-et-post-format-standard"],"_links":{"self":[{"href":"https:\/\/conectamutual.cl\/bienestar\/wp-json\/wp\/v2\/posts\/5873","targetHints":{"allow":["GET"]}}],"collection":[{"href":"https:\/\/conectamutual.cl\/bienestar\/wp-json\/wp\/v2\/posts"}],"about":[{"href":"https:\/\/conectamutual.cl\/bienestar\/wp-json\/wp\/v2\/types\/post"}],"author":[{"embeddable":true,"href":"https:\/\/conectamutual.cl\/bienestar\/wp-json\/wp\/v2\/users\/2"}],"replies":[{"embeddable":true,"href":"https:\/\/conectamutual.cl\/bienestar\/wp-json\/wp\/v2\/comments?post=5873"}],"version-history":[{"count":4,"href":"https:\/\/conectamutual.cl\/bienestar\/wp-json\/wp\/v2\/posts\/5873\/revisions"}],"predecessor-version":[{"id":5893,"href":"https:\/\/conectamutual.cl\/bienestar\/wp-json\/wp\/v2\/posts\/5873\/revisions\/5893"}],"wp:featuredmedia":[{"embeddable":true,"href":"https:\/\/conectamutual.cl\/bienestar\/wp-json\/wp\/v2\/media\/5876"}],"wp:attachment":[{"href":"https:\/\/conectamutual.cl\/bienestar\/wp-json\/wp\/v2\/media?parent=5873"}],"wp:term":[{"taxonomy":"category","embeddable":true,"href":"https:\/\/conectamutual.cl\/bienestar\/wp-json\/wp\/v2\/categories?post=5873"},{"taxonomy":"post_tag","embeddable":true,"href":"https:\/\/conectamutual.cl\/bienestar\/wp-json\/wp\/v2\/tags?post=5873"}],"curies":[{"name":"wp","href":"https:\/\/api.w.org\/{rel}","templated":true}]}}