{"id":6199,"date":"2021-05-31T15:56:57","date_gmt":"2021-05-31T19:56:57","guid":{"rendered":"https:\/\/conectamutual.cl\/bienestar\/?p=6199"},"modified":"2024-04-13T15:47:39","modified_gmt":"2024-04-13T19:47:39","slug":"que-la-fuerza-te-acompane-4-simples-pasos-para-sostener-tu-energia-por-mas-tiempo","status":"publish","type":"post","link":"https:\/\/conectamutual.cl\/bienestar\/nuevas-miradas\/que-la-fuerza-te-acompane-4-simples-pasos-para-sostener-tu-energia-por-mas-tiempo\/","title":{"rendered":"\u201cQue la fuerza te acompa\u00f1e\u201d\u2026 4 simples pasos para sostener tu energ\u00eda por m\u00e1s tiempo"},"content":{"rendered":"<p>[et_pb_section fb_built=\u00bb1&#8243; _builder_version=\u00bb3.29.3&#8243; custom_margin=\u00bb||-50px||false|false\u00bb custom_margin_phone=\u00bb||0px||false|false\u00bb custom_margin_last_edited=\u00bbon|phone\u00bb custom_padding=\u00bb11px||0px||false|false\u00bb fb_built=\u00bb1&#8243; _i=\u00bb0&#8243; _address=\u00bb0&#8243;][et_pb_row column_structure=\u00bb1_3,1_3,1_3&#8243; disabled_on=\u00bbon|on|off\u00bb _builder_version=\u00bb3.29.3&#8243; min_height=\u00bb269px\u00bb custom_margin=\u00bb-15px|auto|-190px|auto|false|false\u00bb custom_margin_last_edited=\u00bbon|phone\u00bb custom_padding=\u00bb||0px||false|false\u00bb _i=\u00bb0&#8243; _address=\u00bb0.0&#8243;][et_pb_column type=\u00bb1_3&#8243; _builder_version=\u00bb3.29.3&#8243; _i=\u00bb0&#8243; _address=\u00bb0.0.0&#8243;][\/et_pb_column][et_pb_column type=\u00bb1_3&#8243; _builder_version=\u00bb3.29.3&#8243; _i=\u00bb1&#8243; _address=\u00bb0.0.1&#8243;][et_pb_image src=\u00bbhttps:\/\/conectamutual.cl\/bienestar\/wp-content\/uploads\/2019\/10\/Logo-Espacio-Mutuo-02.png\u00bb align=\u00bbcenter\u00bb _builder_version=\u00bb3.29.3&#8243; width=\u00bb83%\u00bb width_phone=\u00bb22%\u00bb width_last_edited=\u00bbon|phone\u00bb custom_margin=\u00bb15px||||false|false\u00bb _i=\u00bb0&#8243; _address=\u00bb0.0.1.0&#8243;][\/et_pb_image][\/et_pb_column][et_pb_column type=\u00bb1_3&#8243; _builder_version=\u00bb3.29.3&#8243; _i=\u00bb2&#8243; _address=\u00bb0.0.2&#8243;][et_pb_image src=\u00bbhttps:\/\/conectamutual.cl\/bienestar\/wp-content\/uploads\/2021\/01\/Captura-de-Pantalla-2021-01-16-a-las-10.07.37.png\u00bb align=\u00bbright\u00bb _builder_version=\u00bb3.29.3&#8243; width=\u00bb72%\u00bb width_phone=\u00bb41%\u00bb width_last_edited=\u00bbon|phone\u00bb custom_margin=\u00bb45px||45px||true|false\u00bb custom_margin_phone=\u00bb10px||60px||false|false\u00bb custom_margin_last_edited=\u00bbon|phone\u00bb _i=\u00bb0&#8243; _address=\u00bb0.0.2.0&#8243;][\/et_pb_image][\/et_pb_column][\/et_pb_row][et_pb_row column_structure=\u00bb1_3,1_3,1_3&#8243; disabled_on=\u00bboff|off|on\u00bb _builder_version=\u00bb3.29.3&#8243; min_height=\u00bb269px\u00bb custom_margin=\u00bb-15px|auto|-20px|auto|false|false\u00bb custom_margin_last_edited=\u00bbon|phone\u00bb custom_padding=\u00bb||||false|false\u00bb _i=\u00bb1&#8243; _address=\u00bb0.1&#8243;][et_pb_column type=\u00bb1_3&#8243; _builder_version=\u00bb3.29.3&#8243; _i=\u00bb0&#8243; _address=\u00bb0.1.0&#8243;][\/et_pb_column][et_pb_column type=\u00bb1_3&#8243; _builder_version=\u00bb3.29.3&#8243; _i=\u00bb1&#8243; _address=\u00bb0.1.1&#8243;][et_pb_image src=\u00bbhttps:\/\/conectamutual.cl\/bienestar\/wp-content\/uploads\/2019\/10\/Logo-Espacio-Mutuo-01.png\u00bb align=\u00bbcenter\u00bb force_fullwidth=\u00bbon\u00bb _builder_version=\u00bb3.29.3&#8243; min_height=\u00bb170px\u00bb min_height_phone=\u00bb187px\u00bb min_height_last_edited=\u00bbon|phone\u00bb height=\u00bb100px\u00bb max_height=\u00bb1000px\u00bb custom_margin=\u00bb-14px||8px|||\u00bb _i=\u00bb0&#8243; _address=\u00bb0.1.1.0&#8243;][\/et_pb_image][\/et_pb_column][et_pb_column type=\u00bb1_3&#8243; _builder_version=\u00bb3.29.3&#8243; _i=\u00bb2&#8243; _address=\u00bb0.1.2&#8243;][et_pb_image src=\u00bbhttps:\/\/conectamutual.cl\/bienestar\/wp-content\/uploads\/2021\/01\/Captura-de-Pantalla-2021-01-16-a-las-10.07.37.png\u00bb align=\u00bbcenter\u00bb _builder_version=\u00bb3.29.3&#8243; width=\u00bb94%\u00bb width_phone=\u00bb65%\u00bb width_last_edited=\u00bbon|phone\u00bb module_alignment=\u00bbcenter\u00bb custom_margin=\u00bb45px||45px||true|false\u00bb custom_margin_phone=\u00bb10px||60px||false|false\u00bb custom_margin_last_edited=\u00bbon|phone\u00bb _i=\u00bb0&#8243; _address=\u00bb0.1.2.0&#8243;][\/et_pb_image][\/et_pb_column][\/et_pb_row][\/et_pb_section][et_pb_section fb_built=\u00bb1&#8243; _builder_version=\u00bb3.29.3&#8243; custom_padding=\u00bb4px||0px|||\u00bb fb_built=\u00bb1&#8243; _i=\u00bb1&#8243; _address=\u00bb1&#8243;][et_pb_row _builder_version=\u00bb3.29.3&#8243; min_height=\u00bb102px\u00bb custom_margin_phone=\u00bb20px||||false|false\u00bb custom_margin_last_edited=\u00bbon|phone\u00bb custom_padding=\u00bb34px||10px|||\u00bb _i=\u00bb0&#8243; _address=\u00bb1.0&#8243;][et_pb_column type=\u00bb4_4&#8243; _builder_version=\u00bb3.29.3&#8243; _i=\u00bb0&#8243; _address=\u00bb1.0.0&#8243;][et_pb_image src=\u00bbhttps:\/\/conectamutual.cl\/bienestar\/wp-content\/uploads\/2019\/12\/LOGOS-CATEGORIAS-03.png\u00bb align=\u00bbcenter\u00bb disabled_on=\u00bboff|off|off\u00bb _builder_version=\u00bb3.29.3&#8243; width=\u00bb48%\u00bb width_phone=\u00bb95%\u00bb width_last_edited=\u00bbon|phone\u00bb _i=\u00bb0&#8243; _address=\u00bb1.0.0.0&#8243;][\/et_pb_image][\/et_pb_column][\/et_pb_row][\/et_pb_section][et_pb_section fb_built=\u00bb1&#8243; _builder_version=\u00bb3.29.3&#8243; custom_padding=\u00bb27px||1px|||\u00bb fb_built=\u00bb1&#8243; _i=\u00bb2&#8243; _address=\u00bb2&#8243;][et_pb_row _builder_version=\u00bb3.29.3&#8243; custom_padding=\u00bb3px||36px|||\u00bb _i=\u00bb0&#8243; _address=\u00bb2.0&#8243;][et_pb_column type=\u00bb4_4&#8243; _builder_version=\u00bb3.29.3&#8243; _i=\u00bb0&#8243; _address=\u00bb2.0.0&#8243;][et_pb_post_title comments=\u00bboff\u00bb featured_image=\u00bboff\u00bb _builder_version=\u00bb3.29.3&#8243; title_font=\u00bbMontserrat|700|||||||\u00bb title_text_align=\u00bbcenter\u00bb title_text_color=\u00bb#c4d600&#8243; title_font_size=\u00bb54px\u00bb title_line_height=\u00bb1.1em\u00bb meta_font=\u00bbMontserrat||||||||\u00bb meta_text_align=\u00bbcenter\u00bb meta_font_size=\u00bb12px\u00bb title_font_size_phone=\u00bb30px\u00bb title_font_size_last_edited=\u00bbon|phone\u00bb meta_font_size_phone=\u00bb10px\u00bb meta_font_size_last_edited=\u00bbon|phone\u00bb _i=\u00bb0&#8243; _address=\u00bb2.0.0.0&#8243;][\/et_pb_post_title][\/et_pb_column][\/et_pb_row][\/et_pb_section][et_pb_section fb_built=\u00bb1&#8243; fullwidth=\u00bbon\u00bb _builder_version=\u00bb3.29.3&#8243; fb_built=\u00bb1&#8243; _i=\u00bb3&#8243; _address=\u00bb3&#8243;][et_pb_fullwidth_image src=\u00bbhttps:\/\/conectamutual.cl\/bienestar\/wp-content\/uploads\/2021\/05\/pexels-marta-wave-6454071.jpg\u00bb _builder_version=\u00bb3.29.3&#8243; custom_padding=\u00bb0px||0px|||\u00bb hover_enabled=\u00bb0&#8243; _i=\u00bb0&#8243; _address=\u00bb3.0&#8243;][\/et_pb_fullwidth_image][\/et_pb_section][et_pb_section fb_built=\u00bb1&#8243; _builder_version=\u00bb3.29.3&#8243; custom_padding=\u00bb||8px|||\u00bb fb_built=\u00bb1&#8243; _i=\u00bb4&#8243; _address=\u00bb4&#8243;][et_pb_row _builder_version=\u00bb3.29.3&#8243; custom_padding=\u00bb9px|||||\u00bb _i=\u00bb0&#8243; _address=\u00bb4.0&#8243;][et_pb_column type=\u00bb4_4&#8243; _builder_version=\u00bb3.29.3&#8243; custom_padding=\u00bb|110px||110px|false|false\u00bb custom_padding_phone=\u00bb|10px||10px|false|false\u00bb custom_padding_last_edited=\u00bbon|phone\u00bb _i=\u00bb0&#8243; _address=\u00bb4.0.0&#8243;][et_pb_text _builder_version=\u00bb3.29.3&#8243; text_font_size=\u00bb17px\u00bb text_line_height=\u00bb2.1em\u00bb header_2_text_color=\u00bb#c4d600&#8243; custom_margin_last_edited=\u00bbon|phone\u00bb custom_padding=\u00bb|0px||0px|false|false\u00bb hover_enabled=\u00bb0&#8243; text_font_size_phone=\u00bb16px\u00bb text_font_size_last_edited=\u00bbon|phone\u00bb text_line_height_phone=\u00bb1.9em\u00bb text_line_height_last_edited=\u00bbon|phone\u00bb header_2_font_size_phone=\u00bb23px\u00bb header_2_font_size_last_edited=\u00bbon|phone\u00bb _i=\u00bb0&#8243; _address=\u00bb4.0.0.0&#8243;]<\/p>\n<blockquote>\n<p><span style=\"font-weight: 400;\">Cualquiera puede reunir la <\/span><a href=\"https:\/\/hbr.org\/2021\/05\/4-ways-to-manage-your-energy-more-effectively\"><span style=\"font-weight: 400;\">energ\u00eda suficiente<\/span><\/a><span style=\"font-weight: 400;\"> para soportar un breve per\u00edodo de alto rendimiento. S\u00ed, cualquiera: ya sea para causar una buena primera impresi\u00f3n durante las primeras semanas de tu nuevo trabajo; o para ir decididamente al gimnasio todos los d\u00edas durante los primeros d\u00edas de enero; o cuando, en un fin de semana, decides que es hora de embarcarte en ese proyecto de reparaci\u00f3n que tu hogar necesita.\u00a0\u00a0<\/span><\/p>\n<\/blockquote>\n<p><span style=\"font-weight: 400;\">Pero lo dif\u00edcil es ir m\u00e1s all\u00e1 de ese impulso inicial: <\/span><b>despu\u00e9s de unos meses o de un a\u00f1o,<\/b> <b>\u00bfsigues sintiendo lo mismo en tu nuevo trabajo, meta o proyecto? <\/b><span style=\"font-weight: 400;\">\u00bfHas abandonado tus ambiciones? \u00bfSigues presion\u00e1ndote mientras luchas con el agotamiento y la fatiga? <\/span><b>\u00bfO vas de un extremo a otro, entre la h\u00edperproductividad y no hacer nada?<\/b><\/p>\n<p><span style=\"font-weight: 400;\">La clave para el \u00e9xito <\/span><b>no es empezar con fuerza \u2013 sino mantenerse con fuerza.<\/b><span style=\"font-weight: 400;\"> Y si quieres evitar descarrilarte porque perdiste el inter\u00e9s o, al contrario, porque exageraste y te encuentras demasiado exhausto para continuar, existen 4 pasos que puedes seguir.\u00a0<\/span><\/p>\n<p><b><\/b><\/p>\n<ul>\n<li aria-level=\"1\">\n<h3><b>T\u00da ELIGES TUS L\u00cdMITES\u00a0<\/b><\/h3>\n<\/li>\n<\/ul>\n<p><span style=\"font-size: 17px; font-style: inherit; font-variant-ligatures: inherit; font-variant-caps: inherit;\">La idea de establecer metas es popular, especialmente <\/span><a href=\"https:\/\/conectamutual.cl\/bienestar\/espacios-de-reflexion\/necesitas-un-reinicio-el-fin-de-la-pandemia-puede-ser-tu-oportunidad-para-partir-de-cero\/\" style=\"font-size: 17px; font-style: inherit; font-variant-ligatures: inherit; font-variant-caps: inherit;\">despu\u00e9s de A\u00f1o Nuevo o de los cumplea\u00f1os<\/a><span style=\"font-size: 17px; font-style: inherit; font-variant-ligatures: inherit; font-variant-caps: inherit;\">. Pero no muchas personas se toman el tiempo de <\/span><b style=\"font-size: 17px; font-style: inherit; font-variant-ligatures: inherit; font-variant-caps: inherit;\">escribir los pasos que tomar\u00e1n para lograr sus objetivos,<\/b><span style=\"font-size: 17px; font-style: inherit; font-variant-ligatures: inherit; font-variant-caps: inherit;\"> ni mucho menos para <\/span><b style=\"font-size: 17px; font-style: inherit; font-variant-ligatures: inherit; font-variant-caps: inherit;\">definir sus l\u00edmites superiores e inferiores <\/b><span style=\"font-size: 17px; font-style: inherit; font-variant-ligatures: inherit; font-variant-caps: inherit;\">para cada d\u00eda.\u00a0<\/span><\/p>\n<p><span style=\"font-weight: 400;\">En el libro <\/span><a href=\"https:\/\/gregmckeown.com\/books\/effortless\/\"><i><span style=\"font-weight: 400;\">Effortless<\/span><\/i><\/a><span style=\"font-weight: 400;\"> de Greg McKeown, el autor sugiere la idea de <\/span><b>establecer l\u00edmites concretos para lo poco y lo mucho que har\u00e1s en un d\u00eda determinado para tus metas importantes<\/b><span style=\"font-weight: 400;\">. Si, por ejemplo, tu objetivo es alcanzar la cifra de ventas, puedes decidir nunca hacer menos de 5 llamadas a clientes al d\u00eda, pero nunca m\u00e1s de 10 en la misma jornada. Para hacer ejercicio, puedes decidir hacer una rutina al menos 3 veces por semana, pero jam\u00e1s m\u00e1s de 5, de modo que obtengas un entrenamiento suficiente, pero sin agotarte y dejando tambi\u00e9n espacio para tus otras prioridades, como pasar tiempo en familia o realizar tareas personales.\u00a0<\/span><\/p>\n<p><span style=\"font-weight: 400;\">Estos l\u00edmites te dan un margen para maniobrar, pero tambi\u00e9n te mantienen en el camino al largo plazo. Cuando establezcas tus l\u00edmites inferiores, considera <\/span><b>qu\u00e9 es lo m\u00ednimo que podr\u00edas hacer para sentir que est\u00e1s manteniendo tu impulso<\/b><span style=\"font-weight: 400;\">, sin sentir que te \u201cdetuviste\u201d y que debes empezar de nuevo. Y cuando est\u00e9s definiendo tus l\u00edmites superiores, piensa <\/span><b>hasta d\u00f3nde puedes llegar antes de que tu inversi\u00f3n de tiempo en ese objetivo comience a afectar las otras \u00e1reas de tu vida.\u00a0<\/b><\/p>\n<p><b><\/b><\/p>\n<ul>\n<li aria-level=\"1\">\n<h3><b>CON\u00d3CETE<\/b><\/h3>\n<\/li>\n<\/ul>\n<p><b style=\"font-size: 17px; font-style: inherit; font-variant-ligatures: inherit; font-variant-caps: inherit;\">\u00bfCu\u00e1l de estas frases representa mejor el modo en que te enfrentas a una nueva meta?<\/b><span style=\"font-size: 17px; font-style: inherit; font-variant-ligatures: inherit; font-variant-caps: inherit;\">:<\/span><\/p>\n<p><span style=\"font-weight: 400;\">&#8211; Te pones en marcha de inmediato e intentas permanecer all\u00ed 24\/7.<\/span><\/p>\n<p><span style=\"font-weight: 400;\">&#8211; Operas a un nivel de energ\u00eda m\u00e1s bajo la mayor parte del tiempo, a menudo debiendo correr al \u00faltimo minuto para lograr tu objetivo.<\/span><\/p>\n<p><span style=\"font-weight: 400;\">&#8211; Te encuentras vacilando entre extremos, cuando un d\u00eda trabajas compulsivamente hasta altas horas de la noche, pero al d\u00eda siguiente te agotas y no haces casi nada.<\/span><\/p>\n<p><span style=\"font-weight: 400;\">Una vez que hayas encontrado la tendencia que m\u00e1s te representa, puedes proceder de distintas maneras:\u00a0<\/span><\/p>\n<p><b>ALTO IMPULSO (a)<\/b><span style=\"font-weight: 400;\">: aquellas personas en la primera categor\u00eda necesitar\u00e1n darse permiso para ser humanos, descansar y tener tiempo de verdadero descanso. Deben estar atentos por si est\u00e1n superando su l\u00edmite superior de actividad y se dirigen directo al agotamiento.\u00a0<\/span><\/p>\n<p><b>BAJO IMPULSO (b)<\/b><span style=\"font-weight: 400;\">: para aquellas personas en la segunda categor\u00eda, vigilen de cerca si se est\u00e1n quedando por encima de su l\u00edmite inferior o no. Aseg\u00farense de estar haciendo al menos lo m\u00ednimo antes de relajarse (por m\u00e1s tentador que parezca).\u00a0\u00a0<\/span><\/p>\n<p><b>ENERG\u00cdA FLUCTUANTE (c):<\/b><span style=\"font-weight: 400;\"> finalmente, aquellas personas en la tercera categor\u00eda deber\u00e1n vigilar ambos l\u00edmites \u2013 evitar pasar por encima del l\u00edmite superior deber\u00eda evitar que, al d\u00eda siguiente, caigas por debajo del l\u00edmite inferior. McKeown escribe en su libro: <\/span><i><span style=\"font-weight: 400;\">\u00abNo hagas m\u00e1s hoy de lo que puedas recuperarte por completo ma\u00f1ana\u00bb.<\/span><\/i><\/p>\n<ul>\n<li aria-level=\"1\">\n<h3><b>PLANIFICA TU DESCANSO Y RECUPERACI\u00d3N<\/b><\/h3>\n<\/li>\n<\/ul>\n<p><b style=\"font-size: 17px; font-style: inherit; font-variant-ligatures: inherit; font-variant-caps: inherit;\">Como seres humanos, estamos dise\u00f1ados para ciclos de actividad y descanso<\/b><span style=\"font-size: 17px; font-style: inherit; font-variant-ligatures: inherit; font-variant-caps: inherit;\">. Es por eso que dormimos por la noche, que los fines de semana son una parte esencial de una semana laboral productiva y que incluso los atletas de \u00e9lite no pueden hacer ejercicio a cada hora del d\u00eda.\u00a0<\/span><\/p>\n<p><span style=\"font-weight: 400;\">Si eres un individuo de alto impulso (seg\u00fan las categor\u00edas que definimos arriba), necesitar\u00e1s estar especialmente <\/span><b>consciente de darte tiempos planificados de <\/b><a href=\"https:\/\/conectamutual.cl\/bienestar\/vivir-mejor\/sientes-que-nada-te-recarga-de-energia-conoce-los-7-tipos-de-descanso-y-descubre-cual-es-el-que-tu-necesitas\/\"><b>descanso y recuperaci\u00f3n<\/b><\/a><span style=\"font-weight: 400;\">. Eso significa <\/span><b>usar tu tiempo no-laboral no s\u00f3lo para completar tareas personales, sino tambi\u00e9n como tiempo para relajarse <\/b><span style=\"font-weight: 400;\">\u2013 pero de verdad. En lugar de ejercitarse todos los d\u00edas, por ejemplo, quiz\u00e1s es buena idea darse ese espacio de vez en cuando para otras actividades de descanso, como leer, ver una serie o simplemente dormir hasta tarde. Las noches y los fines de semana deben ser instancias sagradas de desconexi\u00f3n y ocio.\u00a0<\/span><\/p>\n<p><span style=\"font-weight: 400;\">Si operas a un nivel de impulso bajo, aseg\u00farate de haber alcanzado al menos tu l\u00edmite inferior de actividad antes de tomar un descanso. Por supuesto, <\/span><b>puedes tomar descansos tan amplios como prefieras, pero siempre despu\u00e9s de haber progresado en una meta.\u00a0<\/b><\/p>\n<p><span style=\"font-weight: 400;\">Y si tu impulso de energ\u00eda fluct\u00faa de un lado a otro, <\/span><b>recuerda descansar y recuperarte aquellos d\u00edas en que te sientas en la cima del mundo<\/b><span style=\"font-weight: 400;\"> -como si pudieras trabajar las 24 horas del d\u00eda, 7 d\u00edas a la semana, imparable-, para as\u00ed no encontrarte exhausto al d\u00eda siguiente. Cosas tan b\u00e1sicas como tomarse un tiempo para comer, moverte de tu asiento para est\u00edrate o caminar y no quedarte despierto hasta tan tarde (sin importar cu\u00e1nta energ\u00eda sientas en el momento) son esenciales para <\/span><a href=\"https:\/\/conectamutual.cl\/bienestar\/vivir-mejor\/burnout-que-tan-cerca-estas-de-quemarte-en-el-trabajo\/\"><span style=\"font-weight: 400;\">evitar \u201cquemarte\u201d.<\/span><\/a><span style=\"font-weight: 400;\">\u00a0<\/span><\/p>\n<p><b><\/b><\/p>\n<ul>\n<li aria-level=\"1\">\n<h3><b>DATE ESPACIO PARA LO QUE QUIERAS<\/b><\/h3>\n<\/li>\n<\/ul>\n<p><span style=\"font-size: 17px; font-style: inherit; font-variant-ligatures: inherit; font-variant-caps: inherit;\">Para mantenerte con fuerza, es necesario <\/span><b style=\"font-size: 17px; font-style: inherit; font-variant-ligatures: inherit; font-variant-caps: inherit;\">mantener tu trabajo dentro de <\/b><b style=\"font-size: 17px; font-style: inherit; font-variant-ligatures: inherit; font-variant-caps: inherit;\"><i>l\u00edmites<\/i><\/b><b style=\"font-size: 17px; font-style: inherit; font-variant-ligatures: inherit; font-variant-caps: inherit;\"> sostenibles \u2013 y debes poder trabajar a un <\/b><b style=\"font-size: 17px; font-style: inherit; font-variant-ligatures: inherit; font-variant-caps: inherit;\"><i>ritmo<\/i><\/b><b style=\"font-size: 17px; font-style: inherit; font-variant-ligatures: inherit; font-variant-caps: inherit;\"> sostenible<\/b><span style=\"font-size: 17px; font-style: inherit; font-variant-ligatures: inherit; font-variant-caps: inherit;\">. Claro, hay d\u00edas en que las reuniones consecutivas son necesarias, o cuando debes pasar r\u00e1pidamente de una tarea a otra\u2026 pero para la mayor\u00eda de las personas, <\/span><a href=\"https:\/\/conectamutual.cl\/bienestar\/sin-categoria\/la-falta-de-horarios-establecidos-es-una-maldicion-no-una-bendicion\/\" style=\"font-size: 17px; font-style: inherit; font-variant-ligatures: inherit; font-variant-caps: inherit;\">esta estrategia no es viable al largo plazo<\/a><span style=\"font-size: 17px; font-style: inherit; font-variant-ligatures: inherit; font-variant-caps: inherit;\">.\u00a0<\/span><\/p>\n<p><span style=\"font-weight: 400;\">Si es posible, <\/span><b>perm\u00edtete tener algunas horas al d\u00eda o a la semana en las que no debas estar en reuniones.<\/b><span style=\"font-weight: 400;\"> Y, a\u00fan mejor, si puedes <\/span><b>reservar grandes cantidades de tiempo para realizar otros proyectos importantes,<\/b><span style=\"font-weight: 400;\"> date permiso para estar realmente inmerso en tu trabajo, sin interrupciones ni la presi\u00f3n de una ventana de tiempo ajustada.\u00a0<\/span><\/p>\n<p><b>La vida no es una carrera, es un viaje continuo.<\/b><span style=\"font-weight: 400;\"> Suena clich\u00e9, pero a veces pareci\u00e9ramos olvidarlo. Recuerda: para lograr tus metas, debes estar lo suficientemente saludable y feliz como para mantenerte fuerte y motivado. Observa de cerca c\u00f3mo est\u00e1s trabajando &#8211; <\/span><b>\u00bfEst\u00e1s siendo eficaz y productivo dentro de tus propios l\u00edmites?\u00a0<\/b><\/p>\n<p>[\/et_pb_text][et_pb_text _builder_version=\u00bb3.29.3&#8243; text_font_size=\u00bb13px\u00bb text_line_height=\u00bb0.6em\u00bb custom_margin=\u00bb-15px||||false|false\u00bb custom_padding=\u00bb34px|||||\u00bb text_font_size_phone=\u00bb11px\u00bb text_font_size_last_edited=\u00bbon|phone\u00bb _i=\u00bb1&#8243; _address=\u00bb4.0.0.1&#8243;]<\/p>\n<p style=\"text-align: center;\"><img loading=\"lazy\" decoding=\"async\" class=\"wp-image-608 alignnone size-full\" src=\"https:\/\/conectamutual.cl\/bienestar\/wp-content\/uploads\/2019\/10\/Imagen-equipo.png\" alt=\"\" width=\"91\" height=\"88\" \/><\/p>\n<p style=\"text-align: center;\"><strong>Por Equipo Espacio Mutuo<\/strong><\/p>\n<p style=\"text-align: center;\"><em>Mutual de Seguridad<\/em><\/p>\n<p>[\/et_pb_text][\/et_pb_column][\/et_pb_row][et_pb_row _builder_version=\u00bb3.29.3&#8243; background_color=\u00bbrgba(0,0,0,0)\u00bb _i=\u00bb1&#8243; _address=\u00bb4.1&#8243;][et_pb_column type=\u00bb4_4&#8243; _builder_version=\u00bb3.29.3&#8243; transform_scale_linked=\u00bboff\u00bb transform_translate=\u00bb-4px|10px\u00bb transform_translate_linked=\u00bboff\u00bb custom_padding=\u00bb5px|0px|5px|0px|false|true\u00bb animation_style=\u00bbzoom\u00bb animation_duration=\u00bb500ms\u00bb border_radii=\u00bboff||||\u00bb border_color_all=\u00bb#cde002&#8243; border_width_top=\u00bb1px\u00bb border_color_top=\u00bb#e09900&#8243; border_style_top=\u00bbdotted\u00bb border_width_bottom=\u00bb1px\u00bb border_color_bottom=\u00bb#e09900&#8243; border_style_bottom=\u00bbdotted\u00bb _i=\u00bb0&#8243; _address=\u00bb4.1.0&#8243;][et_pb_code admin_label=\u00bbRating Art\u00edculo\u00bb _builder_version=\u00bb3.29.3&#8243; transform_scale=\u00bb110%|110%\u00bb transform_translate=\u00bb424px|5px\u00bb transform_translate_linked=\u00bboff\u00bb hover_enabled=\u00bb0&#8243; _i=\u00bb0&#8243; _address=\u00bb4.1.0.0&#8243;]<a class=\"typeform-share button\" href=\"https:\/\/singularmktg.typeform.com\/to\/COMq1XCs#art=400\" data-mode=\"drawer_right\" style=\"display:inline-block;text-decoration:none;background-color:#CDE002;color:white;cursor:pointer;font-family:Helvetica,Arial,sans-serif;font-size:20px;line-height:50px;text-align:center;margin:0;height:50px;padding:0px 33px;border-radius:12px;max-width:100%;white-space:nowrap;overflow:hidden;text-overflow:ellipsis;font-weight:bold;-webkit-font-smoothing:antialiased;-moz-osx-font-smoothing:grayscale;\" data-hide-headers=\"true\" data-hide-footer=\"true\" data-submit-close-delay=\"2\" target=\"_blank\" rel=\"noopener noreferrer\">Eval\u00faa este art\u00edculo <\/a> <script> (function() { var qs,js,q,s,d=document, gi=d.getElementById, ce=d.createElement, gt=d.getElementsByTagName, id=\"typef_orm_share\", b=\"https:\/\/embed.typeform.com\/\"; if(!gi.call(d,id)){ js=ce.call(d,\"script\"); js.id=id; js.src=b+\"embed.js\"; q=gt.call(d,\"script\")[0]; q.parentNode.insertBefore(js,q) } })() <\/script>[\/et_pb_code][\/et_pb_column][\/et_pb_row][et_pb_row _builder_version=\u00bb3.29.3&#8243; _i=\u00bb2&#8243; _address=\u00bb4.2&#8243;][et_pb_column type=\u00bb4_4&#8243; _builder_version=\u00bb3.29.3&#8243; custom_padding_phone=\u00bb40px||||false|false\u00bb custom_padding_last_edited=\u00bbon|phone\u00bb _i=\u00bb0&#8243; _address=\u00bb4.2.0&#8243;][et_pb_posts_carousel_agsdcm category_id=\u00bb37&#8243; max_title_characters=\u00bb150&#8243; heading_style=\u00bbcustom\u00bb heading_primary=\u00bb\u00daltimos Art\u00edculos\u00bb heading_sub=\u00bbNuevas Miradas\u00bb posts_filter_any=\u00bbon\u00bb _builder_version=\u00bb3.29.3&#8243; header_font=\u00bbMontserrat||||||||\u00bb header_text_color=\u00bb#757575&#8243; header_font_size=\u00bb19px\u00bb subheader_text_color=\u00bb#828282&#8243; title_font=\u00bbMontserrat|700|||||||\u00bb title_text_color=\u00bb#acc601&#8243; border_color_all=\u00bb#cde002&#8243; _i=\u00bb0&#8243; _address=\u00bb4.2.0.0&#8243;][\/et_pb_posts_carousel_agsdcm][\/et_pb_column][\/et_pb_row][\/et_pb_section]<\/p>\n","protected":false},"excerpt":{"rendered":"<p>Cualquiera puede reunir la energ\u00eda suficiente para soportar un breve per\u00edodo de alto rendimiento. S\u00ed, cualquiera: ya sea para causar una buena primera impresi\u00f3n durante las primeras semanas de tu nuevo trabajo; o para ir decididamente al gimnasio todos los d\u00edas durante los primeros d\u00edas de enero; o cuando, en un fin de semana, decides [&hellip;]<\/p>\n","protected":false},"author":2,"featured_media":6202,"comment_status":"closed","ping_status":"closed","sticky":false,"template":"","format":"standard","meta":{"_et_pb_use_builder":"on","_et_pb_old_content":"","_et_gb_content_width":"","footnotes":""},"categories":[695,37],"tags":[112,122,241,239,93,240,176,137,113],"class_list":["post-6199","post","type-post","status-publish","format-standard","has-post-thumbnail","hentry","category-actualidad","category-nuevas-miradas","tag-agotamiento","tag-burnout","tag-descanso","tag-energia","tag-estres","tag-fuerza","tag-rutina","tag-teletrabajo","tag-trabajo","et-has-post-format-content","et_post_format-et-post-format-standard"],"_links":{"self":[{"href":"https:\/\/conectamutual.cl\/bienestar\/wp-json\/wp\/v2\/posts\/6199","targetHints":{"allow":["GET"]}}],"collection":[{"href":"https:\/\/conectamutual.cl\/bienestar\/wp-json\/wp\/v2\/posts"}],"about":[{"href":"https:\/\/conectamutual.cl\/bienestar\/wp-json\/wp\/v2\/types\/post"}],"author":[{"embeddable":true,"href":"https:\/\/conectamutual.cl\/bienestar\/wp-json\/wp\/v2\/users\/2"}],"replies":[{"embeddable":true,"href":"https:\/\/conectamutual.cl\/bienestar\/wp-json\/wp\/v2\/comments?post=6199"}],"version-history":[{"count":4,"href":"https:\/\/conectamutual.cl\/bienestar\/wp-json\/wp\/v2\/posts\/6199\/revisions"}],"predecessor-version":[{"id":6206,"href":"https:\/\/conectamutual.cl\/bienestar\/wp-json\/wp\/v2\/posts\/6199\/revisions\/6206"}],"wp:featuredmedia":[{"embeddable":true,"href":"https:\/\/conectamutual.cl\/bienestar\/wp-json\/wp\/v2\/media\/6202"}],"wp:attachment":[{"href":"https:\/\/conectamutual.cl\/bienestar\/wp-json\/wp\/v2\/media?parent=6199"}],"wp:term":[{"taxonomy":"category","embeddable":true,"href":"https:\/\/conectamutual.cl\/bienestar\/wp-json\/wp\/v2\/categories?post=6199"},{"taxonomy":"post_tag","embeddable":true,"href":"https:\/\/conectamutual.cl\/bienestar\/wp-json\/wp\/v2\/tags?post=6199"}],"curies":[{"name":"wp","href":"https:\/\/api.w.org\/{rel}","templated":true}]}}