{"id":6905,"date":"2021-10-18T16:09:56","date_gmt":"2021-10-18T19:09:56","guid":{"rendered":"https:\/\/conectamutual.cl\/bienestar\/?p=6905"},"modified":"2021-10-18T16:13:49","modified_gmt":"2021-10-18T19:13:49","slug":"la-mejor-formula-para-el-regreso-a-la-oficina-la-cultura-de-la-conexion","status":"publish","type":"post","link":"https:\/\/conectamutual.cl\/bienestar\/empresas-que-cambian\/la-mejor-formula-para-el-regreso-a-la-oficina-la-cultura-de-la-conexion\/","title":{"rendered":"\u00bfLa mejor f\u00f3rmula para el regreso a la oficina? La Cultura de la Conexi\u00f3n"},"content":{"rendered":"<p>[et_pb_section fb_built=\u00bb1&#8243; _builder_version=\u00bb3.29.3&#8243; custom_margin=\u00bb||-50px||false|false\u00bb custom_margin_phone=\u00bb||0px||false|false\u00bb custom_margin_last_edited=\u00bbon|phone\u00bb custom_padding=\u00bb11px||0px||false|false\u00bb fb_built=\u00bb1&#8243; _i=\u00bb0&#8243; _address=\u00bb0&#8243;][et_pb_row column_structure=\u00bb1_3,1_3,1_3&#8243; disabled_on=\u00bbon|on|off\u00bb _builder_version=\u00bb3.29.3&#8243; min_height=\u00bb269px\u00bb custom_margin=\u00bb-15px|auto|-190px|auto|false|false\u00bb custom_margin_last_edited=\u00bbon|phone\u00bb custom_padding=\u00bb||0px||false|false\u00bb _i=\u00bb0&#8243; _address=\u00bb0.0&#8243;][et_pb_column type=\u00bb1_3&#8243; _builder_version=\u00bb3.29.3&#8243; _i=\u00bb0&#8243; _address=\u00bb0.0.0&#8243;][\/et_pb_column][et_pb_column type=\u00bb1_3&#8243; _builder_version=\u00bb3.29.3&#8243; _i=\u00bb1&#8243; _address=\u00bb0.0.1&#8243;][et_pb_image src=\u00bbhttps:\/\/conectamutual.cl\/bienestar\/wp-content\/uploads\/2019\/10\/Logo-Espacio-Mutuo-02.png\u00bb align=\u00bbcenter\u00bb _builder_version=\u00bb3.29.3&#8243; width=\u00bb83%\u00bb width_phone=\u00bb22%\u00bb width_last_edited=\u00bbon|phone\u00bb custom_margin=\u00bb15px||||false|false\u00bb _i=\u00bb0&#8243; _address=\u00bb0.0.1.0&#8243;][\/et_pb_image][\/et_pb_column][et_pb_column type=\u00bb1_3&#8243; _builder_version=\u00bb3.29.3&#8243; _i=\u00bb2&#8243; _address=\u00bb0.0.2&#8243;][et_pb_image src=\u00bbhttps:\/\/conectamutual.cl\/bienestar\/wp-content\/uploads\/2021\/01\/Captura-de-Pantalla-2021-01-16-a-las-10.07.37.png\u00bb align=\u00bbright\u00bb _builder_version=\u00bb3.29.3&#8243; width=\u00bb72%\u00bb width_phone=\u00bb41%\u00bb width_last_edited=\u00bbon|phone\u00bb custom_margin=\u00bb45px||45px||true|false\u00bb custom_margin_phone=\u00bb10px||60px||false|false\u00bb custom_margin_last_edited=\u00bbon|phone\u00bb _i=\u00bb0&#8243; _address=\u00bb0.0.2.0&#8243;][\/et_pb_image][\/et_pb_column][\/et_pb_row][et_pb_row column_structure=\u00bb1_3,1_3,1_3&#8243; disabled_on=\u00bboff|off|on\u00bb _builder_version=\u00bb3.29.3&#8243; min_height=\u00bb269px\u00bb custom_margin=\u00bb-15px|auto|-20px|auto|false|false\u00bb custom_margin_last_edited=\u00bbon|phone\u00bb custom_padding=\u00bb||||false|false\u00bb _i=\u00bb1&#8243; _address=\u00bb0.1&#8243;][et_pb_column type=\u00bb1_3&#8243; _builder_version=\u00bb3.29.3&#8243; _i=\u00bb0&#8243; _address=\u00bb0.1.0&#8243;][\/et_pb_column][et_pb_column type=\u00bb1_3&#8243; _builder_version=\u00bb3.29.3&#8243; _i=\u00bb1&#8243; _address=\u00bb0.1.1&#8243;][et_pb_image src=\u00bbhttps:\/\/conectamutual.cl\/bienestar\/wp-content\/uploads\/2019\/10\/Logo-Espacio-Mutuo-01.png\u00bb align=\u00bbcenter\u00bb force_fullwidth=\u00bbon\u00bb _builder_version=\u00bb3.29.3&#8243; min_height=\u00bb170px\u00bb min_height_phone=\u00bb187px\u00bb min_height_last_edited=\u00bbon|phone\u00bb height=\u00bb100px\u00bb max_height=\u00bb1000px\u00bb custom_margin=\u00bb-14px||8px|||\u00bb _i=\u00bb0&#8243; _address=\u00bb0.1.1.0&#8243;][\/et_pb_image][\/et_pb_column][et_pb_column type=\u00bb1_3&#8243; _builder_version=\u00bb3.29.3&#8243; _i=\u00bb2&#8243; _address=\u00bb0.1.2&#8243;][et_pb_image src=\u00bbhttps:\/\/conectamutual.cl\/bienestar\/wp-content\/uploads\/2021\/01\/Captura-de-Pantalla-2021-01-16-a-las-10.07.37.png\u00bb align=\u00bbcenter\u00bb _builder_version=\u00bb3.29.3&#8243; width=\u00bb94%\u00bb width_phone=\u00bb65%\u00bb width_last_edited=\u00bbon|phone\u00bb module_alignment=\u00bbcenter\u00bb custom_margin=\u00bb45px||45px||true|false\u00bb custom_margin_phone=\u00bb10px||60px||false|false\u00bb custom_margin_last_edited=\u00bbon|phone\u00bb _i=\u00bb0&#8243; _address=\u00bb0.1.2.0&#8243;][\/et_pb_image][\/et_pb_column][\/et_pb_row][\/et_pb_section][et_pb_section fb_built=\u00bb1&#8243; _builder_version=\u00bb3.29.3&#8243; custom_padding=\u00bb4px||0px|||\u00bb fb_built=\u00bb1&#8243; _i=\u00bb1&#8243; _address=\u00bb1&#8243;][et_pb_row _builder_version=\u00bb3.29.3&#8243; min_height=\u00bb102px\u00bb custom_margin_phone=\u00bb20px||||false|false\u00bb custom_margin_last_edited=\u00bbon|phone\u00bb custom_padding=\u00bb34px||10px|||\u00bb _i=\u00bb0&#8243; _address=\u00bb1.0&#8243;][et_pb_column type=\u00bb4_4&#8243; _builder_version=\u00bb3.29.3&#8243; _i=\u00bb0&#8243; _address=\u00bb1.0.0&#8243;][et_pb_image src=\u00bbhttps:\/\/conectamutual.cl\/bienestar\/wp-content\/uploads\/2019\/12\/LOGOS-CATEGORIAS-04.png\u00bb align=\u00bbcenter\u00bb disabled_on=\u00bboff|off|off\u00bb _builder_version=\u00bb3.29.3&#8243; width=\u00bb47%\u00bb width_phone=\u00bb95%\u00bb width_last_edited=\u00bbon|phone\u00bb _i=\u00bb0&#8243; _address=\u00bb1.0.0.0&#8243;][\/et_pb_image][\/et_pb_column][\/et_pb_row][\/et_pb_section][et_pb_section fb_built=\u00bb1&#8243; _builder_version=\u00bb3.29.3&#8243; custom_padding=\u00bb15px||1px|||\u00bb fb_built=\u00bb1&#8243; _i=\u00bb2&#8243; _address=\u00bb2&#8243;][et_pb_row _builder_version=\u00bb3.29.3&#8243; custom_padding=\u00bb3px||36px|||\u00bb _i=\u00bb0&#8243; _address=\u00bb2.0&#8243;][et_pb_column type=\u00bb4_4&#8243; _builder_version=\u00bb3.29.3&#8243; _i=\u00bb0&#8243; _address=\u00bb2.0.0&#8243;][et_pb_post_title comments=\u00bboff\u00bb featured_image=\u00bboff\u00bb _builder_version=\u00bb3.29.3&#8243; title_font=\u00bbMontserrat|700|||||||\u00bb title_text_align=\u00bbcenter\u00bb title_text_color=\u00bb#c4d600&#8243; title_font_size=\u00bb54px\u00bb title_line_height=\u00bb1.1em\u00bb meta_font=\u00bbMontserrat||||||||\u00bb meta_text_align=\u00bbcenter\u00bb meta_font_size=\u00bb12px\u00bb title_font_size_phone=\u00bb30px\u00bb title_font_size_last_edited=\u00bbon|phone\u00bb meta_font_size_phone=\u00bb10px\u00bb meta_font_size_last_edited=\u00bbon|phone\u00bb _i=\u00bb0&#8243; _address=\u00bb2.0.0.0&#8243;][\/et_pb_post_title][\/et_pb_column][\/et_pb_row][\/et_pb_section][et_pb_section fb_built=\u00bb1&#8243; fullwidth=\u00bbon\u00bb _builder_version=\u00bb3.29.3&#8243; fb_built=\u00bb1&#8243; _i=\u00bb3&#8243; _address=\u00bb3&#8243;][et_pb_fullwidth_image src=\u00bbhttps:\/\/conectamutual.cl\/bienestar\/wp-content\/uploads\/2021\/10\/pexels-visual-tag-mx-2566581.jpg\u00bb _builder_version=\u00bb3.29.3&#8243; hover_enabled=\u00bb0&#8243; _i=\u00bb0&#8243; _address=\u00bb3.0&#8243;][\/et_pb_fullwidth_image][\/et_pb_section][et_pb_section fb_built=\u00bb1&#8243; _builder_version=\u00bb3.29.3&#8243; custom_padding=\u00bb11px||8px|||\u00bb fb_built=\u00bb1&#8243; _i=\u00bb4&#8243; _address=\u00bb4&#8243;][et_pb_row _builder_version=\u00bb3.29.3&#8243; custom_padding=\u00bb9px||0px|||\u00bb _i=\u00bb0&#8243; _address=\u00bb4.0&#8243;][et_pb_column type=\u00bb4_4&#8243; _builder_version=\u00bb3.29.3&#8243; custom_padding=\u00bb|110px||110px|false|false\u00bb custom_padding_phone=\u00bb|10px||10px|false|false\u00bb custom_padding_last_edited=\u00bbon|phone\u00bb _i=\u00bb0&#8243; _address=\u00bb4.0.0&#8243;][et_pb_text _builder_version=\u00bb3.29.3&#8243; text_font_size=\u00bb17px\u00bb text_line_height=\u00bb2.1em\u00bb header_2_text_color=\u00bb#c4d600&#8243; custom_margin=\u00bb-3px|||||\u00bb custom_margin_last_edited=\u00bbon|phone\u00bb custom_padding=\u00bb37px|0px|0px|0px|false|false\u00bb hover_enabled=\u00bb0&#8243; text_font_size_phone=\u00bb16px\u00bb text_font_size_last_edited=\u00bbon|phone\u00bb text_line_height_phone=\u00bb1.9em\u00bb text_line_height_last_edited=\u00bbon|phone\u00bb header_2_font_size_phone=\u00bb23px\u00bb header_2_font_size_last_edited=\u00bbon|phone\u00bb _i=\u00bb0&#8243; _address=\u00bb4.0.0.0&#8243;]<\/p>\n<blockquote>\n<p><span style=\"font-weight: 400;\">El mundo se est\u00e1 abriendo de nuevo y los empleadores deben decidir: \u00bfvan a traer de vuelta a toda su fuerza laboral a tiempo completo, continuar permiti\u00e9ndoles trabajar desde casa o elaborar un plan h\u00edbrido, de trabajo remoto y presencial a la vez?<\/span><\/p>\n<\/blockquote>\n<p><span style=\"font-weight: 400;\">Hay que ver el vaso medio lleno: esta situaci\u00f3n pospand\u00e9mica representa <\/span><b>un nuevo comienzo<\/b><span style=\"font-weight: 400;\"> \u2013 la oportunidad perfecta para fortalecer las subculturas que se gestan dentro de cada organizaci\u00f3n.\u00a0<\/span><\/p>\n<h2><b>POR QU\u00c9 EL TELETRABAJO ES EL FAVORITO DE TODOS<\/b><\/h2>\n<p><span style=\"font-weight: 400;\">Es probable que, con el tiempo, los empleadores se inclinar\u00e1n por tener a la gente trabajando en la oficina, dado que promueve la colaboraci\u00f3n y la innovaci\u00f3n. \u00bf<\/span><b>Pero es eso lo que quieren los trabajadores y trabajadoras?<\/b><span style=\"font-weight: 400;\"> Seg\u00fan una <\/span><a href=\"https:\/\/www.gensler.com\/uploads\/document\/740\/file\/Gensler-US-Workplace-Survey-Summer-Fall-2020.pdf\"><span style=\"font-weight: 400;\">encuesta de investigaci\u00f3n realizada por el Instituto de Investigaci\u00f3n Gensler<\/span><\/a><span style=\"font-weight: 400;\">, <\/span><b>el 71% de las personas prefiere tener un arreglo h\u00edbrido o trabajar de forma totalmente remota en el futuro.<\/b><span style=\"font-weight: 400;\"> Como ya sabemos, el teletrabajo reduce el tiempo de viaje y brinda a las personas la mayor flexibilidad en sus vidas personales, beneficios que resultan especialmente atractivos para los padres con hijos en el hogar y quienes se dedican a cuidar a familiares de la tercera edad o enfermos.\u00a0<\/span><\/p>\n<p><span style=\"font-weight: 400;\">Pero esas no son las \u00fanicas razones. En realidad, los estudios muestran que <\/span><b>las personas prefieren minimizar su tiempo en la oficina porque la mayor\u00eda de las <\/b><b>culturas empresariales <\/b><b>no son saludables ni atractivas. <\/b><span style=\"font-weight: 400;\">Trabajar de forma remota tiene sus desaf\u00edos, pero al menos no tienes que soportar el drama de la oficina que distrae o agota, ni estar rodeado de colegas que te controlan o que te son indiferentes.<\/span><\/p>\n<h2><b>EL DILEMA DE LOS EMPLEADORES<\/b><\/h2>\n<p><span style=\"font-weight: 400;\">Los empleadores que quieren gente en la oficina pero que tambi\u00e9n quieren atraer, involucrar y retener a los mejores empleados se enfrentan a un dilema. Muchos de <\/span><b>los mejores empleados preferir\u00e1n la m\u00e1xima flexibilidad para trabajar donde elijan<\/b><span style=\"font-weight: 400;\">, por lo que favorecer\u00e1n a las compa\u00f1\u00edas que brinden esa flexibilidad\u2026 por lo que exigir que las personas est\u00e9n en la oficina 5 d\u00edas a la semana puede ser un factor decisivo en el futuro.<\/span><\/p>\n<p><span style=\"font-weight: 400;\">Afortunadamente, existe otra opci\u00f3n a considerar: ofrecer a los empleados la flexibilidad de trabajar de forma remota parte del tiempo y <\/span><b>hacer que estar en la oficina sea una experiencia tan positiva, inclusiva y energizante que las personas quieran estar juntas en la oficina<\/b><span style=\"font-weight: 400;\">. \u00bfPero c\u00f3mo? Pues logrando que <\/span><b>los l\u00edderes cultiven una <\/b><a href=\"https:\/\/www.smartbrief.com\/original\/2021\/05\/hope-employees-will-return-office-start-here\"><b>cultura rica en conexiones relacionales<\/b><\/a><b>.<\/b><\/p>\n<p><span style=\"font-weight: 400;\">Tener un ambiente agradable o divertido en la oficina -como un lindo dise\u00f1o o comida gratis- no es suficiente para garantizar un equipo cooperativo y productivo. Las relaciones positivas y la conexi\u00f3n son m\u00e1s importantes que las comodidades cuando se trata de impulsar el compromiso de los empleados.<\/span><b>\u00a0<\/b><\/p>\n<h2><b>LA CULTURA DE LA CONEXI\u00d3N\u00a0<\/b><\/h2>\n<p><span style=\"font-weight: 400;\">Una <\/span><a href=\"https:\/\/conectamutual.cl\/bienestar\/empresas-que-cambian\/cultivar-cultura-de-conexion\/\"><span style=\"font-weight: 400;\">cultura de conexi\u00f3n efectiva y eficiente<\/span><\/a><span style=\"font-weight: 400;\"> responde a las <\/span><b>7 necesidades humanas universales en el trabajo: <\/b><b><i>respeto, reconocimiento, pertenencia, autonom\u00eda, crecimiento personal, sentido y progreso.<\/i><\/b><\/p>\n<p><span style=\"font-weight: 400;\">Este tipo de cultura les da a los empleados una ventaja cognitiva, aumenta el compromiso de los empleados, refuerza la alineaci\u00f3n estrat\u00e9gica, mejora la calidad de las decisiones, aumenta la tasa de innovaci\u00f3n y maximiza la agilidad y la adaptabilidad. Y, por si fuera poco, a todo eso se le suma una poderosa ventaja de rendimiento. <\/span><b>S\u00f3lo este tipo de cultura es beneficiosa para los empleados y empleadores.<\/b><\/p>\n<p><span style=\"font-weight: 400;\">Los grandes l\u00edderes fomentan una cultura de conexi\u00f3n a medida que <\/span><b>comunican una visi\u00f3n que inspira y une a las personas<\/b><span style=\"font-weight: 400;\">, valoran a las personas como individuos en lugar de pensar en ellas o tratarlas como meros medios para un fin, y les dan a las personas una voz para compartir sus opiniones.\u00a0<\/span><\/p>\n<h2><b>\u00bfC\u00d3MO LOGRARLA?<\/b><\/h2>\n<p><span style=\"font-weight: 400;\">Aprovechar <\/span><b>el poder de la conexi\u00f3n humana para crear una experiencia laboral atractiva y presencial <\/b><span style=\"font-weight: 400;\">es, sin duda, algo a lo que los y las l\u00edderes debieran apuntar. Al mirar hacia adelante y considerar el futuro del trabajo en su organizaci\u00f3n, hazte las siguientes preguntas.<\/span><\/p>\n<p><em><span style=\"font-size: 17px; font-variant-ligatures: inherit; font-variant-caps: inherit;\">&#8211; \u00bfActualmente, est\u00e1s atrayendo, involucrando y reteniendo a personas que tienen la <\/span><b style=\"font-size: 17px; font-style: inherit; font-variant-ligatures: inherit; font-variant-caps: inherit;\">competencia, el car\u00e1cter y las habilidades de conexi\u00f3n<\/b><span style=\"font-size: 17px; font-variant-ligatures: inherit; font-variant-caps: inherit;\"> que le dan a tu organizaci\u00f3n una ventaja de desempe\u00f1o?<\/span><\/em><\/p>\n<p><b><\/b><\/p>\n<p><em><b><span style=\"font-weight: 400;\">&#8211; Teniendo en cuenta la necesidad de colaboraci\u00f3n y cooperaci\u00f3n continuas, \u00bfqu\u00e9 tan importante es para las personas de las que eres responsable de liderar -y los equipos que ellos mismos lideran- <\/span>estar f\u00edsicamente ubicados juntos?<\/b><\/em><\/p>\n<p><em>&#8211;\u00a0\u00a0<b style=\"font-size: 17px; font-style: inherit; font-variant-ligatures: inherit; font-variant-caps: inherit;\">\u00bfQu\u00e9 tan conectadas y atractivas son las subculturas de los equipos o departamentos que eres responsable de liderar?<\/b><span style=\"font-size: 17px; font-variant-ligatures: inherit; font-variant-caps: inherit;\"> \u00bfCu\u00e1les se beneficiar\u00edan de esfuerzos enfocados por mejorar la conexi\u00f3n? \u00bfHay l\u00edderes espec\u00edficos o miembros del equipo que se beneficiar\u00edan de tener <\/span>coaching<span style=\"font-size: 17px; font-variant-ligatures: inherit; font-variant-caps: inherit;\"> o <\/span>mentoring<span style=\"font-size: 17px; font-variant-ligatures: inherit; font-variant-caps: inherit;\"> relacionado con sus habilidades sociales?<\/span><\/em><\/p>\n<p><span style=\"font-weight: 400;\">Analiza los resultados de encuestas antiguas sobre el <\/span><b>compromiso de los empleados de tu organizaci\u00f3n, las entrevistas de salida y lo que has aprendido al hablar con colegas<\/b><span style=\"font-weight: 400;\"> y observar las interacciones en tu equipo.<\/span><\/p>\n<p><em><b>&#8211; \u00bfEst\u00e1 la gente inspirada y unida por tu visi\u00f3n<\/b>? \u00bfSe sienten valorados como individuos y no pensados \u200b\u200bo tratados como meros medios para un fin? \u00bfCreen que tienen voz para compartir sus ideas y opiniones sobre asuntos que son importantes para ellos? \u00bfCreen que sus comentarios se consideran seriamente?<\/em><\/p>\n<p><span style=\"font-weight: 400;\">Dale voz a la gente al tener conversaciones individuales con ellos. <\/span><b>Preg\u00fantales sobre su perspectiva de estar de regreso en la oficina<\/b><span style=\"font-weight: 400;\"> a tiempo completo o parte del tiempo.<\/span><\/p>\n<p>&#8211; \u00bfQu\u00e9 han apreciado de trabajar desde casa? \u00bfQu\u00e9 se han perdido de estar en la oficina?<\/p>\n<p><span style=\"font-weight: 400;\">Preg\u00fantales sobre <\/span><b>su opini\u00f3n sobre la cultura relacional del equipo<\/b><span style=\"font-weight: 400;\"> antes de la pandemia.<\/span><\/p>\n<p><em>&#8211; \u00bfQu\u00e9 iba bien? \u00bfQu\u00e9 les estaba causando problemas o preocupaciones? \u00bfQu\u00e9 les gustar\u00eda que se hiciera de manera diferente en el futuro?<\/em><\/p>\n<p><span style=\"font-weight: 400;\">Tener una cultura de conexi\u00f3n en el lugar de trabajo es una necesidad para los l\u00edderes y las organizaciones si quieren ganar la guerra por los empleados m\u00e1s talentosos y, as\u00ed, lograr sus aspiraciones de un desempe\u00f1o m\u00e1s alto en el mundo pospand\u00e9mico.<\/span><\/p>\n<p>[\/et_pb_text][et_pb_text _builder_version=\u00bb3.29.3&#8243; text_font_size=\u00bb13px\u00bb text_line_height=\u00bb0.6em\u00bb custom_margin=\u00bb-15px||||false|false\u00bb custom_padding=\u00bb34px|||||\u00bb text_font_size_phone=\u00bb11px\u00bb text_font_size_last_edited=\u00bbon|phone\u00bb _i=\u00bb1&#8243; _address=\u00bb4.0.0.1&#8243;]<\/p>\n<p style=\"text-align: center;\"><img loading=\"lazy\" decoding=\"async\" class=\"wp-image-608 alignnone size-full\" src=\"https:\/\/conectamutual.cl\/bienestar\/wp-content\/uploads\/2019\/10\/Imagen-equipo.png\" alt=\"\" width=\"91\" height=\"88\" \/><\/p>\n<p style=\"text-align: center;\"><strong>Por Equipo Espacio Mutuo<\/strong><\/p>\n<p style=\"text-align: center;\"><em>Mutual de Seguridad<\/em><\/p>\n<p>[\/et_pb_text][\/et_pb_column][\/et_pb_row][et_pb_row _builder_version=\u00bb3.29.3&#8243; background_color=\u00bbrgba(0,0,0,0)\u00bb collapsed=\u00bboff\u00bb _i=\u00bb1&#8243; _address=\u00bb4.1&#8243;][et_pb_column type=\u00bb4_4&#8243; _builder_version=\u00bb3.29.3&#8243; transform_scale_linked=\u00bboff\u00bb transform_translate=\u00bb-4px|10px\u00bb transform_translate_linked=\u00bboff\u00bb custom_padding=\u00bb5px|0px|5px|0px|false|true\u00bb animation_style=\u00bbzoom\u00bb animation_duration=\u00bb500ms\u00bb border_radii=\u00bboff||||\u00bb border_color_all=\u00bb#cde002&#8243; border_width_top=\u00bb1px\u00bb border_color_top=\u00bb#e09900&#8243; border_style_top=\u00bbdotted\u00bb border_width_bottom=\u00bb1px\u00bb border_color_bottom=\u00bb#e09900&#8243; border_style_bottom=\u00bbdotted\u00bb _i=\u00bb0&#8243; _address=\u00bb4.1.0&#8243;][et_pb_code admin_label=\u00bbRating Art\u00edculo\u00bb _builder_version=\u00bb3.29.3&#8243; transform_scale=\u00bb110%|110%\u00bb transform_translate=\u00bb424px|5px\u00bb transform_translate_linked=\u00bboff\u00bb hover_enabled=\u00bb0&#8243; saved_tabs=\u00bball\u00bb _i=\u00bb0&#8243; _address=\u00bb4.1.0.0&#8243;]<a class=\"typeform-share button\" href=\"https:\/\/singularmktg.typeform.com\/to\/COMq1XCs#art=483\" data-mode=\"drawer_right\" style=\"display:inline-block;text-decoration:none;background-color:#CDE002;color:white;cursor:pointer;font-family:Helvetica,Arial,sans-serif;font-size:20px;line-height:50px;text-align:center;margin:0;height:50px;padding:0px 33px;border-radius:12px;max-width:100%;white-space:nowrap;overflow:hidden;text-overflow:ellipsis;font-weight:bold;-webkit-font-smoothing:antialiased;-moz-osx-font-smoothing:grayscale;\" data-hide-headers=\"true\" data-hide-footer=\"true\" data-submit-close-delay=\"2\" target=\"_blank\" rel=\"noopener noreferrer\">Eval\u00faa este art\u00edculo <\/a> <script> (function() { var qs,js,q,s,d=document, gi=d.getElementById, ce=d.createElement, gt=d.getElementsByTagName, id=\"typef_orm_share\", b=\"https:\/\/embed.typeform.com\/\"; if(!gi.call(d,id)){ js=ce.call(d,\"script\"); js.id=id; js.src=b+\"embed.js\"; q=gt.call(d,\"script\")[0]; q.parentNode.insertBefore(js,q) } })() <\/script>[\/et_pb_code][\/et_pb_column][\/et_pb_row][et_pb_row _builder_version=\u00bb3.29.3&#8243; custom_padding=\u00bb63px|||||\u00bb _i=\u00bb2&#8243; _address=\u00bb4.2&#8243;][et_pb_column type=\u00bb4_4&#8243; _builder_version=\u00bb3.29.3&#8243; custom_padding_phone=\u00bb40px||||false|false\u00bb custom_padding_last_edited=\u00bbon|phone\u00bb _i=\u00bb0&#8243; _address=\u00bb4.2.0&#8243;][et_pb_posts_carousel_agsdcm category_id=\u00bb26&#8243; max_title_characters=\u00bb150&#8243; heading_style=\u00bbcustom\u00bb heading_primary=\u00bb\u00daltimos Art\u00edculos\u00bb heading_sub=\u00bbEmpresas que Cambian\u00bb posts_filter_any=\u00bbon\u00bb _builder_version=\u00bb3.29.3&#8243; header_font=\u00bbMontserrat||||||||\u00bb header_text_color=\u00bb#757575&#8243; header_font_size=\u00bb19px\u00bb subheader_text_color=\u00bb#828282&#8243; title_font=\u00bbMontserrat|700|||||||\u00bb title_text_color=\u00bb#acc601&#8243; border_color_all=\u00bb#cde002&#8243; _i=\u00bb0&#8243; _address=\u00bb4.2.0.0&#8243;][\/et_pb_posts_carousel_agsdcm][\/et_pb_column][\/et_pb_row][\/et_pb_section]<\/p>\n","protected":false},"excerpt":{"rendered":"<p>El mundo se est\u00e1 abriendo de nuevo y los empleadores deben decidir: \u00bfvan a traer de vuelta a toda su fuerza laboral a tiempo completo, continuar permiti\u00e9ndoles trabajar desde casa o elaborar un plan h\u00edbrido, de trabajo remoto y presencial a la vez? Hay que ver el vaso medio lleno: esta situaci\u00f3n pospand\u00e9mica representa un [&hellip;]<\/p>\n","protected":false},"author":2,"featured_media":6908,"comment_status":"closed","ping_status":"closed","sticky":false,"template":"","format":"standard","meta":{"_et_pb_use_builder":"on","_et_pb_old_content":"","_et_gb_content_width":"","footnotes":""},"categories":[26],"tags":[],"class_list":["post-6905","post","type-post","status-publish","format-standard","has-post-thumbnail","hentry","category-empresas-que-cambian","et-has-post-format-content","et_post_format-et-post-format-standard"],"_links":{"self":[{"href":"https:\/\/conectamutual.cl\/bienestar\/wp-json\/wp\/v2\/posts\/6905","targetHints":{"allow":["GET"]}}],"collection":[{"href":"https:\/\/conectamutual.cl\/bienestar\/wp-json\/wp\/v2\/posts"}],"about":[{"href":"https:\/\/conectamutual.cl\/bienestar\/wp-json\/wp\/v2\/types\/post"}],"author":[{"embeddable":true,"href":"https:\/\/conectamutual.cl\/bienestar\/wp-json\/wp\/v2\/users\/2"}],"replies":[{"embeddable":true,"href":"https:\/\/conectamutual.cl\/bienestar\/wp-json\/wp\/v2\/comments?post=6905"}],"version-history":[{"count":3,"href":"https:\/\/conectamutual.cl\/bienestar\/wp-json\/wp\/v2\/posts\/6905\/revisions"}],"predecessor-version":[{"id":6911,"href":"https:\/\/conectamutual.cl\/bienestar\/wp-json\/wp\/v2\/posts\/6905\/revisions\/6911"}],"wp:featuredmedia":[{"embeddable":true,"href":"https:\/\/conectamutual.cl\/bienestar\/wp-json\/wp\/v2\/media\/6908"}],"wp:attachment":[{"href":"https:\/\/conectamutual.cl\/bienestar\/wp-json\/wp\/v2\/media?parent=6905"}],"wp:term":[{"taxonomy":"category","embeddable":true,"href":"https:\/\/conectamutual.cl\/bienestar\/wp-json\/wp\/v2\/categories?post=6905"},{"taxonomy":"post_tag","embeddable":true,"href":"https:\/\/conectamutual.cl\/bienestar\/wp-json\/wp\/v2\/tags?post=6905"}],"curies":[{"name":"wp","href":"https:\/\/api.w.org\/{rel}","templated":true}]}}