{"id":7005,"date":"2021-11-08T09:28:08","date_gmt":"2021-11-08T12:28:08","guid":{"rendered":"https:\/\/conectamutual.cl\/bienestar\/?p=7005"},"modified":"2021-11-08T09:31:31","modified_gmt":"2021-11-08T12:31:31","slug":"5-consejos-para-abordar-los-efectos-del-estres-pandemico","status":"publish","type":"post","link":"https:\/\/conectamutual.cl\/bienestar\/nuevas-miradas\/5-consejos-para-abordar-los-efectos-del-estres-pandemico\/","title":{"rendered":"5 consejos para abordar los efectos del estr\u00e9s pand\u00e9mico"},"content":{"rendered":"<p>[et_pb_section fb_built=\u00bb1&#8243; _builder_version=\u00bb3.29.3&#8243; custom_margin=\u00bb||-50px||false|false\u00bb custom_margin_phone=\u00bb||0px||false|false\u00bb custom_margin_last_edited=\u00bbon|phone\u00bb custom_padding=\u00bb11px||0px||false|false\u00bb fb_built=\u00bb1&#8243; _i=\u00bb0&#8243; _address=\u00bb0&#8243;][et_pb_row column_structure=\u00bb1_3,1_3,1_3&#8243; disabled_on=\u00bbon|on|off\u00bb _builder_version=\u00bb3.29.3&#8243; min_height=\u00bb269px\u00bb custom_margin=\u00bb-15px|auto|-190px|auto|false|false\u00bb custom_margin_last_edited=\u00bbon|phone\u00bb custom_padding=\u00bb||0px||false|false\u00bb _i=\u00bb0&#8243; _address=\u00bb0.0&#8243;][et_pb_column type=\u00bb1_3&#8243; _builder_version=\u00bb3.29.3&#8243; _i=\u00bb0&#8243; _address=\u00bb0.0.0&#8243;][\/et_pb_column][et_pb_column type=\u00bb1_3&#8243; _builder_version=\u00bb3.29.3&#8243; _i=\u00bb1&#8243; _address=\u00bb0.0.1&#8243;][et_pb_image src=\u00bbhttps:\/\/conectamutual.cl\/bienestar\/wp-content\/uploads\/2019\/10\/Logo-Espacio-Mutuo-02.png\u00bb align=\u00bbcenter\u00bb _builder_version=\u00bb3.29.3&#8243; width=\u00bb83%\u00bb width_phone=\u00bb22%\u00bb width_last_edited=\u00bbon|phone\u00bb custom_margin=\u00bb15px||||false|false\u00bb _i=\u00bb0&#8243; _address=\u00bb0.0.1.0&#8243;][\/et_pb_image][\/et_pb_column][et_pb_column type=\u00bb1_3&#8243; _builder_version=\u00bb3.29.3&#8243; _i=\u00bb2&#8243; _address=\u00bb0.0.2&#8243;][et_pb_image src=\u00bbhttps:\/\/conectamutual.cl\/bienestar\/wp-content\/uploads\/2021\/01\/Captura-de-Pantalla-2021-01-16-a-las-10.07.37.png\u00bb align=\u00bbright\u00bb _builder_version=\u00bb3.29.3&#8243; width=\u00bb72%\u00bb width_phone=\u00bb41%\u00bb width_last_edited=\u00bbon|phone\u00bb custom_margin=\u00bb45px||45px||true|false\u00bb custom_margin_phone=\u00bb10px||60px||false|false\u00bb custom_margin_last_edited=\u00bbon|phone\u00bb _i=\u00bb0&#8243; _address=\u00bb0.0.2.0&#8243;][\/et_pb_image][\/et_pb_column][\/et_pb_row][et_pb_row column_structure=\u00bb1_3,1_3,1_3&#8243; disabled_on=\u00bboff|off|on\u00bb _builder_version=\u00bb3.29.3&#8243; min_height=\u00bb269px\u00bb custom_margin=\u00bb-15px|auto|-20px|auto|false|false\u00bb custom_margin_last_edited=\u00bbon|phone\u00bb custom_padding=\u00bb||||false|false\u00bb _i=\u00bb1&#8243; _address=\u00bb0.1&#8243;][et_pb_column type=\u00bb1_3&#8243; _builder_version=\u00bb3.29.3&#8243; _i=\u00bb0&#8243; _address=\u00bb0.1.0&#8243;][\/et_pb_column][et_pb_column type=\u00bb1_3&#8243; _builder_version=\u00bb3.29.3&#8243; _i=\u00bb1&#8243; _address=\u00bb0.1.1&#8243;][et_pb_image src=\u00bbhttps:\/\/conectamutual.cl\/bienestar\/wp-content\/uploads\/2019\/10\/Logo-Espacio-Mutuo-01.png\u00bb align=\u00bbcenter\u00bb force_fullwidth=\u00bbon\u00bb _builder_version=\u00bb3.29.3&#8243; min_height=\u00bb170px\u00bb min_height_phone=\u00bb187px\u00bb min_height_last_edited=\u00bbon|phone\u00bb height=\u00bb100px\u00bb max_height=\u00bb1000px\u00bb custom_margin=\u00bb-14px||8px|||\u00bb _i=\u00bb0&#8243; _address=\u00bb0.1.1.0&#8243;][\/et_pb_image][\/et_pb_column][et_pb_column type=\u00bb1_3&#8243; _builder_version=\u00bb3.29.3&#8243; _i=\u00bb2&#8243; _address=\u00bb0.1.2&#8243;][et_pb_image src=\u00bbhttps:\/\/conectamutual.cl\/bienestar\/wp-content\/uploads\/2021\/01\/Captura-de-Pantalla-2021-01-16-a-las-10.07.37.png\u00bb align=\u00bbcenter\u00bb _builder_version=\u00bb3.29.3&#8243; width=\u00bb94%\u00bb width_phone=\u00bb65%\u00bb width_last_edited=\u00bbon|phone\u00bb module_alignment=\u00bbcenter\u00bb custom_margin=\u00bb45px||45px||true|false\u00bb custom_margin_phone=\u00bb10px||60px||false|false\u00bb custom_margin_last_edited=\u00bbon|phone\u00bb _i=\u00bb0&#8243; _address=\u00bb0.1.2.0&#8243;][\/et_pb_image][\/et_pb_column][\/et_pb_row][\/et_pb_section][et_pb_section fb_built=\u00bb1&#8243; _builder_version=\u00bb3.29.3&#8243; custom_padding=\u00bb4px||0px|||\u00bb fb_built=\u00bb1&#8243; _i=\u00bb1&#8243; _address=\u00bb1&#8243;][et_pb_row _builder_version=\u00bb3.29.3&#8243; min_height=\u00bb102px\u00bb custom_margin_phone=\u00bb20px||||false|false\u00bb custom_margin_last_edited=\u00bbon|phone\u00bb custom_padding=\u00bb34px||10px|||\u00bb _i=\u00bb0&#8243; _address=\u00bb1.0&#8243;][et_pb_column type=\u00bb4_4&#8243; _builder_version=\u00bb3.29.3&#8243; _i=\u00bb0&#8243; _address=\u00bb1.0.0&#8243;][et_pb_image src=\u00bbhttps:\/\/conectamutual.cl\/bienestar\/wp-content\/uploads\/2019\/12\/LOGOS-CATEGORIAS-03.png\u00bb align=\u00bbcenter\u00bb disabled_on=\u00bboff|off|off\u00bb _builder_version=\u00bb3.29.3&#8243; width=\u00bb48%\u00bb width_phone=\u00bb95%\u00bb width_last_edited=\u00bbon|phone\u00bb _i=\u00bb0&#8243; _address=\u00bb1.0.0.0&#8243;][\/et_pb_image][\/et_pb_column][\/et_pb_row][\/et_pb_section][et_pb_section fb_built=\u00bb1&#8243; _builder_version=\u00bb3.29.3&#8243; custom_padding=\u00bb27px||1px|||\u00bb fb_built=\u00bb1&#8243; _i=\u00bb2&#8243; _address=\u00bb2&#8243;][et_pb_row _builder_version=\u00bb3.29.3&#8243; custom_padding=\u00bb3px||36px|||\u00bb _i=\u00bb0&#8243; _address=\u00bb2.0&#8243;][et_pb_column type=\u00bb4_4&#8243; _builder_version=\u00bb3.29.3&#8243; _i=\u00bb0&#8243; _address=\u00bb2.0.0&#8243;][et_pb_post_title comments=\u00bboff\u00bb featured_image=\u00bboff\u00bb _builder_version=\u00bb3.29.3&#8243; title_font=\u00bbMontserrat|700|||||||\u00bb title_text_align=\u00bbcenter\u00bb title_text_color=\u00bb#c4d600&#8243; title_font_size=\u00bb54px\u00bb title_line_height=\u00bb1.1em\u00bb meta_font=\u00bbMontserrat||||||||\u00bb meta_text_align=\u00bbcenter\u00bb meta_font_size=\u00bb12px\u00bb title_font_size_phone=\u00bb30px\u00bb title_font_size_last_edited=\u00bbon|phone\u00bb meta_font_size_phone=\u00bb10px\u00bb meta_font_size_last_edited=\u00bbon|phone\u00bb _i=\u00bb0&#8243; _address=\u00bb2.0.0.0&#8243;][\/et_pb_post_title][\/et_pb_column][\/et_pb_row][\/et_pb_section][et_pb_section fb_built=\u00bb1&#8243; fullwidth=\u00bbon\u00bb _builder_version=\u00bb3.29.3&#8243; fb_built=\u00bb1&#8243; _i=\u00bb3&#8243; _address=\u00bb3&#8243;][et_pb_fullwidth_image src=\u00bbhttps:\/\/conectamutual.cl\/bienestar\/wp-content\/uploads\/2021\/11\/pexels-anna-shvets-4226269-copia.jpg\u00bb _builder_version=\u00bb3.29.3&#8243; custom_padding=\u00bb0px||0px|||\u00bb _i=\u00bb0&#8243; _address=\u00bb3.0&#8243;][\/et_pb_fullwidth_image][\/et_pb_section][et_pb_section fb_built=\u00bb1&#8243; _builder_version=\u00bb3.29.3&#8243; custom_padding=\u00bb||8px|||\u00bb fb_built=\u00bb1&#8243; _i=\u00bb4&#8243; _address=\u00bb4&#8243;][et_pb_row _builder_version=\u00bb3.29.3&#8243; custom_padding=\u00bb9px|||||\u00bb _i=\u00bb0&#8243; _address=\u00bb4.0&#8243;][et_pb_column type=\u00bb4_4&#8243; _builder_version=\u00bb3.29.3&#8243; custom_padding=\u00bb|110px||110px|false|false\u00bb custom_padding_phone=\u00bb|10px||10px|false|false\u00bb custom_padding_last_edited=\u00bbon|phone\u00bb _i=\u00bb0&#8243; _address=\u00bb4.0.0&#8243;][et_pb_text _builder_version=\u00bb3.29.3&#8243; text_font_size=\u00bb17px\u00bb text_line_height=\u00bb2.1em\u00bb header_2_text_color=\u00bb#c4d600&#8243; custom_margin_last_edited=\u00bbon|phone\u00bb custom_padding=\u00bb|0px||0px|false|false\u00bb text_font_size_phone=\u00bb16px\u00bb text_font_size_last_edited=\u00bbon|phone\u00bb text_line_height_phone=\u00bb1.9em\u00bb text_line_height_last_edited=\u00bbon|phone\u00bb header_2_font_size_phone=\u00bb23px\u00bb header_2_font_size_last_edited=\u00bbon|phone\u00bb _i=\u00bb0&#8243; _address=\u00bb4.0.0.0&#8243;]<\/p>\n<blockquote>\n<p><span style=\"font-weight: 400;\">Lo logramos, sobrevivimos: pareciera que la pandemia est\u00e1 llegando a su fin. Y, sin embargo, despu\u00e9s de todo este tiempo, reci\u00e9n nos estamos dando cuenta de que <\/span><b>no era s\u00f3lo el COVID-19 lo que nos ten\u00eda estresados y estresadas.\u00a0<\/b><\/p>\n<\/blockquote>\n<p><span style=\"font-weight: 400;\">La situaci\u00f3n clim\u00e1tica, la inestabilidad de los mercados y la polarizaci\u00f3n pol\u00edtica-social son fen\u00f3menos que se han hecho sentir a lo largo de todo el mundo, as\u00ed como tambi\u00e9n se ha visto c\u00f3mo las cifras de depresi\u00f3n y ansiedad en la juventud se han duplicado en comparaci\u00f3n con los niveles pre-pand\u00e9micos.\u00a0<\/span><\/p>\n<p><span style=\"font-weight: 400;\">Para pasar un verano sin estr\u00e9s, sigue el consejo de los expertos. Aqu\u00ed, <\/span><a href=\"https:\/\/edition.cnn.com\/2021\/10\/21\/health\/coping-skills-fall-winter-wellness\/index.html\"><span style=\"font-weight: 400;\">la doctora estadounidense Cynthia Ackrill,<\/span><\/a><span style=\"font-weight: 400;\"> del Instituto Americano del Estr\u00e9s, ofrece 5 sencillos consejos para identificar y lidiar con el estr\u00e9s cr\u00f3nico y sus causas.\u00a0<\/span><\/p>\n<p><b><\/b><\/p>\n<ul>\n<li aria-level=\"1\">\n<h3><b>Cultiva tu consciencia.\u00a0<\/b><\/h3>\n<\/li>\n<\/ul>\n<p><span style=\"font-size: 17px; font-style: inherit; font-variant-ligatures: inherit; font-variant-caps: inherit;\">Aprende m\u00e1s acerca de la psicolog\u00eda del estr\u00e9s y de lo que eso significa para tu salud y felicidad. Reflexiona un poco acerca de tu relaci\u00f3n con el estr\u00e9s: \u00bfQu\u00e9 historias de estr\u00e9s se te vienen a la mente primero?<\/span><\/p>\n<p><i><span style=\"font-weight: 400;\">\u00bfQu\u00e9 es lo que m\u00e1s te importa? \u00bfQu\u00e9 te hace fuerte? \u00bfQu\u00e9 cosas suelen gatillar tu estr\u00e9s, y qu\u00e9 cosas te ayudan a manejar las situaciones estresantes<\/span><\/i><span style=\"font-weight: 400;\">? T\u00f3mate un par de sesiones para aterrizar tus pensamientos. <\/span><b>Conocer tus motivaciones, fortalezas y necesidades te ayudar\u00e1 a trabajar mejor con tu cerebro durante momentos cr\u00edticos.\u00a0<\/b><\/p>\n<p><b><\/b><\/p>\n<ul>\n<li aria-level=\"1\">\n<h3><b>Aprende a calmarte.\u00a0<\/b><\/h3>\n<\/li>\n<\/ul>\n<p><span style=\"font-size: 17px; font-style: inherit; font-variant-ligatures: inherit; font-variant-caps: inherit;\">Existen formas f\u00e1ciles de tranquilizarte a ti mismo en momentos de estr\u00e9s, como el control de la respiraci\u00f3n. Nada mejor para dar vuelta tu estado de \u00e1nimo mental.\u00a0<\/span><\/p>\n<p><a href=\"https:\/\/conectamutual.cl\/bienestar\/vivir-mejor\/alivio-rapido-del-estres-como-lograrlo-entrenando-tu-respiracion\/\"><span style=\"font-weight: 400;\">Usar la respiraci\u00f3n<\/span><\/a><span style=\"font-weight: 400;\"> para calmar tu fisiolog\u00eda mejora tu capacidad intelectual para manejar la situaci\u00f3n. Hay una gran variedad de opciones: <\/span><b>mantras, visualizaciones guiadas, relajaci\u00f3n progresiva y m\u00e1s. <\/b><span style=\"font-weight: 400;\">La clave es aprender una o 2 t\u00e9cnicas y practicarlas hasta que siempre est\u00e9n a tu disposici\u00f3n, en tu cintur\u00f3n de herramientas mentales. Adem\u00e1s, \u00e9stas son grandes actividades para realizar en equipo o en familia.<\/span><\/p>\n<p><span style=\"font-weight: 400;\">Son \u00fatiles muchas versiones diferentes de la respiraci\u00f3n. Cada vez que le prestas atenci\u00f3n a tu respiraci\u00f3n, <\/span><b>disminuyes su velocidad y logras que cada inhalaci\u00f3n llegue al fondo de los pulmones<\/b><span style=\"font-weight: 400;\"> (respiraci\u00f3n suave del vientre), activando el sistema nervioso parasimp\u00e1tico (sistema de recuperaci\u00f3n), <\/span><b>restableciendo tu fisiolog\u00eda<\/b><span style=\"font-weight: 400;\"> y devolviendo m\u00e1s flujo sangu\u00edneo a la funci\u00f3n cerebral ejecutiva. Para los adultos, hay mucha investigaci\u00f3n en torno a una frecuencia de aproximadamente 6 respiraciones por minuto, por lo que contar 5 segundos al inhalar y 5 al exhalar es un gran comienzo.<\/span><\/p>\n<p><b><\/b><\/p>\n<ul>\n<li aria-level=\"1\">\n<h3><b>Construye h\u00e1bitos de resiliencia.\u00a0<\/b><\/h3>\n<\/li>\n<\/ul>\n<p><span style=\"font-size: 17px; font-style: inherit; font-variant-ligatures: inherit; font-variant-caps: inherit;\">Piensa en qu\u00e9 te drena de energ\u00eda y qu\u00e9 te energiza f\u00edsica, mental, emocional y espiritualmente (y por espiritualmente nos referimos a qu\u00e9 cosas <\/span><a href=\"https:\/\/conectamutual.cl\/bienestar\/vivir-mejor\/el-sentido-de-proposito-puede-cambiar-a-traves-de-la-vida-descubre-como-cultivarlo-para-que-nunca-te-falte\/\" style=\"font-size: 17px; font-style: inherit; font-variant-ligatures: inherit; font-variant-caps: inherit;\">te conectan con tu prop\u00f3sito en la vida<\/a><span style=\"font-size: 17px; font-style: inherit; font-variant-ligatures: inherit; font-variant-caps: inherit;\">).\u00a0<\/span><\/p>\n<p><b>\u00bfC\u00f3mo se pueden minimizar las fugas y, en cambio, maximizar las bater\u00edas<\/b><span style=\"font-weight: 400;\">? \u00a1Usa tu imaginaci\u00f3n! Ponte creativo y haz que sea divertido. <\/span><b>Elige uno o 2 peque\u00f1os cambios de h\u00e1bitos para \u00abjugar\u00bb durante las pr\u00f3ximas semanas. <\/b><span style=\"font-weight: 400;\">De hecho, considera la posibilidad de asociarte con un amigo para hacerse responsables mutuamente de la formaci\u00f3n de <\/span><a href=\"https:\/\/conectamutual.cl\/bienestar\/nuevas-miradas\/puede-la-ciencia-ayudarnos-a-romper-malos-habitos\/\"><span style=\"font-weight: 400;\">nuevos h\u00e1bitos<\/span><\/a><span style=\"font-weight: 400;\">.<\/span><\/p>\n<p><span style=\"font-weight: 400;\">Aseg\u00farate de elegir cosas que puedas hacer f\u00e1cilmente: <\/span><a href=\"https:\/\/conectamutual.cl\/bienestar\/vivir-mejor\/todos-podemos-marchitarnos-o-volver-a-florecer-6-trucos-para-volver-a-enamorarnos-de-la-vida\/\"><span style=\"font-weight: 400;\">peque\u00f1os pasos en la direcci\u00f3n de m\u00e1s energ\u00eda<\/span><\/a><span style=\"font-weight: 400;\">. Tal vez intenta irte a la cama 15 minutos antes, beber una botella de agua antes del almuerzo, hablar con al menos 2 amigos cada semana o caminar al aire libre durante la hora de almuerzo. Tu \u00e9xito con las opciones m\u00e1s peque\u00f1as te permitir\u00e1 sentirte m\u00e1s en control.<\/span><\/p>\n<p><span style=\"font-weight: 400;\">Peque\u00f1os ajustes en la forma en que gastas y te recargas pueden sumar mucha m\u00e1s energ\u00eda y resistencia a tu vida. Aborda los cambios de comportamiento elegidos con curiosidad, creatividad y compasi\u00f3n<\/span><b>. No existe una soluci\u00f3n \u00fanica para todos<\/b><span style=\"font-weight: 400;\"> \u2013 <\/span><b>la prueba y el error son parte del viaje.<\/b><\/p>\n<p><b><\/b><\/p>\n<ul>\n<li aria-level=\"1\">\n<h3><b>Ponte a \u201cti\u201d en tu propio calendario.\u00a0<\/b><\/h3>\n<\/li>\n<\/ul>\n<p><b style=\"font-size: 17px; font-style: inherit; font-variant-ligatures: inherit; font-variant-caps: inherit;\">Agenda en tu calendario una reuni\u00f3n semanal contigo mismo para ver c\u00f3mo est\u00e1s, e identificar qu\u00e9 est\u00e1 funcionando bien y qu\u00e9 no.<\/b><span style=\"font-size: 17px; font-style: inherit; font-variant-ligatures: inherit; font-variant-caps: inherit;\"> Es importante ser proactivo en el autocuidado y en el recargo de tu energ\u00eda, manteni\u00e9ndote responsable con las cosas que realmente te importan y te gustan.\u00a0<\/span><\/p>\n<p><span style=\"font-weight: 400;\">Esto tambi\u00e9n <\/span><b>puedes hacerlo con tu familia o con un equipo de trabajo<\/b><span style=\"font-weight: 400;\">. Una vez a la semana, comparen sus calendarios y horarios, discutan el manejo de su energ\u00eda, capturen algo sorprendente que les haya ocurrido durante los \u00faltimos d\u00edas y planteen objetivos realistas para la semana siguiente. Luego, retomen el Paso 3: p\u00f3nganse creativos y vean formas de incluir diversi\u00f3n a sus jornadas.\u00a0<\/span><\/p>\n<p><span style=\"font-weight: 400;\">La buena noticia es que puedes ajustar tus h\u00e1bitos constantemente, para hacerte cada vez m\u00e1s feliz, sano y fuerte. El COVID-19 sirvi\u00f3 para darnos cuenta de <\/span><b>qu\u00e9 \u00e1reas no est\u00e1n funcionando en nuestra sociedad, sistema y vida personal \u2013 usemos esa informaci\u00f3n para cultivar nuestra resiliencia.\u00a0<\/b><\/p>\n<p><b><\/b><\/p>\n<ul>\n<li aria-level=\"1\">\n<h3><b>Pide ayuda y con\u00e9ctate con otras personas.\u00a0\u00a0<\/b><\/h3>\n<\/li>\n<\/ul>\n<p><span style=\"font-size: 17px; font-style: inherit; font-variant-ligatures: inherit; font-variant-caps: inherit;\">El estr\u00e9s puede hacernos sentir solos o avergonzados, como si de alguna manera otros lo estuvieran haciendo mucho mejor que nosotros. Pero la verdad es que <\/span><b style=\"font-size: 17px; font-style: inherit; font-variant-ligatures: inherit; font-variant-caps: inherit;\">cuando nos acercamos y nos conectamos, somos m\u00e1s saludables y felices. <\/b><span style=\"font-size: 17px; font-style: inherit; font-variant-ligatures: inherit; font-variant-caps: inherit;\">Las investigaciones muestran que una <\/span><a href=\"https:\/\/conectamutual.cl\/bienestar\/el-valor-de-vincularse\/la-alegria-de-los-buenos-amigos-es-mejor-que-cualquier-medicina\/\" style=\"font-size: 17px; font-style: inherit; font-variant-ligatures: inherit; font-variant-caps: inherit;\">conexi\u00f3n social significativa apoya la resiliencia y la longevidad<\/a><span style=\"font-size: 17px; font-style: inherit; font-variant-ligatures: inherit; font-variant-caps: inherit;\">. <\/span><b style=\"font-size: 17px; font-style: inherit; font-variant-ligatures: inherit; font-variant-caps: inherit;\">No se trata de ser popular, sino de estar presente y abierto con los dem\u00e1s.<\/b><\/p>\n<p><span style=\"font-weight: 400;\">Puede que nadie se encuentre en tu situaci\u00f3n exacta, pero cada uno de nosotros comparte mucho m\u00e1s de la gama completa de experiencias humanas de lo que sabemos. Esperamos que un lado positivo de la pandemia sea que estamos aprendiendo a discutir nuestros sentimientos y vulnerabilidades de maneras que nos hagan a todos m\u00e1s fuertes.<\/span><\/p>\n<p><span style=\"font-weight: 400;\">Detr\u00e1s de cada sensaci\u00f3n de estr\u00e9s, est\u00e1 el desajuste de nuestras <\/span><a href=\"https:\/\/conectamutual.cl\/bienestar\/vivir-mejor\/el-optimismo-y-la-esperanza-no-son-lo-mismo-pero-sabes-cual-tiene-mas-poder-sobre-el-futuro\/\"><span style=\"font-weight: 400;\">expectativas sobre lo que deber\u00eda estar sucediendo y lo que percibimos que est\u00e1 sucediendo<\/span><\/a><span style=\"font-weight: 400;\"> realmente.<\/span><\/p>\n<p><span style=\"font-weight: 400;\">Pensamos: \u201cEl virus se ir\u00e1 este verano y el mundo volver\u00e1 a la normalidad. No deber\u00edamos tener tanta incertidumbre por delante\u201d. Y, sin embargo, aqu\u00ed estamos, todav\u00eda en una especie de l\u00edo. Cada uno de nosotros, a su propio ritmo, tenemos que lidiar con la realidad de que la nueva normalidad es el cambio. <\/span><b>La nueva normalidad es que tenemos que descubrir c\u00f3mo cuidarnos a nosotros mismos y c\u00f3mo lidiar con el desafiante mundo del trabajo durante y despu\u00e9s del COVID.\u00a0<\/b><\/p>\n<p><span style=\"font-weight: 400;\">Es dif\u00edcil imaginar un final en el que salimos de esto m\u00e1s fuertes y felices que antes, pero es posible. Sigue estos pasos expertos y af\u00e9rrate a aquellos detalles del d\u00eda a d\u00eda que te dan esperanza.\u00a0<\/span><\/p>\n<p>[\/et_pb_text][et_pb_text _builder_version=\u00bb3.29.3&#8243; text_font_size=\u00bb13px\u00bb text_line_height=\u00bb0.6em\u00bb custom_margin=\u00bb-15px||||false|false\u00bb custom_padding=\u00bb34px|||||\u00bb text_font_size_phone=\u00bb11px\u00bb text_font_size_last_edited=\u00bbon|phone\u00bb _i=\u00bb1&#8243; _address=\u00bb4.0.0.1&#8243;]<\/p>\n<p style=\"text-align: center;\"><img loading=\"lazy\" decoding=\"async\" class=\"wp-image-608 alignnone size-full\" src=\"https:\/\/conectamutual.cl\/bienestar\/wp-content\/uploads\/2019\/10\/Imagen-equipo.png\" alt=\"\" width=\"91\" height=\"88\" \/><\/p>\n<p style=\"text-align: center;\"><strong>Por Equipo Espacio Mutuo<\/strong><\/p>\n<p style=\"text-align: center;\"><em>Mutual de Seguridad<\/em><\/p>\n<p>[\/et_pb_text][\/et_pb_column][\/et_pb_row][et_pb_row _builder_version=\u00bb3.29.3&#8243; background_color=\u00bbrgba(0,0,0,0)\u00bb _i=\u00bb1&#8243; _address=\u00bb4.1&#8243;][et_pb_column type=\u00bb4_4&#8243; _builder_version=\u00bb3.29.3&#8243; transform_scale_linked=\u00bboff\u00bb transform_translate=\u00bb-4px|10px\u00bb transform_translate_linked=\u00bboff\u00bb custom_padding=\u00bb5px|0px|5px|0px|false|true\u00bb animation_style=\u00bbzoom\u00bb animation_duration=\u00bb500ms\u00bb border_radii=\u00bboff||||\u00bb border_color_all=\u00bb#cde002&#8243; border_width_top=\u00bb1px\u00bb border_color_top=\u00bb#e09900&#8243; border_style_top=\u00bbdotted\u00bb border_width_bottom=\u00bb1px\u00bb border_color_bottom=\u00bb#e09900&#8243; border_style_bottom=\u00bbdotted\u00bb _i=\u00bb0&#8243; _address=\u00bb4.1.0&#8243;][et_pb_code admin_label=\u00bbRating Art\u00edculo\u00bb _builder_version=\u00bb3.29.3&#8243; transform_scale=\u00bb110%|110%\u00bb transform_translate=\u00bb424px|5px\u00bb transform_translate_linked=\u00bboff\u00bb hover_enabled=\u00bb0&#8243; _i=\u00bb0&#8243; _address=\u00bb4.1.0.0&#8243;]<a class=\"typeform-share button\" href=\"https:\/\/singularmktg.typeform.com\/to\/COMq1XCs#art=493\" data-mode=\"drawer_right\" style=\"display:inline-block;text-decoration:none;background-color:#CDE002;color:white;cursor:pointer;font-family:Helvetica,Arial,sans-serif;font-size:20px;line-height:50px;text-align:center;margin:0;height:50px;padding:0px 33px;border-radius:12px;max-width:100%;white-space:nowrap;overflow:hidden;text-overflow:ellipsis;font-weight:bold;-webkit-font-smoothing:antialiased;-moz-osx-font-smoothing:grayscale;\" data-hide-headers=\"true\" data-hide-footer=\"true\" data-submit-close-delay=\"2\" target=\"_blank\" rel=\"noopener noreferrer\">Eval\u00faa este art\u00edculo <\/a> <script> (function() { var qs,js,q,s,d=document, gi=d.getElementById, ce=d.createElement, gt=d.getElementsByTagName, id=\"typef_orm_share\", b=\"https:\/\/embed.typeform.com\/\"; if(!gi.call(d,id)){ js=ce.call(d,\"script\"); js.id=id; js.src=b+\"embed.js\"; q=gt.call(d,\"script\")[0]; q.parentNode.insertBefore(js,q) } })() <\/script>[\/et_pb_code][\/et_pb_column][\/et_pb_row][et_pb_row _builder_version=\u00bb3.29.3&#8243; _i=\u00bb2&#8243; _address=\u00bb4.2&#8243;][et_pb_column type=\u00bb4_4&#8243; _builder_version=\u00bb3.29.3&#8243; custom_padding_phone=\u00bb40px||||false|false\u00bb custom_padding_last_edited=\u00bbon|phone\u00bb _i=\u00bb0&#8243; _address=\u00bb4.2.0&#8243;][et_pb_posts_carousel_agsdcm category_id=\u00bb37&#8243; max_title_characters=\u00bb150&#8243; heading_style=\u00bbcustom\u00bb heading_primary=\u00bb\u00daltimos Art\u00edculos\u00bb heading_sub=\u00bbNuevas Miradas\u00bb posts_filter_any=\u00bbon\u00bb _builder_version=\u00bb3.29.3&#8243; header_font=\u00bbMontserrat||||||||\u00bb header_text_color=\u00bb#757575&#8243; header_font_size=\u00bb19px\u00bb subheader_text_color=\u00bb#828282&#8243; title_font=\u00bbMontserrat|700|||||||\u00bb title_text_color=\u00bb#acc601&#8243; border_color_all=\u00bb#cde002&#8243; _i=\u00bb0&#8243; _address=\u00bb4.2.0.0&#8243;][\/et_pb_posts_carousel_agsdcm][\/et_pb_column][\/et_pb_row][\/et_pb_section]<\/p>\n","protected":false},"excerpt":{"rendered":"<p>Lo logramos, sobrevivimos: pareciera que la pandemia est\u00e1 llegando a su fin. Y, sin embargo, despu\u00e9s de todo este tiempo, reci\u00e9n nos estamos dando cuenta de que no era s\u00f3lo el COVID-19 lo que nos ten\u00eda estresados y estresadas.\u00a0 La situaci\u00f3n clim\u00e1tica, la inestabilidad de los mercados y la polarizaci\u00f3n pol\u00edtica-social son fen\u00f3menos que se [&hellip;]<\/p>\n","protected":false},"author":2,"featured_media":7008,"comment_status":"closed","ping_status":"closed","sticky":false,"template":"","format":"standard","meta":{"_et_pb_use_builder":"on","_et_pb_old_content":"","_et_gb_content_width":"","footnotes":""},"categories":[37],"tags":[],"class_list":["post-7005","post","type-post","status-publish","format-standard","has-post-thumbnail","hentry","category-nuevas-miradas","et-has-post-format-content","et_post_format-et-post-format-standard"],"_links":{"self":[{"href":"https:\/\/conectamutual.cl\/bienestar\/wp-json\/wp\/v2\/posts\/7005","targetHints":{"allow":["GET"]}}],"collection":[{"href":"https:\/\/conectamutual.cl\/bienestar\/wp-json\/wp\/v2\/posts"}],"about":[{"href":"https:\/\/conectamutual.cl\/bienestar\/wp-json\/wp\/v2\/types\/post"}],"author":[{"embeddable":true,"href":"https:\/\/conectamutual.cl\/bienestar\/wp-json\/wp\/v2\/users\/2"}],"replies":[{"embeddable":true,"href":"https:\/\/conectamutual.cl\/bienestar\/wp-json\/wp\/v2\/comments?post=7005"}],"version-history":[{"count":4,"href":"https:\/\/conectamutual.cl\/bienestar\/wp-json\/wp\/v2\/posts\/7005\/revisions"}],"predecessor-version":[{"id":7012,"href":"https:\/\/conectamutual.cl\/bienestar\/wp-json\/wp\/v2\/posts\/7005\/revisions\/7012"}],"wp:featuredmedia":[{"embeddable":true,"href":"https:\/\/conectamutual.cl\/bienestar\/wp-json\/wp\/v2\/media\/7008"}],"wp:attachment":[{"href":"https:\/\/conectamutual.cl\/bienestar\/wp-json\/wp\/v2\/media?parent=7005"}],"wp:term":[{"taxonomy":"category","embeddable":true,"href":"https:\/\/conectamutual.cl\/bienestar\/wp-json\/wp\/v2\/categories?post=7005"},{"taxonomy":"post_tag","embeddable":true,"href":"https:\/\/conectamutual.cl\/bienestar\/wp-json\/wp\/v2\/tags?post=7005"}],"curies":[{"name":"wp","href":"https:\/\/api.w.org\/{rel}","templated":true}]}}