{"id":706,"date":"2019-10-26T20:45:45","date_gmt":"2019-10-26T23:45:45","guid":{"rendered":"https:\/\/conectamutual.cl\/bienestar\/?p=706"},"modified":"2019-12-05T18:43:22","modified_gmt":"2019-12-05T21:43:22","slug":"cine-y-enfermedades-mentales-sin-que-te-des-cuenta","status":"publish","type":"post","link":"https:\/\/conectamutual.cl\/bienestar\/nuevas-miradas\/cine-y-enfermedades-mentales-sin-que-te-des-cuenta\/","title":{"rendered":"Cine y enfermedades mentales: sin que te des cuenta"},"content":{"rendered":"<p>[et_pb_section fb_built=\u00bb1&#8243; _builder_version=\u00bb3.29.3&#8243; custom_padding=\u00bb4px||0px|||\u00bb fb_built=\u00bb1&#8243; _i=\u00bb0&#8243; _address=\u00bb0&#8243;][et_pb_row _builder_version=\u00bb3.29.3&#8243; min_height=\u00bb102px\u00bb custom_margin_phone=\u00bb20px||||false|false\u00bb custom_margin_last_edited=\u00bbon|phone\u00bb custom_padding=\u00bb34px||10px|||\u00bb _i=\u00bb0&#8243; _address=\u00bb0.0&#8243;][et_pb_column type=\u00bb4_4&#8243; _builder_version=\u00bb3.29.3&#8243; _i=\u00bb0&#8243; _address=\u00bb0.0.0&#8243;][et_pb_image src=\u00bbhttps:\/\/conectamutual.cl\/bienestar\/wp-content\/uploads\/2019\/12\/LOGOS-CATEGORIAS-03.png\u00bb align=\u00bbcenter\u00bb disabled_on=\u00bboff|off|off\u00bb _builder_version=\u00bb3.29.3&#8243; width=\u00bb48%\u00bb width_phone=\u00bb95%\u00bb width_last_edited=\u00bbon|phone\u00bb _i=\u00bb0&#8243; _address=\u00bb0.0.0.0&#8243;][\/et_pb_image][\/et_pb_column][\/et_pb_row][\/et_pb_section][et_pb_section fb_built=\u00bb1&#8243; _builder_version=\u00bb3.29.3&#8243; custom_padding=\u00bb1px||0px|||\u00bb fb_built=\u00bb1&#8243; _i=\u00bb0&#8243; _address=\u00bb0&#8243;][et_pb_row _builder_version=\u00bb3.29.3&#8243; custom_padding=\u00bb0px||5px|||\u00bb _i=\u00bb0&#8243; _address=\u00bb0.0&#8243;][et_pb_column type=\u00bb4_4&#8243; _builder_version=\u00bb3.29.3&#8243; _i=\u00bb0&#8243; _address=\u00bb0.0.0&#8243;][et_pb_image src=\u00bbhttps:\/\/conectamutual.cl\/bienestar\/wp-content\/uploads\/2019\/10\/Logo-Espacio-Mutuo-02.png\u00bb align=\u00bbcenter\u00bb _builder_version=\u00bb3.29.3&#8243; width=\u00bb13%\u00bb width_phone=\u00bb22%\u00bb width_last_edited=\u00bbon|phone\u00bb custom_margin=\u00bb0px||||false|false\u00bb _i=\u00bb0&#8243; _address=\u00bb0.0.0.0&#8243;][\/et_pb_image][\/et_pb_column][\/et_pb_row][\/et_pb_section][et_pb_section fb_built=\u00bb1&#8243; _builder_version=\u00bb3.29.3&#8243; custom_padding=\u00bb15px||1px|||\u00bb fb_built=\u00bb1&#8243; _i=\u00bb2&#8243; _address=\u00bb2&#8243;][et_pb_row _builder_version=\u00bb3.29.3&#8243; custom_padding=\u00bb3px||36px|||\u00bb _i=\u00bb1&#8243; _address=\u00bb2.1&#8243;][et_pb_column type=\u00bb4_4&#8243; _builder_version=\u00bb3.29.3&#8243; _i=\u00bb0&#8243; _address=\u00bb2.1.0&#8243;][et_pb_post_title comments=\u00bboff\u00bb featured_image=\u00bboff\u00bb _builder_version=\u00bb3.29.3&#8243; title_font=\u00bbMontserrat|700|||||||\u00bb title_text_align=\u00bbcenter\u00bb title_text_color=\u00bb#c4d600&#8243; title_font_size=\u00bb54px\u00bb title_line_height=\u00bb1.1em\u00bb meta_font=\u00bbMontserrat||||||||\u00bb meta_text_align=\u00bbcenter\u00bb meta_font_size=\u00bb12px\u00bb title_font_size_phone=\u00bb30px\u00bb title_font_size_last_edited=\u00bbon|phone\u00bb meta_font_size_phone=\u00bb10px\u00bb meta_font_size_last_edited=\u00bbon|phone\u00bb _i=\u00bb0&#8243; _address=\u00bb2.1.0.0&#8243;][\/et_pb_post_title][\/et_pb_column][\/et_pb_row][\/et_pb_section][et_pb_section fb_built=\u00bb1&#8243; fullwidth=\u00bbon\u00bb _builder_version=\u00bb3.29.3&#8243; fb_built=\u00bb1&#8243; _i=\u00bb3&#8243; _address=\u00bb3&#8243;][et_pb_fullwidth_image src=\u00bbhttps:\/\/conectamutual.cl\/bienestar\/wp-content\/uploads\/2019\/10\/jeshoots-com-PpYOQgsZDM4-unsplash.jpg\u00bb _builder_version=\u00bb3.29.3&#8243; custom_padding=\u00bb0px|||||\u00bb _i=\u00bb0&#8243; _address=\u00bb3.0&#8243;][\/et_pb_fullwidth_image][\/et_pb_section][et_pb_section fb_built=\u00bb1&#8243; _builder_version=\u00bb3.29.3&#8243; custom_margin=\u00bb|110px||210px|false|false\u00bb custom_margin_phone=\u00bb|10px||10px|false|false\u00bb custom_margin_last_edited=\u00bbon|phone\u00bb custom_padding=\u00bb||8px|||\u00bb fb_built=\u00bb1&#8243; _i=\u00bb4&#8243; _address=\u00bb4&#8243;][et_pb_row _builder_version=\u00bb3.29.3&#8243; custom_margin=\u00bb|110px||110px|false|false\u00bb custom_padding=\u00bb||||false|false\u00bb _i=\u00bb0&#8243; _address=\u00bb4.0&#8243;][et_pb_column type=\u00bb4_4&#8243; _builder_version=\u00bb3.29.3&#8243; custom_padding=\u00bb|110px||110px|false|false\u00bb custom_padding_phone=\u00bb|10px||10px|false|false\u00bb custom_padding_last_edited=\u00bbon|phone\u00bb _i=\u00bb0&#8243; _address=\u00bb4.0.0&#8243;][et_pb_text _builder_version=\u00bb3.29.3&#8243; text_font_size=\u00bb17px\u00bb text_line_height=\u00bb2.2em\u00bb header_2_text_color=\u00bb#c4d600&#8243; custom_margin_last_edited=\u00bbon|phone\u00bb custom_padding=\u00bb|0px||0px|false|false\u00bb text_font_size_phone=\u00bb16px\u00bb text_font_size_last_edited=\u00bbon|phone\u00bb header_2_font_size_phone=\u00bb23px\u00bb header_2_font_size_last_edited=\u00bbon|phone\u00bb _i=\u00bb0&#8243; _address=\u00bb4.0.0.0&#8243;]<\/p>\n<blockquote>\n<p>Basta de clich\u00e9s, de psic\u00f3patas y de cursiler\u00edas. Con una audiencia cansada de personajes extremistas, basados en prejuicios y siempre en un tono terror\u00edfico, directores y guionistas han debido mejorar dr\u00e1sticamente sus formas de retratar la enfermedad mental.<\/p>\n<\/blockquote>\n<p>Protagonistas realistas e historias cargadas de humanidad ponen la discusi\u00f3n acerca de la salud mental sobre la mesa, sin siquiera ser notado por el p\u00fablico. El diagn\u00f3stico lleg\u00f3 para quedarse: las personas con enfermedades mentales son, precisamente, eso \u2013 personas.<\/p>\n<h2><strong>Silver Linings Playbook (2012)<\/strong><\/h2>\n<p>Probablemente has escuchado de esta pel\u00edcula, si es que a\u00fan no la has visto. Recibi\u00f3 amplio reconocimiento por la cr\u00edtica, tanto por sus actuaciones <span><a href=\"https:\/\/www.youtube.com\/watch?v=Lj5_FhLaaQQ\">(Bradley Cooper, Jennifer Lawrence, Robert de Niro\u2026 era de esperarse)<\/a><\/span> como por su capacidad de mostrar la bipolaridad de manera c\u00e1lida, cercana y c\u00f3mica, sin perder naturalidad. S\u00ed, ambos protagonistas tienen trastornos psicol\u00f3gicos, pero la cinta va m\u00e1s all\u00e1, retratando la vida familiar de forma conmovedora y demostrando que las personas con esta clase de problemas no son solo intrigantes y brillantes, sino que tambi\u00e9n, queribles.<\/p>\n<h2><strong>Loving Vincent (2018)<\/strong><\/h2>\n<p>Cada cuadro de esta pel\u00edcula es una obra de arte \u2013 literalmente: las animaciones fueron <span><a href=\"https:\/\/www.youtube.com\/watch?v=UxSnZLR_UEI\">pintadas a mano por cientos de artistas que replicaron el famoso estilo del pintor<\/a><\/span>, Van Gogh. La historia es una <span><a href=\"https:\/\/www.youtube.com\/watch?v=bOtkQYVpVGQ\">especie de biograf\u00eda<\/a><\/span> del atormentado Vincent, de su infinita genialidad y del sufrimiento que \u00e9sta le provoc\u00f3. La trama es emocionante, y aunque es imposible no compadecerse por su tr\u00e1gico destino, la cinta logra humanizar a un personaje que muchas veces ha sido explotado bajo el clich\u00e9 del artista \u201cloco e inestable\u201d, mostrando el impacto personal que gener\u00f3 en las personas que lo conocieron, y no solo limit\u00e1ndolo a su talento como pintor.<\/p>\n<h2><strong>Homeland (serie de TV, 2011-)<\/strong><\/h2>\n<p>No es exactamente una pel\u00edcula, pero el hecho de que tenga 8 temporadas es, en este caso, una ventaja. <span><a href=\"https:\/\/www.youtube.com\/watch?v=MaAXsjTM6uA\">\u00bfLa trama?<\/a><\/span> Una agente de la CIA que se obsesiona con la idea de que un ex prisionero de guerra liberado es, en realidad, un seguidor de Al-Qaeda que planea un ataque terrorista en EE.UU. La serie es absorbente y compleja, y permite un vistazo escalofriante a la seguridad nacional del pa\u00eds con quiz\u00e1s m\u00e1s enemigos en el mundo. Ah, y \u00bfolvid\u00e9 mencionar que la protagonista es bipolar? Y es que Carrie, la protagonista, es un personaje tan admirable y multidimensional, que su enfermedad consiste en apenas un pedacito de su persona. Su inteligencia, profesionalismo y valent\u00eda son m\u00e1s bien las caracter\u00edsticas que destacan de su personalidad.<\/p>\n<h2><strong>The Apartment (1960)<\/strong><\/h2>\n<p>Est\u00e1 bien, retrocedimos un poco en la l\u00ednea de tiempo, pero <span><a href=\"https:\/\/www.youtube.com\/watch?v=224HXT_fLS8\">es un cl\u00e1sico por algo.<\/a><\/span> Sus personajes son atemporales, y su forma de representar la abrumante vida del trabajador promedio contin\u00faa siendo realista y relevante. El director, el famoso Gene Wilder, usa la comedia y el romance para ir desenvolviendo poco a poco a sus protagonistas, los cuales se ganan el cari\u00f1o de la audiencia sin la necesidad de fingir personalidades burbujeantes ni felicidad forzada.<\/p>\n<h2><strong>Guardaespaldas (serie de Netflix, 2018)<\/strong><\/h2>\n<p>No confundir con la pel\u00edcula rom\u00e1ntica del 92\u2019 (muy buena, pero no en esta lista). Es relativamente nueva, pero desde su estreno, esta serie ha recibido bastante reconocimiento. En solo 6 episodios conocemos al oficial David Budd, a quien le encargan la protecci\u00f3n personal y exhaustiva de la secretaria del Interior de Gran Breta\u00f1a. Con un ritmo adictivo y <a href=\"https:\/\/www.youtube.com\/watch?v=e0kK_qeAVf0\">cargado de acci\u00f3n<\/a>, el relato muestra al protagonista como un hombre heroico pero imperfecto, quien sufre de estr\u00e9s post traum\u00e1tico pero se niega a recibir tratamiento psicol\u00f3gico. La serie retrata la enfermedad con franqueza, pero no basa toda la personalidad del sargento en ella. En lugar de caer en estereotipos dram\u00e1ticos e h\u00edper masculinos, \u201cGuardaespalda\u201d cuenta una historia apasionante y llena de vulnerabilidad.<\/p>\n<p>[\/et_pb_text][et_pb_text _builder_version=\u00bb3.29.3&#8243; text_font_size=\u00bb13px\u00bb text_line_height=\u00bb0.6em\u00bb custom_margin=\u00bb-15px||||false|false\u00bb custom_padding=\u00bb34px|||||\u00bb text_font_size_phone=\u00bb11px\u00bb text_font_size_last_edited=\u00bbon|phone\u00bb _i=\u00bb1&#8243; _address=\u00bb4.0.0.1&#8243;]<\/p>\n<p style=\"text-align: center;\"><img loading=\"lazy\" decoding=\"async\" class=\"wp-image-608 alignnone size-full\" src=\"https:\/\/conectamutual.cl\/bienestar\/wp-content\/uploads\/2019\/10\/Imagen-equipo.png\" alt=\"\" width=\"91\" height=\"88\" \/><\/p>\n<p style=\"text-align: center;\"><strong>Por Equipo Espacio Mutuo<\/strong><\/p>\n<p style=\"text-align: center;\"><em>Mutual de Seguridad<\/em><\/p>\n<p>[\/et_pb_text][\/et_pb_column][\/et_pb_row][\/et_pb_section]<\/p>\n","protected":false},"excerpt":{"rendered":"<p>Basta de clich\u00e9s, de psic\u00f3patas y de cursiler\u00edas. Con una audiencia cansada de personajes extremistas, basados en prejuicios y siempre en un tono terror\u00edfico, directores y guionistas han debido mejorar dr\u00e1sticamente sus formas de retratar la enfermedad mental. Protagonistas realistas e historias cargadas de humanidad ponen la discusi\u00f3n acerca de la salud mental sobre la [&hellip;]<\/p>\n","protected":false},"author":2,"featured_media":710,"comment_status":"open","ping_status":"open","sticky":false,"template":"","format":"standard","meta":{"_et_pb_use_builder":"on","_et_pb_old_content":"","_et_gb_content_width":"","footnotes":""},"categories":[37],"tags":[],"class_list":["post-706","post","type-post","status-publish","format-standard","has-post-thumbnail","hentry","category-nuevas-miradas","et-has-post-format-content","et_post_format-et-post-format-standard"],"_links":{"self":[{"href":"https:\/\/conectamutual.cl\/bienestar\/wp-json\/wp\/v2\/posts\/706","targetHints":{"allow":["GET"]}}],"collection":[{"href":"https:\/\/conectamutual.cl\/bienestar\/wp-json\/wp\/v2\/posts"}],"about":[{"href":"https:\/\/conectamutual.cl\/bienestar\/wp-json\/wp\/v2\/types\/post"}],"author":[{"embeddable":true,"href":"https:\/\/conectamutual.cl\/bienestar\/wp-json\/wp\/v2\/users\/2"}],"replies":[{"embeddable":true,"href":"https:\/\/conectamutual.cl\/bienestar\/wp-json\/wp\/v2\/comments?post=706"}],"version-history":[{"count":8,"href":"https:\/\/conectamutual.cl\/bienestar\/wp-json\/wp\/v2\/posts\/706\/revisions"}],"predecessor-version":[{"id":1160,"href":"https:\/\/conectamutual.cl\/bienestar\/wp-json\/wp\/v2\/posts\/706\/revisions\/1160"}],"wp:featuredmedia":[{"embeddable":true,"href":"https:\/\/conectamutual.cl\/bienestar\/wp-json\/wp\/v2\/media\/710"}],"wp:attachment":[{"href":"https:\/\/conectamutual.cl\/bienestar\/wp-json\/wp\/v2\/media?parent=706"}],"wp:term":[{"taxonomy":"category","embeddable":true,"href":"https:\/\/conectamutual.cl\/bienestar\/wp-json\/wp\/v2\/categories?post=706"},{"taxonomy":"post_tag","embeddable":true,"href":"https:\/\/conectamutual.cl\/bienestar\/wp-json\/wp\/v2\/tags?post=706"}],"curies":[{"name":"wp","href":"https:\/\/api.w.org\/{rel}","templated":true}]}}