{"id":7397,"date":"2022-01-17T13:04:59","date_gmt":"2022-01-17T16:04:59","guid":{"rendered":"https:\/\/conectamutual.cl\/bienestar\/?p=7397"},"modified":"2022-01-17T13:08:08","modified_gmt":"2022-01-17T16:08:08","slug":"la-esperanza-salva-vidas-conoce-como-crear-un-kit-de-esperanza-en-4-pasos","status":"publish","type":"post","link":"https:\/\/conectamutual.cl\/bienestar\/espacios-de-reflexion\/la-esperanza-salva-vidas-conoce-como-crear-un-kit-de-esperanza-en-4-pasos\/","title":{"rendered":"La Esperanza salva vidas: conoce c\u00f3mo crear un \u2018Kit de Esperanza\u2019 en 4 pasos"},"content":{"rendered":"<p>[et_pb_section fb_built=\u00bb1&#8243; _builder_version=\u00bb3.29.3&#8243; custom_margin=\u00bb||-50px||false|false\u00bb custom_margin_phone=\u00bb||0px||false|false\u00bb custom_margin_last_edited=\u00bbon|phone\u00bb custom_padding=\u00bb11px||0px||false|false\u00bb fb_built=\u00bb1&#8243; _i=\u00bb0&#8243; _address=\u00bb0&#8243;][et_pb_row column_structure=\u00bb1_3,1_3,1_3&#8243; disabled_on=\u00bbon|on|off\u00bb _builder_version=\u00bb3.29.3&#8243; min_height=\u00bb269px\u00bb custom_margin=\u00bb-15px|auto|-190px|auto|false|false\u00bb custom_margin_last_edited=\u00bbon|phone\u00bb custom_padding=\u00bb||0px||false|false\u00bb _i=\u00bb0&#8243; _address=\u00bb0.0&#8243;][et_pb_column type=\u00bb1_3&#8243; _builder_version=\u00bb3.29.3&#8243; _i=\u00bb0&#8243; _address=\u00bb0.0.0&#8243;][\/et_pb_column][et_pb_column type=\u00bb1_3&#8243; _builder_version=\u00bb3.29.3&#8243; _i=\u00bb1&#8243; _address=\u00bb0.0.1&#8243;][et_pb_image src=\u00bbhttps:\/\/conectamutual.cl\/bienestar\/wp-content\/uploads\/2019\/10\/Logo-Espacio-Mutuo-02.png\u00bb align=\u00bbcenter\u00bb _builder_version=\u00bb3.29.3&#8243; width=\u00bb83%\u00bb width_phone=\u00bb22%\u00bb width_last_edited=\u00bbon|phone\u00bb custom_margin=\u00bb15px||||false|false\u00bb _i=\u00bb0&#8243; _address=\u00bb0.0.1.0&#8243;][\/et_pb_image][\/et_pb_column][et_pb_column type=\u00bb1_3&#8243; _builder_version=\u00bb3.29.3&#8243; _i=\u00bb2&#8243; _address=\u00bb0.0.2&#8243;][et_pb_image src=\u00bbhttps:\/\/conectamutual.cl\/bienestar\/wp-content\/uploads\/2021\/01\/Captura-de-Pantalla-2021-01-16-a-las-10.07.37.png\u00bb align=\u00bbright\u00bb _builder_version=\u00bb3.29.3&#8243; width=\u00bb72%\u00bb width_phone=\u00bb41%\u00bb width_last_edited=\u00bbon|phone\u00bb custom_margin=\u00bb45px||45px||true|false\u00bb custom_margin_phone=\u00bb10px||60px||false|false\u00bb custom_margin_last_edited=\u00bbon|phone\u00bb _i=\u00bb0&#8243; _address=\u00bb0.0.2.0&#8243;][\/et_pb_image][\/et_pb_column][\/et_pb_row][et_pb_row column_structure=\u00bb1_3,1_3,1_3&#8243; disabled_on=\u00bboff|off|on\u00bb _builder_version=\u00bb3.29.3&#8243; min_height=\u00bb269px\u00bb custom_margin=\u00bb-15px|auto|-20px|auto|false|false\u00bb custom_margin_last_edited=\u00bbon|phone\u00bb custom_padding=\u00bb||||false|false\u00bb _i=\u00bb1&#8243; _address=\u00bb0.1&#8243;][et_pb_column type=\u00bb1_3&#8243; _builder_version=\u00bb3.29.3&#8243; _i=\u00bb0&#8243; _address=\u00bb0.1.0&#8243;][\/et_pb_column][et_pb_column type=\u00bb1_3&#8243; _builder_version=\u00bb3.29.3&#8243; _i=\u00bb1&#8243; _address=\u00bb0.1.1&#8243;][et_pb_image src=\u00bbhttps:\/\/conectamutual.cl\/bienestar\/wp-content\/uploads\/2019\/10\/Logo-Espacio-Mutuo-01.png\u00bb align=\u00bbcenter\u00bb force_fullwidth=\u00bbon\u00bb _builder_version=\u00bb3.29.3&#8243; min_height=\u00bb170px\u00bb min_height_phone=\u00bb187px\u00bb min_height_last_edited=\u00bbon|phone\u00bb height=\u00bb100px\u00bb max_height=\u00bb1000px\u00bb custom_margin=\u00bb-14px||8px|||\u00bb _i=\u00bb0&#8243; _address=\u00bb0.1.1.0&#8243;][\/et_pb_image][\/et_pb_column][et_pb_column type=\u00bb1_3&#8243; _builder_version=\u00bb3.29.3&#8243; _i=\u00bb2&#8243; _address=\u00bb0.1.2&#8243;][et_pb_image src=\u00bbhttps:\/\/conectamutual.cl\/bienestar\/wp-content\/uploads\/2021\/01\/Captura-de-Pantalla-2021-01-16-a-las-10.07.37.png\u00bb align=\u00bbcenter\u00bb _builder_version=\u00bb3.29.3&#8243; width=\u00bb94%\u00bb width_phone=\u00bb65%\u00bb width_last_edited=\u00bbon|phone\u00bb module_alignment=\u00bbcenter\u00bb custom_margin=\u00bb45px||45px||true|false\u00bb custom_margin_phone=\u00bb10px||60px||false|false\u00bb custom_margin_last_edited=\u00bbon|phone\u00bb _i=\u00bb0&#8243; _address=\u00bb0.1.2.0&#8243;][\/et_pb_image][\/et_pb_column][\/et_pb_row][\/et_pb_section][et_pb_section fb_built=\u00bb1&#8243; _builder_version=\u00bb3.29.3&#8243; custom_padding=\u00bb4px||0px|||\u00bb fb_built=\u00bb1&#8243; _i=\u00bb1&#8243; _address=\u00bb1&#8243;][et_pb_row _builder_version=\u00bb3.29.3&#8243; min_height=\u00bb102px\u00bb custom_margin_phone=\u00bb20px||||false|false\u00bb custom_margin_last_edited=\u00bbon|phone\u00bb custom_padding=\u00bb34px||10px|||\u00bb _i=\u00bb0&#8243; _address=\u00bb1.0&#8243;][et_pb_column type=\u00bb4_4&#8243; _builder_version=\u00bb3.29.3&#8243; _i=\u00bb0&#8243; _address=\u00bb1.0.0&#8243;][et_pb_image src=\u00bbhttps:\/\/conectamutual.cl\/bienestar\/wp-content\/uploads\/2019\/12\/LOGOS-CATEGORIAS-01.png\u00bb align=\u00bbcenter\u00bb disabled_on=\u00bboff|off|off\u00bb _builder_version=\u00bb3.29.3&#8243; width=\u00bb50%\u00bb width_phone=\u00bb95%\u00bb width_last_edited=\u00bbon|phone\u00bb _i=\u00bb0&#8243; _address=\u00bb1.0.0.0&#8243;][\/et_pb_image][\/et_pb_column][\/et_pb_row][\/et_pb_section][et_pb_section fb_built=\u00bb1&#8243; _builder_version=\u00bb3.29.3&#8243; custom_padding=\u00bb15px||1px|||\u00bb fb_built=\u00bb1&#8243; _i=\u00bb2&#8243; _address=\u00bb2&#8243;][et_pb_row _builder_version=\u00bb3.29.3&#8243; custom_padding=\u00bb3px||36px|||\u00bb _i=\u00bb0&#8243; _address=\u00bb2.0&#8243;][et_pb_column type=\u00bb4_4&#8243; _builder_version=\u00bb3.29.3&#8243; _i=\u00bb0&#8243; _address=\u00bb2.0.0&#8243;][et_pb_post_title comments=\u00bboff\u00bb featured_image=\u00bboff\u00bb _builder_version=\u00bb3.29.3&#8243; title_font=\u00bbMontserrat|700|||||||\u00bb title_text_align=\u00bbcenter\u00bb title_text_color=\u00bb#c4d600&#8243; title_font_size=\u00bb54px\u00bb title_line_height=\u00bb1.1em\u00bb meta_font=\u00bbMontserrat||||||||\u00bb meta_text_align=\u00bbcenter\u00bb meta_font_size=\u00bb12px\u00bb title_font_size_phone=\u00bb30px\u00bb title_font_size_last_edited=\u00bbon|phone\u00bb meta_font_size_phone=\u00bb10px\u00bb meta_font_size_last_edited=\u00bbon|phone\u00bb _i=\u00bb0&#8243; _address=\u00bb2.0.0.0&#8243;][\/et_pb_post_title][\/et_pb_column][\/et_pb_row][\/et_pb_section][et_pb_section fb_built=\u00bb1&#8243; fullwidth=\u00bbon\u00bb _builder_version=\u00bb3.29.3&#8243; fb_built=\u00bb1&#8243; _i=\u00bb3&#8243; _address=\u00bb3&#8243;][et_pb_fullwidth_image src=\u00bbhttps:\/\/conectamutual.cl\/bienestar\/wp-content\/uploads\/2022\/01\/lina-trochez-ktPKyUs3Qjs-unsplash.jpg\u00bb _builder_version=\u00bb3.29.3&#8243; _i=\u00bb0&#8243; _address=\u00bb3.0&#8243;][\/et_pb_fullwidth_image][\/et_pb_section][et_pb_section fb_built=\u00bb1&#8243; _builder_version=\u00bb3.29.3&#8243; custom_padding=\u00bb11px||8px|||\u00bb fb_built=\u00bb1&#8243; _i=\u00bb4&#8243; _address=\u00bb4&#8243;][et_pb_row _builder_version=\u00bb3.29.3&#8243; custom_padding=\u00bb9px|||||\u00bb _i=\u00bb0&#8243; _address=\u00bb4.0&#8243;][et_pb_column type=\u00bb4_4&#8243; _builder_version=\u00bb3.29.3&#8243; custom_padding=\u00bb|110px||110px|false|false\u00bb custom_padding_phone=\u00bb|10px||10px|false|false\u00bb custom_padding_last_edited=\u00bbon|phone\u00bb _i=\u00bb0&#8243; _address=\u00bb4.0.0&#8243;][et_pb_text _builder_version=\u00bb3.29.3&#8243; text_font_size=\u00bb17px\u00bb text_line_height=\u00bb2.1em\u00bb header_2_text_color=\u00bb#c4d600&#8243; header_3_line_height=\u00bb1.6em\u00bb custom_margin_last_edited=\u00bbon|phone\u00bb custom_padding=\u00bb36px|0px||0px|false|false\u00bb text_font_size_phone=\u00bb16px\u00bb text_font_size_last_edited=\u00bbon|phone\u00bb text_line_height_phone=\u00bb1.9em\u00bb text_line_height_last_edited=\u00bbon|phone\u00bb header_2_font_size_phone=\u00bb23px\u00bb header_2_font_size_last_edited=\u00bbon|phone\u00bb _i=\u00bb0&#8243; _address=\u00bb4.0.0.0&#8243;]<\/p>\n<blockquote>\n<p><span style=\"font-weight: 400;\">Cada uno de nosotros experimenta pensamientos y emociones dolorosas en respuesta a las dificultades de la vida. <\/span><b>La esperanza de que el dolor disminuir\u00e1 a medida que las circunstancias mejoren <\/b><a href=\"https:\/\/psyche.co\/ideas\/when-all-looks-bleak-hopebuilding-strategies-offer-a-lifeline\"><b>nos ayuda a mantenernos a flote<\/b><\/a><b>.\u00a0<\/b><\/p>\n<\/blockquote>\n<p><span style=\"font-weight: 400;\">Pero muchas personas experimentan dolor en niveles tan intensos que se convierte en lo que el psic\u00f3logo cl\u00ednico Edwin Shneidman denomin\u00f3 <\/span><b>Psico-aflicci\u00f3n:<\/b><span style=\"font-weight: 400;\"> \u201cel dolor, la angustia, la irritaci\u00f3n, la pena psicol\u00f3gica de la psique, la mente\u201d. Shneidman propuso que el suicidio es impulsado por el deseo de escapar de la psique <\/span><b>cuando el dolor se siente insoportable\u2026 cuando hace falta el sentimiento de esperanza.\u00a0<\/b><\/p>\n<h2><b>EL PESO DE LOS N\u00daMEROS<\/b><\/h2>\n<p><b>Los pensamientos y comportamientos suicidas son un importante problema de salud p\u00fablica<\/b><span style=\"font-weight: 400;\">: en todo el mundo, perdemos aproximadamente 800.000 personas por suicidio cada a\u00f1o. Las estad\u00edsticas mundiales recientes sobre pensamientos y comportamientos suicidas son dif\u00edciles de determinar y var\u00edan seg\u00fan el pa\u00eds, pero <\/span><a href=\"https:\/\/www.elmostrador.cl\/noticias\/opinion\/columnas\/2021\/07\/14\/pandemia-y-suicidio-en-chile\/\"><span style=\"font-weight: 400;\">datos del MINSAL<\/span><\/a><span style=\"font-weight: 400;\"> indican que, el a\u00f1o 2020, se registraron 1.590 suicidios, correspondientes al 1,29% de los fallecimientos. Esto significa un promedio de 133 muertes por esta causa al mes.\u00a0\u00a0<\/span><\/p>\n<p><b>T\u00f3mate un momento para procesar lo que significan los n\u00fameros<\/b><span style=\"font-weight: 400;\">. Se\u00f1alan que miles de personas y sus seres queridos est\u00e1n sufriendo. Nos dicen que demasiadas personas est\u00e1n luchando y buscando alivio. Tr\u00e1gicamente, muy pocos lo est\u00e1n encontrando. Las p\u00e9rdidas por suicidio son desgarradoras y causan un efecto domin\u00f3 en sus familias y comunidades. <\/span><b>Tanto el duelo como la exposici\u00f3n al suicidio est\u00e1n relacionados con un mayor riesgo de suicidio y dificultades de salud mental.<\/b><\/p>\n<h2><b>LA TEOR\u00cdA DE LA ESPERANZA<\/b><\/h2>\n<p><span style=\"font-weight: 400;\">Los expertos en suicidio han respondido a esta crisis de salud p\u00fablica proponiendo teor\u00edas que identifican puntos en com\u00fan entre las experiencias suicidas, describiendo <\/span><b>los factores que cambian los pensamientos suicidas a los comportamientos suicidas. <\/b><span style=\"font-weight: 400;\">El objetivo de estas teor\u00edas de \u201cideaci\u00f3n a la acci\u00f3n\u201d es obtener una comprensi\u00f3n m\u00e1s profunda y aliviar las condiciones que conducen al suicidio.<\/span><\/p>\n<p><span style=\"font-weight: 400;\">Aunque contienen diversos elementos, todas las teor\u00edas tienen en com\u00fan la noci\u00f3n de que <\/span><b>la esperanza <\/b><b><i>-la sensaci\u00f3n de que la vida puede mejorar, y las condiciones aliviarse-<\/i><\/b><b> act\u00faa como un salvavidas en presencia de dolor insoportable.\u00a0<\/b><\/p>\n<p><span style=\"font-weight: 400;\">La esperanza, por lo tanto, se considera <\/span><b>un factor clave para la prevenci\u00f3n eficaz del suicidio<\/b><span style=\"font-weight: 400;\">. De hecho, la desesperanza es el objetivo de 2 importantes intervenciones terap\u00e9uticas para el comportamiento suicida. En la evaluaci\u00f3n colaborativa y el manejo de las tendencias suicidas (CAMS por sus siglas en ingl\u00e9s), el terapeuta verifica peri\u00f3dicamente con el paciente los niveles de desesperanza. Construir un sentido de esperanza se considera como \u201cun imperativo cl\u00ednico\u201d. De manera similar, la terapia cognitiva conductual para la prevenci\u00f3n del suicidio (TCC-SP) <\/span><b>prioriza la esperanza a trav\u00e9s de conversaciones sobre las razones para vivir, incluidos los seres queridos y otras fuentes de significado.<\/b><span style=\"font-weight: 400;\">\u00a0<\/span><\/p>\n<p><span style=\"font-weight: 400;\">Tambi\u00e9n incluye <\/span><b>instrucciones para crear un \u00abkit de esperanza\u00bb<\/b><span style=\"font-weight: 400;\"> al que se puede recurrir cuando surgen pensamientos de esta clase. Pueden ser virtuales o f\u00edsicos y, por lo general, incluyen <\/span><b>frases, im\u00e1genes y otros contenidos que evocan recuerdos<\/b> <b>gratos <\/b><span style=\"font-weight: 400;\">(ej. un recuerdo de vacaciones), <\/span><b>infunden un sentido de prop\u00f3sito o significado<\/b><span style=\"font-weight: 400;\"> (ej. fotograf\u00edas de familiares y amigos) o tener <\/span><b>efectos relajantes<\/b><span style=\"font-weight: 400;\"> (ej. im\u00e1genes de la naturaleza, una lista de reproducci\u00f3n de m\u00fasica). Un kit de esperanza est\u00e1 destinado a <\/span><b>disminuir la angustia y plantar semillas de optimismo para un futuro mejor.<\/b><\/p>\n<h2><b>PASOS PARA UN PRESENTE M\u00c1S ESPERANZADO<\/b><\/h2>\n<p><span style=\"font-weight: 400;\">Combatir los pensamientos suicidas con esperanza no es una batalla f\u00e1cil. Pero s\u00ed existen pasos pr\u00e1cticos para <\/span><b>construir una mayor esperanza<\/b><span style=\"font-weight: 400;\">, utilizando 4 estrategias: <\/span><b>buscar ayuda, encontrar optimismo, cambiar la perspectiva y hacerse cargo de las emociones.\u00a0<\/b><\/p>\n<p><b><\/b><\/p>\n<ul>\n<li aria-level=\"1\">\n<h3><b>BUSCAR AYUDA.\u00a0<\/b><\/h3>\n<\/li>\n<\/ul>\n<p><b style=\"font-size: 17px; font-style: inherit; font-variant-ligatures: inherit; font-variant-caps: inherit;\">Los problemas parecen m\u00e1s superables cuando tienes personas que te ayudan a superarlos<\/b><span style=\"font-size: 17px; font-style: inherit; font-variant-ligatures: inherit; font-variant-caps: inherit;\">. Entre los hallazgos m\u00e1s s\u00f3lidos de la investigaci\u00f3n sobre el suicidio est\u00e1 que el aislamiento social se asocia con un mayor riesgo de suicidio, mientras que el apoyo social se relaciona con una disminuci\u00f3n del riesgo. Esta estrategia implica <\/span><b style=\"font-size: 17px; font-style: inherit; font-variant-ligatures: inherit; font-variant-caps: inherit;\">realizar una lluvia de ideas sobre las posibilidades de ayuda y la planificaci\u00f3n para conectarse con esos recursos.<\/b><\/p>\n<p><span style=\"font-weight: 400;\">Sea el problema que sea, en el momento en que comiences a experimentar pensamientos suicidas, el primer paso es <\/span><b>recurrir a alguien: una persona de confianza \u2013 un amigo, familiar, terapeuta o, si eres una persona religiosa, un cura. <\/b><span style=\"font-weight: 400;\">Juntos, construyan una lista de herramientas y recursos de ayuda, y organicen un calendario de acci\u00f3n: anoten fechas y d\u00edas en que utilizar\u00e1n cada uno de ellos. Estos pasos ya representar\u00e1n un alivio y permitir\u00e1n cultivar cierta esperanza.\u00a0<\/span><\/p>\n<p><b><\/b><\/p>\n<ul>\n<li aria-level=\"1\">\n<h3><b>ENCONTRAR OPTIMISMO.\u00a0<\/b><\/h3>\n<\/li>\n<\/ul>\n<p><b style=\"font-size: 17px; font-style: inherit; font-variant-ligatures: inherit; font-variant-caps: inherit;\">La capacidad de imaginar un futuro menos doloroso es inherente a la esperanza.<\/b><span style=\"font-size: 17px; font-style: inherit; font-variant-ligatures: inherit; font-variant-caps: inherit;\"> Este enfoque ayuda a quienes <\/span><a href=\"https:\/\/conectamutual.cl\/bienestar\/vivir-mejor\/el-optimismo-y-la-esperanza-no-son-lo-mismo-pero-sabes-cual-tiene-mas-poder-sobre-el-futuro\/\" style=\"font-size: 17px; font-style: inherit; font-variant-ligatures: inherit; font-variant-caps: inherit;\">no son capaces de visionar que se sentir\u00e1n mejor<\/a><span style=\"font-size: 17px; font-style: inherit; font-variant-ligatures: inherit; font-variant-caps: inherit;\"> alguna vez. Es como un t\u00fanel: no se sienten capaces de ver luz.\u00a0<\/span><\/p>\n<p><span style=\"font-weight: 400;\">Lo importante es <\/span><b>buscar razones que te hagan entusiasmarte por el futuro.<\/b><span style=\"font-weight: 400;\"> No tienen que ser demasiado grandes \u2013ver crecer a tus hijos, los atardeceres, terminar ese libro tan bueno que est\u00e1s leyendo, comer ma\u00f1ana en tu restaurante favorito. El pasado tambi\u00e9n puede ser de ayuda: <\/span><b>recordar obst\u00e1culos anteriores que ya superaste pueden proporcionar confianza en que el problema de hoy es superable tambi\u00e9n.\u00a0<\/b><\/p>\n<p><b><\/b><\/p>\n<ul>\n<li aria-level=\"1\">\n<h3><b>CAMBIAR DE PERSPECTIVA.\u00a0<\/b><\/h3>\n<\/li>\n<\/ul>\n<p><span style=\"font-size: 17px; font-style: inherit; font-variant-ligatures: inherit; font-variant-caps: inherit;\">La teor\u00eda de la desesperanza en la <\/span><a href=\"https:\/\/conectamutual.cl\/bienestar\/vivir-mejor\/6-formas-de-manejar-la-depresion-de-estos-tiempos-de-pandemia\/\" style=\"font-size: 17px; font-style: inherit; font-variant-ligatures: inherit; font-variant-caps: inherit;\">depresi\u00f3n<\/a><span style=\"font-size: 17px; font-style: inherit; font-variant-ligatures: inherit; font-variant-caps: inherit;\"> propone que las personas se sienten m\u00e1s desesperanzadas cuando creen que sus luchas son internas (atribuibles a ellos mismos), globales (sobre ellos como un todo) y estables (no se pueden cambiar). Esta estrategia pide a las personas que <\/span><b style=\"font-size: 17px; font-style: inherit; font-variant-ligatures: inherit; font-variant-caps: inherit;\">vuelvan a examinar sus creencias considerando la evidencia de los componentes externos, espec\u00edficos y cambiantes de su situaci\u00f3n.<\/b><\/p>\n<p><b>Da un paso atr\u00e1s y busca evidencia que refute lo que crees. <\/b><span style=\"font-weight: 400;\">No seas tan severo contigo mismo: \u00e1brete a las posibilidades de que no todo sea tu culpa, de que tus errores no te definen y que mereces amor y buenos resultados.\u00a0<\/span><\/p>\n<p><b><\/b><\/p>\n<ul>\n<li aria-level=\"1\">\n<h3><b>ATENDER LAS EMOCIONES.\u00a0\u00a0<\/b><\/h3>\n<\/li>\n<\/ul>\n<p><span style=\"font-size: 17px; font-style: inherit; font-variant-ligatures: inherit; font-variant-caps: inherit;\">El dolor emocional tiende a impulsar y acompa\u00f1ar a los pensamientos suicidas. Los tratamientos para el comportamiento suicida incluyen herramientas para ver las emociones como v\u00e1lidas y que justifican la compasi\u00f3n, as\u00ed tambi\u00e9n como estados que cambian con el tiempo.<\/span><\/p>\n<p><span style=\"font-weight: 400;\">Con este enfoque, es importante <\/span><b>identificar las emociones<\/b><span style=\"font-weight: 400;\"> y reflexionar acerca de qu\u00e9 las gatill\u00f3. En lugar de ignorarlas, <\/span><b>ac\u00e9ptalas y entiende qu\u00e9 te est\u00e1n comunicando sobre tus propias necesidades<\/b><span style=\"font-weight: 400;\">. Es probable que esas necesidades sean la compasi\u00f3n y el apoyo de otros \u2013<\/span><b>una vez que abraces hasta las emociones m\u00e1s dolorosas, podr\u00e1s buscar maneras efectivas de calmarlas.\u00a0<\/b><\/p>\n<p><b><i>Si t\u00fa o alguien cercano est\u00e1 experimentando pensamientos o conductas suicidas, pide ayuda.<\/i><\/b><\/p>\n<p><b><i>FONO SALUD RESPONDE: 600 360 77 77<\/i><\/b><\/p>\n<p>[\/et_pb_text][et_pb_text _builder_version=\u00bb3.29.3&#8243; text_font_size=\u00bb13px\u00bb text_line_height=\u00bb0.6em\u00bb custom_margin=\u00bb-15px||||false|false\u00bb custom_padding=\u00bb34px|||||\u00bb text_font_size_phone=\u00bb11px\u00bb text_font_size_last_edited=\u00bbon|phone\u00bb _i=\u00bb1&#8243; _address=\u00bb4.0.0.1&#8243;]<\/p>\n<p style=\"text-align: center;\"><img loading=\"lazy\" decoding=\"async\" class=\"wp-image-608 alignnone size-full\" src=\"https:\/\/conectamutual.cl\/bienestar\/wp-content\/uploads\/2019\/10\/Imagen-equipo.png\" alt=\"\" width=\"91\" height=\"88\" \/><\/p>\n<p style=\"text-align: center;\"><strong>Por Equipo Espacio Mutuo<\/strong><\/p>\n<p style=\"text-align: center;\"><em>Mutual de Seguridad<\/em><\/p>\n<p>[\/et_pb_text][\/et_pb_column][\/et_pb_row][et_pb_row _builder_version=\u00bb3.29.3&#8243; background_color=\u00bbrgba(0,0,0,0)\u00bb _i=\u00bb1&#8243; _address=\u00bb4.1&#8243;][et_pb_column type=\u00bb4_4&#8243; _builder_version=\u00bb3.29.3&#8243; transform_scale_linked=\u00bboff\u00bb transform_translate=\u00bb-4px|10px\u00bb transform_translate_linked=\u00bboff\u00bb custom_padding=\u00bb5px|0px|5px|0px|false|true\u00bb animation_style=\u00bbzoom\u00bb animation_duration=\u00bb500ms\u00bb border_radii=\u00bboff||||\u00bb border_color_all=\u00bb#cde002&#8243; border_width_top=\u00bb1px\u00bb border_color_top=\u00bb#e09900&#8243; border_style_top=\u00bbdotted\u00bb border_width_bottom=\u00bb1px\u00bb border_color_bottom=\u00bb#e09900&#8243; border_style_bottom=\u00bbdotted\u00bb _i=\u00bb0&#8243; _address=\u00bb4.1.0&#8243;][et_pb_code admin_label=\u00bbRating Art\u00edculo\u00bb _builder_version=\u00bb3.29.3&#8243; transform_scale=\u00bb110%|110%\u00bb transform_translate=\u00bb424px|5px\u00bb transform_translate_linked=\u00bboff\u00bb hover_enabled=\u00bb0&#8243; _i=\u00bb0&#8243; _address=\u00bb4.1.0.0&#8243;]<a class=\"typeform-share button\" href=\"https:\/\/singularmktg.typeform.com\/to\/COMq1XCs#art=538\" data-mode=\"drawer_right\" style=\"display:inline-block;text-decoration:none;background-color:#CDE002;color:white;cursor:pointer;font-family:Helvetica,Arial,sans-serif;font-size:20px;line-height:50px;text-align:center;margin:0;height:50px;padding:0px 33px;border-radius:12px;max-width:100%;white-space:nowrap;overflow:hidden;text-overflow:ellipsis;font-weight:bold;-webkit-font-smoothing:antialiased;-moz-osx-font-smoothing:grayscale;\" data-hide-headers=\"true\" data-hide-footer=\"true\" data-submit-close-delay=\"2\" target=\"_blank\" rel=\"noopener noreferrer\">Eval\u00faa este art\u00edculo <\/a> <script> (function() { var qs,js,q,s,d=document, gi=d.getElementById, ce=d.createElement, gt=d.getElementsByTagName, id=\"typef_orm_share\", b=\"https:\/\/embed.typeform.com\/\"; if(!gi.call(d,id)){ js=ce.call(d,\"script\"); js.id=id; js.src=b+\"embed.js\"; q=gt.call(d,\"script\")[0]; q.parentNode.insertBefore(js,q) } })() <\/script>[\/et_pb_code][\/et_pb_column][\/et_pb_row][et_pb_row _builder_version=\u00bb3.29.3&#8243; _i=\u00bb2&#8243; _address=\u00bb4.2&#8243;][et_pb_column type=\u00bb4_4&#8243; _builder_version=\u00bb3.29.3&#8243; custom_padding_phone=\u00bb40px||||false|false\u00bb custom_padding_last_edited=\u00bbon|phone\u00bb _i=\u00bb0&#8243; _address=\u00bb4.2.0&#8243;][et_pb_posts_carousel_agsdcm category_id=\u00bb27&#8243; max_title_characters=\u00bb150&#8243; heading_style=\u00bbcustom\u00bb heading_primary=\u00bb\u00daltimos Art\u00edculos\u00bb heading_sub=\u00bbEspacios de Reflexi\u00f3n\u00bb posts_filter_any=\u00bbon\u00bb _builder_version=\u00bb3.29.3&#8243; header_font=\u00bbMontserrat||||||||\u00bb header_text_color=\u00bb#757575&#8243; header_font_size=\u00bb19px\u00bb subheader_text_color=\u00bb#828282&#8243; title_font=\u00bbMontserrat|700|||||||\u00bb title_text_color=\u00bb#acc601&#8243; border_color_all=\u00bb#cde002&#8243; _i=\u00bb0&#8243; _address=\u00bb4.2.0.0&#8243;][\/et_pb_posts_carousel_agsdcm][\/et_pb_column][\/et_pb_row][\/et_pb_section]<\/p>\n","protected":false},"excerpt":{"rendered":"<p>Cada uno de nosotros experimenta pensamientos y emociones dolorosas en respuesta a las dificultades de la vida. La esperanza de que el dolor disminuir\u00e1 a medida que las circunstancias mejoren nos ayuda a mantenernos a flote.\u00a0 Pero muchas personas experimentan dolor en niveles tan intensos que se convierte en lo que el psic\u00f3logo cl\u00ednico Edwin [&hellip;]<\/p>\n","protected":false},"author":2,"featured_media":7400,"comment_status":"closed","ping_status":"closed","sticky":false,"template":"","format":"standard","meta":{"_et_pb_use_builder":"on","_et_pb_old_content":"","_et_gb_content_width":"","footnotes":""},"categories":[27],"tags":[298,299,262,157,75,301,297,300],"class_list":["post-7397","post","type-post","status-publish","format-standard","has-post-thumbnail","hentry","category-espacios-de-reflexion","tag-alivio","tag-dolor","tag-esperanza","tag-futuro","tag-optimismo","tag-pena","tag-suicidio","tag-tristeza","et-has-post-format-content","et_post_format-et-post-format-standard"],"_links":{"self":[{"href":"https:\/\/conectamutual.cl\/bienestar\/wp-json\/wp\/v2\/posts\/7397","targetHints":{"allow":["GET"]}}],"collection":[{"href":"https:\/\/conectamutual.cl\/bienestar\/wp-json\/wp\/v2\/posts"}],"about":[{"href":"https:\/\/conectamutual.cl\/bienestar\/wp-json\/wp\/v2\/types\/post"}],"author":[{"embeddable":true,"href":"https:\/\/conectamutual.cl\/bienestar\/wp-json\/wp\/v2\/users\/2"}],"replies":[{"embeddable":true,"href":"https:\/\/conectamutual.cl\/bienestar\/wp-json\/wp\/v2\/comments?post=7397"}],"version-history":[{"count":4,"href":"https:\/\/conectamutual.cl\/bienestar\/wp-json\/wp\/v2\/posts\/7397\/revisions"}],"predecessor-version":[{"id":7404,"href":"https:\/\/conectamutual.cl\/bienestar\/wp-json\/wp\/v2\/posts\/7397\/revisions\/7404"}],"wp:featuredmedia":[{"embeddable":true,"href":"https:\/\/conectamutual.cl\/bienestar\/wp-json\/wp\/v2\/media\/7400"}],"wp:attachment":[{"href":"https:\/\/conectamutual.cl\/bienestar\/wp-json\/wp\/v2\/media?parent=7397"}],"wp:term":[{"taxonomy":"category","embeddable":true,"href":"https:\/\/conectamutual.cl\/bienestar\/wp-json\/wp\/v2\/categories?post=7397"},{"taxonomy":"post_tag","embeddable":true,"href":"https:\/\/conectamutual.cl\/bienestar\/wp-json\/wp\/v2\/tags?post=7397"}],"curies":[{"name":"wp","href":"https:\/\/api.w.org\/{rel}","templated":true}]}}