{"id":7556,"date":"2022-02-14T12:19:40","date_gmt":"2022-02-14T15:19:40","guid":{"rendered":"https:\/\/conectamutual.cl\/bienestar\/?p=7556"},"modified":"2022-02-14T12:22:50","modified_gmt":"2022-02-14T15:22:50","slug":"esta-bien-llorar-las-perdidas-de-la-pandemia-aunque-las-sientas-pequenas","status":"publish","type":"post","link":"https:\/\/conectamutual.cl\/bienestar\/espacios-de-reflexion\/esta-bien-llorar-las-perdidas-de-la-pandemia-aunque-las-sientas-pequenas\/","title":{"rendered":"Est\u00e1 bien llorar las p\u00e9rdidas de la pandemia, aunque las sientas peque\u00f1as"},"content":{"rendered":"<p>[et_pb_section fb_built=\u00bb1&#8243; _builder_version=\u00bb3.29.3&#8243; custom_margin=\u00bb||-50px||false|false\u00bb custom_margin_phone=\u00bb||0px||false|false\u00bb custom_margin_last_edited=\u00bbon|phone\u00bb custom_padding=\u00bb11px||0px||false|false\u00bb fb_built=\u00bb1&#8243; _i=\u00bb0&#8243; _address=\u00bb0&#8243;][et_pb_row column_structure=\u00bb1_3,1_3,1_3&#8243; disabled_on=\u00bbon|on|off\u00bb _builder_version=\u00bb3.29.3&#8243; min_height=\u00bb269px\u00bb custom_margin=\u00bb-15px|auto|-190px|auto|false|false\u00bb custom_margin_last_edited=\u00bbon|phone\u00bb custom_padding=\u00bb||0px||false|false\u00bb _i=\u00bb0&#8243; _address=\u00bb0.0&#8243;][et_pb_column type=\u00bb1_3&#8243; _builder_version=\u00bb3.29.3&#8243; _i=\u00bb0&#8243; _address=\u00bb0.0.0&#8243;][\/et_pb_column][et_pb_column type=\u00bb1_3&#8243; _builder_version=\u00bb3.29.3&#8243; _i=\u00bb1&#8243; _address=\u00bb0.0.1&#8243;][et_pb_image src=\u00bbhttps:\/\/conectamutual.cl\/bienestar\/wp-content\/uploads\/2019\/10\/Logo-Espacio-Mutuo-02.png\u00bb align=\u00bbcenter\u00bb _builder_version=\u00bb3.29.3&#8243; width=\u00bb83%\u00bb width_phone=\u00bb22%\u00bb width_last_edited=\u00bbon|phone\u00bb custom_margin=\u00bb15px||||false|false\u00bb _i=\u00bb0&#8243; _address=\u00bb0.0.1.0&#8243;][\/et_pb_image][\/et_pb_column][et_pb_column type=\u00bb1_3&#8243; _builder_version=\u00bb3.29.3&#8243; _i=\u00bb2&#8243; _address=\u00bb0.0.2&#8243;][et_pb_image src=\u00bbhttps:\/\/conectamutual.cl\/bienestar\/wp-content\/uploads\/2021\/01\/Captura-de-Pantalla-2021-01-16-a-las-10.07.37.png\u00bb align=\u00bbright\u00bb _builder_version=\u00bb3.29.3&#8243; width=\u00bb72%\u00bb width_phone=\u00bb41%\u00bb width_last_edited=\u00bbon|phone\u00bb custom_margin=\u00bb45px||45px||true|false\u00bb custom_margin_phone=\u00bb10px||60px||false|false\u00bb custom_margin_last_edited=\u00bbon|phone\u00bb _i=\u00bb0&#8243; _address=\u00bb0.0.2.0&#8243;][\/et_pb_image][\/et_pb_column][\/et_pb_row][et_pb_row column_structure=\u00bb1_3,1_3,1_3&#8243; disabled_on=\u00bboff|off|on\u00bb _builder_version=\u00bb3.29.3&#8243; min_height=\u00bb269px\u00bb custom_margin=\u00bb-15px|auto|-20px|auto|false|false\u00bb custom_margin_last_edited=\u00bbon|phone\u00bb custom_padding=\u00bb||||false|false\u00bb _i=\u00bb1&#8243; _address=\u00bb0.1&#8243;][et_pb_column type=\u00bb1_3&#8243; _builder_version=\u00bb3.29.3&#8243; _i=\u00bb0&#8243; _address=\u00bb0.1.0&#8243;][\/et_pb_column][et_pb_column type=\u00bb1_3&#8243; _builder_version=\u00bb3.29.3&#8243; _i=\u00bb1&#8243; _address=\u00bb0.1.1&#8243;][et_pb_image src=\u00bbhttps:\/\/conectamutual.cl\/bienestar\/wp-content\/uploads\/2019\/10\/Logo-Espacio-Mutuo-01.png\u00bb align=\u00bbcenter\u00bb force_fullwidth=\u00bbon\u00bb _builder_version=\u00bb3.29.3&#8243; min_height=\u00bb170px\u00bb min_height_phone=\u00bb187px\u00bb min_height_last_edited=\u00bbon|phone\u00bb height=\u00bb100px\u00bb max_height=\u00bb1000px\u00bb custom_margin=\u00bb-14px||8px|||\u00bb _i=\u00bb0&#8243; _address=\u00bb0.1.1.0&#8243;][\/et_pb_image][\/et_pb_column][et_pb_column type=\u00bb1_3&#8243; _builder_version=\u00bb3.29.3&#8243; _i=\u00bb2&#8243; _address=\u00bb0.1.2&#8243;][et_pb_image src=\u00bbhttps:\/\/conectamutual.cl\/bienestar\/wp-content\/uploads\/2021\/01\/Captura-de-Pantalla-2021-01-16-a-las-10.07.37.png\u00bb align=\u00bbcenter\u00bb _builder_version=\u00bb3.29.3&#8243; width=\u00bb94%\u00bb width_phone=\u00bb65%\u00bb width_last_edited=\u00bbon|phone\u00bb module_alignment=\u00bbcenter\u00bb custom_margin=\u00bb45px||45px||true|false\u00bb custom_margin_phone=\u00bb10px||60px||false|false\u00bb custom_margin_last_edited=\u00bbon|phone\u00bb _i=\u00bb0&#8243; _address=\u00bb0.1.2.0&#8243;][\/et_pb_image][\/et_pb_column][\/et_pb_row][\/et_pb_section][et_pb_section fb_built=\u00bb1&#8243; _builder_version=\u00bb3.29.3&#8243; custom_padding=\u00bb4px||0px|||\u00bb fb_built=\u00bb1&#8243; _i=\u00bb1&#8243; _address=\u00bb1&#8243;][et_pb_row _builder_version=\u00bb3.29.3&#8243; min_height=\u00bb102px\u00bb custom_margin_phone=\u00bb20px||||false|false\u00bb custom_margin_last_edited=\u00bbon|phone\u00bb custom_padding=\u00bb34px||10px|||\u00bb _i=\u00bb0&#8243; _address=\u00bb1.0&#8243;][et_pb_column type=\u00bb4_4&#8243; _builder_version=\u00bb3.29.3&#8243; _i=\u00bb0&#8243; _address=\u00bb1.0.0&#8243;][et_pb_image src=\u00bbhttps:\/\/conectamutual.cl\/bienestar\/wp-content\/uploads\/2019\/12\/LOGOS-CATEGORIAS-01.png\u00bb align=\u00bbcenter\u00bb disabled_on=\u00bboff|off|off\u00bb _builder_version=\u00bb3.29.3&#8243; width=\u00bb50%\u00bb width_phone=\u00bb95%\u00bb width_last_edited=\u00bbon|phone\u00bb _i=\u00bb0&#8243; _address=\u00bb1.0.0.0&#8243;][\/et_pb_image][\/et_pb_column][\/et_pb_row][\/et_pb_section][et_pb_section fb_built=\u00bb1&#8243; _builder_version=\u00bb3.29.3&#8243; custom_padding=\u00bb15px||1px|||\u00bb fb_built=\u00bb1&#8243; _i=\u00bb2&#8243; _address=\u00bb2&#8243;][et_pb_row _builder_version=\u00bb3.29.3&#8243; custom_padding=\u00bb3px||36px|||\u00bb _i=\u00bb0&#8243; _address=\u00bb2.0&#8243;][et_pb_column type=\u00bb4_4&#8243; _builder_version=\u00bb3.29.3&#8243; _i=\u00bb0&#8243; _address=\u00bb2.0.0&#8243;][et_pb_post_title comments=\u00bboff\u00bb featured_image=\u00bboff\u00bb _builder_version=\u00bb3.29.3&#8243; title_font=\u00bbMontserrat|700|||||||\u00bb title_text_align=\u00bbcenter\u00bb title_text_color=\u00bb#c4d600&#8243; title_font_size=\u00bb54px\u00bb title_line_height=\u00bb1.1em\u00bb meta_font=\u00bbMontserrat||||||||\u00bb meta_text_align=\u00bbcenter\u00bb meta_font_size=\u00bb12px\u00bb title_font_size_phone=\u00bb30px\u00bb title_font_size_last_edited=\u00bbon|phone\u00bb meta_font_size_phone=\u00bb10px\u00bb meta_font_size_last_edited=\u00bbon|phone\u00bb _i=\u00bb0&#8243; _address=\u00bb2.0.0.0&#8243;][\/et_pb_post_title][\/et_pb_column][\/et_pb_row][\/et_pb_section][et_pb_section fb_built=\u00bb1&#8243; fullwidth=\u00bbon\u00bb _builder_version=\u00bb3.29.3&#8243; fb_built=\u00bb1&#8243; _i=\u00bb3&#8243; _address=\u00bb3&#8243;][et_pb_fullwidth_image src=\u00bbhttps:\/\/conectamutual.cl\/bienestar\/wp-content\/uploads\/2022\/02\/pexels-andrea-piacquadio-3807730.jpg\u00bb _builder_version=\u00bb3.29.3&#8243; hover_enabled=\u00bb0&#8243; _i=\u00bb0&#8243; _address=\u00bb3.0&#8243;][\/et_pb_fullwidth_image][\/et_pb_section][et_pb_section fb_built=\u00bb1&#8243; _builder_version=\u00bb3.29.3&#8243; custom_padding=\u00bb11px||8px|||\u00bb fb_built=\u00bb1&#8243; _i=\u00bb4&#8243; _address=\u00bb4&#8243;][et_pb_row _builder_version=\u00bb3.29.3&#8243; custom_padding=\u00bb9px|||||\u00bb _i=\u00bb0&#8243; _address=\u00bb4.0&#8243;][et_pb_column type=\u00bb4_4&#8243; _builder_version=\u00bb3.29.3&#8243; custom_padding=\u00bb|110px||110px|false|false\u00bb custom_padding_phone=\u00bb|10px||10px|false|false\u00bb custom_padding_last_edited=\u00bbon|phone\u00bb _i=\u00bb0&#8243; _address=\u00bb4.0.0&#8243;][et_pb_text _builder_version=\u00bb3.29.3&#8243; text_font_size=\u00bb17px\u00bb text_line_height=\u00bb2.1em\u00bb header_2_text_color=\u00bb#c4d600&#8243; header_3_line_height=\u00bb1.6em\u00bb custom_margin_last_edited=\u00bbon|phone\u00bb custom_padding=\u00bb36px|0px||0px|false|false\u00bb hover_enabled=\u00bb0&#8243; text_font_size_phone=\u00bb16px\u00bb text_font_size_last_edited=\u00bbon|phone\u00bb text_line_height_phone=\u00bb1.9em\u00bb text_line_height_last_edited=\u00bbon|phone\u00bb header_2_font_size_phone=\u00bb23px\u00bb header_2_font_size_last_edited=\u00bbon|phone\u00bb _i=\u00bb0&#8243; _address=\u00bb4.0.0.0&#8243;]<\/p>\n<blockquote>\n<p><span style=\"font-weight: 400;\">\u201cNo puedo quejarme\u201d.\u00a0<\/span><\/p>\n<p><span style=\"font-weight: 400;\">\u201cSoy de los pocos afortunados\u201d.\u00a0<\/span><\/p>\n<p><span style=\"font-weight: 400;\">\u201cS\u00e9 que debo estar agradecido(a)\u201d.\u00a0<\/span><\/p>\n<p><b>Es dif\u00edcil hablar de nuestras p\u00e9rdidas menores de la pandemia<\/b><span style=\"font-weight: 400;\"> -como viajes arruinados, largas separaciones familiares, graduaciones y bodas canceladas- considerando que <\/span><b>varios millones de personas han perdido la vida desde el comienzo de esta crisis sanitaria.\u00a0<\/b><\/p>\n<\/blockquote>\n<p><span style=\"font-weight: 400;\">Sin embargo, aunque en la <\/span><a href=\"https:\/\/www.nytimes.com\/es\/2021\/03\/17\/espanol\/duelo-pandemia.html\"><span style=\"font-weight: 400;\">jerarqu\u00eda del sufrimiento humano<\/span><\/a><span style=\"font-weight: 400;\"> no parezcan gran cosa, expertos en salud mental han se\u00f1alado que <\/span><b>todas las p\u00e9rdidas deben reconocerse \u2013 y llorarse, si es lo que sientes.\u00a0<\/b><\/p>\n<p><b>\u201cLa gente siente que no tiene derecho a estar en duelo\u201d,<\/b><span style=\"font-weight: 400;\"> comenta\u00a0<\/span><a href=\"https:\/\/griefrelieftherapy.com\/lisa-zoll\"><span style=\"font-weight: 400;\">Lisa S. Zoll<\/span><\/a><span style=\"font-weight: 400;\">, trabajadora social cl\u00ednica certificada en Lemoyne, Pensilvania, especializada en asesoramiento sobre el duelo. \u201cAl cabo de un a\u00f1o, <\/span><a href=\"https:\/\/conectamutual.cl\/bienestar\/vivir-mejor\/porque-seguira-siendo-la-habilidad-mas-necesaria-conoce-4-formas-de-cultivar-la-resiliencia-en-2022\/\"><span style=\"font-weight: 400;\">las p\u00e9rdidas se acumulan<\/span><\/a><span style=\"font-weight: 400;\">. Las personas dicen: \u2018No puedo quejarme de mi dolor, porque hay gente que la est\u00e1 pasando peor\u2019. Pero tenemos que corregir esa mentalidad. <\/span><b>Tu dolor es tu dolor. No puedes compararlo con el de otras personas\u201d.<\/b><\/p>\n<h2><b>PERMISO PARA DOLER<\/b><\/h2>\n<p><span style=\"font-weight: 400;\">En la d\u00e9cada de 1980, un experto en duelo llamado <\/span><a href=\"http:\/\/drkendoka.com\/\"><span style=\"font-weight: 400;\">Kenneth J. Doka<\/span><\/a><span style=\"font-weight: 400;\"> comenz\u00f3 a estudiar lo que m\u00e1s tarde denomin\u00f3 <\/span><b>\u201cel duelo no reconocido\u201d<\/b><span style=\"font-weight: 400;\"> cuando daba clases a estudiantes de posgrado en la Universidad de New Rochelle, Estados Unidos. Cuando el debate en clase se centr\u00f3 en la muerte de un c\u00f3nyuge, una estudiante mayor habl\u00f3 de la <\/span><b>falta de apoyo social<\/b><span style=\"font-weight: 400;\"> cuando muri\u00f3 su exmarido: la nueva esposa de \u00e9l era la viuda. Sus hijos hab\u00edan perdido a su padre. Pero ella sent\u00eda que <\/span><b>no ten\u00eda derecho a llorar<\/b><span style=\"font-weight: 400;\"> la muerte de un hombre con el que hab\u00eda ido su fiesta de graduaci\u00f3n del colegio y compartido 25 a\u00f1os de su vida.\u00a0<\/span><\/p>\n<p><span style=\"font-weight: 400;\">La conversaci\u00f3n llev\u00f3 a Doka a empezar a estudiar <\/span><b>el duelo que no es reconocido ni apoyado por los rituales sociales.<\/b><span style=\"font-weight: 400;\"> Puede ocurrir cuando no tenemos un v\u00ednculo legal con la persona que perdemos, como es el caso de un amor\u00edo o despu\u00e9s de un divorcio. Cuando la p\u00e9rdida incomoda a los dem\u00e1s \u2014como en el caso de un aborto espont\u00e1neo o un suicidio\u2014 tambi\u00e9n podr\u00edamos carecer de apoyo para sobrellevar el dolor.\u00a0<\/span><\/p>\n<p><span style=\"font-weight: 400;\">Sin embargo, a menudo, <\/span><b>el duelo sin derechos se produce en torno a p\u00e9rdidas menores que no implican fallecimientos humanos<\/b><span style=\"font-weight: 400;\">, como la p\u00e9rdida de un trabajo, una oportunidad profesional desaprovechada, la muerte de una mascota o el tiempo perdido con las personas que queremos. \u201cUna frase constante es: \u2018No tengo derecho a llorar\u2019\u201d, dice Doka.<\/span><\/p>\n<h2><b>NO EST\u00c1S SOLO<\/b><\/h2>\n<p><span style=\"font-weight: 400;\">Brian Edwards, de 69 a\u00f1os, m\u00e9dico jubilado de Kansas, Estados Unidos, se define como un \u201ctipo que <\/span><a href=\"https:\/\/conectamutual.cl\/bienestar\/espacios-de-reflexion\/la-esperanza-salva-vidas-conoce-como-crear-un-kit-de-esperanza-en-4-pasos\/\"><span style=\"font-weight: 400;\">ve el vaso medio lleno\u201d<\/span><\/a><span style=\"font-weight: 400;\"> al que no le gusta quejarse. \u00c9l y su esposa, Ginger, se perdieron de muchas cosas el a\u00f1o pasado. Tuvieron 2 nietos nuevos que no han podido ver. Su hija se cas\u00f3. Ten\u00edan planeados 5 cruceros en 2020 antes de que llegara el COVID-19.<\/span><\/p>\n<p><span style=\"font-weight: 400;\">Edwards tambi\u00e9n tiene alzh\u00e9imer, y el tiempo es muy valioso para \u00e9l. Sus m\u00e9dicos le han aconsejado que \u201cse divierta\u201d mientras est\u00e9 sano, algo que las restricciones de la pandemia han hecho m\u00e1s dif\u00edcil.<\/span><\/p>\n<p><span style=\"font-weight: 400;\">\u201cS\u00e9 que mi tiempo es limitado\u201d, dijo. \u201cPero <\/span><b>siento que nuestra p\u00e9rdida no es nada comparada con la de gente que ha perdido a sus seres queridos<\/b><span style=\"font-weight: 400;\">. \u00bfAlguna vez me he sentido triste? S\u00ed, pero esa no es mi forma de ser, obsesionarme con las cosas malas. Intento pensar de manera positiva. Todos tenemos muchas p\u00e9rdidas en muchos sentidos. Algunas p\u00e9rdidas son m\u00e1s relevantes que otras. <\/span><b>Lo importante es que, si tienes una p\u00e9rdida, debes permitirte estar triste. Nadie puede decirte que tus sentimientos est\u00e1n equivocados\u201d.<\/b><\/p>\n<p><b>Por s\u00ed mismas, puede que ninguna de nuestras peque\u00f1as p\u00e9rdidas importe tanto.<\/b><span style=\"font-weight: 400;\"> Es m\u00e1s, entre tanto dolor y p\u00e9rdida, uno comienza a apreciar lo afortunados que hemos sido. <\/span><b>\u00bfPero qu\u00e9 es la vida sino un c\u00famulo de peque\u00f1as alegr\u00edas? En conjunto, quiz\u00e1 nuestras p\u00e9rdidas no sean tan peque\u00f1as despu\u00e9s de todo.\u00a0<\/b><\/p>\n<h2><b>RECONOCER EL DUELO<\/b><\/h2>\n<p><span style=\"font-weight: 400;\">Uno de los mayores retos del duelo sin derechos es lograr que la persona que sufre <\/span><a href=\"https:\/\/conectamutual.cl\/bienestar\/nuevas-miradas\/existe-una-positividad-toxica-es-muy-real-y-muy-molesta\/\"><span style=\"font-weight: 400;\">reconozca la legitimidad de su propio duelo<\/span><\/a><span style=\"font-weight: 400;\">. Una vez que acepte que su duelo es real, hay pasos que puede dar para ayudarse a afrontarlo.<\/span><\/p>\n<h3><b>Valida la p\u00e9rdida.\u00a0<\/b><\/h3>\n<p><span style=\"font-weight: 400;\">Identifica lo que has perdido este a\u00f1o. \u201cHe recibido varias cartas de personas que\u00a0<\/span><a href=\"https:\/\/www.amazon.com\/Disenfranchised-Grief-Recognizing-Hidden-Sorrow\/dp\/066917081X\/ref=sr_1_3?dchild=1&amp;keywords=disenfranchised+grief+recognizing&amp;qid=1615829180&amp;s=books&amp;sr=1-3\"><span style=\"font-weight: 400;\">han le\u00eddo mi libro<\/span><\/a><span style=\"font-weight: 400;\">\u00a0y me han dicho: \u2018Has puesto nombre a mi dolor\u2019\u201d, relat\u00f3 Doka. \u201cPonerles nombre a las cosas tiene su poder. Es una p\u00e9rdida leg\u00edtima\u201d.<\/span><\/p>\n<h3><b>Busca apoyo.\u00a0<\/b><\/h3>\n<p><span style=\"font-weight: 400;\">Uno de los retos del duelo sin derechos es que <\/span><b>a menudo sufrimos en silencio<\/b><span style=\"font-weight: 400;\">. Acudir a un grupo de apoyo o a un terapeuta, o acercarse a los amigos para hablar del duelo es un paso importante para afrontarlo. \u201cCreo que compartir nos ayuda, porque la gente siente muchas veces que, con el duelo, especialmente el duelo sin derechos, se sienten solos y aislados\u201d, explic\u00f3 Zoll. <\/span><b>\u201cPiensan que nadie m\u00e1s est\u00e1 experimentando lo que ellos<\/b><span style=\"font-weight: 400;\">. Alguien tiene que ser lo suficientemente valiente como para sacar el tema a colaci\u00f3n. <\/span><b>Al hablar de ello, la gente dir\u00e1: \u2018Yo tambi\u00e9n lo he vivido\u2019\u201d.<\/b><\/p>\n<h3><b>Crea un ritual.\u00a0<\/b><\/h3>\n<p><span style=\"font-weight: 400;\">Los funerales, los servicios conmemorativos y los obituarios son rituales en torno a la muerte que nos ayudan a procesar nuestra p\u00e9rdida. <\/span><b>Considera la posibilidad de crear un ritual que honre tu p\u00e9rdida.<\/b><span style=\"font-weight: 400;\"> Considera plantar un \u00e1rbol, por ejemplo, o encontrar un objeto que represente tu p\u00e9rdida, como boletos de avi\u00f3n cancelados o una invitaci\u00f3n de boda, y enti\u00e9rralo. Organiza un baile de graduaci\u00f3n o una ceremonia de graduaci\u00f3n ficticia. Algunas personas quiz\u00e1 quieran hacerse un tatuaje para conmemorar la p\u00e9rdida. \u201cLo que nos cuesta es encontrarle sentido a la p\u00e9rdida\u201d, dijo Zoll. <\/span><b>\u201cEl dolor y la p\u00e9rdida no tienen sentido. Los rituales forman parte de la b\u00fasqueda de significado\u201d.<\/b><\/p>\n<h3><b>Ayuda a otra persona.<\/b><span style=\"font-weight: 400;\">\u00a0<\/span><\/h3>\n<p><span style=\"font-weight: 400;\">Zoll dijo que los peque\u00f1os actos de bondad la han ayudado a sobrellevar sus propias p\u00e9rdidas durante la pandemia. Escuch\u00f3 decir a una mujer en una tienda de comestibles cuya madre hab\u00eda fallecido que iba a preparar la comida favorita de su madre como una manera de honrarla. \u201cEsperamos a que llegara a la caja y pagamos su comida\u201d, dijo Zoll. <\/span><b>\u201cQuer\u00eda que su relato de duelo incluyera algo bonito que ocurri\u00f3. Cuando hable de recordar a su madre, tambi\u00e9n recordar\u00e1 que alguien le pag\u00f3 la compra\u201d.<\/b><\/p>\n<h3><b>Encuentra peque\u00f1os momentos de gozo.\u00a0<\/b><\/h3>\n<p><b>No te obligues a estar contento, pero intenta encontrar cosas que disfrutar.<\/b><span style=\"font-weight: 400;\"> \u201cLa alegr\u00eda es un objetivo sublime\u201d, dijo Zoll. \u201cA veces, lo mejor que podemos hacer es hallar momentos de deleite que sean un escape suficiente para tener un respiro\u201d.<\/span><\/p>\n<p>[\/et_pb_text][et_pb_text _builder_version=\u00bb3.29.3&#8243; text_font_size=\u00bb13px\u00bb text_line_height=\u00bb0.6em\u00bb custom_margin=\u00bb-15px||||false|false\u00bb custom_padding=\u00bb34px|||||\u00bb text_font_size_phone=\u00bb11px\u00bb text_font_size_last_edited=\u00bbon|phone\u00bb _i=\u00bb1&#8243; _address=\u00bb4.0.0.1&#8243;]<\/p>\n<p style=\"text-align: center;\"><img loading=\"lazy\" decoding=\"async\" class=\"wp-image-608 alignnone size-full\" src=\"https:\/\/conectamutual.cl\/bienestar\/wp-content\/uploads\/2019\/10\/Imagen-equipo.png\" alt=\"\" width=\"91\" height=\"88\" \/><\/p>\n<p style=\"text-align: center;\"><strong>Por Equipo Espacio Mutuo<\/strong><\/p>\n<p style=\"text-align: center;\"><em>Mutual de Seguridad<\/em><\/p>\n<p>[\/et_pb_text][\/et_pb_column][\/et_pb_row][et_pb_row _builder_version=\u00bb3.29.3&#8243; background_color=\u00bbrgba(0,0,0,0)\u00bb _i=\u00bb1&#8243; _address=\u00bb4.1&#8243;][et_pb_column type=\u00bb4_4&#8243; _builder_version=\u00bb3.29.3&#8243; transform_scale_linked=\u00bboff\u00bb transform_translate=\u00bb-4px|10px\u00bb transform_translate_linked=\u00bboff\u00bb custom_padding=\u00bb5px|0px|5px|0px|false|true\u00bb animation_style=\u00bbzoom\u00bb animation_duration=\u00bb500ms\u00bb border_radii=\u00bboff||||\u00bb border_color_all=\u00bb#cde002&#8243; border_width_top=\u00bb1px\u00bb border_color_top=\u00bb#e09900&#8243; border_style_top=\u00bbdotted\u00bb border_width_bottom=\u00bb1px\u00bb border_color_bottom=\u00bb#e09900&#8243; border_style_bottom=\u00bbdotted\u00bb _i=\u00bb0&#8243; _address=\u00bb4.1.0&#8243;][et_pb_code admin_label=\u00bbRating Art\u00edculo\u00bb _builder_version=\u00bb3.29.3&#8243; transform_scale=\u00bb110%|110%\u00bb transform_translate=\u00bb424px|5px\u00bb transform_translate_linked=\u00bboff\u00bb hover_enabled=\u00bb0&#8243; _i=\u00bb0&#8243; _address=\u00bb4.1.0.0&#8243;]<a class=\"typeform-share button\" href=\"https:\/\/singularmktg.typeform.com\/to\/COMq1XCs#art=556\" data-mode=\"drawer_right\" style=\"display:inline-block;text-decoration:none;background-color:#CDE002;color:white;cursor:pointer;font-family:Helvetica,Arial,sans-serif;font-size:20px;line-height:50px;text-align:center;margin:0;height:50px;padding:0px 33px;border-radius:12px;max-width:100%;white-space:nowrap;overflow:hidden;text-overflow:ellipsis;font-weight:bold;-webkit-font-smoothing:antialiased;-moz-osx-font-smoothing:grayscale;\" data-hide-headers=\"true\" data-hide-footer=\"true\" data-submit-close-delay=\"2\" target=\"_blank\" rel=\"noopener noreferrer\">Eval\u00faa este art\u00edculo <\/a> <script> (function() { var qs,js,q,s,d=document, gi=d.getElementById, ce=d.createElement, gt=d.getElementsByTagName, id=\"typef_orm_share\", b=\"https:\/\/embed.typeform.com\/\"; if(!gi.call(d,id)){ js=ce.call(d,\"script\"); js.id=id; js.src=b+\"embed.js\"; q=gt.call(d,\"script\")[0]; q.parentNode.insertBefore(js,q) } })() <\/script>[\/et_pb_code][\/et_pb_column][\/et_pb_row][et_pb_row _builder_version=\u00bb3.29.3&#8243; _i=\u00bb2&#8243; _address=\u00bb4.2&#8243;][et_pb_column type=\u00bb4_4&#8243; _builder_version=\u00bb3.29.3&#8243; custom_padding_phone=\u00bb40px||||false|false\u00bb custom_padding_last_edited=\u00bbon|phone\u00bb _i=\u00bb0&#8243; _address=\u00bb4.2.0&#8243;][et_pb_posts_carousel_agsdcm category_id=\u00bb27&#8243; max_title_characters=\u00bb150&#8243; heading_style=\u00bbcustom\u00bb heading_primary=\u00bb\u00daltimos Art\u00edculos\u00bb heading_sub=\u00bbEspacios de Reflexi\u00f3n\u00bb posts_filter_any=\u00bbon\u00bb _builder_version=\u00bb3.29.3&#8243; header_font=\u00bbMontserrat||||||||\u00bb header_text_color=\u00bb#757575&#8243; header_font_size=\u00bb19px\u00bb subheader_text_color=\u00bb#828282&#8243; title_font=\u00bbMontserrat|700|||||||\u00bb title_text_color=\u00bb#acc601&#8243; border_color_all=\u00bb#cde002&#8243; _i=\u00bb0&#8243; _address=\u00bb4.2.0.0&#8243;][\/et_pb_posts_carousel_agsdcm][\/et_pb_column][\/et_pb_row][\/et_pb_section]<\/p>\n","protected":false},"excerpt":{"rendered":"<p>\u201cNo puedo quejarme\u201d.\u00a0 \u201cSoy de los pocos afortunados\u201d.\u00a0 \u201cS\u00e9 que debo estar agradecido(a)\u201d.\u00a0 Es dif\u00edcil hablar de nuestras p\u00e9rdidas menores de la pandemia -como viajes arruinados, largas separaciones familiares, graduaciones y bodas canceladas- considerando que varios millones de personas han perdido la vida desde el comienzo de esta crisis sanitaria.\u00a0 Sin embargo, aunque en la [&hellip;]<\/p>\n","protected":false},"author":2,"featured_media":7559,"comment_status":"closed","ping_status":"closed","sticky":false,"template":"","format":"standard","meta":{"_et_pb_use_builder":"on","_et_pb_old_content":"","_et_gb_content_width":"","footnotes":""},"categories":[27],"tags":[],"class_list":["post-7556","post","type-post","status-publish","format-standard","has-post-thumbnail","hentry","category-espacios-de-reflexion","et-has-post-format-content","et_post_format-et-post-format-standard"],"_links":{"self":[{"href":"https:\/\/conectamutual.cl\/bienestar\/wp-json\/wp\/v2\/posts\/7556","targetHints":{"allow":["GET"]}}],"collection":[{"href":"https:\/\/conectamutual.cl\/bienestar\/wp-json\/wp\/v2\/posts"}],"about":[{"href":"https:\/\/conectamutual.cl\/bienestar\/wp-json\/wp\/v2\/types\/post"}],"author":[{"embeddable":true,"href":"https:\/\/conectamutual.cl\/bienestar\/wp-json\/wp\/v2\/users\/2"}],"replies":[{"embeddable":true,"href":"https:\/\/conectamutual.cl\/bienestar\/wp-json\/wp\/v2\/comments?post=7556"}],"version-history":[{"count":3,"href":"https:\/\/conectamutual.cl\/bienestar\/wp-json\/wp\/v2\/posts\/7556\/revisions"}],"predecessor-version":[{"id":7562,"href":"https:\/\/conectamutual.cl\/bienestar\/wp-json\/wp\/v2\/posts\/7556\/revisions\/7562"}],"wp:featuredmedia":[{"embeddable":true,"href":"https:\/\/conectamutual.cl\/bienestar\/wp-json\/wp\/v2\/media\/7559"}],"wp:attachment":[{"href":"https:\/\/conectamutual.cl\/bienestar\/wp-json\/wp\/v2\/media?parent=7556"}],"wp:term":[{"taxonomy":"category","embeddable":true,"href":"https:\/\/conectamutual.cl\/bienestar\/wp-json\/wp\/v2\/categories?post=7556"},{"taxonomy":"post_tag","embeddable":true,"href":"https:\/\/conectamutual.cl\/bienestar\/wp-json\/wp\/v2\/tags?post=7556"}],"curies":[{"name":"wp","href":"https:\/\/api.w.org\/{rel}","templated":true}]}}