{"id":759,"date":"2019-11-06T12:40:21","date_gmt":"2019-11-06T15:40:21","guid":{"rendered":"https:\/\/conectamutual.cl\/bienestar\/?p=759"},"modified":"2019-12-08T20:32:47","modified_gmt":"2019-12-08T23:32:47","slug":"estas-desmotivado-recupera-la-chispa-de-tu-trabajo","status":"publish","type":"post","link":"https:\/\/conectamutual.cl\/bienestar\/empresas-que-cambian\/estas-desmotivado-recupera-la-chispa-de-tu-trabajo\/","title":{"rendered":"\u00bfEst\u00e1s desmotivado? Recupera la \u201cchispa\u00bb de tu trabajo"},"content":{"rendered":"<p>[et_pb_section fb_built=\u00bb1&#8243; _builder_version=\u00bb3.29.3&#8243; custom_padding=\u00bb4px||0px|||\u00bb fb_built=\u00bb1&#8243; _i=\u00bb0&#8243; _address=\u00bb0&#8243;][et_pb_row _builder_version=\u00bb3.29.3&#8243; min_height=\u00bb102px\u00bb custom_margin_phone=\u00bb20px||||false|false\u00bb custom_margin_last_edited=\u00bbon|phone\u00bb custom_padding=\u00bb34px||10px|||\u00bb _i=\u00bb0&#8243; _address=\u00bb0.0&#8243;][et_pb_column type=\u00bb4_4&#8243; _builder_version=\u00bb3.29.3&#8243; _i=\u00bb0&#8243; _address=\u00bb0.0.0&#8243;][et_pb_image src=\u00bbhttps:\/\/conectamutual.cl\/bienestar\/wp-content\/uploads\/2019\/12\/LOGOS-CATEGORIAS-04.png\u00bb align=\u00bbcenter\u00bb disabled_on=\u00bboff|off|off\u00bb _builder_version=\u00bb3.29.3&#8243; width=\u00bb58%\u00bb width_phone=\u00bb95%\u00bb width_last_edited=\u00bbon|phone\u00bb _i=\u00bb0&#8243; _address=\u00bb0.0.0.0&#8243;][\/et_pb_image][\/et_pb_column][\/et_pb_row][\/et_pb_section][et_pb_section fb_built=\u00bb1&#8243; _builder_version=\u00bb3.29.3&#8243; custom_padding=\u00bb1px||0px|||\u00bb fb_built=\u00bb1&#8243; _i=\u00bb1&#8243; _address=\u00bb1&#8243;][et_pb_row _builder_version=\u00bb3.29.3&#8243; custom_padding=\u00bb0px||5px|||\u00bb _i=\u00bb0&#8243; _address=\u00bb1.0&#8243;][et_pb_column type=\u00bb4_4&#8243; _builder_version=\u00bb3.29.3&#8243; _i=\u00bb0&#8243; _address=\u00bb1.0.0&#8243;][et_pb_image src=\u00bbhttps:\/\/conectamutual.cl\/bienestar\/wp-content\/uploads\/2019\/10\/Logo-Espacio-Mutuo-02.png\u00bb align=\u00bbcenter\u00bb _builder_version=\u00bb3.29.3&#8243; width=\u00bb13%\u00bb width_phone=\u00bb22%\u00bb width_last_edited=\u00bbon|phone\u00bb custom_margin=\u00bb0px||||false|false\u00bb _i=\u00bb0&#8243; _address=\u00bb1.0.0.0&#8243;][\/et_pb_image][\/et_pb_column][\/et_pb_row][\/et_pb_section][et_pb_section fb_built=\u00bb1&#8243; _builder_version=\u00bb3.29.3&#8243; custom_padding=\u00bb15px||1px|||\u00bb fb_built=\u00bb1&#8243; _i=\u00bb2&#8243; _address=\u00bb2&#8243;][et_pb_row _builder_version=\u00bb3.29.3&#8243; custom_padding=\u00bb3px||42px|||\u00bb _i=\u00bb0&#8243; _address=\u00bb2.0&#8243;][et_pb_column type=\u00bb4_4&#8243; _builder_version=\u00bb3.29.3&#8243; _i=\u00bb0&#8243; _address=\u00bb2.0.0&#8243;][et_pb_post_title comments=\u00bboff\u00bb featured_image=\u00bboff\u00bb _builder_version=\u00bb3.29.3&#8243; title_font=\u00bbMontserrat|700|||||||\u00bb title_text_align=\u00bbcenter\u00bb title_text_color=\u00bb#c4d600&#8243; title_font_size=\u00bb54px\u00bb title_line_height=\u00bb1.1em\u00bb meta_font=\u00bbMontserrat||||||||\u00bb meta_text_align=\u00bbcenter\u00bb meta_font_size=\u00bb12px\u00bb title_font_size_phone=\u00bb30px\u00bb title_font_size_last_edited=\u00bbon|phone\u00bb meta_font_size_phone=\u00bb10px\u00bb meta_font_size_last_edited=\u00bbon|phone\u00bb _i=\u00bb0&#8243; _address=\u00bb2.0.0.0&#8243;][\/et_pb_post_title][\/et_pb_column][\/et_pb_row][\/et_pb_section][et_pb_section fb_built=\u00bb1&#8243; fullwidth=\u00bbon\u00bb _builder_version=\u00bb3.29.3&#8243; fb_built=\u00bb1&#8243; _i=\u00bb3&#8243; _address=\u00bb3&#8243;][et_pb_fullwidth_image src=\u00bbhttps:\/\/conectamutual.cl\/bienestar\/wp-content\/uploads\/2019\/11\/photo-of-man-in-eyeglasses-sitting-beside-table.jpg\u00bb _builder_version=\u00bb3.29.3&#8243; custom_padding=\u00bb0px|||||\u00bb _i=\u00bb0&#8243; _address=\u00bb3.0&#8243;][\/et_pb_fullwidth_image][\/et_pb_section][et_pb_section fb_built=\u00bb1&#8243; _builder_version=\u00bb3.29.3&#8243; custom_padding=\u00bb||8px|||\u00bb fb_built=\u00bb1&#8243; _i=\u00bb4&#8243; _address=\u00bb4&#8243;][et_pb_row _builder_version=\u00bb3.29.3&#8243; custom_padding=\u00bb9px|||||\u00bb _i=\u00bb0&#8243; _address=\u00bb4.0&#8243;][et_pb_column type=\u00bb4_4&#8243; _builder_version=\u00bb3.29.3&#8243; custom_padding=\u00bb|110px||110px|false|false\u00bb custom_padding_phone=\u00bb|10px||10px|false|false\u00bb custom_padding_last_edited=\u00bbon|phone\u00bb _i=\u00bb0&#8243; _address=\u00bb4.0.0&#8243;][et_pb_text _builder_version=\u00bb3.29.3&#8243; text_font_size=\u00bb17px\u00bb text_line_height=\u00bb2.2em\u00bb header_2_text_color=\u00bb#c4d600&#8243; custom_margin_last_edited=\u00bbon|phone\u00bb custom_padding=\u00bb|0px||0px|false|false\u00bb text_font_size_phone=\u00bb16px\u00bb text_font_size_last_edited=\u00bbon|phone\u00bb header_2_font_size_phone=\u00bb23px\u00bb header_2_font_size_last_edited=\u00bbon|phone\u00bb _i=\u00bb0&#8243; _address=\u00bb4.0.0.0&#8243;]<\/p>\n<blockquote>\n<p>Ya sabes c\u00f3mo es. La rutina se vuelve aburrida, la emoci\u00f3n no es la misma que al comienzo. Continuas lo mejor que puedes, pero sabes en tu interior que ya no tienes motivaci\u00f3n. Pero te reh\u00fasas a aceptarlo, despu\u00e9s de todo este tiempo, despu\u00e9s de todo lo que han vivido juntos\u2026 pero llega el momento del que no puedes escapar. Una ma\u00f1ana abres los ojos y tu primer pensamiento es revelador: tu empleo ya no te satisface y no quieres ir a trabajar.<\/p>\n<\/blockquote>\n<p>No te preocupes &#8211; la falta de inspiraci\u00f3n laboral es una parte inevitable de tener trabajo, sobre todo uno que mantienes hace tiempo. Ya sea un nuevo proyecto que no te encanta demasiado o un email que debes escribir pero no puedes evitar posponer y posponer, el sentimiento de insatisfacci\u00f3n es el mismo e inhibe tu capacidad para hacer cosas<span><a href=\"https:\/\/www.lizandmollie.com\/book\">. Para las autoras del libro \u201cNo Hard Feelings\u201d, Liz Fosslien y Mollie West Duffy,<\/a><\/span> las personas pierden su motivaci\u00f3n cuando ya no les parece que su trabajo sea significativo, o al perder de vista el impacto que este tiene a un nivel m\u00e1s amplio.<\/p>\n<p>\u201cPuede pasar en cualquier momento, y en ocasiones puede que ni siquiera te des cuenta de que est\u00e1s deca\u00eddo\u201d indica West Duffy. El desgaste profesional, o sentirte \u201cquemado\u201d, es quiz\u00e1s el s\u00edntoma final de esta progresi\u00f3n lenta de desmotivaci\u00f3n laboral, en la que sientes indiferencia al disponerte a realizar alguna tarea o te sientes esclavo de la rutina.<\/p>\n<p>Hay formas de combatir el problema. Los expertos de Harvard hablan del <span><a href=\"https:\/\/hbr.org\/2011\/05\/the-power-of-small-wins\">\u201cPrincipio del Progreso\u201d,<\/a><\/span> seg\u00fan el cual tener avances en un trabajo que consideramos significativo es \u201cel \u00fanico factor realmente importante\u201d para dar impulso a nuestras \u201cemociones, motivaci\u00f3n y percepciones durante un d\u00eda laboral\u201d. En base a esta idea, preg\u00fantate si quiz\u00e1s tu objetivo es demasiado ambicioso. Si ese es el caso, red\u00facelo a \u201cmini-logros\u201d, como redactar un informe o responder finalmente a cierto email, los cuales son m\u00e1s f\u00e1ciles de cumplir al corto plazo. Tachar estas tareas de tu lista aportar\u00e1 una sensaci\u00f3n de logro que puede aumentar tu motivaci\u00f3n en general.<\/p>\n<p>Si tu falta de inspiraci\u00f3n es m\u00e1s dr\u00e1stica, enfocarte en tus relaciones laborales puede ser otra alternativa para demostrarte a ti mismo el impacto que tienes. \u201cToma nota de la forma en que tu trabajo tiene un impacto en las personas con quienes trabajas. No siempre hay un impacto externo de toda la empresa, pero s\u00ed hay un impacto interno\u201d, a\u00f1adi\u00f3 Fosslien. Recordar las formas en las que tu trabajo ayuda a tus colegas te motivar\u00e1 a continuar ayud\u00e1ndolos.<\/p>\n<p>De hecho, apoyarte en tus relaciones de trabajo puede ser la salvaci\u00f3n: investigaciones han demostrado que la motivaci\u00f3n en el trabajo a menudo proviene de trabajar con personas que te importan, y quienes tienen amigos en el trabajo suelen considerarlo m\u00e1s satisfactorio. <span><a href=\"https:\/\/www.gallup.com\/workplace\/236213\/why-need-best-friends-work.aspx\">De acuerdo con una encuesta de Gallup<\/a><\/span>, \u201ccuando los trabajadores tienen un profundo sentido de conexi\u00f3n con los miembros de su equipo, tienen motivaci\u00f3n para realizar acciones positivas que beneficien el negocio\u2026 acciones que ni siquiera considerar\u00edan si no tuvieran una muy buena relaci\u00f3n con sus colegas\u201d.\u00a0 \u00a0\u00a0\u00a0<\/p>\n<p>Si todo lo anterior falla, no desesperes. Recurre a <span><a href=\"https:\/\/www.nytimes.com\/es\/2019\/05\/02\/no-hacer-nada-niksen\/?module=inline\">tomarte un descanso estrat\u00e9gico de tu trabajo.<\/a><\/span> \u201cCuando el sentimiento negativo es demasiado perceptible, es el momento m\u00e1s dif\u00edcil para tomarse ese descanso, pero tambi\u00e9n es el momento m\u00e1s importante para buscar algo no relacionado con el trabajo que te d\u00e9 alegr\u00eda\u201d, indica Fosslien. Las autoras hacen un llamado a no dejar de hacer aquellas cosas que te suben el \u00e1nimo, sean hobbies u otras actividades, y a no olvidar quiz\u00e1s lo m\u00e1s importante: tu trabajo es una parte m\u00ednima de ti, y no te define en absoluto.<\/p>\n<p>[\/et_pb_text][et_pb_text _builder_version=\u00bb3.29.3&#8243; text_font_size=\u00bb13px\u00bb text_line_height=\u00bb0.6em\u00bb custom_margin=\u00bb-15px||||false|false\u00bb custom_padding=\u00bb34px|||||\u00bb text_font_size_phone=\u00bb11px\u00bb text_font_size_last_edited=\u00bbon|phone\u00bb _i=\u00bb1&#8243; _address=\u00bb4.0.0.1&#8243;]<\/p>\n<p style=\"text-align: center;\"><img loading=\"lazy\" decoding=\"async\" class=\"wp-image-608 alignnone size-full\" src=\"https:\/\/conectamutual.cl\/bienestar\/wp-content\/uploads\/2019\/10\/Imagen-equipo.png\" alt=\"\" width=\"91\" height=\"88\" \/><\/p>\n<p style=\"text-align: center;\"><strong>Por Equipo Espacio Mutuo<\/strong><\/p>\n<p style=\"text-align: center;\"><em>Mutual de Seguridad<\/em><\/p>\n<p>[\/et_pb_text][\/et_pb_column][\/et_pb_row][\/et_pb_section]<\/p>\n","protected":false},"excerpt":{"rendered":"<p>Ya sabes c\u00f3mo es. La rutina se vuelve aburrida, la emoci\u00f3n no es la misma que al comienzo. Continuas lo mejor que puedes, pero sabes en tu interior que ya no tienes motivaci\u00f3n. Pero te reh\u00fasas a aceptarlo, despu\u00e9s de todo este tiempo, despu\u00e9s de todo lo que han vivido juntos\u2026 pero llega el momento [&hellip;]<\/p>\n","protected":false},"author":2,"featured_media":1025,"comment_status":"open","ping_status":"open","sticky":false,"template":"","format":"standard","meta":{"_et_pb_use_builder":"on","_et_pb_old_content":"","_et_gb_content_width":"","footnotes":""},"categories":[26],"tags":[],"class_list":["post-759","post","type-post","status-publish","format-standard","has-post-thumbnail","hentry","category-empresas-que-cambian","et-has-post-format-content","et_post_format-et-post-format-standard"],"_links":{"self":[{"href":"https:\/\/conectamutual.cl\/bienestar\/wp-json\/wp\/v2\/posts\/759","targetHints":{"allow":["GET"]}}],"collection":[{"href":"https:\/\/conectamutual.cl\/bienestar\/wp-json\/wp\/v2\/posts"}],"about":[{"href":"https:\/\/conectamutual.cl\/bienestar\/wp-json\/wp\/v2\/types\/post"}],"author":[{"embeddable":true,"href":"https:\/\/conectamutual.cl\/bienestar\/wp-json\/wp\/v2\/users\/2"}],"replies":[{"embeddable":true,"href":"https:\/\/conectamutual.cl\/bienestar\/wp-json\/wp\/v2\/comments?post=759"}],"version-history":[{"count":11,"href":"https:\/\/conectamutual.cl\/bienestar\/wp-json\/wp\/v2\/posts\/759\/revisions"}],"predecessor-version":[{"id":1265,"href":"https:\/\/conectamutual.cl\/bienestar\/wp-json\/wp\/v2\/posts\/759\/revisions\/1265"}],"wp:featuredmedia":[{"embeddable":true,"href":"https:\/\/conectamutual.cl\/bienestar\/wp-json\/wp\/v2\/media\/1025"}],"wp:attachment":[{"href":"https:\/\/conectamutual.cl\/bienestar\/wp-json\/wp\/v2\/media?parent=759"}],"wp:term":[{"taxonomy":"category","embeddable":true,"href":"https:\/\/conectamutual.cl\/bienestar\/wp-json\/wp\/v2\/categories?post=759"},{"taxonomy":"post_tag","embeddable":true,"href":"https:\/\/conectamutual.cl\/bienestar\/wp-json\/wp\/v2\/tags?post=759"}],"curies":[{"name":"wp","href":"https:\/\/api.w.org\/{rel}","templated":true}]}}